{"id":110763,"date":"2019-04-03T16:40:51","date_gmt":"2019-04-03T14:40:51","guid":{"rendered":"https:\/\/cyclingpro.net\/velopro\/?p=110763"},"modified":"2019-04-03T17:50:14","modified_gmt":"2019-04-03T15:50:14","slug":"a-travers-la-flandre-mathieu-van-der-poel-regle-un-groupe-de-costauds-anthony-turgis-deuxieme","status":"publish","type":"post","link":"https:\/\/cyclingpro.net\/velopro\/course\/dwars-door-vlaanderen\/a-travers-la-flandre-mathieu-van-der-poel-regle-un-groupe-de-costauds-anthony-turgis-deuxieme\/","title":{"rendered":"\u00c0 Travers la Flandre : L&rsquo;av\u00e8nement de Mathieu van der Poel devant Anthony Turgis"},"content":{"rendered":"<p style=\"text-align: justify;\"><em>Mathieu van der Poel est d\u00e9cid\u00e9ment un ph\u00e9nom\u00e8ne. Parti en contre \u00e0 70 kilom\u00e8tres du but, le N\u00e9erlandais a r\u00e9gl\u00e9 un groupe de cinq costauds \u00e0 l&rsquo;arriv\u00e9e. Sur la ligne, il a devanc\u00e9 au sprint Anthony Turgis et Bob Jungels. Van der Poel signe ici sa premi\u00e8re victoire au niveau WorldTour apr\u00e8s s&rsquo;\u00eatre class\u00e9 4e de Gand-Wevelgem pour ses d\u00e9buts au plus haut niveau.\u00a0<\/em><\/p>\n<p style=\"text-align: justify;\">L&rsquo;allure du peloton est soutenue d&rsquo;entr\u00e9e. Plusieurs tentatives sont \u00e0 signaler, mais aucun groupe ne parvient \u00e0 se d\u00e9gager durant la premi\u00e8re heure. Le peloton group\u00e9 y couvre d&rsquo;ailleurs 47,8 kilom\u00e8tres. Il faut alors attendre le km52 pour voir un groupe r\u00e9ussir \u00e0 faire le break.\u00a0Nelson Oliveira (Movistar), Jonas Koch (CCC), Ramon Sinkeldam (Groupama-FDJ), Zhandos Bhizigitov (Astana), Lukas P\u00f6stlberger (Bora-hansgrohe), Michael Hepburn (Mitchelton-Scott), Kris Boeckmans (Vital Concept-B&amp;B Hotels) et Mihkel Ra\u00efm (Israel Cycling Academy) forment la premi\u00e8re \u00e9chapp\u00e9e du jour. Apr\u00e8s un d\u00e9part rapide, le peloton marque une pause et permet aux huit fuyards de prendre le large. Ces derniers s&rsquo;octroient rapidement une marge de 3&rsquo;20\u00a0\u00bb, ce qui sera en fait leur avance maximale.<\/p>\n<p style=\"text-align: justify;\">Apr\u00e8s un court r\u00e9pit, le peloton reprend sa marche en avant. L&rsquo;allure s&rsquo;acc\u00e9l\u00e8re \u00e0 l&rsquo;approche du Nouveau Quaremont, premier mont du jour. Au sommet de cette difficult\u00e9, l&rsquo;\u00e9chapp\u00e9e ne compte d\u00e9j\u00e0 plus que 2&rsquo;30\u00a0\u00bb de marge sur un peloton conduit par les \u00e9quipes Sky et Deceuninck-Quick Step. L&rsquo;\u00e9chapp\u00e9e est alors contrainte de s&rsquo;arr\u00eater \u00e0 76 kilom\u00e8tres du but. La course dames ayant \u00e9t\u00e9 ralentie par une chute, les deux \u00e9preuves se sont crois\u00e9es, for\u00e7ant les coureurs \u00e0 marquer un arr\u00eat! Apr\u00e8s un moment de confusion, la course est arr\u00eat\u00e9e une seconde fois pour redonner un d\u00e9part. Les huit hommes qui \u00e9voluaient en t\u00eate repartent \u00e0 l&rsquo;avant, le peloton s&rsquo;\u00e9lance 2&rsquo;50\u00a0\u00bb plus tard.<\/p>\n<h6><strong><a href=\"https:\/\/cyclingpro.net\/velopro\/course\/dwars-door-vlaanderen\/a-travers-la-flandre-lepreuve-arretee-a-cause-de-la-course-dames\/\">Lire aussi &gt; \u00c0 Travers la Flandre : L\u2019\u00e9preuve arr\u00eat\u00e9e \u00e0 cause de la course dames<\/a><\/strong><\/h6>\n<p style=\"text-align: justify;\">Pass\u00e9e cette p\u00e9rip\u00e9tie, le peloton reprend la course \u00e0 vive allure et se rapproche \u00e0 2&rsquo;30\u00a0\u00bb de la t\u00eate de course. Un groupe de cinq coureurs avec\u00a0Kasper Asgreen (Deceuninck-Quick Step), Ivan Cortina (Bahrain-Merida), Anthony Turgis (Direct Energie), Dries De Bondt et Mathieu van der Poel (Corendon-Circus) se lancent alors en poursuite de l&rsquo;\u00e9chapp\u00e9e. Ces cinq costauds prennent rapidement trente secondes au peloton. Devant eux, Nelson Oliveira parvient \u00e0 distancer ses compagnons de fuite dans le Taaienberg. Le Portugais avance seul, alors que derri\u00e8re lui le groupe emmen\u00e9 par Van der Poel se rapproche peu \u00e0 peu de ses anciens compagnons de fuite. Les chasseurs perdent Asgreen, apr\u00e8s un ennui m\u00e9canique, et De Bondt, mais r\u00e9ussissent \u00e0 reprendre les anciens \u00e9chapp\u00e9s. Ils sont alors neuf en poursuite d&rsquo;Oliveira \u00e0 40 kilom\u00e8tres du but. Voyant les \u00e9carts se resserrer, P\u00f6stlberger attaque le groupe de chasse et rejoint le Portugais en t\u00eate.<\/p>\n<p style=\"text-align: justify;\">Seulement, le peloton durcit encore l&rsquo;allure dans la deuxi\u00e8me ascension de la C\u00f4te de Trieu. Tiesj Benoot (Lotto Soudal) fait la mont\u00e9e \u00e0 fond et recolle aux derniers rescap\u00e9s du groupe de poursuite avec Bob Jungels (Deceuninck-Quick Step) dans la roue. Ils sont alors quatre avec Turgis et Van der Poel, qui se sont accroch\u00e9s aux deux hommes sortis du peloton. Les autres membres du groupe sont en perdition. Devant, P\u00f6stlberger et Oliveira s&rsquo;entendent bien, mais n&rsquo;ont qu&rsquo;un mince avantage. A 30 unit\u00e9s du but, ce duo ne compte plus que 15&Prime; de marge sur ses quatre poursuivants et 25&Prime; sur le peloton. Oliveira subit une crevaison deux kilom\u00e8tres plus tard et doit laisser le champion d&rsquo;Autriche poursuivre seul en t\u00eate. Ce dernier est vite repris par Jungels, Benoot, Turgis et Van der Poel. Ils sont donc cinq en t\u00eate dans le secteur pav\u00e9 de\u00a0Varentstraat. Le peloton n&rsquo;accuse alors que 18&Prime; de retard, \u00e0 25 unit\u00e9s du but.<\/p>\n<p style=\"text-align: justify;\">Les favoris pi\u00e9g\u00e9s se regardent et proc\u00e8dent par attaques successives. Ils laissent filer\u00a0 malgr\u00e9 eux le groupe des cinq costauds. Ces derniers collaborent parfaitement et augmentent progressivement leur avance. A 15 kilom\u00e8tres de la ligne, ils comptent 55&Prime; d&rsquo;avance ! Malgr\u00e9 la collaboration de plusieurs \u00e9quipes, le peloton ne refait pas de terrain. Les cinq \u00e9chapp\u00e9s passent le dernier mont et le dernier secteur pav\u00e9 avec le m\u00eame avantage et vont se disputer la victoire.<\/p>\n<p style=\"text-align: justify;\">Il n&rsquo;y a pas d&rsquo;attaque dans les derniers kilom\u00e8tres. Tiesj Benoot tente sa chance sous la flamme rouge, mais les autres sont vigilants. L&rsquo;\u00e9preuve va donc se conclure sur une pointe, apr\u00e8s un court round d&rsquo;observation. Anthony Turgis lance le sprint, mais se fait d\u00e9border par Mathieu van der Poel. Le N\u00e9erlandais d\u00e9croche la premi\u00e8re victoire WorldTour de sa carri\u00e8re gr\u00e2ce \u00e0 un sprint remarquable, devant le Fran\u00e7ais de Direct Energie qui signe une superbe performance. Bob Jungels conclut troisi\u00e8me, devant Lukas P\u00f6stlberger et Tiesj Benoot. Le peloton arrive 18&Prime; plus tard, Luke Rowe (Sky) prenant la sixi\u00e8me place.<\/p>\n<p><strong>Le classement de l&rsquo;\u00e9preuve :\u00a0<\/strong><br \/>\n1. Mathieu van der Poel (Corendon-Circus) en 4h05&rsquo;54\u00a0\u00bb<br \/>\n2. Anthony Turgis (Direct Energie) m.t.<br \/>\n3. Bob Jungels (Deceuninck-Quick Step) m.t.<br \/>\n4. Lukas P\u00f6stlberger (Bora-hansgrohe) m.t.<br \/>\n5. Tiesj Benoot (Lotto Soudal) m.t.<br \/>\n6. Luke Rowe (Sky) \u00e0 18&Prime;<br \/>\n7. Danny van Poppel (Jumbo-Visma) \u00e0 19&Prime;<br \/>\n8. Yves Lampaert (Deceuninck-Quick Step) m.t.<br \/>\n9. Christophe Laporte (Cofidis) m.t.<br \/>\n10. Heinrich Haussler (Bahrain Merida) m.t.<\/p>\n<blockquote class=\"twitter-tweet\" data-lang=\"fr\">\n<p dir=\"ltr\" lang=\"en\">What an impressive way to win his first Dwars door Vlaanderen! Congrats, <a href=\"https:\/\/twitter.com\/mathieuvdpoel?ref_src=twsrc%5Etfw\">@mathieuvdpoel<\/a> &#x1f60d;&#x1f3c6; <a href=\"https:\/\/twitter.com\/hashtag\/DDV?src=hash&amp;ref_src=twsrc%5Etfw\">#DDV<\/a> <a href=\"https:\/\/twitter.com\/hashtag\/DDV19?src=hash&amp;ref_src=twsrc%5Etfw\">#DDV19<\/a> <a href=\"https:\/\/t.co\/YQ2jTc2rq3\">pic.twitter.com\/YQ2jTc2rq3<\/a><\/p>\n<p>\u2014 Dwars dr Vlaanderen (@DwarsdrVlaander) <a href=\"https:\/\/twitter.com\/DwarsdrVlaander\/status\/1113454685493637121?ref_src=twsrc%5Etfw\">3 avril 2019<\/a><\/p><\/blockquote>\n<p><script async src=\"https:\/\/platform.twitter.com\/widgets.js\" charset=\"utf-8\"><\/script><\/p>\n","protected":false},"excerpt":{"rendered":"<p>Mathieu van der Poel est d\u00e9cid\u00e9ment un ph\u00e9nom\u00e8ne. Parti en contre \u00e0 70 kilom\u00e8tres du but, le N\u00e9erlandais a r\u00e9gl\u00e9 un groupe de cinq costauds \u00e0 l&rsquo;arriv\u00e9e. Sur la ligne, il a devanc\u00e9 au sprint Anthony Turgis et Bob Jungels. Van der Poel signe ici sa premi\u00e8re victoire au niveau WorldTour apr\u00e8s s&rsquo;\u00eatre class\u00e9 4e &hellip;<\/p>\n","protected":false},"author":15,"featured_media":110897,"comment_status":"open","ping_status":"open","sticky":false,"template":"","format":"standard","meta":{"footnotes":""},"categories":[27,17,84,14,15,19,28],"tags":[],"class_list":["post-110763","post","type-post","status-publish","format-standard","has-post-thumbnail","hentry","category-gros-bloc","category-une","category-dwars-door-vlaanderen","category-resultats","category-route","category-worldtour","category-course"],"_links":{"self":[{"href":"https:\/\/cyclingpro.net\/velopro\/wp-json\/wp\/v2\/posts\/110763","targetHints":{"allow":["GET"]}}],"collection":[{"href":"https:\/\/cyclingpro.net\/velopro\/wp-json\/wp\/v2\/posts"}],"about":[{"href":"https:\/\/cyclingpro.net\/velopro\/wp-json\/wp\/v2\/types\/post"}],"author":[{"embeddable":true,"href":"https:\/\/cyclingpro.net\/velopro\/wp-json\/wp\/v2\/users\/15"}],"replies":[{"embeddable":true,"href":"https:\/\/cyclingpro.net\/velopro\/wp-json\/wp\/v2\/comments?post=110763"}],"version-history":[{"count":12,"href":"https:\/\/cyclingpro.net\/velopro\/wp-json\/wp\/v2\/posts\/110763\/revisions"}],"predecessor-version":[{"id":110899,"href":"https:\/\/cyclingpro.net\/velopro\/wp-json\/wp\/v2\/posts\/110763\/revisions\/110899"}],"wp:featuredmedia":[{"embeddable":true,"href":"https:\/\/cyclingpro.net\/velopro\/wp-json\/wp\/v2\/media\/110897"}],"wp:attachment":[{"href":"https:\/\/cyclingpro.net\/velopro\/wp-json\/wp\/v2\/media?parent=110763"}],"wp:term":[{"taxonomy":"category","embeddable":true,"href":"https:\/\/cyclingpro.net\/velopro\/wp-json\/wp\/v2\/categories?post=110763"},{"taxonomy":"post_tag","embeddable":true,"href":"https:\/\/cyclingpro.net\/velopro\/wp-json\/wp\/v2\/tags?post=110763"}],"curies":[{"name":"wp","href":"https:\/\/api.w.org\/{rel}","templated":true}]}}