{"id":110596,"date":"2019-04-01T16:46:11","date_gmt":"2019-04-01T14:46:11","guid":{"rendered":"https:\/\/cyclingpro.net\/velopro\/?p=110596"},"modified":"2019-04-01T16:46:11","modified_gmt":"2019-04-01T14:46:11","slug":"operation-de-lartere-iliaque-reussie-pour-fabio-aru","status":"publish","type":"post","link":"https:\/\/cyclingpro.net\/velopro\/news-niveau-2\/operation-de-lartere-iliaque-reussie-pour-fabio-aru\/","title":{"rendered":"Op\u00e9ration de l&rsquo;art\u00e8re iliaque r\u00e9ussie pour Fabio Aru"},"content":{"rendered":"<p style=\"text-align: justify;\">La fin des probl\u00e8mes pour Fabio Aru ? En tout cas, le coureur de l&rsquo;\u00e9quipe UAE-Team Emirates a \u00e9t\u00e9 op\u00e9r\u00e9 avec succ\u00e8s de l&rsquo;art\u00e8re iliaque ce lundi. Son \u00e9quipe a partag\u00e9 une photo du grimpeur italien sur son lit d&rsquo;h\u00f4pital, le sourire aux l\u00e8vres et les doigts de la main droite en V. L&rsquo;op\u00e9ration s&rsquo;est d\u00e9roul\u00e9e au nouveau centre hospitalier de Prato-Santo Stefano, dont le Sarde devrait sortir\u00a0\u00ab <em>dans les prochains jours<\/em> \u00bb.<\/p>\n<h6 class=\"post-box-title\"><strong><a href=\"https:\/\/cyclingpro.net\/velopro\/infirmerie\/bientot-opere-de-lartere-iliaque-fabio-aru-fait-une-croix-sur-le-giro\/\">Lire aussi &gt; Bient\u00f4t op\u00e9r\u00e9 de l\u2019art\u00e8re iliaque, Fabio Aru fait une croix sur le Giro<\/a><\/strong><\/h6>\n<p style=\"text-align: justify;\">\u00ab <em>L&rsquo;op\u00e9ration, r\u00e9alis\u00e9e par le Docteur Andrea Gori, visait \u00e0 r\u00e9soudre une constriction de l&rsquo;art\u00e8re iliaque de la jambe gauche. Cela emp\u00eachait un apport suffisant de sang dans les efforts maximaux<\/em>, rappelle le communiqu\u00e9 de l&rsquo;\u00e9quipe des Emirats. <em>L&rsquo;intervention consistait \u00e0 placer un cath\u00e9ter \u00e0 ballonnet \u00e0 l&rsquo;int\u00e9rieur de l&rsquo;art\u00e8re, en utilisant une technique la moins invasive possible, pour restaurer la cavit\u00e9 centrale du vaisseau. L&rsquo;op\u00e9ration a \u00e9t\u00e9 r\u00e9alis\u00e9e avec la pose d&rsquo;un stent ou d&rsquo;une pi\u00e8ce cylindrique de m\u00e9tal qui maintient cette cavit\u00e9 ouverte. La proc\u00e9dure s&rsquo;est d\u00e9roul\u00e9e sans probl\u00e8me.<\/em> \u00bb<\/p>\n<blockquote class=\"twitter-tweet\" data-lang=\"fr\">\n<p dir=\"ltr\" lang=\"en\">&#x1f468;&#x200d;&#x2695;&#xfe0f; Medical update: <a href=\"https:\/\/twitter.com\/FabioAru1?ref_src=twsrc%5Etfw\">@FabioAru1<\/a> &#x1f1ee;&#x1f1f9; undergoes successful operation. The <a href=\"https:\/\/twitter.com\/hashtag\/UAETeamEmirates?src=hash&amp;ref_src=twsrc%5Etfw\">#UAETeamEmirates<\/a> cyclist operated on today in Prato, Italy.<\/p>\n<p>More details &#x1f449;: <a href=\"https:\/\/t.co\/8LE2y9H4Ar\">https:\/\/t.co\/8LE2y9H4Ar<\/a><a href=\"https:\/\/twitter.com\/hashtag\/RideTogether?src=hash&amp;ref_src=twsrc%5Etfw\">#RideTogether<\/a> <a href=\"https:\/\/twitter.com\/hashtag\/YearOfTolerance?src=hash&amp;ref_src=twsrc%5Etfw\">#YearOfTolerance<\/a> <a href=\"https:\/\/t.co\/eLtscmrRmC\">pic.twitter.com\/eLtscmrRmC<\/a><\/p>\n<p>\u2014 @UAE-TeamEmirates (@TeamUAEAbuDhabi) <a href=\"https:\/\/twitter.com\/TeamUAEAbuDhabi\/status\/1112709356661993472?ref_src=twsrc%5Etfw\">1 avril 2019<\/a><\/p><\/blockquote>\n<p><script async src=\"https:\/\/platform.twitter.com\/widgets.js\" charset=\"utf-8\"><\/script><\/p>\n","protected":false},"excerpt":{"rendered":"<p>La fin des probl\u00e8mes pour Fabio Aru ? En tout cas, le coureur de l&rsquo;\u00e9quipe UAE-Team Emirates a \u00e9t\u00e9 op\u00e9r\u00e9 avec succ\u00e8s de l&rsquo;art\u00e8re iliaque ce lundi. Son \u00e9quipe a partag\u00e9 une photo du grimpeur italien sur son lit d&rsquo;h\u00f4pital, le sourire aux l\u00e8vres et les doigts de la main droite en V. L&rsquo;op\u00e9ration s&rsquo;est &hellip;<\/p>\n","protected":false},"author":15,"featured_media":99340,"comment_status":"open","ping_status":"open","sticky":false,"template":"","format":"standard","meta":{"footnotes":""},"categories":[11,41,25,15],"tags":[],"class_list":["post-110596","post","type-post","status-publish","format-standard","has-post-thumbnail","hentry","category-news-niveau-2","category-infirmerie","category-news","category-route"],"_links":{"self":[{"href":"https:\/\/cyclingpro.net\/velopro\/wp-json\/wp\/v2\/posts\/110596","targetHints":{"allow":["GET"]}}],"collection":[{"href":"https:\/\/cyclingpro.net\/velopro\/wp-json\/wp\/v2\/posts"}],"about":[{"href":"https:\/\/cyclingpro.net\/velopro\/wp-json\/wp\/v2\/types\/post"}],"author":[{"embeddable":true,"href":"https:\/\/cyclingpro.net\/velopro\/wp-json\/wp\/v2\/users\/15"}],"replies":[{"embeddable":true,"href":"https:\/\/cyclingpro.net\/velopro\/wp-json\/wp\/v2\/comments?post=110596"}],"version-history":[{"count":1,"href":"https:\/\/cyclingpro.net\/velopro\/wp-json\/wp\/v2\/posts\/110596\/revisions"}],"predecessor-version":[{"id":110597,"href":"https:\/\/cyclingpro.net\/velopro\/wp-json\/wp\/v2\/posts\/110596\/revisions\/110597"}],"wp:featuredmedia":[{"embeddable":true,"href":"https:\/\/cyclingpro.net\/velopro\/wp-json\/wp\/v2\/media\/99340"}],"wp:attachment":[{"href":"https:\/\/cyclingpro.net\/velopro\/wp-json\/wp\/v2\/media?parent=110596"}],"wp:term":[{"taxonomy":"category","embeddable":true,"href":"https:\/\/cyclingpro.net\/velopro\/wp-json\/wp\/v2\/categories?post=110596"},{"taxonomy":"post_tag","embeddable":true,"href":"https:\/\/cyclingpro.net\/velopro\/wp-json\/wp\/v2\/tags?post=110596"}],"curies":[{"name":"wp","href":"https:\/\/api.w.org\/{rel}","templated":true}]}}