{"id":110593,"date":"2019-04-01T16:20:36","date_gmt":"2019-04-01T14:20:36","guid":{"rendered":"https:\/\/cyclingpro.net\/velopro\/?p=110593"},"modified":"2019-04-01T16:20:36","modified_gmt":"2019-04-01T14:20:36","slug":"tour-de-catalogne-thomas-de-gendt-savoure-une-semaine-tres-reussie","status":"publish","type":"post","link":"https:\/\/cyclingpro.net\/velopro\/course\/volta-a-catalunya\/tour-de-catalogne-thomas-de-gendt-savoure-une-semaine-tres-reussie\/","title":{"rendered":"Tour de Catalogne : Thomas De Gendt savoure une \u00ab semaine tr\u00e8s r\u00e9ussie \u00bb"},"content":{"rendered":"<p style=\"text-align: justify;\">Thomas De Gendt pouvait difficilement r\u00eaver mieux. Une victoire d&rsquo;\u00e9tape en ouverture, un maillot de leader port\u00e9 pendant trois jours et un classement de la montagne remport\u00e9 : le Belge de la Lotto Soudal n&rsquo;\u00e9tait pourtant pas tout \u00e0 fait rassasier au d\u00e9part de la derni\u00e8re \u00e9tape du Tour de Catalogne. Il a pris l&rsquo;\u00e9chapp\u00e9e, ce dimanche, avec l&rsquo;envie de finir en beaut\u00e9, par un nouveau succ\u00e8s. <a href=\"https:\/\/cyclingpro.net\/velopro\/course\/volta-a-catalunya\/tour-de-catalogne-un-numero-de-davide-formolo-pour-finir-le-general-pour-miguel-angel-lopez\/\">De Gendt a alors manqu\u00e9 de jambes apr\u00e8s tous ses efforts lorsque Davide Formolo, l&rsquo;un de ses compagnons de fuite, a attaqu\u00e9 \u00e0 40 kilom\u00e8tres de la ligne.<\/a><\/p>\n<h6><strong>\u00ab Une bonne place au g\u00e9n\u00e9ral n&rsquo;\u00e9tait pas jouable \u00bb<\/strong><\/h6>\n<p style=\"text-align: justify;\">\u00ab <em>Aller dans l&rsquo;\u00e9chapp\u00e9e faisait partie du plan, pas seulement pour s\u00e9curiser le maillot de la montagne, mais bien pour jouer l&rsquo;\u00e9tape. Le gagnant y \u00e9tait, donc c&rsquo;\u00e9tait la bonne tactique<\/em>, rappelait De Gendt dans un communiqu\u00e9 de son \u00e9quipe. <em>Malheureusement, je n&rsquo;avais plus les jambes quand Formolo a attaqu\u00e9. Je n&rsquo;ai pas pu r\u00e9pondre. Apr\u00e8s une dure semaine en Catalogne, et aussi un \u00e9prouvant Paris-Nice, le tank \u00e9tait un peu vide.<\/em> \u00bb<\/p>\n<p style=\"text-align: justify;\">S&rsquo;il n&rsquo;a pas r\u00e9ussi de doubl\u00e9 ce dimanche, il a au moins assur\u00e9 son classement de la montagne en passant en t\u00eate des trois premi\u00e8res difficult\u00e9s. \u00ab <em>Je suis \u00e9videmment tr\u00e8s satisfait de mon Tour de Catalogne. Particuli\u00e8rement pour la victoire d&rsquo;\u00e9tape, c&rsquo;est toujours bon d&rsquo;ajouter une victoire \u00e0 mon nom. Le maillot \u00e0 pois est la cerise sur le g\u00e2teau<\/em>, savourait ensuite le Belge de 32 ans. <em>Bien s\u00fbr, quand j&rsquo;avais le maillot de leader je voulais le garder le plus longtemps possible, mais je savais bien qu&rsquo;une bonne place au g\u00e9n\u00e9ral n&rsquo;\u00e9tait pas jouable. Je sais tr\u00e8s bien de quoi je suis capable dans les cols. J&rsquo;ai tout de m\u00eame couru dans un maillot distinctif six jours sur sept, donc c&rsquo;\u00e9tait une semaine tr\u00e8s r\u00e9ussie.<\/em> \u00bb Apr\u00e8s un camp d&rsquo;entra\u00eenement \u00e0 Calp, le meilleur baroudeur du circuit sera de retour au Tour de Romandie, le 30 avril. L&rsquo;occasion d&rsquo;aller chercher un troisi\u00e8me maillot de la montagne apr\u00e8s ceux d\u00e9croch\u00e9s sur Paris-Nice et le Tour de Catalogne?<\/p>\n<p style=\"text-align: justify;\">\n","protected":false},"excerpt":{"rendered":"<p>Thomas De Gendt pouvait difficilement r\u00eaver mieux. Une victoire d&rsquo;\u00e9tape en ouverture, un maillot de leader port\u00e9 pendant trois jours et un classement de la montagne remport\u00e9 : le Belge de la Lotto Soudal n&rsquo;\u00e9tait pourtant pas tout \u00e0 fait rassasier au d\u00e9part de la derni\u00e8re \u00e9tape du Tour de Catalogne. Il a pris l&rsquo;\u00e9chapp\u00e9e, &hellip;<\/p>\n","protected":false},"author":15,"featured_media":109170,"comment_status":"open","ping_status":"open","sticky":false,"template":"","format":"standard","meta":{"footnotes":""},"categories":[11,8,15,79,19,28],"tags":[],"class_list":["post-110593","post","type-post","status-publish","format-standard","has-post-thumbnail","hentry","category-news-niveau-2","category-interviews","category-route","category-volta-a-catalunya","category-worldtour","category-course"],"_links":{"self":[{"href":"https:\/\/cyclingpro.net\/velopro\/wp-json\/wp\/v2\/posts\/110593","targetHints":{"allow":["GET"]}}],"collection":[{"href":"https:\/\/cyclingpro.net\/velopro\/wp-json\/wp\/v2\/posts"}],"about":[{"href":"https:\/\/cyclingpro.net\/velopro\/wp-json\/wp\/v2\/types\/post"}],"author":[{"embeddable":true,"href":"https:\/\/cyclingpro.net\/velopro\/wp-json\/wp\/v2\/users\/15"}],"replies":[{"embeddable":true,"href":"https:\/\/cyclingpro.net\/velopro\/wp-json\/wp\/v2\/comments?post=110593"}],"version-history":[{"count":2,"href":"https:\/\/cyclingpro.net\/velopro\/wp-json\/wp\/v2\/posts\/110593\/revisions"}],"predecessor-version":[{"id":110595,"href":"https:\/\/cyclingpro.net\/velopro\/wp-json\/wp\/v2\/posts\/110593\/revisions\/110595"}],"wp:featuredmedia":[{"embeddable":true,"href":"https:\/\/cyclingpro.net\/velopro\/wp-json\/wp\/v2\/media\/109170"}],"wp:attachment":[{"href":"https:\/\/cyclingpro.net\/velopro\/wp-json\/wp\/v2\/media?parent=110593"}],"wp:term":[{"taxonomy":"category","embeddable":true,"href":"https:\/\/cyclingpro.net\/velopro\/wp-json\/wp\/v2\/categories?post=110593"},{"taxonomy":"post_tag","embeddable":true,"href":"https:\/\/cyclingpro.net\/velopro\/wp-json\/wp\/v2\/tags?post=110593"}],"curies":[{"name":"wp","href":"https:\/\/api.w.org\/{rel}","templated":true}]}}