{"id":110513,"date":"2019-03-31T18:11:50","date_gmt":"2019-03-31T16:11:50","guid":{"rendered":"https:\/\/cyclingpro.net\/velopro\/?p=110513"},"modified":"2019-03-31T19:56:51","modified_gmt":"2019-03-31T17:56:51","slug":"miguel-angel-lopez-nous-sommes-toujours-restes-calmes","status":"publish","type":"post","link":"https:\/\/cyclingpro.net\/velopro\/course\/volta-a-catalunya\/miguel-angel-lopez-nous-sommes-toujours-restes-calmes\/","title":{"rendered":"Miguel Angel Lopez : \u00ab Nous sommes toujours rest\u00e9s calmes \u00bb"},"content":{"rendered":"<p style=\"text-align: justify;\">Miguel Angel Lopez continue sur sa lanc\u00e9e, et sur celle de son \u00e9quipe. Le Colombien d&rsquo;Astana a remport\u00e9 ce dimanche le Tour de Catalogne, un mois apr\u00e8s sa victoire sur le Tour Colombia. Avec l&rsquo;\u00e9tape de La Molina en bonus, il s&rsquo;agit de son troisi\u00e8me succ\u00e8s en 2019 et du 21e de la formation kazakhe. Ce dimanche, il a pourtant \u00e9t\u00e9 mis sous pression. Notamment par Adam Yates, deuxi\u00e8me du classement, qui est parti \u00e0 l&rsquo;attaque avec son fr\u00e8re Simon. Un temps virtuel leader de la course, le Britannique a \u00e9t\u00e9 repris \u00e0 4 kilom\u00e8tres du but. Lopez a alors ralli\u00e9 l&rsquo;arriv\u00e9e au sein du groupe des favoris, confirmant son sacre au g\u00e9n\u00e9ral.<\/p>\n<h6><strong><a href=\"https:\/\/cyclingpro.net\/velopro\/course\/volta-a-catalunya\/tour-de-catalogne-un-numero-de-davide-formolo-pour-finir-le-general-pour-miguel-angel-lopez\/\">Lire aussi &gt; Tour de Catalogne : Un num\u00e9ro de Davide Formolo pour finir, le g\u00e9n\u00e9ral pour Miguel Angel Lopez<\/a><\/strong><\/h6>\n<p style=\"text-align: justify;\">\u00ab <em>Nous savions que nos rivaux attaqueraient sur le circuit de Montju\u00efc, nous \u00e9tions pr\u00eats. J&rsquo;avais de solides co\u00e9quipiers autour de moi et ils ont fait un travail fantastique. A chaque instant de la course, m\u00eame quand Yates est sorti, nous sommes rest\u00e9s calmes<\/em>, a salu\u00e9 le vainqueur du Tour de Catalogne \u00e0 notre micro. <em>Nous avons repris du terrain seconde par seconde. A la fin, le plan a parfaitement fonctionn\u00e9, et j&rsquo;ai pu sauver le maillot. C&rsquo;\u00e9tait une tr\u00e8s dure journ\u00e9e, mais maintenant je tiens la victoire finale pour l&rsquo;\u00e9quipe et j&rsquo;en suis tr\u00e8s content.<\/em> \u00bb<\/p>\n<p style=\"text-align: justify;\">Son num\u00e9ro \u00e0 La Molina, lors de la 4e \u00e9tape, lui avait offert le maillot. Lopez a su le conserver jusqu&rsquo;au bout, montrant que sa pr\u00e9paration pour le Giro avan\u00e7ait pour le mieux. \u00ab <em>Je suis tr\u00e8s heureux de cette victoire! C&rsquo;est quelque chose de grand<\/em>, savourait alors Lopez. <em>Ensemble avec l&rsquo;\u00e9quipe, nous consid\u00e9rions cette course comme l&rsquo;un des points importants du d\u00e9but de saison. Aujourd&rsquo;hui, nous avons rempli notre mission. C&rsquo;\u00e9tait une belle course, et j&rsquo;ai re\u00e7u un grand soutien de l&rsquo;\u00e9quipe. Je me suis senti bien toute la semaine, et en m\u00eame temps, j&rsquo;ai progress\u00e9 de jour en jour. Apr\u00e8s ma victoire au sommet de La Molina, j&rsquo;ai cru que nous pourrions tenir le maillot jusqu&rsquo;au bout. C&rsquo;est fait, alors je remercie toute l&rsquo;\u00e9quipe pour cette semaine. Cette victoire est celle d&rsquo;Astana toute enti\u00e8re.<\/em> \u00bb<\/p>\n<p><span class=\"gVtEDLP\"><iframe loading=\"lazy\" title=\"Miguel \u00c1ngel L\u00f3pez - entrevista en la meta - etapa 7 - Volta a Catalunya 2019\" frameborder=\"0\" width=\"500\" height=\"281\" src=\"https:\/\/geo.dailymotion.com\/player.html?video=x751oy3&#038;\" allowfullscreen allow=\"autoplay; fullscreen; picture-in-picture; web-share\"><\/iframe><\/span><\/p>\n<p>&nbsp;<\/p>\n","protected":false},"excerpt":{"rendered":"<p>Miguel Angel Lopez continue sur sa lanc\u00e9e, et sur celle de son \u00e9quipe. Le Colombien d&rsquo;Astana a remport\u00e9 ce dimanche le Tour de Catalogne, un mois apr\u00e8s sa victoire sur le Tour Colombia. Avec l&rsquo;\u00e9tape de La Molina en bonus, il s&rsquo;agit de son troisi\u00e8me succ\u00e8s en 2019 et du 21e de la formation kazakhe. &hellip;<\/p>\n","protected":false},"author":15,"featured_media":110516,"comment_status":"open","ping_status":"open","sticky":false,"template":"","format":"standard","meta":{"footnotes":""},"categories":[27,11,8,15,79,18,19,28],"tags":[],"class_list":["post-110513","post","type-post","status-publish","format-standard","has-post-thumbnail","hentry","category-gros-bloc","category-news-niveau-2","category-interviews","category-route","category-volta-a-catalunya","category-videos","category-worldtour","category-course"],"_links":{"self":[{"href":"https:\/\/cyclingpro.net\/velopro\/wp-json\/wp\/v2\/posts\/110513","targetHints":{"allow":["GET"]}}],"collection":[{"href":"https:\/\/cyclingpro.net\/velopro\/wp-json\/wp\/v2\/posts"}],"about":[{"href":"https:\/\/cyclingpro.net\/velopro\/wp-json\/wp\/v2\/types\/post"}],"author":[{"embeddable":true,"href":"https:\/\/cyclingpro.net\/velopro\/wp-json\/wp\/v2\/users\/15"}],"replies":[{"embeddable":true,"href":"https:\/\/cyclingpro.net\/velopro\/wp-json\/wp\/v2\/comments?post=110513"}],"version-history":[{"count":2,"href":"https:\/\/cyclingpro.net\/velopro\/wp-json\/wp\/v2\/posts\/110513\/revisions"}],"predecessor-version":[{"id":110525,"href":"https:\/\/cyclingpro.net\/velopro\/wp-json\/wp\/v2\/posts\/110513\/revisions\/110525"}],"wp:featuredmedia":[{"embeddable":true,"href":"https:\/\/cyclingpro.net\/velopro\/wp-json\/wp\/v2\/media\/110516"}],"wp:attachment":[{"href":"https:\/\/cyclingpro.net\/velopro\/wp-json\/wp\/v2\/media?parent=110513"}],"wp:term":[{"taxonomy":"category","embeddable":true,"href":"https:\/\/cyclingpro.net\/velopro\/wp-json\/wp\/v2\/categories?post=110513"},{"taxonomy":"post_tag","embeddable":true,"href":"https:\/\/cyclingpro.net\/velopro\/wp-json\/wp\/v2\/tags?post=110513"}],"curies":[{"name":"wp","href":"https:\/\/api.w.org\/{rel}","templated":true}]}}