{"id":109790,"date":"2019-03-28T18:09:40","date_gmt":"2019-03-28T17:09:40","guid":{"rendered":"https:\/\/cyclingpro.net\/velopro\/?p=109790"},"modified":"2019-03-28T18:55:30","modified_gmt":"2019-03-28T17:55:30","slug":"egan-bernal-je-lai-adam-yates-suivi-parce-que-cetait-sa-responsabilite-dans-le-final","status":"publish","type":"post","link":"https:\/\/cyclingpro.net\/velopro\/course\/volta-a-catalunya\/egan-bernal-je-lai-adam-yates-suivi-parce-que-cetait-sa-responsabilite-dans-le-final\/","title":{"rendered":"Egan Bernal : \u00ab\u00a0Je l&rsquo;ai (Adam Yates) suivi parce que c&rsquo;\u00e9tait sa responsabilit\u00e9 dans le final \u00bb"},"content":{"rendered":"<p>Encore\u00a0une fois protagoniste lors d&rsquo;une \u00e9tape montagneuse Egan Bernal est en train de prouver, tout simplement, qu&rsquo;il est l&rsquo;un des meilleurs grimpeurs du peloton actuellement. 4\u00e8me de l&rsquo;\u00e9tape et 3\u00e8me au classement g\u00e9n\u00e9ral, Egan Bernal n&rsquo;a pas r\u00e9ussi \u00e0 prendre la roue de son compatriote Miguel Angel Lopez, accusant Adam Yates de ne pas avoir assum\u00e9 ses responsabilit\u00e9s, comme il l&rsquo;indique sur le site de son \u00e9quipe :<\/p>\n<p>\u00ab<em>\u00a0On a essay\u00e9 de faire une \u00e9tape tr\u00e8s difficile avec les gars. Toute l&rsquo;\u00e9quipe a fait du tr\u00e8s bon travail. Dans le final, nous avons commenc\u00e9 \u00e0 tirer fort sur la premi\u00e8re partie de la mont\u00e9e, car nous savions que c&rsquo;\u00e9tait la plus raide. J&rsquo;ai attaqu\u00e9, mais je pense que c&rsquo;est au coureur le mieux plac\u00e9 (Yates) que revient la responsabilit\u00e9 de contr\u00f4ler. C&rsquo;\u00e9tait un peu fou parce qu&rsquo;il y avait beaucoup d&rsquo;attaques. J&rsquo;ai essay\u00e9 de contr\u00f4ler un peu, mais en finale, il faut rester calme. Quand Lopez a attaqu\u00e9, Yates \u00e9tait fort mais il n&rsquo;a pas combl\u00e9 l&rsquo;\u00e9cart. Je l&rsquo;ai suivi parce que c&rsquo;\u00e9tait sa responsabilit\u00e9 dans le final.\u00a0\u00bb<\/em><\/p>\n<p>Hormis la derni\u00e8re \u00e9tape qui pourrait laisser une chance au Colombien de renverser le classement g\u00e9n\u00e9ral, il y a tr\u00e8s peu de chances de voir Egan Bernal sur la plus haute marche du podium.<\/p>\n","protected":false},"excerpt":{"rendered":"<p>Encore\u00a0une fois protagoniste lors d&rsquo;une \u00e9tape montagneuse Egan Bernal est en train de prouver, tout simplement, qu&rsquo;il est l&rsquo;un des meilleurs grimpeurs du peloton actuellement. 4\u00e8me de l&rsquo;\u00e9tape et 3\u00e8me au classement g\u00e9n\u00e9ral, Egan Bernal n&rsquo;a pas r\u00e9ussi \u00e0 prendre la roue de son compatriote Miguel Angel Lopez, accusant Adam Yates de ne pas avoir &hellip;<\/p>\n","protected":false},"author":18,"featured_media":94705,"comment_status":"open","ping_status":"open","sticky":false,"template":"","format":"standard","meta":{"footnotes":""},"categories":[11,15,79],"tags":[],"class_list":["post-109790","post","type-post","status-publish","format-standard","has-post-thumbnail","hentry","category-news-niveau-2","category-route","category-volta-a-catalunya"],"_links":{"self":[{"href":"https:\/\/cyclingpro.net\/velopro\/wp-json\/wp\/v2\/posts\/109790","targetHints":{"allow":["GET"]}}],"collection":[{"href":"https:\/\/cyclingpro.net\/velopro\/wp-json\/wp\/v2\/posts"}],"about":[{"href":"https:\/\/cyclingpro.net\/velopro\/wp-json\/wp\/v2\/types\/post"}],"author":[{"embeddable":true,"href":"https:\/\/cyclingpro.net\/velopro\/wp-json\/wp\/v2\/users\/18"}],"replies":[{"embeddable":true,"href":"https:\/\/cyclingpro.net\/velopro\/wp-json\/wp\/v2\/comments?post=109790"}],"version-history":[{"count":1,"href":"https:\/\/cyclingpro.net\/velopro\/wp-json\/wp\/v2\/posts\/109790\/revisions"}],"predecessor-version":[{"id":109791,"href":"https:\/\/cyclingpro.net\/velopro\/wp-json\/wp\/v2\/posts\/109790\/revisions\/109791"}],"wp:featuredmedia":[{"embeddable":true,"href":"https:\/\/cyclingpro.net\/velopro\/wp-json\/wp\/v2\/media\/94705"}],"wp:attachment":[{"href":"https:\/\/cyclingpro.net\/velopro\/wp-json\/wp\/v2\/media?parent=109790"}],"wp:term":[{"taxonomy":"category","embeddable":true,"href":"https:\/\/cyclingpro.net\/velopro\/wp-json\/wp\/v2\/categories?post=109790"},{"taxonomy":"post_tag","embeddable":true,"href":"https:\/\/cyclingpro.net\/velopro\/wp-json\/wp\/v2\/tags?post=109790"}],"curies":[{"name":"wp","href":"https:\/\/api.w.org\/{rel}","templated":true}]}}