{"id":109036,"date":"2019-03-25T10:37:56","date_gmt":"2019-03-25T09:37:56","guid":{"rendered":"https:\/\/cyclingpro.net\/velopro\/?p=109036"},"modified":"2019-03-25T10:37:56","modified_gmt":"2019-03-25T09:37:56","slug":"grand-prix-de-denain-marc-sarreau-un-peu-decu-de-sa-deuxieme-place","status":"publish","type":"post","link":"https:\/\/cyclingpro.net\/velopro\/course\/grand-prix-de-denain\/grand-prix-de-denain-marc-sarreau-un-peu-decu-de-sa-deuxieme-place\/","title":{"rendered":"Grand Prix de Denain : Marc Sarreau \u00ab un peu d\u00e9\u00e7u \u00bb de sa deuxi\u00e8me place"},"content":{"rendered":"<p style=\"text-align: justify;\">Marc Sarreau esp\u00e9rait mieux. A la recherche de sa deuxi\u00e8me victoire de la saison apr\u00e8s une \u00e9tape remport\u00e9e sur l&rsquo;Etoile de Bess\u00e8ges, il a d\u00fb se contenter ce dimanche du premier accessit. Le sprinteur de la Groupama-FDJ a r\u00e9gl\u00e9 le sprint du peloton pour prendre la deuxi\u00e8me place du GP de Denain. Trois secondes avant lui, Mathieu van der Poel avait coup\u00e9 la ligne en vainqueur solitaire. Sorti du peloton \u00e0 40 kilom\u00e8tres de la ligne, le N\u00e9erlandais a tenu en respect le peloton conduit par l&rsquo;\u00e9quipe fran\u00e7aise.<\/p>\n<p><a href=\"https:\/\/cyclingpro.net\/velopro\/course\/grand-prix-de-denain\/grand-prix-de-denain-mathieu-van-der-poel-dompte-les-paves-et-la-concurrence\/\">Lire aussi &gt; Grand Prix de Denain : Mathieu van der Poel dompte les pav\u00e9s et la concurrence<\/a><\/p>\n<p style=\"text-align: justify;\">\u00ab <em>Un peu d\u00e9\u00e7u<\/em>, a r\u00e9agi Sarreau dans un communiqu\u00e9 de la Groupama-FDJ.<em> On fait du gros boulot avec l&rsquo;\u00e9quipe, on a manqu\u00e9 un peu de r\u00e9ussite. On a fait le maximum.<\/em> \u00bb Yvon Madiot, le directeur sportif, abondait dans le sens de son sprinteur, soulignant que sa deuxi\u00e8me victoire de la saison ne devrait plus tarder.\u00a0\u00ab <em>Marc marche fort. Il a des super jambes. Il m\u00e9rite de gagner 2-3 courses dans les semaines qui arrivent<\/em>. \u00bb Rendez-vous est donc pris pour le 30 mars et la Classic Loire Atlantique, prochain engagement de Marc Sarreau.<\/p>\n","protected":false},"excerpt":{"rendered":"<p>Marc Sarreau esp\u00e9rait mieux. A la recherche de sa deuxi\u00e8me victoire de la saison apr\u00e8s une \u00e9tape remport\u00e9e sur l&rsquo;Etoile de Bess\u00e8ges, il a d\u00fb se contenter ce dimanche du premier accessit. Le sprinteur de la Groupama-FDJ a r\u00e9gl\u00e9 le sprint du peloton pour prendre la deuxi\u00e8me place du GP de Denain. Trois secondes avant &hellip;<\/p>\n","protected":false},"author":15,"featured_media":50709,"comment_status":"open","ping_status":"open","sticky":false,"template":"","format":"standard","meta":{"footnotes":""},"categories":[11,40,8,15,28],"tags":[],"class_list":["post-109036","post","type-post","status-publish","format-standard","has-post-thumbnail","hentry","category-news-niveau-2","category-grand-prix-de-denain","category-interviews","category-route","category-course"],"_links":{"self":[{"href":"https:\/\/cyclingpro.net\/velopro\/wp-json\/wp\/v2\/posts\/109036","targetHints":{"allow":["GET"]}}],"collection":[{"href":"https:\/\/cyclingpro.net\/velopro\/wp-json\/wp\/v2\/posts"}],"about":[{"href":"https:\/\/cyclingpro.net\/velopro\/wp-json\/wp\/v2\/types\/post"}],"author":[{"embeddable":true,"href":"https:\/\/cyclingpro.net\/velopro\/wp-json\/wp\/v2\/users\/15"}],"replies":[{"embeddable":true,"href":"https:\/\/cyclingpro.net\/velopro\/wp-json\/wp\/v2\/comments?post=109036"}],"version-history":[{"count":2,"href":"https:\/\/cyclingpro.net\/velopro\/wp-json\/wp\/v2\/posts\/109036\/revisions"}],"predecessor-version":[{"id":109038,"href":"https:\/\/cyclingpro.net\/velopro\/wp-json\/wp\/v2\/posts\/109036\/revisions\/109038"}],"wp:featuredmedia":[{"embeddable":true,"href":"https:\/\/cyclingpro.net\/velopro\/wp-json\/wp\/v2\/media\/50709"}],"wp:attachment":[{"href":"https:\/\/cyclingpro.net\/velopro\/wp-json\/wp\/v2\/media?parent=109036"}],"wp:term":[{"taxonomy":"category","embeddable":true,"href":"https:\/\/cyclingpro.net\/velopro\/wp-json\/wp\/v2\/categories?post=109036"},{"taxonomy":"post_tag","embeddable":true,"href":"https:\/\/cyclingpro.net\/velopro\/wp-json\/wp\/v2\/tags?post=109036"}],"curies":[{"name":"wp","href":"https:\/\/api.w.org\/{rel}","templated":true}]}}