{"id":108409,"date":"2019-03-20T10:16:59","date_gmt":"2019-03-20T09:16:59","guid":{"rendered":"https:\/\/cyclingpro.net\/velopro\/?p=108409"},"modified":"2019-03-20T10:22:05","modified_gmt":"2019-03-20T09:22:05","slug":"milan-sanremo-bora-hansgrohe-avec-peter-sagan-et-sam-bennett","status":"publish","type":"post","link":"https:\/\/cyclingpro.net\/velopro\/course\/milano-sanremo\/milan-sanremo-bora-hansgrohe-avec-peter-sagan-et-sam-bennett\/","title":{"rendered":"Milan-Sanremo : Bora-hansgrohe avec Peter Sagan et Sam Bennett"},"content":{"rendered":"<p style=\"text-align: justify;\">Parmi les trois Monuments qui manquent \u00e0 son palmar\u00e8s, Milan-Sanremo est assur\u00e9ment celui o\u00f9 Peter Sagan a les plus grandes chances de triompher. Sauf que, jusque l\u00e0, la Classicissima se refuse \u00e0 lui. L&rsquo;ancien triple champion du monde a pris le d\u00e9part des huit derni\u00e8res \u00e9ditions, ne finissant jamais au-del\u00e0 de la 17e place et se classant six fois dans le top-10, dont deux fois sur la deuxi\u00e8me marche du podium. Le coureur de la Bora-hansgrohe va donc tenter sa chance pour la neuvi\u00e8me fois ce samedi, et m\u00eame s&rsquo;il semble moins en forme que d&rsquo;autres ann\u00e9es, il figure naturellement parmi les favoris.<\/p>\n<p style=\"text-align: justify;\">L&rsquo;\u00e9quipe sera b\u00e2tie autour de lui, comme de coutume, avec Oscar Gatto, Daniel Oss, Maciej Bodnar, Marcus Burghardt et Jempy Drucker pour le soutenir. Aussi, l&rsquo;\u00e9quipe allemande comprend Sam Bennett, vainqueur d\u00e9tonnant de deux \u00e9tapes sur le r\u00e9cent Paris-Nice. L&rsquo;Irlandais pourrait \u00e9ventuellement jouer sa carte en cas de jour sans pour Sagan, si tant est qu&rsquo;il parvienne \u00e0 franchir le Poggio avec les meilleurs, ce qu&rsquo;il n&rsquo;a jamais r\u00e9ussi \u00e0 faire en trois participations.<\/p>\n<blockquote class=\"twitter-tweet\" data-lang=\"fr\">\n<p dir=\"ltr\" lang=\"en\">Our <a href=\"https:\/\/twitter.com\/hashtag\/Lineup?src=hash&amp;ref_src=twsrc%5Etfw\">#Lineup<\/a> for the first <a href=\"https:\/\/twitter.com\/hashtag\/Monument?src=hash&amp;ref_src=twsrc%5Etfw\">#Monument<\/a> of the season, <a href=\"https:\/\/twitter.com\/Milano_Sanremo?ref_src=twsrc%5Etfw\">@Milano_Sanremo<\/a> &#8211; <a href=\"https:\/\/twitter.com\/hashtag\/LaPrimavera?src=hash&amp;ref_src=twsrc%5Etfw\">#LaPrimavera<\/a> this <a href=\"https:\/\/twitter.com\/hashtag\/Saturday?src=hash&amp;ref_src=twsrc%5Etfw\">#Saturday<\/a> <a href=\"https:\/\/twitter.com\/Sammmy_Be?ref_src=twsrc%5Etfw\">@Sammmy_Be<\/a> | <a href=\"https:\/\/twitter.com\/maciejbodnar?ref_src=twsrc%5Etfw\">@maciejbodnar<\/a> | <a href=\"https:\/\/twitter.com\/MBurghardt83?ref_src=twsrc%5Etfw\">@MBurghardt83<\/a> | <a href=\"https:\/\/twitter.com\/jempy_drucker?ref_src=twsrc%5Etfw\">@jempy_drucker<\/a> | <a href=\"https:\/\/twitter.com\/gatto_oscar?ref_src=twsrc%5Etfw\">@gatto_oscar<\/a> | <a href=\"https:\/\/twitter.com\/Daniel87Oss?ref_src=twsrc%5Etfw\">@Daniel87Oss<\/a> | <a href=\"https:\/\/twitter.com\/petosagan?ref_src=twsrc%5Etfw\">@petosagan<\/a><\/p>\n<p>DS: Enrico Poitschke | J\u00e1n Valach<a href=\"https:\/\/twitter.com\/hashtag\/BORAhansgrohe?src=hash&amp;ref_src=twsrc%5Etfw\">#BORAhansgrohe<\/a> <a href=\"https:\/\/twitter.com\/hashtag\/Lineup?src=hash&amp;ref_src=twsrc%5Etfw\">#Lineup<\/a> <a href=\"https:\/\/twitter.com\/hashtag\/MSR?src=hash&amp;ref_src=twsrc%5Etfw\">#MSR<\/a> <a href=\"https:\/\/t.co\/h2tlkpCvsV\">pic.twitter.com\/h2tlkpCvsV<\/a><\/p>\n<p>\u2014 BORA \u2013 hansgrohe (@BORAhansgrohe) <a href=\"https:\/\/twitter.com\/BORAhansgrohe\/status\/1108080852028805120?ref_src=twsrc%5Etfw\">19 mars 2019<\/a><\/p><\/blockquote>\n<p><script async src=\"https:\/\/platform.twitter.com\/widgets.js\" charset=\"utf-8\"><\/script><\/p>\n","protected":false},"excerpt":{"rendered":"<p>Parmi les trois Monuments qui manquent \u00e0 son palmar\u00e8s, Milan-Sanremo est assur\u00e9ment celui o\u00f9 Peter Sagan a les plus grandes chances de triompher. Sauf que, jusque l\u00e0, la Classicissima se refuse \u00e0 lui. L&rsquo;ancien triple champion du monde a pris le d\u00e9part des huit derni\u00e8res \u00e9ditions, ne finissant jamais au-del\u00e0 de la 17e place et &hellip;<\/p>\n","protected":false},"author":5,"featured_media":108411,"comment_status":"open","ping_status":"open","sticky":false,"template":"","format":"standard","meta":{"footnotes":""},"categories":[11,26,83,15],"tags":[],"class_list":["post-108409","post","type-post","status-publish","format-standard","has-post-thumbnail","hentry","category-news-niveau-2","category-compositions","category-milano-sanremo","category-route"],"_links":{"self":[{"href":"https:\/\/cyclingpro.net\/velopro\/wp-json\/wp\/v2\/posts\/108409","targetHints":{"allow":["GET"]}}],"collection":[{"href":"https:\/\/cyclingpro.net\/velopro\/wp-json\/wp\/v2\/posts"}],"about":[{"href":"https:\/\/cyclingpro.net\/velopro\/wp-json\/wp\/v2\/types\/post"}],"author":[{"embeddable":true,"href":"https:\/\/cyclingpro.net\/velopro\/wp-json\/wp\/v2\/users\/5"}],"replies":[{"embeddable":true,"href":"https:\/\/cyclingpro.net\/velopro\/wp-json\/wp\/v2\/comments?post=108409"}],"version-history":[{"count":3,"href":"https:\/\/cyclingpro.net\/velopro\/wp-json\/wp\/v2\/posts\/108409\/revisions"}],"predecessor-version":[{"id":108413,"href":"https:\/\/cyclingpro.net\/velopro\/wp-json\/wp\/v2\/posts\/108409\/revisions\/108413"}],"wp:featuredmedia":[{"embeddable":true,"href":"https:\/\/cyclingpro.net\/velopro\/wp-json\/wp\/v2\/media\/108411"}],"wp:attachment":[{"href":"https:\/\/cyclingpro.net\/velopro\/wp-json\/wp\/v2\/media?parent=108409"}],"wp:term":[{"taxonomy":"category","embeddable":true,"href":"https:\/\/cyclingpro.net\/velopro\/wp-json\/wp\/v2\/categories?post=108409"},{"taxonomy":"post_tag","embeddable":true,"href":"https:\/\/cyclingpro.net\/velopro\/wp-json\/wp\/v2\/tags?post=108409"}],"curies":[{"name":"wp","href":"https:\/\/api.w.org\/{rel}","templated":true}]}}