{"id":108215,"date":"2019-03-18T18:19:32","date_gmt":"2019-03-18T17:19:32","guid":{"rendered":"https:\/\/cyclingpro.net\/velopro\/?p=108215"},"modified":"2019-03-18T18:23:15","modified_gmt":"2019-03-18T17:23:15","slug":"lagenda-de-la-semaine-du-18-au-24-mars","status":"publish","type":"post","link":"https:\/\/cyclingpro.net\/velopro\/agenda\/lagenda-de-la-semaine-du-18-au-24-mars\/","title":{"rendered":"L&rsquo;agenda de la semaine du 18 au 24 mars"},"content":{"rendered":"<p>Une semaine riche en cyclisme avec deux courses majeures du calendrier international, Tirreno-Adriatico qui se termine mardi et la mythique Milan Sanremo qui se d\u00e9roulera ce samedi. Mais il n&rsquo;y a pas que le cyclisme italien qui est pr\u00e9sent cette semaine on retrouve deux \u00e9preuves flandriennes avec Nokere Koerse et\u00a0Bredene-Coxyde. En France, on courra dimanche le Grand Prix de Denain, \u00e9preuve comptant pour la Coupe de France. Tandis que de l&rsquo;autre c\u00f4t\u00e9 du globe se dispute le Tour de Ta\u00efwan.<\/p>\n<p><strong>Lundi 18 mars<br \/>\n<\/strong>Tirreno-Adriatico\u00a0( 2.UWT) : 6\u00e8me \u00e9tape, Matelica \u00e0 Jesi (195km)<br \/>\nTour de Taiwan (2.1) : 2\u00e8me \u00e9tape, Taoyuan \u00e0 Jiaobanshan Park (118,9km)<\/p>\n<p><strong>Mardi 19 mars<\/strong><br \/>\nTirreno-Adriatico\u00a0( 2.UWT) : 7\u00e8me \u00e9tape, San Benedetto del Tronto \u00e0\u00a0San Benedetto del Tronto (10km)<br \/>\nTour de Taiwan (2.1) : 3\u00e8me \u00e9tape,\u00a0Hsinchu \u00e0 Shigang (156,5km)<\/p>\n<p><strong>Mercredi 20 mars<\/strong><br \/>\nNokere Koerse (1.HC) : Deinze \u00e0 Nokere (195,6km)<br \/>\nTour de Taiwan (2.1) : 4\u00e8me \u00e9tape, Nantou \u00e0 Xianshan Visitor Center (166,6km)<\/p>\n<p><strong>Jeudi 21 mars<\/strong><br \/>\nTour de Taiwan (2.1) : 5\u00e8me \u00e9tape,\u00a0Pingtung \u00e0 Pingtung (192,8km)<\/p>\n<p><strong>Vendredi 22 mars\u00a0<\/strong><br \/>\nBredene-Coxyde\u00a0(1.HC) : Bredene \u00e0 Coxyde (199,5km)<\/p>\n<p><strong>Samedi 23 mars\u00a0<\/strong><br \/>\nMilano Sanremo\u00a0(1.UWT) : Milano \u00e0 Sanremo (291km)<\/p>\n<p><strong>Dimanche 24 mars<\/strong><br \/>\nGrand Prix de Denain &#8211; Porte du Hainaut(1.HC) : Denain \u00e0 Denain (198km)<\/p>\n","protected":false},"excerpt":{"rendered":"<p>Une semaine riche en cyclisme avec deux courses majeures du calendrier international, Tirreno-Adriatico qui se termine mardi et la mythique Milan Sanremo qui se d\u00e9roulera ce samedi. Mais il n&rsquo;y a pas que le cyclisme italien qui est pr\u00e9sent cette semaine on retrouve deux \u00e9preuves flandriennes avec Nokere Koerse et\u00a0Bredene-Coxyde. En France, on courra dimanche &hellip;<\/p>\n","protected":false},"author":18,"featured_media":59856,"comment_status":"open","ping_status":"open","sticky":false,"template":"","format":"standard","meta":{"footnotes":""},"categories":[27,11,2,72,40,83,76,75,19],"tags":[],"class_list":["post-108215","post","type-post","status-publish","format-standard","has-post-thumbnail","hentry","category-gros-bloc","category-news-niveau-2","category-agenda","category-bredene-koksijde-handzame-classic","category-grand-prix-de-denain","category-milano-sanremo","category-nokere-koerse","category-tirreno-adriatico","category-worldtour"],"_links":{"self":[{"href":"https:\/\/cyclingpro.net\/velopro\/wp-json\/wp\/v2\/posts\/108215","targetHints":{"allow":["GET"]}}],"collection":[{"href":"https:\/\/cyclingpro.net\/velopro\/wp-json\/wp\/v2\/posts"}],"about":[{"href":"https:\/\/cyclingpro.net\/velopro\/wp-json\/wp\/v2\/types\/post"}],"author":[{"embeddable":true,"href":"https:\/\/cyclingpro.net\/velopro\/wp-json\/wp\/v2\/users\/18"}],"replies":[{"embeddable":true,"href":"https:\/\/cyclingpro.net\/velopro\/wp-json\/wp\/v2\/comments?post=108215"}],"version-history":[{"count":0,"href":"https:\/\/cyclingpro.net\/velopro\/wp-json\/wp\/v2\/posts\/108215\/revisions"}],"wp:featuredmedia":[{"embeddable":true,"href":"https:\/\/cyclingpro.net\/velopro\/wp-json\/wp\/v2\/media\/59856"}],"wp:attachment":[{"href":"https:\/\/cyclingpro.net\/velopro\/wp-json\/wp\/v2\/media?parent=108215"}],"wp:term":[{"taxonomy":"category","embeddable":true,"href":"https:\/\/cyclingpro.net\/velopro\/wp-json\/wp\/v2\/categories?post=108215"},{"taxonomy":"post_tag","embeddable":true,"href":"https:\/\/cyclingpro.net\/velopro\/wp-json\/wp\/v2\/tags?post=108215"}],"curies":[{"name":"wp","href":"https:\/\/api.w.org\/{rel}","templated":true}]}}