{"id":107822,"date":"2019-03-16T18:19:39","date_gmt":"2019-03-16T17:19:39","guid":{"rendered":"https:\/\/cyclingpro.net\/velopro\/?p=107822"},"modified":"2019-03-16T18:24:09","modified_gmt":"2019-03-16T17:24:09","slug":"egan-bernal-la-course-nest-pas-terminee-demain-sera-une-dure-journee","status":"publish","type":"post","link":"https:\/\/cyclingpro.net\/velopro\/course\/paris-nice\/egan-bernal-la-course-nest-pas-terminee-demain-sera-une-dure-journee\/","title":{"rendered":"Egan Bernal : \u00ab La course n&rsquo;est pas termin\u00e9e, une dure journ\u00e9e nous attend demain \u00bb"},"content":{"rendered":"<p style=\"text-align: justify;\">Egan Bernal prend la t\u00eate. A une journ\u00e9e du terme de Paris-Nice, le Colombien de 22 ans a chip\u00e9 le maillot jaune des \u00e9paules de son co\u00e9quipier Michal Kwiatkowski. Lorsque le Polonais a l\u00e2ch\u00e9 prise, \u00e0 moins de trois kilom\u00e8tres du sommet du Col de Turini, Bernal a pris le relais. Il est sorti du groupe des favoris avec Nairo Quintana (Movistar) et <a href=\"https:\/\/cyclingpro.net\/velopro\/course\/paris-nice\/paris-nice-daniel-martinez-simpose-au-sommet-du-turini-le-maillot-pour-egan-bernal\/\">a ralli\u00e9 l&rsquo;arriv\u00e9e avec 3&rsquo;43\u00a0\u00bb de retard sur le vainqueur Daniel Martinez (EF Education First)<\/a>. Les autres concurrents au g\u00e9n\u00e9ral \u00e9taient alors battus. Une performance qui lui offre un matelas de 45&Prime; au g\u00e9n\u00e9ral sur le deuxi\u00e8me Philippe Gilbert (Deceuninck-Quick Step), avant la derni\u00e8re \u00e9tape de l&rsquo;\u00e9preuve. D\u00e9j\u00e0 impressionnant sur le chrono, Bernal a brill\u00e9 ce samedi dans un registre plus familier.<\/p>\n<p style=\"text-align: justify;\">\u00ab <em>Je ressens un m\u00e9lange de sentiments&#8230;<\/em>\u00a0<em>Je suis tr\u00e8s content pour moi, mais un peu d\u00e9\u00e7u pour Kwiato<\/em>, a-t-il r\u00e9agi \u00e0 chaud devant notre cam\u00e9ra. <em>Il avait toute la pression sur les \u00e9paules, il a \u00e9t\u00e9 leader pendant plusieurs jours. Il a fait le maximum, mais \u00e0 la fin, avec Gilbert devant, nous avons d\u00fb aller \u00e0 fond. Maintenant, le maillot jaune reste dans l&rsquo;\u00e9quipe et nous ferons tout pour le conserver demain.<\/em> \u00bb<\/p>\n<p style=\"text-align: justify;\">Reste d\u00e9sormais une journ\u00e9e \u00e0 boucler au Colombien pour parachever sa premi\u00e8re victoire au g\u00e9n\u00e9ral sur une \u00e9preuve europ\u00e9enne. A notre micro, Bernal annon\u00e7ait se m\u00e9fier de la derni\u00e8re \u00e9tape explosive autour de Nice. Six ascensions seront au programme ce dimanche sur un profil long de seulement 111 kilom\u00e8tres. \u00ab<em> La course n&rsquo;est pas termin\u00e9e, demain sera une dure journ\u00e9e. Nous devons rester concentr\u00e9s<\/em>, pr\u00e9venait le jeune Colombien. <em>Notre \u00e9quipe est solide, mais nous devrons rester focus demain. La pression est maintenant sur moi, mais je suis content d&rsquo;\u00eatre en jaune. Je ferai de mon mieux demain, mais j&rsquo;ai une grande confiance en l&rsquo;\u00e9quipe.<\/em> \u00bb<\/p>\n<p><span class=\"mfpceSzRt93ClZJg1FXWsUVYBEOP2LiDMj\"><iframe loading=\"lazy\" title=\"Egan Bernal - Post-race Interview - Stage 7 - Paris-Nice 2019\" width=\"500\" height=\"281\" src=\"https:\/\/www.youtube.com\/embed\/0Ktbjh8bgSc?feature=oembed\" frameborder=\"0\" allow=\"accelerometer; autoplay; clipboard-write; encrypted-media; gyroscope; picture-in-picture; web-share\" referrerpolicy=\"strict-origin-when-cross-origin\" allowfullscreen><\/iframe><\/span><\/p>\n","protected":false},"excerpt":{"rendered":"<p>Egan Bernal prend la t\u00eate. A une journ\u00e9e du terme de Paris-Nice, le Colombien de 22 ans a chip\u00e9 le maillot jaune des \u00e9paules de son co\u00e9quipier Michal Kwiatkowski. Lorsque le Polonais a l\u00e2ch\u00e9 prise, \u00e0 moins de trois kilom\u00e8tres du sommet du Col de Turini, Bernal a pris le relais. Il est sorti du &hellip;<\/p>\n","protected":false},"author":15,"featured_media":107832,"comment_status":"open","ping_status":"open","sticky":false,"template":"","format":"standard","meta":{"footnotes":""},"categories":[17,8,63,15,18,19,28],"tags":[],"class_list":["post-107822","post","type-post","status-publish","format-standard","has-post-thumbnail","hentry","category-une","category-interviews","category-paris-nice","category-route","category-videos","category-worldtour","category-course"],"_links":{"self":[{"href":"https:\/\/cyclingpro.net\/velopro\/wp-json\/wp\/v2\/posts\/107822","targetHints":{"allow":["GET"]}}],"collection":[{"href":"https:\/\/cyclingpro.net\/velopro\/wp-json\/wp\/v2\/posts"}],"about":[{"href":"https:\/\/cyclingpro.net\/velopro\/wp-json\/wp\/v2\/types\/post"}],"author":[{"embeddable":true,"href":"https:\/\/cyclingpro.net\/velopro\/wp-json\/wp\/v2\/users\/15"}],"replies":[{"embeddable":true,"href":"https:\/\/cyclingpro.net\/velopro\/wp-json\/wp\/v2\/comments?post=107822"}],"version-history":[{"count":0,"href":"https:\/\/cyclingpro.net\/velopro\/wp-json\/wp\/v2\/posts\/107822\/revisions"}],"wp:featuredmedia":[{"embeddable":true,"href":"https:\/\/cyclingpro.net\/velopro\/wp-json\/wp\/v2\/media\/107832"}],"wp:attachment":[{"href":"https:\/\/cyclingpro.net\/velopro\/wp-json\/wp\/v2\/media?parent=107822"}],"wp:term":[{"taxonomy":"category","embeddable":true,"href":"https:\/\/cyclingpro.net\/velopro\/wp-json\/wp\/v2\/categories?post=107822"},{"taxonomy":"post_tag","embeddable":true,"href":"https:\/\/cyclingpro.net\/velopro\/wp-json\/wp\/v2\/tags?post=107822"}],"curies":[{"name":"wp","href":"https:\/\/api.w.org\/{rel}","templated":true}]}}