{"id":106628,"date":"2019-03-10T21:56:21","date_gmt":"2019-03-10T20:56:21","guid":{"rendered":"https:\/\/cyclingpro.net\/velopro\/?p=106628"},"modified":"2019-03-10T21:59:01","modified_gmt":"2019-03-10T20:59:01","slug":"paris-nice-qui-a-perdu-du-temps","status":"publish","type":"post","link":"https:\/\/cyclingpro.net\/velopro\/course\/paris-nice\/paris-nice-qui-a-perdu-du-temps\/","title":{"rendered":"Paris-Nice : Qui a perdu du temps ?"},"content":{"rendered":"<p style=\"text-align: justify;\">Comme attendu, la premi\u00e8re \u00e9tape de Paris-Nice, malgr\u00e9 son profil assez plat, a d\u00e9j\u00e0 offert une belle bataille et certains leaders y ont laiss\u00e9 des plumes ! C&rsquo;est notamment le cas de Marc Soler (Movistar), le vainqueur sortant qui perd 1&prime; aujourd&rsquo;hui, tout comme Miguel \u00c1ngel L\u00f3pez (Astana) ou encore Patrick Konrad (Bora &#8211; Hansgrohe).<\/p>\n<p style=\"text-align: justify;\">Louis Meintjes (Dimension Data), Domenico Pozzovivo (Bahrain &#8211; Merida),\u00a0Simon \u0160pilak (Katusha &#8211; Alpecin), Ion Izagirre (Astana), Fabio Aru (UAE Team Emirates), Tejay van Garderen (EF Education First) laissent 2&rsquo;42 dans la bataille et tout espoir au g\u00e9n\u00e9ral. Autres pi\u00e9g\u00e9s du jour : Sergio Henao (UAE Team Emirates) qui a v\u00e9cu une dure journ\u00e9e et termine \u00e0 4&rsquo;30, en compagnie notamment de Iv\u00e1n Sosa (Team Sky), lui aussi peu \u00e0 l&rsquo;aise dans les bordures.<\/p>\n<p>Wilco Kelderman (Sunweb) et Simon Yates (Mitchelton &#8211; Scott) se sont fait quelques frayeurs mais ils terminent dans le premier groupe et ne perdent donc pas de temps. Ilnur Zakarin (Katusha &#8211; Alpecin) aussi \u00e9tait un temps pi\u00e9g\u00e9 mais termine \u00e0 l&rsquo;avant.<\/p>\n","protected":false},"excerpt":{"rendered":"<p>Comme attendu, la premi\u00e8re \u00e9tape de Paris-Nice, malgr\u00e9 son profil assez plat, a d\u00e9j\u00e0 offert une belle bataille et certains leaders y ont laiss\u00e9 des plumes ! C&rsquo;est notamment le cas de Marc Soler (Movistar), le vainqueur sortant qui perd 1&prime; aujourd&rsquo;hui, tout comme Miguel \u00c1ngel L\u00f3pez (Astana) ou encore Patrick Konrad (Bora &#8211; Hansgrohe). &hellip;<\/p>\n","protected":false},"author":4,"featured_media":0,"comment_status":"open","ping_status":"open","sticky":false,"template":"","format":"standard","meta":{"footnotes":""},"categories":[12,63,15],"tags":[],"class_list":["post-106628","post","type-post","status-publish","format-standard","hentry","category-non-classe","category-paris-nice","category-route"],"_links":{"self":[{"href":"https:\/\/cyclingpro.net\/velopro\/wp-json\/wp\/v2\/posts\/106628","targetHints":{"allow":["GET"]}}],"collection":[{"href":"https:\/\/cyclingpro.net\/velopro\/wp-json\/wp\/v2\/posts"}],"about":[{"href":"https:\/\/cyclingpro.net\/velopro\/wp-json\/wp\/v2\/types\/post"}],"author":[{"embeddable":true,"href":"https:\/\/cyclingpro.net\/velopro\/wp-json\/wp\/v2\/users\/4"}],"replies":[{"embeddable":true,"href":"https:\/\/cyclingpro.net\/velopro\/wp-json\/wp\/v2\/comments?post=106628"}],"version-history":[{"count":0,"href":"https:\/\/cyclingpro.net\/velopro\/wp-json\/wp\/v2\/posts\/106628\/revisions"}],"wp:attachment":[{"href":"https:\/\/cyclingpro.net\/velopro\/wp-json\/wp\/v2\/media?parent=106628"}],"wp:term":[{"taxonomy":"category","embeddable":true,"href":"https:\/\/cyclingpro.net\/velopro\/wp-json\/wp\/v2\/categories?post=106628"},{"taxonomy":"post_tag","embeddable":true,"href":"https:\/\/cyclingpro.net\/velopro\/wp-json\/wp\/v2\/tags?post=106628"}],"curies":[{"name":"wp","href":"https:\/\/api.w.org\/{rel}","templated":true}]}}