{"id":105848,"date":"2019-03-03T18:00:49","date_gmt":"2019-03-03T17:00:49","guid":{"rendered":"https:\/\/cyclingpro.net\/velopro\/?p=105848"},"modified":"2019-03-03T18:11:31","modified_gmt":"2019-03-03T17:11:31","slug":"bob-jungels-au-final-cetait-un-chrono-de-20-kilometres","status":"publish","type":"post","link":"https:\/\/cyclingpro.net\/velopro\/course\/kuurne-brussel-kuurne\/bob-jungels-au-final-cetait-un-chrono-de-20-kilometres\/","title":{"rendered":"Bob Jungels : \u00ab Au final, c\u2019\u00e9tait un chrono de 20 kilom\u00e8tres\u2026\u00a0\u00bb"},"content":{"rendered":"<p style=\"text-align: justify;\">Depuis son passage chez les professionnels en 2013, Bob Jungels n&rsquo;avait jusque l\u00e0 affront\u00e9 que deux Classiques pav\u00e9es. Et c&rsquo;\u00e9tait justement lors de sa toute premi\u00e8re ann\u00e9e dans l&rsquo;\u00e9lite. \u00c0 l&rsquo;\u00e9poque, Radioshack-Leopard l&rsquo;avait envoy\u00e9 disputer \u00c0 Travers les Flandres (abandon) et Paris-Roubaix (83e). Depuis, malgr\u00e9 des dispositions certaines, et un succ\u00e8s sur l&rsquo;Enfer du Nord Espoirs (2012) pour le prouver, le Luxembourgeois n&rsquo;avait plus foul\u00e9 le pav\u00e9. \u00c0 l&rsquo;exception des deux \u00e9tapes de ce style rencontr\u00e9es sur les Tours de France 2015 et 2018. Durant l&rsquo;intersaison, apr\u00e8s en avoir discut\u00e9 avec ses dirigeants, Jungels a finalement franchi le pas et d\u00e9cid\u00e9 de revenir sur ces \u00e9preuves si sp\u00e9cifiques.<\/p>\n<p style=\"text-align: justify;\">Cela d\u00e9butait donc ce week-end, avec les deux premi\u00e8res Classiques de la saison. Dans le coup bien qu&rsquo;en second rideau sur l&rsquo;Omloop Het Nieuwsblad samedi (16e), le vainqueur du dernier Li\u00e8ge-Bastogne-Li\u00e8ge a confirm\u00e9 les attentes d\u00e8s sa seconde sortie sur les pav\u00e9s. Ce dimanche, il a non seulement prouv\u00e9 qu&rsquo;il avait la force pour gagner ces courses, mais aussi la t\u00eate. C&rsquo;est lui qui a relanc\u00e9 une premi\u00e8re fois \u00e0 50 kilom\u00e8tres de l&rsquo;arriv\u00e9e quand le groupe de t\u00eate commen\u00e7ait \u00e0 s&rsquo;enterrer, emmenant quatre concurrents avec lui, avant de les d\u00e9crocher dans les 15 derni\u00e8res bornes, \u00e0 la p\u00e9dale, alors que le peloton se rapprochait. Puis, comme il l&rsquo;avait fait l&rsquo;an pass\u00e9 sur la Doyenne, il a alors mis en exergue ses capacit\u00e9s de rouleur pour s&rsquo;offrir Kuurne-Bruxelles-Kuurne en solitaire, devant un petit peloton lanc\u00e9 \u00e0 ses trousses. Il revenait ensuite sur son succ\u00e8s, et ce qu&rsquo;il peut pr\u00e9sager, \u00e0 notre micro.<\/p>\n<p><span class=\"M7pUoaZlkwKReCqfEO2Q\"><iframe loading=\"lazy\" title=\"Bob Jungels - interview d&#039;arriv\u00e9e - Kuurne-Bruxelles-Kuurne 2019\" width=\"500\" height=\"281\" src=\"https:\/\/www.youtube.com\/embed\/RGKPlTsaXnE?feature=oembed\" frameborder=\"0\" allow=\"accelerometer; autoplay; clipboard-write; encrypted-media; gyroscope; picture-in-picture; web-share\" referrerpolicy=\"strict-origin-when-cross-origin\" allowfullscreen><\/iframe><\/span><\/p>\n","protected":false},"excerpt":{"rendered":"<p>Depuis son passage chez les professionnels en 2013, Bob Jungels n&rsquo;avait jusque l\u00e0 affront\u00e9 que deux Classiques pav\u00e9es. Et c&rsquo;\u00e9tait justement lors de sa toute premi\u00e8re ann\u00e9e dans l&rsquo;\u00e9lite. \u00c0 l&rsquo;\u00e9poque, Radioshack-Leopard l&rsquo;avait envoy\u00e9 disputer \u00c0 Travers les Flandres (abandon) et Paris-Roubaix (83e). Depuis, malgr\u00e9 des dispositions certaines, et un succ\u00e8s sur l&rsquo;Enfer du Nord &hellip;<\/p>\n","protected":false},"author":5,"featured_media":105859,"comment_status":"open","ping_status":"open","sticky":false,"template":"","format":"standard","meta":{"footnotes":""},"categories":[17,34,15,18],"tags":[],"class_list":["post-105848","post","type-post","status-publish","format-standard","has-post-thumbnail","hentry","category-une","category-kuurne-brussel-kuurne","category-route","category-videos"],"_links":{"self":[{"href":"https:\/\/cyclingpro.net\/velopro\/wp-json\/wp\/v2\/posts\/105848","targetHints":{"allow":["GET"]}}],"collection":[{"href":"https:\/\/cyclingpro.net\/velopro\/wp-json\/wp\/v2\/posts"}],"about":[{"href":"https:\/\/cyclingpro.net\/velopro\/wp-json\/wp\/v2\/types\/post"}],"author":[{"embeddable":true,"href":"https:\/\/cyclingpro.net\/velopro\/wp-json\/wp\/v2\/users\/5"}],"replies":[{"embeddable":true,"href":"https:\/\/cyclingpro.net\/velopro\/wp-json\/wp\/v2\/comments?post=105848"}],"version-history":[{"count":0,"href":"https:\/\/cyclingpro.net\/velopro\/wp-json\/wp\/v2\/posts\/105848\/revisions"}],"wp:featuredmedia":[{"embeddable":true,"href":"https:\/\/cyclingpro.net\/velopro\/wp-json\/wp\/v2\/media\/105859"}],"wp:attachment":[{"href":"https:\/\/cyclingpro.net\/velopro\/wp-json\/wp\/v2\/media?parent=105848"}],"wp:term":[{"taxonomy":"category","embeddable":true,"href":"https:\/\/cyclingpro.net\/velopro\/wp-json\/wp\/v2\/categories?post=105848"},{"taxonomy":"post_tag","embeddable":true,"href":"https:\/\/cyclingpro.net\/velopro\/wp-json\/wp\/v2\/tags?post=105848"}],"curies":[{"name":"wp","href":"https:\/\/api.w.org\/{rel}","templated":true}]}}