{"id":105823,"date":"2019-03-03T16:59:11","date_gmt":"2019-03-03T15:59:11","guid":{"rendered":"https:\/\/cyclingpro.net\/velopro\/?p=105823"},"modified":"2019-03-03T17:01:15","modified_gmt":"2019-03-03T16:01:15","slug":"alexis-vuillermoz-important-de-retrouver-le-chemin-de-la-victoire","status":"publish","type":"post","link":"https:\/\/cyclingpro.net\/velopro\/course\/boucles-drome-ardeche\/drome-classic\/alexis-vuillermoz-important-de-retrouver-le-chemin-de-la-victoire\/","title":{"rendered":"Alexis Vuillermoz : \u00ab Important de retrouver le chemin de la victoire \u00bb"},"content":{"rendered":"<p style=\"text-align: justify;\">Alexis Vuillermoz en avait besoin. Apr\u00e8s une ann\u00e9e 2018 compliqu\u00e9e, le coureur d&rsquo;AG2R-La Mondiale a retrouv\u00e9 le sourire ce dimanche sur la Dr\u00f4me Classic. Auteur d&rsquo;une superbe attaque dans la mont\u00e9e finale de Haut Livron, Vuillermoz a fait la bascule en t\u00eate avant de boucler le dernier kilom\u00e8tre plat en solitaire. Lanc\u00e9s \u00e0 sa poursuite, Valentin Madouas (Groupama-FDJ) et Warren Barguil (Ark\u00e9a-Samsic) ont \u00e9chou\u00e9 \u00e0 trois secondes.<\/p>\n<h6><strong><a href=\"https:\/\/cyclingpro.net\/velopro\/course\/boucles-drome-ardeche\/drome-classic\/drome-classic-alexis-vuillermoz-debloque-le-compteur-dag2r-la-mondiale\/\">Lire aussi &gt; Dr\u00f4me Classic : Alexis Vuillermoz d\u00e9bloque le compteur d\u2019AG2R-La Mondiale<\/a><\/strong><\/h6>\n<p style=\"text-align: justify;\">\u00ab <em>C&rsquo;est important de retrouver le chemin de la victoire, parce qu&rsquo;on se met vite \u00e0 douter<\/em>, s&rsquo;est r\u00e9joui Vuillermoz au micro de La Cha\u00eene L&rsquo;Equipe. <em>J&rsquo;ai pass\u00e9 une ann\u00e9e 2017 incroyable, avec un Tour de France magnifique au c\u00f4t\u00e9 de Romain (Bardet). L&rsquo;an dernier c&rsquo;\u00e9tait beaucoup plus compliqu\u00e9. J&rsquo;ai connu pas mal de chutes, de blessures, c&rsquo;\u00e9tait dur de faire une ann\u00e9e sans gagner.\u00a0<\/em> \u00bb<\/p>\n<p style=\"text-align: justify;\">Le voici de retour sur les podiums, au m\u00eame titre que son \u00e9quipe qui n&rsquo;avait pas encore connu la victoire cette saison. Apr\u00e8s les nombreuses tentatives du leader annonc\u00e9 Romain Bardet, c&rsquo;est donc Alexis Vuillermoz qui a surgi dans la derni\u00e8re difficult\u00e9. \u00ab <em>Anthony P\u00e9rez a fait un gros d\u00e9but de mont\u00e9e. Quand il s&rsquo;est \u00e9cart\u00e9, j&rsquo;avais encore de la force pour prolonger l&rsquo;effort<\/em>, a-t-il d\u00e9crit, toujours sur La Cha\u00eene L&rsquo;Equipe. <em>J&rsquo;avais peur de buter sur le replat, je me suis surpris moi-m\u00eame. Dans la t\u00eate, ce n&rsquo;\u00e9tait pas vraiment \u00e7a&#8230; Si je m&rsquo;\u00e9tais \u00e9cout\u00e9, j&rsquo;aurai mis la fl\u00e8che \u00e0 la mi-course aujourd&rsquo;hui. En fait, je manque encore de force, je le sens bien quand la course est dure comme ici. C&rsquo;est pour travailler \u00e7a que je suis venu, alors aller chercher la victoire sur ce mur, c&rsquo;est la cerise sur le g\u00e2teau.<\/em> \u00bb D\u00e9sormais, Vuillermoz tentera d&rsquo;exporter ses bonnes jambes sur Tirreno-Adriatico, d\u00e8s le 13 mars prochain. Il prendra ensuite la route du Tour des Alpes avant son objectif principal de la saison : le Giro.<\/p>\n<blockquote class=\"twitter-tweet\" data-lang=\"fr\">\n<p dir=\"ltr\" lang=\"fr\">&#x1f44a;&#x1f44a;&#x1f44a; Meilleur grimpeur hier en Ard\u00e8che, c\u2019est <a href=\"https:\/\/twitter.com\/A_Vuillermoz?ref_src=twsrc%5Etfw\">@A_Vuillermoz<\/a> qui s\u2019impose aujourd\u2019hui sur la <a href=\"https:\/\/twitter.com\/Royal_Bernard?ref_src=twsrc%5Etfw\">@Royal_Bernard<\/a> Drome Classic &#x1f525;&#x1f525;&#x1f525; <a href=\"https:\/\/t.co\/ciMRkx5ozL\">pic.twitter.com\/ciMRkx5ozL<\/a><\/p>\n<p>\u2014 Boucles DromeArdeche (@boucles_classic) <a href=\"https:\/\/twitter.com\/boucles_classic\/status\/1102232016333037568?ref_src=twsrc%5Etfw\">3 mars 2019<\/a><\/p><\/blockquote>\n<p><script async src=\"https:\/\/platform.twitter.com\/widgets.js\" charset=\"utf-8\"><\/script><\/p>\n","protected":false},"excerpt":{"rendered":"<p>Alexis Vuillermoz en avait besoin. Apr\u00e8s une ann\u00e9e 2018 compliqu\u00e9e, le coureur d&rsquo;AG2R-La Mondiale a retrouv\u00e9 le sourire ce dimanche sur la Dr\u00f4me Classic. Auteur d&rsquo;une superbe attaque dans la mont\u00e9e finale de Haut Livron, Vuillermoz a fait la bascule en t\u00eate avant de boucler le dernier kilom\u00e8tre plat en solitaire. Lanc\u00e9s \u00e0 sa poursuite, &hellip;<\/p>\n","protected":false},"author":15,"featured_media":73531,"comment_status":"open","ping_status":"open","sticky":false,"template":"","format":"standard","meta":{"footnotes":""},"categories":[11,230,67,8,15,28],"tags":[],"class_list":["post-105823","post","type-post","status-publish","format-standard","has-post-thumbnail","hentry","category-news-niveau-2","category-boucles-drome-ardeche","category-drome-classic","category-interviews","category-route","category-course"],"_links":{"self":[{"href":"https:\/\/cyclingpro.net\/velopro\/wp-json\/wp\/v2\/posts\/105823","targetHints":{"allow":["GET"]}}],"collection":[{"href":"https:\/\/cyclingpro.net\/velopro\/wp-json\/wp\/v2\/posts"}],"about":[{"href":"https:\/\/cyclingpro.net\/velopro\/wp-json\/wp\/v2\/types\/post"}],"author":[{"embeddable":true,"href":"https:\/\/cyclingpro.net\/velopro\/wp-json\/wp\/v2\/users\/15"}],"replies":[{"embeddable":true,"href":"https:\/\/cyclingpro.net\/velopro\/wp-json\/wp\/v2\/comments?post=105823"}],"version-history":[{"count":0,"href":"https:\/\/cyclingpro.net\/velopro\/wp-json\/wp\/v2\/posts\/105823\/revisions"}],"wp:featuredmedia":[{"embeddable":true,"href":"https:\/\/cyclingpro.net\/velopro\/wp-json\/wp\/v2\/media\/73531"}],"wp:attachment":[{"href":"https:\/\/cyclingpro.net\/velopro\/wp-json\/wp\/v2\/media?parent=105823"}],"wp:term":[{"taxonomy":"category","embeddable":true,"href":"https:\/\/cyclingpro.net\/velopro\/wp-json\/wp\/v2\/categories?post=105823"},{"taxonomy":"post_tag","embeddable":true,"href":"https:\/\/cyclingpro.net\/velopro\/wp-json\/wp\/v2\/tags?post=105823"}],"curies":[{"name":"wp","href":"https:\/\/api.w.org\/{rel}","templated":true}]}}