{"id":105030,"date":"2019-02-27T17:58:55","date_gmt":"2019-02-27T16:58:55","guid":{"rendered":"https:\/\/cyclingpro.net\/velopro\/?p=105030"},"modified":"2019-02-27T18:01:34","modified_gmt":"2019-02-27T17:01:34","slug":"omloop-het-nieuwsblad-kuurne-ag2r-la-mondiale-autour-doliver-naesen","status":"publish","type":"post","link":"https:\/\/cyclingpro.net\/velopro\/course\/omloop-het-nieuwsblad\/omloop-het-nieuwsblad-kuurne-ag2r-la-mondiale-autour-doliver-naesen\/","title":{"rendered":"Omloop Het Nieuwsblad\/Kuurne : AG2R-La Mondiale autour d&rsquo;Oliver Naesen"},"content":{"rendered":"<p style=\"text-align: justify;\">Comme lors des deux ann\u00e9es pr\u00e9c\u00e9dentes, Oliver Naesen constituera le pion principal d&rsquo;AG2R-La Mondiale sur les Classiques flandriennes cette saison. L&rsquo;ancien champion de Belgique ne sera toutefois pas isol\u00e9 au sein de la structure savoyarde, qui pourra aussi s&rsquo;appuyer sur Silvan Dillier, deuxi\u00e8me de Paris-Roubaix l&rsquo;an pass\u00e9, ou encore sur Stijn Vandenbergh, si celui-ci retrouve son meilleur niveau. Ces trois hommes seront en tous les cas sur le pont ce week-end pour l&rsquo;ouverture en Belgique, avec l&rsquo;Omloop Het Nieuwsblad et Kuurne-Bruxelles-Kuurne. Nico Denz et la recrue Dorian Godon les accompagneront sur les deux \u00e9v\u00e8nements tandis qu&rsquo;Alexis Gougeard (5e de l&rsquo;Omloop en 2016) et Julien Duval laisseront leur place \u00e0 Cl\u00e9ment Venturini et Gediminas Bagdonas pour Kuurne-Bruxelles-Kuurne.<\/p>\n<p style=\"text-align: justify;\"><em>\u00ab\u00a0Toute ma pr\u00e9paration hivernale a \u00e9t\u00e9 bonne,<\/em> a assur\u00e9 Naesen. <em>Et je suis tr\u00e8s satisfait de l\u2019\u00e9tat de forme que j\u2019avais lors de mes deux premi\u00e8res \u00e9preuves de la saison (\u00e0 Valence et Oman, ndlr). Depuis le d\u00e9but de la semaine, Silvan Dillier et Gediminas Bagdonas sont avec moi en Belgique. Ils sont venus directement apr\u00e8s Oman.\u00a0Cela nous a permis de rouler ensemble et notamment de reconna\u00eetre les passages importants de l&rsquo;E3 et d\u2019\u00c0 travers la Flandre. En cette p\u00e9riode, nous ne sommes pas beaucoup \u00e0 la maison et j\u2019appr\u00e9cie qu\u2019ils aient souhait\u00e9 venir quelques jours avant l\u2019ouverture de la saison des Classiques. Tout le monde est mobilis\u00e9 et cela va payer. Personnellement, j\u2019aimerais concr\u00e9tiser par une victoire sur une classique. Je suis serein et concentr\u00e9 avant cette p\u00e9riode qui d\u00e9bute.\u00a0\u00bb<\/em><\/p>\n","protected":false},"excerpt":{"rendered":"<p>Comme lors des deux ann\u00e9es pr\u00e9c\u00e9dentes, Oliver Naesen constituera le pion principal d&rsquo;AG2R-La Mondiale sur les Classiques flandriennes cette saison. L&rsquo;ancien champion de Belgique ne sera toutefois pas isol\u00e9 au sein de la structure savoyarde, qui pourra aussi s&rsquo;appuyer sur Silvan Dillier, deuxi\u00e8me de Paris-Roubaix l&rsquo;an pass\u00e9, ou encore sur Stijn Vandenbergh, si celui-ci retrouve &hellip;<\/p>\n","protected":false},"author":5,"featured_media":105032,"comment_status":"open","ping_status":"open","sticky":false,"template":"","format":"standard","meta":{"footnotes":""},"categories":[11,26,34,33,15],"tags":[],"class_list":["post-105030","post","type-post","status-publish","format-standard","has-post-thumbnail","hentry","category-news-niveau-2","category-compositions","category-kuurne-brussel-kuurne","category-omloop-het-nieuwsblad","category-route"],"_links":{"self":[{"href":"https:\/\/cyclingpro.net\/velopro\/wp-json\/wp\/v2\/posts\/105030","targetHints":{"allow":["GET"]}}],"collection":[{"href":"https:\/\/cyclingpro.net\/velopro\/wp-json\/wp\/v2\/posts"}],"about":[{"href":"https:\/\/cyclingpro.net\/velopro\/wp-json\/wp\/v2\/types\/post"}],"author":[{"embeddable":true,"href":"https:\/\/cyclingpro.net\/velopro\/wp-json\/wp\/v2\/users\/5"}],"replies":[{"embeddable":true,"href":"https:\/\/cyclingpro.net\/velopro\/wp-json\/wp\/v2\/comments?post=105030"}],"version-history":[{"count":0,"href":"https:\/\/cyclingpro.net\/velopro\/wp-json\/wp\/v2\/posts\/105030\/revisions"}],"wp:featuredmedia":[{"embeddable":true,"href":"https:\/\/cyclingpro.net\/velopro\/wp-json\/wp\/v2\/media\/105032"}],"wp:attachment":[{"href":"https:\/\/cyclingpro.net\/velopro\/wp-json\/wp\/v2\/media?parent=105030"}],"wp:term":[{"taxonomy":"category","embeddable":true,"href":"https:\/\/cyclingpro.net\/velopro\/wp-json\/wp\/v2\/categories?post=105030"},{"taxonomy":"post_tag","embeddable":true,"href":"https:\/\/cyclingpro.net\/velopro\/wp-json\/wp\/v2\/tags?post=105030"}],"curies":[{"name":"wp","href":"https:\/\/api.w.org\/{rel}","templated":true}]}}