{"id":104793,"date":"2019-02-25T13:13:45","date_gmt":"2019-02-25T12:13:45","guid":{"rendered":"https:\/\/cyclingpro.net\/velopro\/?p=104793"},"modified":"2019-02-25T13:40:08","modified_gmt":"2019-02-25T12:40:08","slug":"lagenda-de-la-semaine-16","status":"publish","type":"post","link":"https:\/\/cyclingpro.net\/velopro\/agenda\/lagenda-de-la-semaine-16\/","title":{"rendered":"L&rsquo;agenda de la semaine"},"content":{"rendered":"<p>Pour cette semaine de comp\u00e9tition, les coureurs de Grands Tours et les Flandriens seront \u00e0 l&rsquo;honneur. L&rsquo;UAE Tour se disputera toute la semaine du c\u00f4t\u00e9 des \u00c9mirats Arabes Unis, proposant des \u00e9tapes pour sprinteurs au sein du d\u00e9sert mais aussi pour les grimpeurs. Les Flandriens seront de retour, en effet, la saison des classiques du Nord reprend ses droits \u00e0 partir de samedi avec l&rsquo;Omloop Het Nieuwsblad.<\/p>\n<p style=\"text-align: justify;\"><span style=\"text-decoration: underline;\"><strong>L&rsquo;agenda de la semaine du 25 f\u00e9vrier au 3 mars\u00a0<\/strong><\/span><\/p>\n<p style=\"text-align: justify;\"><strong>Lundi 25 f\u00e9vrier<\/strong><\/p>\n<p style=\"text-align: justify;\">UAE Tour (2.UWT), Etape 2 : Yas Island \u2013 Yas Mall \u00e0 Abu Dhabi Breakwater \u2013 Big Flag (184km)<\/p>\n<p style=\"text-align: justify;\"><strong>Mardi 26 f\u00e9vrier<\/strong><\/p>\n<p style=\"text-align: justify;\">UAE Tour (2.UWT), Etape 3 :\u00a0Al Ain \u2013 UAE University \u00e0 Jebel Hafeet (179km)<\/p>\n<p style=\"text-align: justify;\"><strong>Mercredi 27 f\u00e9vrier<\/strong><\/p>\n<p style=\"text-align: justify;\">UAE Tour (2.UWT), Etape 4 :The Pointe \u2013 Palm Jumeirah \u00e0 Hatta Dam (197km)<\/p>\n<p style=\"text-align: justify;\"><strong>Jeudi 28 f\u00e9vrier<\/strong><\/p>\n<p style=\"text-align: justify;\">UAE Tour (2.UWT), Etape 5 :\u00a0Sharjah \u2013 Flag Island \u00e0 Khor Fakkan (181km)<\/p>\n<p style=\"text-align: justify;\"><strong>Vendredi 1er mars<\/strong><\/p>\n<p style=\"text-align: justify;\">UAE Tour (2.UWT), Etape 6:\u00a0Ajman \u00e0 Jebel Jais (180km)<\/p>\n<p style=\"text-align: justify;\"><strong>Samedi 2 mars<\/strong><\/p>\n<p style=\"text-align: justify;\">UAE Tour (2.UWT), Etape 7 : Dubai Safari Park \u00e0 City Walk (145km)<\/p>\n<p>Omloop Het Nieuwsblad (1.UWT) : Gand \u00e0 Ninove (200km)<\/p>\n<p>Classic de l&rsquo;Ard\u00e8che Rh\u00f4ne Crussol (1.1) : Guilherand-Granges \u00e0\u00a0Guilherand-Granges (200,2km)<\/p>\n<p style=\"text-align: justify;\"><strong>Dimanche 3 mars<\/strong><\/p>\n<p>Kuurne-Bruxelles-Kuurne (1.HC) : Kuurne \u00e0 Kuurne (201,1km)<\/p>\n<p style=\"text-align: justify;\">Dr\u00f4me Classic (1.1) : Livron-sur-Dr\u00f4me \u00e0\u00a0Livron-sur-Dr\u00f4me (214,8km)<\/p>\n","protected":false},"excerpt":{"rendered":"<p>Pour cette semaine de comp\u00e9tition, les coureurs de Grands Tours et les Flandriens seront \u00e0 l&rsquo;honneur. L&rsquo;UAE Tour se disputera toute la semaine du c\u00f4t\u00e9 des \u00c9mirats Arabes Unis, proposant des \u00e9tapes pour sprinteurs au sein du d\u00e9sert mais aussi pour les grimpeurs. Les Flandriens seront de retour, en effet, la saison des classiques du &hellip;<\/p>\n","protected":false},"author":18,"featured_media":56680,"comment_status":"open","ping_status":"open","sticky":false,"template":"","format":"standard","meta":{"footnotes":""},"categories":[27,17,2,15],"tags":[],"class_list":["post-104793","post","type-post","status-publish","format-standard","has-post-thumbnail","hentry","category-gros-bloc","category-une","category-agenda","category-route"],"_links":{"self":[{"href":"https:\/\/cyclingpro.net\/velopro\/wp-json\/wp\/v2\/posts\/104793","targetHints":{"allow":["GET"]}}],"collection":[{"href":"https:\/\/cyclingpro.net\/velopro\/wp-json\/wp\/v2\/posts"}],"about":[{"href":"https:\/\/cyclingpro.net\/velopro\/wp-json\/wp\/v2\/types\/post"}],"author":[{"embeddable":true,"href":"https:\/\/cyclingpro.net\/velopro\/wp-json\/wp\/v2\/users\/18"}],"replies":[{"embeddable":true,"href":"https:\/\/cyclingpro.net\/velopro\/wp-json\/wp\/v2\/comments?post=104793"}],"version-history":[{"count":0,"href":"https:\/\/cyclingpro.net\/velopro\/wp-json\/wp\/v2\/posts\/104793\/revisions"}],"wp:featuredmedia":[{"embeddable":true,"href":"https:\/\/cyclingpro.net\/velopro\/wp-json\/wp\/v2\/media\/56680"}],"wp:attachment":[{"href":"https:\/\/cyclingpro.net\/velopro\/wp-json\/wp\/v2\/media?parent=104793"}],"wp:term":[{"taxonomy":"category","embeddable":true,"href":"https:\/\/cyclingpro.net\/velopro\/wp-json\/wp\/v2\/categories?post=104793"},{"taxonomy":"post_tag","embeddable":true,"href":"https:\/\/cyclingpro.net\/velopro\/wp-json\/wp\/v2\/tags?post=104793"}],"curies":[{"name":"wp","href":"https:\/\/api.w.org\/{rel}","templated":true}]}}