{"id":103276,"date":"2019-02-18T09:46:13","date_gmt":"2019-02-18T08:46:13","guid":{"rendered":"https:\/\/cyclingpro.net\/velopro\/?p=103276"},"modified":"2019-02-18T10:04:26","modified_gmt":"2019-02-18T09:04:26","slug":"miguel-angel-lopez-ponctue-une-semaine-de-reve-pour-astana","status":"publish","type":"post","link":"https:\/\/cyclingpro.net\/velopro\/course\/tour-colombia\/miguel-angel-lopez-ponctue-une-semaine-de-reve-pour-astana\/","title":{"rendered":"Miguel Angel Lopez ponctue une semaine de r\u00eave pour Astana"},"content":{"rendered":"<p style=\"text-align: justify;\">On n&rsquo;arr\u00eate plus les hommes d&rsquo;Alexandre Vinokourov. Apr\u00e8s le Tour de la communaut\u00e9 de Valence, le Tour de Murcie, le Tour de La Provence, en plus des diff\u00e9rents succ\u00e8s d&rsquo;\u00e9tapes, la formation Astana a enlev\u00e9 dimanche soir le Tour Colombia. Cette quatri\u00e8me victoire dans une courses par \u00e9tapes est \u00e0 mettre au cr\u00e9dit de Miguel Angel Lopez, troisi\u00e8me du Giro et de la Vuelta en 2018, qui a parfaitement su manoeuvrer avec l&rsquo;avantage dont il disposait sur ses principaux concurrents avant cette \u00e9tape reine de cl\u00f4ture. Sur l&rsquo;Alto de Palmas, juge de paix de ce Tour Colombia, le jeune homme de 25 ans a d&rsquo;abord profit\u00e9 de la d\u00e9faillance de Julian Alaphilippe (Deceuninck-Quick Step), leader du g\u00e9n\u00e9ral, et de la contre-performance de Daniel Martinez (EF Education First), pour se hisser virtuellement en premi\u00e8re place du classement. Il s&rsquo;est ensuite attach\u00e9 \u00e0 contr\u00f4ler ses derniers concurrents, et en particulier Ivan Sosa (Team Sky), point\u00e9 \u00e0 seulement six secondes avant cette derni\u00e8re \u00e9tape.<\/p>\n<p style=\"text-align: justify;\">Cela a d&rsquo;ailleurs profit\u00e9 \u00e0 Nairo Quintana, qui a profit\u00e9 du marquage entre ses deux jeunes compatriotes pour s&rsquo;envoler vers la victoire d&rsquo;\u00e9tape.\u00a0<em>\u00ab\u00a0J&rsquo;ai dit \u00e0 Sosa d\u2019attaquer parce que quand on veut gagner, il faut attaquer, et que c\u2019est un coureur qui a gagn\u00e9 certaines courses mais sans attaquer. Il faut attaquer pour gagner,<\/em> a insist\u00e9 Lopez, sans filtre \u00e0 l&rsquo;encontre du coureur du Team Sky. <em>Je cours toujours et j&rsquo;attaque toujours pour gagner. Parfois, \u00e7a marche, parfois non, mais si vous ne le faites pas, vous ne gagnerez jamais.\u00a0\u00c0 dire vrai, c&rsquo;est le g\u00e9n\u00e9ral qui m&rsquo;int\u00e9ressait le plus, m\u00eame si j&rsquo;aurais \u00e9videmment aim\u00e9 faire coup double. Mais bon, quand j\u2019ai vu que Sosa \u00e9tait encore l\u00e0, et que Nairo revenait, j\u2019ai arr\u00eat\u00e9 d&#8217;emmener parce que si Sosa voulait gagner, il devait attaquer, donc j&rsquo;ai fini plus tranquillement.\u00a0\u00bb<\/em><\/p>\n<p style=\"text-align: justify;\">En prenant la troisi\u00e8me place de l&rsquo;\u00e9tape, Lopez s&rsquo;est ainsi assur\u00e9 le sacre du g\u00e9n\u00e9ral pour quatre secondes devant Sosa, devan\u00e7ant aussi Daniel Felipe Martinez de 42 secondes au classement final. Costaud tout au long de la semaine, quatri\u00e8me d&rsquo;un sprint en peloton r\u00e9duit \u00e0 Llanogrande et deuxi\u00e8me derri\u00e8re Julian Alaphilippe samedi, le grimpeur d&rsquo;Astana a \u00e9galement su la jouer fine en se glissant dans une \u00e9chapp\u00e9e loin d&rsquo;\u00eatre anecdotique sur le circuit de Medellin lors de la quatri\u00e8me \u00e9tape : <em>\u00ab\u00a0Nous savions depuis le d\u00e9but que cette course allait se gagner, comme l&rsquo;ann\u00e9e, pour quelques secondes. \u00c0 Medellin, nous avons couru intelligemment et nous avons r\u00e9colt\u00e9 huit secondes qui ont \u00e9t\u00e9 pr\u00e9cieuses pour le combat final.\u00a0\u00bb<\/em><\/p>\n<p style=\"text-align: justify;\">Rappelant son objectif majeur de la saison, le Giro, Miguel Angel Lopez a enfin salu\u00e9 le travail de son \u00e9quipe sur ses terres colombiennes.<em> \u00ab\u00a0Je suis constamment entour\u00e9 de grands coureurs et de grands directeurs sportifs,<\/em> a-t-il confi\u00e9. <em>L&rsquo;\u00e9quipe est tr\u00e8s solide, toujours aupr\u00e8s de moi, et cette course en a \u00e9t\u00e9 la parfaite illustration. J&rsquo;ai conclu le travail pour toute l&rsquo;\u00e9quipe, parce que la victoire est \u00e9galement pour eux aussi et je pense que rien n&rsquo;aurait pu \u00eatre r\u00e9alis\u00e9 sans leur aide. En tous les cas, je suis tr\u00e8s heureux de l&#8217;emporter, surtout ici, en Colombie\u00a0\u00bb.\u00a0<\/em>Il a ainsi apport\u00e9 \u00e0 Astana sa septi\u00e8me victoire de la saison ; les sept ayant \u00e9t\u00e9 d\u00e9croch\u00e9es en l&rsquo;espace de huit jours.<\/p>\n","protected":false},"excerpt":{"rendered":"<p>On n&rsquo;arr\u00eate plus les hommes d&rsquo;Alexandre Vinokourov. Apr\u00e8s le Tour de la communaut\u00e9 de Valence, le Tour de Murcie, le Tour de La Provence, en plus des diff\u00e9rents succ\u00e8s d&rsquo;\u00e9tapes, la formation Astana a enlev\u00e9 dimanche soir le Tour Colombia. Cette quatri\u00e8me victoire dans une courses par \u00e9tapes est \u00e0 mettre au cr\u00e9dit de Miguel &hellip;<\/p>\n","protected":false},"author":5,"featured_media":103277,"comment_status":"open","ping_status":"open","sticky":false,"template":"","format":"standard","meta":{"footnotes":""},"categories":[11,15,215],"tags":[],"class_list":["post-103276","post","type-post","status-publish","format-standard","has-post-thumbnail","hentry","category-news-niveau-2","category-route","category-tour-colombia"],"_links":{"self":[{"href":"https:\/\/cyclingpro.net\/velopro\/wp-json\/wp\/v2\/posts\/103276","targetHints":{"allow":["GET"]}}],"collection":[{"href":"https:\/\/cyclingpro.net\/velopro\/wp-json\/wp\/v2\/posts"}],"about":[{"href":"https:\/\/cyclingpro.net\/velopro\/wp-json\/wp\/v2\/types\/post"}],"author":[{"embeddable":true,"href":"https:\/\/cyclingpro.net\/velopro\/wp-json\/wp\/v2\/users\/5"}],"replies":[{"embeddable":true,"href":"https:\/\/cyclingpro.net\/velopro\/wp-json\/wp\/v2\/comments?post=103276"}],"version-history":[{"count":0,"href":"https:\/\/cyclingpro.net\/velopro\/wp-json\/wp\/v2\/posts\/103276\/revisions"}],"wp:featuredmedia":[{"embeddable":true,"href":"https:\/\/cyclingpro.net\/velopro\/wp-json\/wp\/v2\/media\/103277"}],"wp:attachment":[{"href":"https:\/\/cyclingpro.net\/velopro\/wp-json\/wp\/v2\/media?parent=103276"}],"wp:term":[{"taxonomy":"category","embeddable":true,"href":"https:\/\/cyclingpro.net\/velopro\/wp-json\/wp\/v2\/categories?post=103276"},{"taxonomy":"post_tag","embeddable":true,"href":"https:\/\/cyclingpro.net\/velopro\/wp-json\/wp\/v2\/tags?post=103276"}],"curies":[{"name":"wp","href":"https:\/\/api.w.org\/{rel}","templated":true}]}}