{"id":103246,"date":"2019-02-17T19:47:11","date_gmt":"2019-02-17T18:47:11","guid":{"rendered":"https:\/\/cyclingpro.net\/velopro\/?p=103246"},"modified":"2019-02-17T19:47:11","modified_gmt":"2019-02-17T18:47:11","slug":"tres-stresse-dans-le-final-gorka-izagirre-poursuit-la-razziastana","status":"publish","type":"post","link":"https:\/\/cyclingpro.net\/velopro\/course\/tour-la-provence\/tres-stresse-dans-le-final-gorka-izagirre-poursuit-la-razziastana\/","title":{"rendered":"\u00ab Tr\u00e8s stress\u00e9 dans le final \u00bb, Gorka Izagirre poursuit la razziastana"},"content":{"rendered":"<p style=\"text-align: justify;\">Premi\u00e8re course sous le maillot Astana, et premier succ\u00e8s pour Gorka Izagirre ! Comme son petit fr\u00e8re Ion la semaine derni\u00e8re, qui s&rsquo;est impos\u00e9 pour sa rentr\u00e9e sur le Tour de la Communaut\u00e9 de Valence, l&rsquo;a\u00een\u00e9 a brill\u00e9 d&rsquo;entr\u00e9e sous ses nouvelles couleurs. S&rsquo;il a eu chaud, le champion d&rsquo;Espagne remporte le classement g\u00e9n\u00e9ral du Tour La Provence au jeu des places. Simon Clarke (EF) est deuxi\u00e8me dans le m\u00eame temps, Tony Gallopin (AG2R) compl\u00e8te lui le podium \u00e0 une petite seconde.<\/p>\n<h6 class=\"post-box-title\"><strong><a href=\"https:\/\/cyclingpro.net\/velopro\/course\/tour-la-provence\/tour-la-provence-la-derniere-pour-john-degenkolb-le-general-pour-gorka-izagirre\/\" rel=\"bookmark\">Lire aussi &gt; La derni\u00e8re pour John Degenkolb, le g\u00e9n\u00e9ral pour Gorka Izagirre<\/a><\/strong><\/h6>\n<p style=\"text-align: justify;\">Izagirre avait choisi de marquer Gallopin, \u00e9voluant toujours dans sa roue lors du final. Un choix qui a failli lui co\u00fbter cher. D&rsquo;abord, le Fran\u00e7ais a pris la quatri\u00e8me place de la derni\u00e8re \u00e9tape, \u00e9chouant d&rsquo;un rien \u00e0 prendre une bonification victorieuse. Ensuite, Clarke a pris la deuxi\u00e8me place. Gorka Izagirre l&rsquo;a avou\u00e9, il ne savait pas que le coureur d&rsquo;Education First \u00e9tait un danger pour lui. \u00ab <em>C&rsquo;\u00e9tait une course difficile aujourd&rsquo;hui. J&rsquo;\u00e9tais tr\u00e8s stress\u00e9 dans le final, je ne savais pas que Simon Clarke finissait dans le m\u00eame temps que moi<\/em>, r\u00e9v\u00e9lait-il apr\u00e8s les c\u00e9r\u00e9monies du podium. <em>Heureusement, la diff\u00e9rence \u00e9tait juste suffisante pour gagner le g\u00e9n\u00e9ral&#8230; Je suis tr\u00e8s heureux de cette victoire car c&rsquo;\u00e9tait une course dure pendant quatre jours ici. Je tiens \u00e0 remercier mes co\u00e9quipiers et le staff pour leur soutien : c&rsquo;est une tr\u00e8s belle premi\u00e8re course sous le maillot Astana pour moi.<\/em> \u00bb<\/p>\n<p style=\"text-align: justify;\">L&rsquo;\u00e9quipe kazakhe r\u00e9alise un d\u00e9but de saison impressionnant. En plus des succ\u00e8s estampill\u00e9s Izagirre, il y a eu un tripl\u00e9 Astana sur la premi\u00e8re \u00e9tape du Tour de Murcie, le gain de la deuxi\u00e8me et du g\u00e9n\u00e9ral par Luis Leon Sanchez. Ce dimanche, c&rsquo;est Alexey Lutsenko qui a claqu\u00e9 l&rsquo;\u00e9tape du Tour d&rsquo;Oman avant que Miguel \u00c1ngel L\u00f3pez ne remporte le classement du Tour Colombia. De quoi sabrer le champagne aux quatre coins du monde.<\/p>\n<blockquote class=\"twitter-tweet\" data-lang=\"fr\">\n<p dir=\"ltr\" lang=\"en\">&#x1f37e;Time to celebrate together!<a href=\"https:\/\/twitter.com\/hashtag\/TDLP2019?src=hash&amp;ref_src=twsrc%5Etfw\">#TDLP2019<\/a> <a href=\"https:\/\/twitter.com\/hashtag\/AstanaProTeam?src=hash&amp;ref_src=twsrc%5Etfw\">#AstanaProTeam<\/a> <a href=\"https:\/\/t.co\/fOFV8312sV\">pic.twitter.com\/fOFV8312sV<\/a><\/p>\n<p>\u2014 Astana Pro Team (@AstanaTeam) <a href=\"https:\/\/twitter.com\/AstanaTeam\/status\/1097165722852171777?ref_src=twsrc%5Etfw\">17 f\u00e9vrier 2019<\/a><\/p><\/blockquote>\n<p><script async src=\"https:\/\/platform.twitter.com\/widgets.js\" charset=\"utf-8\"><\/script><\/p>\n","protected":false},"excerpt":{"rendered":"<p>Premi\u00e8re course sous le maillot Astana, et premier succ\u00e8s pour Gorka Izagirre ! Comme son petit fr\u00e8re Ion la semaine derni\u00e8re, qui s&rsquo;est impos\u00e9 pour sa rentr\u00e9e sur le Tour de la Communaut\u00e9 de Valence, l&rsquo;a\u00een\u00e9 a brill\u00e9 d&rsquo;entr\u00e9e sous ses nouvelles couleurs. S&rsquo;il a eu chaud, le champion d&rsquo;Espagne remporte le classement g\u00e9n\u00e9ral du &hellip;<\/p>\n","protected":false},"author":15,"featured_media":103247,"comment_status":"open","ping_status":"open","sticky":false,"template":"","format":"standard","meta":{"footnotes":""},"categories":[11,8,14,15,53,28],"tags":[],"class_list":["post-103246","post","type-post","status-publish","format-standard","has-post-thumbnail","hentry","category-news-niveau-2","category-interviews","category-resultats","category-route","category-tour-la-provence","category-course"],"_links":{"self":[{"href":"https:\/\/cyclingpro.net\/velopro\/wp-json\/wp\/v2\/posts\/103246","targetHints":{"allow":["GET"]}}],"collection":[{"href":"https:\/\/cyclingpro.net\/velopro\/wp-json\/wp\/v2\/posts"}],"about":[{"href":"https:\/\/cyclingpro.net\/velopro\/wp-json\/wp\/v2\/types\/post"}],"author":[{"embeddable":true,"href":"https:\/\/cyclingpro.net\/velopro\/wp-json\/wp\/v2\/users\/15"}],"replies":[{"embeddable":true,"href":"https:\/\/cyclingpro.net\/velopro\/wp-json\/wp\/v2\/comments?post=103246"}],"version-history":[{"count":0,"href":"https:\/\/cyclingpro.net\/velopro\/wp-json\/wp\/v2\/posts\/103246\/revisions"}],"wp:featuredmedia":[{"embeddable":true,"href":"https:\/\/cyclingpro.net\/velopro\/wp-json\/wp\/v2\/media\/103247"}],"wp:attachment":[{"href":"https:\/\/cyclingpro.net\/velopro\/wp-json\/wp\/v2\/media?parent=103246"}],"wp:term":[{"taxonomy":"category","embeddable":true,"href":"https:\/\/cyclingpro.net\/velopro\/wp-json\/wp\/v2\/categories?post=103246"},{"taxonomy":"post_tag","embeddable":true,"href":"https:\/\/cyclingpro.net\/velopro\/wp-json\/wp\/v2\/tags?post=103246"}],"curies":[{"name":"wp","href":"https:\/\/api.w.org\/{rel}","templated":true}]}}