{"id":102938,"date":"2019-02-16T17:03:33","date_gmt":"2019-02-16T16:03:33","guid":{"rendered":"https:\/\/cyclingpro.net\/velopro\/?p=102938"},"modified":"2019-02-16T17:03:33","modified_gmt":"2019-02-16T16:03:33","slug":"philippe-gilbert-il-fallait-savoir-garder-son-calme","status":"publish","type":"post","link":"https:\/\/cyclingpro.net\/velopro\/course\/tour-la-provence\/philippe-gilbert-il-fallait-savoir-garder-son-calme\/","title":{"rendered":"Philippe Gilbert : \u00ab\u00a0Il fallait savoir garder son calme\u00a0\u00bb"},"content":{"rendered":"<p style=\"text-align: justify;\">Comme lors de ses quinze pr\u00e9c\u00e9dentes saisons professionnelles, Philippe Gilbert finira l&rsquo;ann\u00e9e avec au moins un succ\u00e8s en poche. Une v\u00e9ritable performance. Et dans cet exercice 2019, il ne lui aura d&rsquo;ailleurs fallu que trois petits jours de course pour mettre la balle au fond. Sur un parcours quasiment taill\u00e9 pour lui ce samedi, le Belge a conclu victorieusement la troisi\u00e8me \u00e9tape du Tour de La Provence, dont la ligne \u00e9tait trac\u00e9e sur le Circuit Paul Ricard, au Castellet, au terme d&rsquo;un circuit accident\u00e9 parcouru \u00e0 cinq reprises. S&rsquo;il n&rsquo;a pu \u00eatre \u00e0 l&rsquo;initiative dans la seule et unique mont\u00e9e du trac\u00e9, o\u00f9 les Groupama-FDJ ont eux tent\u00e9 de faire exploser la course, il a n\u00e9anmoins parfaitement g\u00e9r\u00e9 ses forces, ne se d\u00e9couvrant que lorsqu&rsquo;il le fallait vraiment, avant de r\u00e9gler une vingtaine de coureurs au sprint. La puissance, mais aussi l&rsquo;exp\u00e9rience, ont parl\u00e9 ce samedi en Provence.<\/p>\n<p class=\"p1\" style=\"text-align: justify;\"><em>\u00ab\u00a0L\u2019\u00e9quipe m\u2019a tr\u00e8s bien aid\u00e9 aujourd\u2019hui,<\/em> voulait-il d&rsquo;abord rappel\u00e9 au micro de La Chaine L&rsquo;Equipe. <em>Ca m\u2019a permis d\u2019\u00eatre bien plac\u00e9 avant la mont\u00e9e finale. Ensuite, je suis rest\u00e9 calme, j\u2019ai suivi et j\u2019ai mis\u00e9 sur une arriv\u00e9e au sprint. Je crois que j\u2019ai pris la bonne d\u00e9cision. Il y avait trois Groupama-FDJ, il fallait les contr\u00f4ler un peu. J\u2019ai marqu\u00e9 mon ami Rudy Molard car je savais que c\u2019\u00e9tait un des plus malins et que si un des trois devait sortir, ce serait lui. Ca a march\u00e9, mais ce n\u2019est jamais simple de gagner. Il y avait quand m\u00eame des coureurs assez rapides comme Tony Gallopin et Simon Clarke. On n&rsquo;a jamais la certitude de l&#8217;emporter. Le groupe de chasse est rentr\u00e9 sur nous dans les derni\u00e8res minutes et il y avait peut-\u00eatre aussi des mecs plus frais.\u00a0 Je voyais en tout cas que Gallopin \u00e9tait tr\u00e8s nerveux. Il essayait de guider ses hommes, qui n\u2019ont pas l\u2019exp\u00e9rience d\u2019emmener un sprint. Ils ont attendu et moi j\u2019en ai profit\u00e9 pour me placer avant lui. Dans un final comme aujourd\u2019hui, il fallait savoir garder son calme.\u00a0\u00bb<\/em><\/p>\n<p style=\"text-align: justify;\">Avant de marteler que les Classiques printani\u00e8res, <em>\u00ab\u00a0surtout celles le dimanche\u00a0\u00bb<\/em>, constitueraient ses principaux objectifs de la saison, Philippe Gilbert a ajout\u00e9 quelques mots quant \u00e0 la derni\u00e8re \u00e9tape du Tour de la Provence, ce dimanche : <em>\u00ab\u00a0Je pense que \u00e7a va encore jouer les bonifications demain et c\u2019est \u00e0 moi d\u2019en profiter. Je n\u2019ai rien \u00e0 gagner au g\u00e9n\u00e9ral donc j\u2019essaierai l\u2019\u00e9tape \u00e0 nouveau\u00a0\u00bb.<\/em><\/p>\n<p>&nbsp;<\/p>\n","protected":false},"excerpt":{"rendered":"<p>Comme lors de ses quinze pr\u00e9c\u00e9dentes saisons professionnelles, Philippe Gilbert finira l&rsquo;ann\u00e9e avec au moins un succ\u00e8s en poche. Une v\u00e9ritable performance. Et dans cet exercice 2019, il ne lui aura d&rsquo;ailleurs fallu que trois petits jours de course pour mettre la balle au fond. Sur un parcours quasiment taill\u00e9 pour lui ce samedi, le &hellip;<\/p>\n","protected":false},"author":5,"featured_media":102942,"comment_status":"open","ping_status":"open","sticky":false,"template":"","format":"standard","meta":{"footnotes":""},"categories":[11,15,53],"tags":[],"class_list":["post-102938","post","type-post","status-publish","format-standard","has-post-thumbnail","hentry","category-news-niveau-2","category-route","category-tour-la-provence"],"_links":{"self":[{"href":"https:\/\/cyclingpro.net\/velopro\/wp-json\/wp\/v2\/posts\/102938","targetHints":{"allow":["GET"]}}],"collection":[{"href":"https:\/\/cyclingpro.net\/velopro\/wp-json\/wp\/v2\/posts"}],"about":[{"href":"https:\/\/cyclingpro.net\/velopro\/wp-json\/wp\/v2\/types\/post"}],"author":[{"embeddable":true,"href":"https:\/\/cyclingpro.net\/velopro\/wp-json\/wp\/v2\/users\/5"}],"replies":[{"embeddable":true,"href":"https:\/\/cyclingpro.net\/velopro\/wp-json\/wp\/v2\/comments?post=102938"}],"version-history":[{"count":0,"href":"https:\/\/cyclingpro.net\/velopro\/wp-json\/wp\/v2\/posts\/102938\/revisions"}],"wp:featuredmedia":[{"embeddable":true,"href":"https:\/\/cyclingpro.net\/velopro\/wp-json\/wp\/v2\/media\/102942"}],"wp:attachment":[{"href":"https:\/\/cyclingpro.net\/velopro\/wp-json\/wp\/v2\/media?parent=102938"}],"wp:term":[{"taxonomy":"category","embeddable":true,"href":"https:\/\/cyclingpro.net\/velopro\/wp-json\/wp\/v2\/categories?post=102938"},{"taxonomy":"post_tag","embeddable":true,"href":"https:\/\/cyclingpro.net\/velopro\/wp-json\/wp\/v2\/tags?post=102938"}],"curies":[{"name":"wp","href":"https:\/\/api.w.org\/{rel}","templated":true}]}}