{"id":102383,"date":"2019-02-14T15:11:04","date_gmt":"2019-02-14T14:11:04","guid":{"rendered":"https:\/\/cyclingpro.net\/velopro\/?p=102383"},"modified":"2019-02-14T15:13:44","modified_gmt":"2019-02-14T14:13:44","slug":"piste-la-france-candidate-a-lorganisation-des-mondiaux-2022","status":"publish","type":"post","link":"https:\/\/cyclingpro.net\/velopro\/piste\/piste-la-france-candidate-a-lorganisation-des-mondiaux-2022\/","title":{"rendered":"Piste : La France candidate \u00e0 l&rsquo;organisation des Mondiaux 2022"},"content":{"rendered":"<p style=\"text-align: justify;\">Apr\u00e8s avoir d\u00e9voil\u00e9 la s\u00e9lection fran\u00e7aise pour les Mondiaux de\u00a0Pruszkow, en Pologne, la F\u00e9d\u00e9ration fran\u00e7aise a annonc\u00e9 ce jeudi sa candidature pour organiser l&rsquo;\u00e9preuve en 2022. Les comp\u00e9titions se d\u00e9rouleraient alors au V\u00e9lodrome national de Saint-Quentin-en-Yvelines. Une \u00e9ch\u00e9ance qui arriverait deux ans avant l&rsquo;organisation des Jeux Olympiques \u00e0 Paris, et permettrait \u00e0 la FFC de se tester en conditions r\u00e9elles.<\/p>\n<p class=\"post-box-title\" style=\"text-align: justify;\"><strong><a href=\"https:\/\/cyclingpro.net\/velopro\/news-niveau-2\/piste-championnats-du-monde-la-selection-tricolore\/\">Lire aussi &gt; Piste \u2013 Championnats du monde 2019 : La s\u00e9lection tricolore<\/a><\/strong><\/p>\n<p style=\"text-align: justify;\">\u00ab\u00a0<em>Nous avons jusqu&rsquo;au mois de septembre de cette ann\u00e9e pour boucler ce dossier en ce qui concerne son financement<\/em>, a expliqu\u00e9 Michel Callot, le pr\u00e9sident de la F\u00e9d\u00e9ration fran\u00e7aise de cyclisme. <em>L\u2019Union Cycliste Internationale attribuera les Championnats du Monde piste 2022, lors de son comit\u00e9 directeur programm\u00e9 dans le cadre des Championnats du Monde route dans le Yorkshire, en septembre 2019. Toutes les \u00e9quipes de la F\u00e9d\u00e9ration fran\u00e7aise de cyclisme travaillent activement sur ce dossier de candidature, lequel avance bien. Nous sommes optimistes afin d\u2019obtenir les Championnats du Monde piste 2022 en nos murs. A travers cette \u00e9preuve, nous r\u00e9affirmons la volont\u00e9 de la FFC d\u2019\u00eatre acteur dans le cadre de l\u2019organisation des Jeux de Paris 2024, lors des \u00e9preuves cyclistes. On travaille en collaboration avec le COJO <\/em>(NDLR: Comit\u00e9 d&rsquo;organisation des Jeux Olympiques)<em> pour cela, et avec de plus en plus l\u2019appui de l\u2019UCI dans le but que lors des Jeux de 2024, pour les \u00e9preuves sur piste et cyclistes, les services de la FFC soient aux \u00ab\u00a0manettes\u00a0\u00bb. Cela aurait du sens par rapport \u00e0 ce que nous sommes en train de construire pour notre f\u00e9d\u00e9ration.<\/em>\u00a0\u00bb<\/p>\n<blockquote class=\"twitter-tweet\" data-lang=\"fr\">\n<p dir=\"ltr\" lang=\"fr\">&#x1f308; La <a href=\"https:\/\/twitter.com\/FFCyclisme?ref_src=twsrc%5Etfw\">@FFCyclisme<\/a> s&rsquo;est port\u00e9e candidate pour organiser les Championnats du Monde Piste 2022 au <a href=\"https:\/\/twitter.com\/Velodrome_nat?ref_src=twsrc%5Etfw\">@Velodrome_nat<\/a> de Saint-Quentin-en-Yvelines &#x1f449; <a href=\"https:\/\/t.co\/bR5a658puY\">https:\/\/t.co\/bR5a658puY<\/a> <a href=\"https:\/\/t.co\/EHfm8mVNPt\">pic.twitter.com\/EHfm8mVNPt<\/a><\/p>\n<p>\u2014 FFC (@FFCyclisme) <a href=\"https:\/\/twitter.com\/FFCyclisme\/status\/1096037692494807048?ref_src=twsrc%5Etfw\">14 f\u00e9vrier 2019<\/a><\/p><\/blockquote>\n<p><script async src=\"https:\/\/platform.twitter.com\/widgets.js\" charset=\"utf-8\"><\/script><\/p>\n","protected":false},"excerpt":{"rendered":"<p>Apr\u00e8s avoir d\u00e9voil\u00e9 la s\u00e9lection fran\u00e7aise pour les Mondiaux de\u00a0Pruszkow, en Pologne, la F\u00e9d\u00e9ration fran\u00e7aise a annonc\u00e9 ce jeudi sa candidature pour organiser l&rsquo;\u00e9preuve en 2022. Les comp\u00e9titions se d\u00e9rouleraient alors au V\u00e9lodrome national de Saint-Quentin-en-Yvelines. Une \u00e9ch\u00e9ance qui arriverait deux ans avant l&rsquo;organisation des Jeux Olympiques \u00e0 Paris, et permettrait \u00e0 la FFC de &hellip;<\/p>\n","protected":false},"author":15,"featured_media":102389,"comment_status":"open","ping_status":"open","sticky":false,"template":"","format":"standard","meta":{"footnotes":""},"categories":[27,11,25,13],"tags":[],"class_list":["post-102383","post","type-post","status-publish","format-standard","has-post-thumbnail","hentry","category-gros-bloc","category-news-niveau-2","category-news","category-piste"],"_links":{"self":[{"href":"https:\/\/cyclingpro.net\/velopro\/wp-json\/wp\/v2\/posts\/102383","targetHints":{"allow":["GET"]}}],"collection":[{"href":"https:\/\/cyclingpro.net\/velopro\/wp-json\/wp\/v2\/posts"}],"about":[{"href":"https:\/\/cyclingpro.net\/velopro\/wp-json\/wp\/v2\/types\/post"}],"author":[{"embeddable":true,"href":"https:\/\/cyclingpro.net\/velopro\/wp-json\/wp\/v2\/users\/15"}],"replies":[{"embeddable":true,"href":"https:\/\/cyclingpro.net\/velopro\/wp-json\/wp\/v2\/comments?post=102383"}],"version-history":[{"count":0,"href":"https:\/\/cyclingpro.net\/velopro\/wp-json\/wp\/v2\/posts\/102383\/revisions"}],"wp:featuredmedia":[{"embeddable":true,"href":"https:\/\/cyclingpro.net\/velopro\/wp-json\/wp\/v2\/media\/102389"}],"wp:attachment":[{"href":"https:\/\/cyclingpro.net\/velopro\/wp-json\/wp\/v2\/media?parent=102383"}],"wp:term":[{"taxonomy":"category","embeddable":true,"href":"https:\/\/cyclingpro.net\/velopro\/wp-json\/wp\/v2\/categories?post=102383"},{"taxonomy":"post_tag","embeddable":true,"href":"https:\/\/cyclingpro.net\/velopro\/wp-json\/wp\/v2\/tags?post=102383"}],"curies":[{"name":"wp","href":"https:\/\/api.w.org\/{rel}","templated":true}]}}