{"id":102188,"date":"2019-02-11T17:58:09","date_gmt":"2019-02-11T16:58:09","guid":{"rendered":"https:\/\/cyclingpro.net\/velopro\/?p=102188"},"modified":"2019-02-11T17:59:03","modified_gmt":"2019-02-11T16:59:03","slug":"gp-de-lescaut-22-equipes-annoncees-dont-10-worldtour","status":"publish","type":"post","link":"https:\/\/cyclingpro.net\/velopro\/course\/scheldeprijs\/gp-de-lescaut-22-equipes-annoncees-dont-10-worldtour\/","title":{"rendered":"GP de l&rsquo;Escaut : 22 \u00e9quipes annonc\u00e9es dont 10 WorldTour"},"content":{"rendered":"<p style=\"text-align: justify;\">La course \u00e0 la succession de Fabio Jakobsen est ouverte. Laur\u00e9at du Grand Prix de l&rsquo;Escaut la saison derni\u00e8re, le jeune sprinteur de Deceuninck-Quick Step sait maintenant \u00e0 quoi s&rsquo;en tenir s&rsquo;il compte d\u00e9fendre son titre. Le nom des 22 formations convi\u00e9es \u00e0 l&rsquo;\u00e9preuve class\u00e9e 1.HC est d\u00e9sormais connu. Le 10 avril prochain, il y aura dix \u00e9quipes WorldTour au d\u00e9part de Terneuzen et douze continentales pro.<\/p>\n<p style=\"text-align: justify;\">Absente l&rsquo;an dernier, la Trek fait son retour au d\u00e9part de cette course d&rsquo;un jour d\u00e9di\u00e9e aux sprinteurs. La formation UAE d\u00e9couvrira elle l&rsquo;\u00e9preuve pour la premi\u00e8re fois. A noter, l&rsquo;absence des deux \u00e9quipes WorldTour fran\u00e7aises : Groupama-FDJ et AG2R. En ce qui concerne les conti pro en revanche, les tricolores sont \u00e0 l&rsquo;honneur avec les invitations de Cofidis, Direct Energie, Vital Concept \u2013 B&amp;B Hotels et Arkea-Samsic.<\/p>\n<p style=\"text-align: justify;\">Pour rappel, l&rsquo;\u00e9preuve avait l&rsquo;an pass\u00e9 \u00e9t\u00e9 marqu\u00e9e par la disqualification d&rsquo;un grand nombre de coureurs pour avoir franchi un passage \u00e0 niveau en train de se fermer. Arnaud D\u00e9mare \u00e9tait notamment impliqu\u00e9, comme Dylan Groenewegen dont la formation Jumbo-Visma ne sera pas non plus de la partie.<\/p>\n<p><strong>Les dix formations WorldTour :\u00a0<\/strong><br \/>\n&#8211; BORA \u2013 hansgrohe<br \/>\n&#8211; Deceuninck \u2013 Quick-Step<br \/>\n&#8211; EF Education First<br \/>\n&#8211; Lotto Soudal<br \/>\n&#8211; Team Dimension Data<br \/>\n&#8211; Team Katusha Alpecin<br \/>\n&#8211; Team Sky<br \/>\n&#8211; Team Sunweb<br \/>\n&#8211; Trek \u2013 Segafredo<br \/>\n&#8211; UAE Team Emirates<\/p>\n<p><strong>Les douze continentales pro :\u00a0<\/strong><br \/>\n&#8211; Androni Giocattoli Sidermec<br \/>\n&#8211; Cofidis, Solutions Cr\u00e9dits<br \/>\n&#8211; Corendon Circus<br \/>\n&#8211; Direct Energie<br \/>\n&#8211; Israel Cycling Academy<br \/>\n&#8211; Riwal Readynez Cycling Team<br \/>\n&#8211; Roompot-Charles<br \/>\n&#8211; Sport Vlaanderen \u2013 Baloise<br \/>\n&#8211; Team Arkea-Samsic<br \/>\n&#8211; Vital Concept \u2013 B&amp;B Hotels<br \/>\n&#8211; Wallonie Bruxelles<br \/>\n&#8211; Wanty \u2013 Gobert Cycling Team<\/p>\n<blockquote class=\"twitter-tweet\" data-lang=\"fr\">\n<p dir=\"ltr\" lang=\"en\">Meet the 22 teams that will be participating in the 107th Scheldeprijs on April 10th! &#x1f64c;&#x1f3fc;&#x1f6b4;&#x1f3fb;&#x200d;&#x2642;&#xfe0f;<a href=\"https:\/\/twitter.com\/hashtag\/SP19?src=hash&amp;ref_src=twsrc%5Etfw\">#SP19<\/a> <a href=\"https:\/\/twitter.com\/hashtag\/Scheldeprijs?src=hash&amp;ref_src=twsrc%5Etfw\">#Scheldeprijs<\/a> <a href=\"https:\/\/t.co\/XoYHdleUG6\">pic.twitter.com\/XoYHdleUG6<\/a><\/p>\n<p>\u2014 Scheldeprijs (@Scheldeprijs) <a href=\"https:\/\/twitter.com\/Scheldeprijs\/status\/1094997619900850182?ref_src=twsrc%5Etfw\">11 f\u00e9vrier 2019<\/a><\/p><\/blockquote>\n<p><script async src=\"https:\/\/platform.twitter.com\/widgets.js\" charset=\"utf-8\"><\/script><\/p>\n","protected":false},"excerpt":{"rendered":"<p>La course \u00e0 la succession de Fabio Jakobsen est ouverte. Laur\u00e9at du Grand Prix de l&rsquo;Escaut la saison derni\u00e8re, le jeune sprinteur de Deceuninck-Quick Step sait maintenant \u00e0 quoi s&rsquo;en tenir s&rsquo;il compte d\u00e9fendre son titre. Le nom des 22 formations convi\u00e9es \u00e0 l&rsquo;\u00e9preuve class\u00e9e 1.HC est d\u00e9sormais connu. Le 10 avril prochain, il y &hellip;<\/p>\n","protected":false},"author":15,"featured_media":63673,"comment_status":"open","ping_status":"open","sticky":false,"template":"","format":"standard","meta":{"footnotes":""},"categories":[11,62,25,24,15,28],"tags":[],"class_list":["post-102188","post","type-post","status-publish","format-standard","has-post-thumbnail","hentry","category-news-niveau-2","category-scheldeprijs","category-news","category-presentation-course","category-route","category-course"],"_links":{"self":[{"href":"https:\/\/cyclingpro.net\/velopro\/wp-json\/wp\/v2\/posts\/102188","targetHints":{"allow":["GET"]}}],"collection":[{"href":"https:\/\/cyclingpro.net\/velopro\/wp-json\/wp\/v2\/posts"}],"about":[{"href":"https:\/\/cyclingpro.net\/velopro\/wp-json\/wp\/v2\/types\/post"}],"author":[{"embeddable":true,"href":"https:\/\/cyclingpro.net\/velopro\/wp-json\/wp\/v2\/users\/15"}],"replies":[{"embeddable":true,"href":"https:\/\/cyclingpro.net\/velopro\/wp-json\/wp\/v2\/comments?post=102188"}],"version-history":[{"count":0,"href":"https:\/\/cyclingpro.net\/velopro\/wp-json\/wp\/v2\/posts\/102188\/revisions"}],"wp:featuredmedia":[{"embeddable":true,"href":"https:\/\/cyclingpro.net\/velopro\/wp-json\/wp\/v2\/media\/63673"}],"wp:attachment":[{"href":"https:\/\/cyclingpro.net\/velopro\/wp-json\/wp\/v2\/media?parent=102188"}],"wp:term":[{"taxonomy":"category","embeddable":true,"href":"https:\/\/cyclingpro.net\/velopro\/wp-json\/wp\/v2\/categories?post=102188"},{"taxonomy":"post_tag","embeddable":true,"href":"https:\/\/cyclingpro.net\/velopro\/wp-json\/wp\/v2\/tags?post=102188"}],"curies":[{"name":"wp","href":"https:\/\/api.w.org\/{rel}","templated":true}]}}