{"id":101547,"date":"2019-02-08T12:21:00","date_gmt":"2019-02-08T11:21:00","guid":{"rendered":"https:\/\/cyclingpro.net\/velopro\/?p=101547"},"modified":"2019-02-08T12:21:00","modified_gmt":"2019-02-08T11:21:00","slug":"florian-stork-rejoint-leffectif-worldtour-de-la-sunweb","status":"publish","type":"post","link":"https:\/\/cyclingpro.net\/velopro\/news-niveau-2\/florian-stork-rejoint-leffectif-worldtour-de-la-sunweb\/","title":{"rendered":"Florian Stork rejoint l&rsquo;effectif WorldTour de la Sunweb"},"content":{"rendered":"<p style=\"text-align: justify;\">Florian Stork fait le grand saut. Membre du programme de d\u00e9veloppement de la Sunweb depuis 2017, le coureur allemand de 21 ans a \u00e9t\u00e9 promu au sein de l&rsquo;effectif WorldTour. Il est le quatri\u00e8me jeune \u00e0 suivre ce chemin apr\u00e8s Max Kanter, le champion d&rsquo;Allemagne U23, Joris Nieuwenhuis, champion du monde U23 de cyclo-cross en 2017 et Marc Hirschi, le champion du monde U23 sur route.<\/p>\n<p style=\"text-align: justify;\">La saison pass\u00e9e, Stork s&rsquo;est notamment class\u00e9 cinqui\u00e8me du g\u00e9n\u00e9ral du Tour d&rsquo;Alsace (2.2). Peu avant cela, il avait aussi pris la cinqui\u00e8me place du championnat d&rsquo;Allemagne U23 du contre-la-montre.\u00a0\u00ab <em>Je suis tr\u00e8s fier de faire le saut dans le monde professionnel avec l&rsquo;\u00e9quipe<\/em>, r\u00e9agissait-il dans un communiqu\u00e9 publi\u00e9 par la Sunweb. <em>Ces deux derni\u00e8res saisons, l&rsquo;\u00e9quipe m&rsquo;a donn\u00e9 l&rsquo;opportunit\u00e9 de me d\u00e9velopper. Maintenant, c&rsquo;est un r\u00eave qui devient r\u00e9alit\u00e9. Je suis impatient de me tester face au plus haut niveau de ce sport.<\/em> \u00bb Cela commencera \u00e0 la semaine Coppi et Bartali (2.1), du 27 au 31 mars prochain.<\/p>\n<blockquote class=\"twitter-tweet\" data-lang=\"fr\">\n<p dir=\"ltr\" lang=\"en\">After U23 &#x1f1e9;&#x1f1ea; RR champ Max Kanter, 2017 U23 world CX champ <a href=\"https:\/\/twitter.com\/jorisnieuwenhui?ref_src=twsrc%5Etfw\">@jorisnieuwenhui<\/a> and U23 world champ <a href=\"https:\/\/twitter.com\/MarcHirschi?ref_src=twsrc%5Etfw\">@MarcHirschi<\/a>, we&rsquo;re proud to be delivering our 4th rider to the WT from <a href=\"https:\/\/twitter.com\/hashtag\/DevoTeamSunweb?src=hash&amp;ref_src=twsrc%5Etfw\">#DevoTeamSunweb<\/a>.<\/p>\n<p>More about our development structure: <a href=\"https:\/\/t.co\/LX5sRN4tfL\">https:\/\/t.co\/LX5sRN4tfL<\/a> <a href=\"https:\/\/t.co\/LxBSVAqKtC\">pic.twitter.com\/LxBSVAqKtC<\/a><\/p>\n<p>\u2014 Team Sunweb (@TeamSunweb) <a href=\"https:\/\/twitter.com\/TeamSunweb\/status\/1093493519275175938?ref_src=twsrc%5Etfw\">7 f\u00e9vrier 2019<\/a><\/p><\/blockquote>\n<p><script async src=\"https:\/\/platform.twitter.com\/widgets.js\" charset=\"utf-8\"><\/script><\/p>\n","protected":false},"excerpt":{"rendered":"<p>Florian Stork fait le grand saut. Membre du programme de d\u00e9veloppement de la Sunweb depuis 2017, le coureur allemand de 21 ans a \u00e9t\u00e9 promu au sein de l&rsquo;effectif WorldTour. Il est le quatri\u00e8me jeune \u00e0 suivre ce chemin apr\u00e8s Max Kanter, le champion d&rsquo;Allemagne U23, Joris Nieuwenhuis, champion du monde U23 de cyclo-cross en &hellip;<\/p>\n","protected":false},"author":15,"featured_media":101554,"comment_status":"open","ping_status":"open","sticky":false,"template":"","format":"standard","meta":{"footnotes":""},"categories":[11,25,15,19],"tags":[],"class_list":["post-101547","post","type-post","status-publish","format-standard","has-post-thumbnail","hentry","category-news-niveau-2","category-news","category-route","category-worldtour"],"_links":{"self":[{"href":"https:\/\/cyclingpro.net\/velopro\/wp-json\/wp\/v2\/posts\/101547","targetHints":{"allow":["GET"]}}],"collection":[{"href":"https:\/\/cyclingpro.net\/velopro\/wp-json\/wp\/v2\/posts"}],"about":[{"href":"https:\/\/cyclingpro.net\/velopro\/wp-json\/wp\/v2\/types\/post"}],"author":[{"embeddable":true,"href":"https:\/\/cyclingpro.net\/velopro\/wp-json\/wp\/v2\/users\/15"}],"replies":[{"embeddable":true,"href":"https:\/\/cyclingpro.net\/velopro\/wp-json\/wp\/v2\/comments?post=101547"}],"version-history":[{"count":0,"href":"https:\/\/cyclingpro.net\/velopro\/wp-json\/wp\/v2\/posts\/101547\/revisions"}],"wp:featuredmedia":[{"embeddable":true,"href":"https:\/\/cyclingpro.net\/velopro\/wp-json\/wp\/v2\/media\/101554"}],"wp:attachment":[{"href":"https:\/\/cyclingpro.net\/velopro\/wp-json\/wp\/v2\/media?parent=101547"}],"wp:term":[{"taxonomy":"category","embeddable":true,"href":"https:\/\/cyclingpro.net\/velopro\/wp-json\/wp\/v2\/categories?post=101547"},{"taxonomy":"post_tag","embeddable":true,"href":"https:\/\/cyclingpro.net\/velopro\/wp-json\/wp\/v2\/tags?post=101547"}],"curies":[{"name":"wp","href":"https:\/\/api.w.org\/{rel}","templated":true}]}}