{"id":101500,"date":"2019-02-08T09:50:05","date_gmt":"2019-02-08T08:50:05","guid":{"rendered":"https:\/\/cyclingpro.net\/velopro\/?p=101500"},"modified":"2019-02-08T10:04:24","modified_gmt":"2019-02-08T09:04:24","slug":"nacer-bouhanni-se-rassure-sur-sa-condition","status":"publish","type":"post","link":"https:\/\/cyclingpro.net\/velopro\/news-niveau-2\/nacer-bouhanni-se-rassure-sur-sa-condition\/","title":{"rendered":"Nacer Bouhanni se rassure sur sa condition"},"content":{"rendered":"<div class=\"cc-window cc-banner cc-type-info cc-theme-block cc-bottom cc-color-override-688238583 \" role=\"dialog\" aria-live=\"polite\" aria-label=\"cookieconsent\" aria-describedby=\"cookieconsent:desc\"><\/div>\n<div id=\"page-outer-wrap\">\n<div id=\"page-inner-wrap\">\n<div class=\"container\">\n<header class=\"col-xs-12 col-sm-12 col-md-12 col-lg-12\">\n<div class=\"col-xs-0 col-sm-0 col-md-12 col-lg-12\">\n<div style=\"text-align: justify;\">La deuxi\u00e8me \u00e9tape duTour de la Communaut\u00e9 de Valence s&rsquo;est donc termin\u00e9e au sprint avec la victoire de Matteo Trentin. Nacer Bouhanni (Cofidis), deuxi\u00e8me, n&rsquo;\u00e9tait pas loin d&rsquo;aller en claquer une.<\/div>\n<div><\/div>\n<div style=\"text-align: justify;\">Le Vosgien, qui reprend la comp\u00e9tition cette semaine, est satisfait de cette deuxi\u00e8me place: <em>\u00ab\u00a0C\u2019\u00e9tait une journ\u00e9e difficile car les cols ont \u00e9t\u00e9 mont\u00e9s \u00e0 un rythme soutenu. Dans le sprint, je voulais fournir mon effort dans le rond-point \u00e0 200m de la ligne mais Trentin est pass\u00e9 sur ma gauche. Avec le vent de dos, je savais qu\u2019il fallait sortir en t\u00eate du rond-point pour l\u2019emporter. Ce r\u00e9sultat est de bon augure et prouve que ma condition est bonne\u00a0\u00bb, <\/em>d\u00e9clare-t-il dans un communiqu\u00e9 de son \u00e9quipe.<\/div>\n<div><\/div>\n<\/div>\n<\/header>\n<div>D\u00e9sormais, le Fran\u00e7ais attendra l&rsquo;\u00e9tape de dimanche autour de Valence en crit\u00e9rium pour tenter \u00e0 nouveau sa chance au sprint.<\/div>\n<\/div>\n<\/div>\n<\/div>\n","protected":false},"excerpt":{"rendered":"<p>La deuxi\u00e8me \u00e9tape duTour de la Communaut\u00e9 de Valence s&rsquo;est donc termin\u00e9e au sprint avec la victoire de Matteo Trentin. Nacer Bouhanni (Cofidis), deuxi\u00e8me, n&rsquo;\u00e9tait pas loin d&rsquo;aller en claquer une. Le Vosgien, qui reprend la comp\u00e9tition cette semaine, est satisfait de cette deuxi\u00e8me place: \u00ab\u00a0C\u2019\u00e9tait une journ\u00e9e difficile car les cols ont \u00e9t\u00e9 mont\u00e9s &hellip;<\/p>\n","protected":false},"author":2,"featured_media":99171,"comment_status":"open","ping_status":"open","sticky":false,"template":"","format":"standard","meta":{"footnotes":""},"categories":[11,15,189],"tags":[],"class_list":["post-101500","post","type-post","status-publish","format-standard","has-post-thumbnail","hentry","category-news-niveau-2","category-route","category-volta-a-la-comunitat-valenciana"],"_links":{"self":[{"href":"https:\/\/cyclingpro.net\/velopro\/wp-json\/wp\/v2\/posts\/101500","targetHints":{"allow":["GET"]}}],"collection":[{"href":"https:\/\/cyclingpro.net\/velopro\/wp-json\/wp\/v2\/posts"}],"about":[{"href":"https:\/\/cyclingpro.net\/velopro\/wp-json\/wp\/v2\/types\/post"}],"author":[{"embeddable":true,"href":"https:\/\/cyclingpro.net\/velopro\/wp-json\/wp\/v2\/users\/2"}],"replies":[{"embeddable":true,"href":"https:\/\/cyclingpro.net\/velopro\/wp-json\/wp\/v2\/comments?post=101500"}],"version-history":[{"count":0,"href":"https:\/\/cyclingpro.net\/velopro\/wp-json\/wp\/v2\/posts\/101500\/revisions"}],"wp:featuredmedia":[{"embeddable":true,"href":"https:\/\/cyclingpro.net\/velopro\/wp-json\/wp\/v2\/media\/99171"}],"wp:attachment":[{"href":"https:\/\/cyclingpro.net\/velopro\/wp-json\/wp\/v2\/media?parent=101500"}],"wp:term":[{"taxonomy":"category","embeddable":true,"href":"https:\/\/cyclingpro.net\/velopro\/wp-json\/wp\/v2\/categories?post=101500"},{"taxonomy":"post_tag","embeddable":true,"href":"https:\/\/cyclingpro.net\/velopro\/wp-json\/wp\/v2\/tags?post=101500"}],"curies":[{"name":"wp","href":"https:\/\/api.w.org\/{rel}","templated":true}]}}