{"id":101267,"date":"2019-02-06T17:40:58","date_gmt":"2019-02-06T16:40:58","guid":{"rendered":"https:\/\/cyclingpro.net\/velopro\/?p=101267"},"modified":"2019-02-06T17:43:38","modified_gmt":"2019-02-06T16:43:38","slug":"edvald-boasson-hagen-ca-faisait-longtemps-que-je-navais-pas-fait-un-bon-chrono","status":"publish","type":"post","link":"https:\/\/cyclingpro.net\/velopro\/course\/volta-a-la-comunitat-valenciana\/edvald-boasson-hagen-ca-faisait-longtemps-que-je-navais-pas-fait-un-bon-chrono\/","title":{"rendered":"Edvald Boasson Hagen : \u00ab\u00a0\u00c7a faisait longtemps que je n\u2019avais pas fait un bon chrono\u00a0\u00bb"},"content":{"rendered":"<p style=\"text-align: justify;\">\u00c0 l&rsquo;occasion du chrono d&rsquo;ouverture du Tour de la communaut\u00e9 de Valence, ce mercredi, Edvald Boasson Hagen a parfaitement su mettre en pratique sa polyvalence. Tr\u00e8s costaud sur les dix kilom\u00e8tres de plat (meilleur temps \u00e0 l&rsquo;interm\u00e9diaire, ndlr), encore vif dans la mont\u00e9e finale de 600 m\u00e8tres, le Norv\u00e9gien a couronn\u00e9 sa belle gestion avec la victoire du jour. Sa premi\u00e8re dans un chrono international depuis le Tour du Qatar 2016. <em>\u00ab\u00a0C&rsquo;est vrai, je n\u2019ai pas gagn\u00e9 beaucoup de contre-la-montre chez les pros, en dehors de mon championnat national,<\/em> a-t-il comment\u00e9 pour Cyclingpro.net. <em>Cela faisait longtemps que je n\u2019avais pas fait un bon chrono, donc c\u2019\u00e9tait tr\u00e8s agr\u00e9able de batailler avec les meilleurs aujourd\u2019hui. J\u2019en suis tr\u00e8s content.\u00a0\u00bb<\/em><\/p>\n<p style=\"text-align: justify;\">Le coureur de la Dimension Data lance ainsi id\u00e9alement sa saison et celle de son \u00e9quipe.<em> \u00ab\u00a0J\u2019ai \u00e9t\u00e9 en mesure de m\u2019entra\u00eener tout l\u2019hiver sans probl\u00e8me et je suis content de ma condition physique du moment,<\/em> a-t-il acquiesc\u00e9. <em>C\u2019est clairement une meilleure rentr\u00e9e dans la saison que celle de l\u2019an pass\u00e9, quand j&rsquo;avais eu quelques contre-temps pendant la tr\u00eave.\u00a0On va maintenant prendre les \u00e9tapes les unes apr\u00e8s les autres. Ce sera dur de d\u00e9fendre ce maillot jaune de leader mais je vais faire de mon mieux.\u00a0\u00bb<\/em><\/p>\n<p><span class=\"k3aXiSP4T9KIq1BumoRDZxFLHNw6Ot57n\"><iframe loading=\"lazy\" title=\"Edvald Boasson Hagen - post-race interview - Stage 1 - Volta a la Comunitat Valenciana 2019\" width=\"500\" height=\"281\" src=\"https:\/\/www.youtube.com\/embed\/NfbIlt_MPt4?feature=oembed\" frameborder=\"0\" allow=\"accelerometer; autoplay; clipboard-write; encrypted-media; gyroscope; picture-in-picture; web-share\" referrerpolicy=\"strict-origin-when-cross-origin\" allowfullscreen><\/iframe><\/span><\/p>\n","protected":false},"excerpt":{"rendered":"<p>\u00c0 l&rsquo;occasion du chrono d&rsquo;ouverture du Tour de la communaut\u00e9 de Valence, ce mercredi, Edvald Boasson Hagen a parfaitement su mettre en pratique sa polyvalence. Tr\u00e8s costaud sur les dix kilom\u00e8tres de plat (meilleur temps \u00e0 l&rsquo;interm\u00e9diaire, ndlr), encore vif dans la mont\u00e9e finale de 600 m\u00e8tres, le Norv\u00e9gien a couronn\u00e9 sa belle gestion avec &hellip;<\/p>\n","protected":false},"author":5,"featured_media":101270,"comment_status":"open","ping_status":"open","sticky":false,"template":"","format":"standard","meta":{"footnotes":""},"categories":[17,15,189,18],"tags":[],"class_list":["post-101267","post","type-post","status-publish","format-standard","has-post-thumbnail","hentry","category-une","category-route","category-volta-a-la-comunitat-valenciana","category-videos"],"_links":{"self":[{"href":"https:\/\/cyclingpro.net\/velopro\/wp-json\/wp\/v2\/posts\/101267","targetHints":{"allow":["GET"]}}],"collection":[{"href":"https:\/\/cyclingpro.net\/velopro\/wp-json\/wp\/v2\/posts"}],"about":[{"href":"https:\/\/cyclingpro.net\/velopro\/wp-json\/wp\/v2\/types\/post"}],"author":[{"embeddable":true,"href":"https:\/\/cyclingpro.net\/velopro\/wp-json\/wp\/v2\/users\/5"}],"replies":[{"embeddable":true,"href":"https:\/\/cyclingpro.net\/velopro\/wp-json\/wp\/v2\/comments?post=101267"}],"version-history":[{"count":0,"href":"https:\/\/cyclingpro.net\/velopro\/wp-json\/wp\/v2\/posts\/101267\/revisions"}],"wp:featuredmedia":[{"embeddable":true,"href":"https:\/\/cyclingpro.net\/velopro\/wp-json\/wp\/v2\/media\/101270"}],"wp:attachment":[{"href":"https:\/\/cyclingpro.net\/velopro\/wp-json\/wp\/v2\/media?parent=101267"}],"wp:term":[{"taxonomy":"category","embeddable":true,"href":"https:\/\/cyclingpro.net\/velopro\/wp-json\/wp\/v2\/categories?post=101267"},{"taxonomy":"post_tag","embeddable":true,"href":"https:\/\/cyclingpro.net\/velopro\/wp-json\/wp\/v2\/tags?post=101267"}],"curies":[{"name":"wp","href":"https:\/\/api.w.org\/{rel}","templated":true}]}}