{"id":101260,"date":"2019-02-06T17:26:15","date_gmt":"2019-02-06T16:26:15","guid":{"rendered":"https:\/\/cyclingpro.net\/velopro\/?p=101260"},"modified":"2019-02-06T17:29:38","modified_gmt":"2019-02-06T16:29:38","slug":"tour-des-flandres-les-wild-cards-decernees-3-equipes-francaises-conviees","status":"publish","type":"post","link":"https:\/\/cyclingpro.net\/velopro\/course\/ronde-van-vlaanderen\/tour-des-flandres-les-wild-cards-decernees-3-equipes-francaises-conviees\/","title":{"rendered":"Tour des Flandres : Les wild-cards d\u00e9cern\u00e9es, 3 \u00e9quipes fran\u00e7aises convi\u00e9es"},"content":{"rendered":"<p style=\"text-align: justify;\">La distribution des wild-cards se poursuit en ce d\u00e9but de saison. Ce mercredi, ce sont celles du Tour des Flandres, l&rsquo;un des cinq Monuments du cyclisme, qui ont \u00e9t\u00e9 annonc\u00e9es par les organisateurs, Flanders Classic.\u00a0Ainsi, le 7 avril prochain, sur le \u00ab\u00a0Ronde\u00a0\u00bb, en plus des 18 \u00e9quipes WorldTour, on retrouvera sept \u00e9quipes continentales professionnelles, \u00e0 commencer par les fran\u00e7aises Direct Energie, du tenant du titre Niki Terpstra, Cofidis et Vital Concept-B&amp;B Hotels. Sport Vlaanderen-Baloise, Wanty-Groupe Gobert, Roompot-Charles ont aussi re\u00e7u leur s\u00e9same au m\u00eame titre que la Corendon-Circus de Mathieu van der Poel, qui pourra ainsi disputer son tout premier Tour des Flandres.<\/p>\n<p style=\"text-align: justify;\"><em>\u00ab\u00a0Avec les wild cards pour le Tour des Flandres 2019, notre organisation pr\u00e9sente l\u2019un des plateaux les plus forts des \u00e9quipes Continentales Professionnelles,<\/em> a d\u00e9clar\u00e9 le nouveau directeur de courses Scott Sunderland. <em>Toutes les \u00e9quipes sont pr\u00e9par\u00e9es parfaitement et impatientes de participer au Tour des Flandres en avril. Le vainqueur de l\u2019\u00e9dition de l\u2019ann\u00e9e derni\u00e8re, Niki Terpstra, dirige sa nouvelle \u00e9quipe Direct Energie. Le hollandais fera tout pour remporter une deuxi\u00e8me victoire. Son plus jeune compatriote Mathieu van der Poel, le nouveau champion de monde de cyclocross, voudra \u00e9crire sa propre histoire en remportant un jour le Tour des Flandres comme son p\u00e8re Adrie l\u2019a fait en 1986. Les deux autres \u00e9quipes belges, Wanty-Gobert Cycling Team et Sport Vlaanderen-Balois, sont rejoints par deux \u00e9quipes fran\u00e7aises Vital Concept \u2013 B&amp;B Hotels et Cofidis, Solutions Cr\u00e9dits. L\u2019\u00e9quipe hollandaise Roompot-Charles compl\u00e8te la liste. Comme toujours, ces \u00e9quipes sont d\u00e9termin\u00e9es de jouer un r\u00f4le important dans le d\u00e9roulement de la course et seront pr\u00eates \u00e0 faire la course d\u00e8s le d\u00e9part.\u00a0\u00bb<\/em><\/p>\n<p><span class=\"ZfxXSVDWdaIMwKLjmQqo7e2klz3iABuJU8YCN6H45OT\"><iframe loading=\"lazy\" title=\"WILDCARDS | ELITE MEN | RONDE VAN VLAANDEREN 2019\" width=\"500\" height=\"281\" src=\"https:\/\/www.youtube.com\/embed\/EapP0CApyIY?feature=oembed\" frameborder=\"0\" allow=\"accelerometer; autoplay; clipboard-write; encrypted-media; gyroscope; picture-in-picture; web-share\" referrerpolicy=\"strict-origin-when-cross-origin\" allowfullscreen><\/iframe><\/span><\/p>\n","protected":false},"excerpt":{"rendered":"<p>La distribution des wild-cards se poursuit en ce d\u00e9but de saison. Ce mercredi, ce sont celles du Tour des Flandres, l&rsquo;un des cinq Monuments du cyclisme, qui ont \u00e9t\u00e9 annonc\u00e9es par les organisateurs, Flanders Classic.\u00a0Ainsi, le 7 avril prochain, sur le \u00ab\u00a0Ronde\u00a0\u00bb, en plus des 18 \u00e9quipes WorldTour, on retrouvera sept \u00e9quipes continentales professionnelles, \u00e0 &hellip;<\/p>\n","protected":false},"author":5,"featured_media":101264,"comment_status":"open","ping_status":"open","sticky":false,"template":"","format":"standard","meta":{"footnotes":""},"categories":[11,25,15,71],"tags":[],"class_list":["post-101260","post","type-post","status-publish","format-standard","has-post-thumbnail","hentry","category-news-niveau-2","category-news","category-route","category-ronde-van-vlaanderen"],"_links":{"self":[{"href":"https:\/\/cyclingpro.net\/velopro\/wp-json\/wp\/v2\/posts\/101260","targetHints":{"allow":["GET"]}}],"collection":[{"href":"https:\/\/cyclingpro.net\/velopro\/wp-json\/wp\/v2\/posts"}],"about":[{"href":"https:\/\/cyclingpro.net\/velopro\/wp-json\/wp\/v2\/types\/post"}],"author":[{"embeddable":true,"href":"https:\/\/cyclingpro.net\/velopro\/wp-json\/wp\/v2\/users\/5"}],"replies":[{"embeddable":true,"href":"https:\/\/cyclingpro.net\/velopro\/wp-json\/wp\/v2\/comments?post=101260"}],"version-history":[{"count":0,"href":"https:\/\/cyclingpro.net\/velopro\/wp-json\/wp\/v2\/posts\/101260\/revisions"}],"wp:featuredmedia":[{"embeddable":true,"href":"https:\/\/cyclingpro.net\/velopro\/wp-json\/wp\/v2\/media\/101264"}],"wp:attachment":[{"href":"https:\/\/cyclingpro.net\/velopro\/wp-json\/wp\/v2\/media?parent=101260"}],"wp:term":[{"taxonomy":"category","embeddable":true,"href":"https:\/\/cyclingpro.net\/velopro\/wp-json\/wp\/v2\/categories?post=101260"},{"taxonomy":"post_tag","embeddable":true,"href":"https:\/\/cyclingpro.net\/velopro\/wp-json\/wp\/v2\/tags?post=101260"}],"curies":[{"name":"wp","href":"https:\/\/api.w.org\/{rel}","templated":true}]}}