{"id":101071,"date":"2019-02-05T15:39:48","date_gmt":"2019-02-05T14:39:48","guid":{"rendered":"https:\/\/cyclingpro.net\/velopro\/?p=101071"},"modified":"2019-02-05T15:39:48","modified_gmt":"2019-02-05T14:39:48","slug":"christian-prudhomme-impossible-dorganiser-un-tour-de-france-feminin","status":"publish","type":"post","link":"https:\/\/cyclingpro.net\/velopro\/news-niveau-2\/christian-prudhomme-impossible-dorganiser-un-tour-de-france-feminin\/","title":{"rendered":"Christian Prudhomme : \u00ab\u00a0Impossible d&rsquo;organiser un Tour de France f\u00e9minin\u00a0\u00bb"},"content":{"rendered":"<p>Christian Prudhomme, le directeur de course du Tour de France \u00e9tait l&rsquo;invit\u00e9 de Guillaume di Grazia lors de l&rsquo;\u00e9mission Bistrot V\u00e9lo sur Eurosport ce lundi. Il a notamment fait plusieurs annonces, la plus importante et qui concerne le monde du cyclisme f\u00e9minin : <em>\u00ab\u00a0Je ne saurais pas comment, de quelle mani\u00e8re, organiser un second \u00e9v\u00e8nement pendant le Tour de France en juillet, nous sommes locataires des routes fran\u00e7aises, nous n&rsquo;avons pas tous les droits\u00a0\u00bb<\/em>. Il poursuit en disant que : <em>\u00ab\u00a0Nous continuerons de promouvoir le cyclisme f\u00e9minin \u00e0 travers d&rsquo;autres \u00e9preuves, mais faire un Tour de France f\u00e9minin est impossible\u00a0\u00bb<\/em>.<\/p>\n<p>Christian Prudhomme a aussi tenu \u00e0 rappeler :<em>\u00ab\u00a0Il existait d\u00e9j\u00e0 un \u00e9quivalent du Tour de France pour les f\u00e9minines, c&rsquo;\u00e9tait la Route de France, organis\u00e9e jusqu&rsquo;en 2016 en ao\u00fbt, pas grand monde la d\u00e9fendue&#8230;\u00a0\u00bb\u00a0<\/em><\/p>\n","protected":false},"excerpt":{"rendered":"<p>Christian Prudhomme, le directeur de course du Tour de France \u00e9tait l&rsquo;invit\u00e9 de Guillaume di Grazia lors de l&rsquo;\u00e9mission Bistrot V\u00e9lo sur Eurosport ce lundi. Il a notamment fait plusieurs annonces, la plus importante et qui concerne le monde du cyclisme f\u00e9minin : \u00ab\u00a0Je ne saurais pas comment, de quelle mani\u00e8re, organiser un second \u00e9v\u00e8nement &hellip;<\/p>\n","protected":false},"author":18,"featured_media":101072,"comment_status":"open","ping_status":"open","sticky":false,"template":"","format":"standard","meta":{"footnotes":""},"categories":[11,248,15],"tags":[],"class_list":["post-101071","post","type-post","status-publish","format-standard","has-post-thumbnail","hentry","category-news-niveau-2","category-cyclismefeminin","category-route"],"_links":{"self":[{"href":"https:\/\/cyclingpro.net\/velopro\/wp-json\/wp\/v2\/posts\/101071","targetHints":{"allow":["GET"]}}],"collection":[{"href":"https:\/\/cyclingpro.net\/velopro\/wp-json\/wp\/v2\/posts"}],"about":[{"href":"https:\/\/cyclingpro.net\/velopro\/wp-json\/wp\/v2\/types\/post"}],"author":[{"embeddable":true,"href":"https:\/\/cyclingpro.net\/velopro\/wp-json\/wp\/v2\/users\/18"}],"replies":[{"embeddable":true,"href":"https:\/\/cyclingpro.net\/velopro\/wp-json\/wp\/v2\/comments?post=101071"}],"version-history":[{"count":0,"href":"https:\/\/cyclingpro.net\/velopro\/wp-json\/wp\/v2\/posts\/101071\/revisions"}],"wp:featuredmedia":[{"embeddable":true,"href":"https:\/\/cyclingpro.net\/velopro\/wp-json\/wp\/v2\/media\/101072"}],"wp:attachment":[{"href":"https:\/\/cyclingpro.net\/velopro\/wp-json\/wp\/v2\/media?parent=101071"}],"wp:term":[{"taxonomy":"category","embeddable":true,"href":"https:\/\/cyclingpro.net\/velopro\/wp-json\/wp\/v2\/categories?post=101071"},{"taxonomy":"post_tag","embeddable":true,"href":"https:\/\/cyclingpro.net\/velopro\/wp-json\/wp\/v2\/tags?post=101071"}],"curies":[{"name":"wp","href":"https:\/\/api.w.org\/{rel}","templated":true}]}}