{"id":100961,"date":"2019-02-04T12:59:51","date_gmt":"2019-02-04T11:59:51","guid":{"rendered":"https:\/\/cyclingpro.net\/velopro\/?p=100961"},"modified":"2019-02-05T11:22:04","modified_gmt":"2019-02-05T10:22:04","slug":"tour-de-san-juan-les-reactions","status":"publish","type":"post","link":"https:\/\/cyclingpro.net\/velopro\/course\/vuelta-a-san-juan\/tour-de-san-juan-les-reactions\/","title":{"rendered":"Tour de San Juan : Les r\u00e9actions"},"content":{"rendered":"<p style=\"text-align: justify;\">Le Tour de San Juan s&rsquo;est conclu ce dimanche par une victoire tout en puissance du sprinteur irlandais Sam Bennett emmen\u00e9 sur un plateau par son \u00e9quipier de luxe Peter Sagan :\u00a0<em>\u00ab\u00a0La pression s&rsquo;est envol\u00e9e apr\u00e8s cette victoire, cela fait du bien de remporter un succ\u00e8s d\u00e8s les premiers jours de course de l&rsquo;ann\u00e9e\u00a0\u00bb.<\/em><br \/>\nCompte tenu de l&rsquo;importance d&rsquo;avoir un co\u00e9quipier tel que Sagan,<em>\u00a0\u00ab\u00a0la victoire est encore plus belle et cela fait plaisir d&rsquo;avoir l&rsquo;\u00e9quipe \u00e0 110% derri\u00e8re moi, bien-s\u00fbr quand le moment sera venu je rendrai la pareille \u00e0 Peter\u00a0\u00bb<\/em>. Sam Bennett se tourne d\u00e9sormais vers l&rsquo;UAE Tour, o\u00f9 il retrouvera les meilleurs sprinters mondiaux tels qu&rsquo;Elia Viviani, Marcel Kittel, Caleb Ewan ou encore Fernando Gaviria.<\/p>\n<p style=\"text-align: justify;\">Fernando Gaviria, qui partait favori de ce crit\u00e9rium de cl\u00f4ture de la course argentine, s&rsquo;est seulement octroy\u00e9 une 10\u00e8me position :\u00a0<em>\u00ab\u00a0L&rsquo;\u00e9quipe et moi \u00e9tions d\u00e9sorganis\u00e9s dans le final, je n&rsquo;ai pas pu me mettre dans les meilleures positions, je me suis retrouv\u00e9 coinc\u00e9 dans les barri\u00e8res et j&rsquo;ai r\u00e9-acc\u00e9l\u00e9r\u00e9 dans les derniers m\u00e8tres en vain\u00a0\u00bb<\/em>.<\/p>\n<p style=\"text-align: justify;\">Une victoire qui n&rsquo;a pas \u00e9t\u00e9 aussi simple que cela pour Bennett. L&rsquo;\u00e9quipe belge\u00a0Deceuninck-QuickStep est venue compliquer la t\u00e2che avec leur sprinter Alvaro Hodeg qui d\u00e9croche une seconde place. Venant conclure un excellent Tour de San Juan pour la formation belge. Notamment pour le jeune prodige Remco Evenepoel qui vient finir sa premi\u00e8re course professionnelle en 9\u00e8me position et meilleur jeune : <em>\u00ab\u00a0Je suis vraiment fier de ce que j&rsquo;ai effectu\u00e9 ici avec l&rsquo;\u00e9quipe, j&rsquo;ai appris beaucoup de choses qui me serviront \u00e0 l&rsquo;avenir\u00a0\u00bb<\/em>. Quant au Frenchie Julian Alaphilippe, il va quitter l&rsquo;Argentine avec deux bouquets et une seconde place au classement g\u00e9n\u00e9rale :\u00a0<em>\u00ab\u00a0J<\/em><em>e suis tr\u00e8s heureux d&rsquo;avoir pu d\u00e9couvrir cette course et son atmosph\u00e8re, mais aussi de mes performances et des r\u00e9sultats, je n&rsquo;ai aucun regret\u00a0\u00bb<\/em>.<\/p>\n","protected":false},"excerpt":{"rendered":"<p>Le Tour de San Juan s&rsquo;est conclu ce dimanche par une victoire tout en puissance du sprinteur irlandais Sam Bennett emmen\u00e9 sur un plateau par son \u00e9quipier de luxe Peter Sagan :\u00a0\u00ab\u00a0La pression s&rsquo;est envol\u00e9e apr\u00e8s cette victoire, cela fait du bien de remporter un succ\u00e8s d\u00e8s les premiers jours de course de l&rsquo;ann\u00e9e\u00a0\u00bb. Compte &hellip;<\/p>\n","protected":false},"author":18,"featured_media":100962,"comment_status":"open","ping_status":"open","sticky":false,"template":"","format":"standard","meta":{"footnotes":""},"categories":[11,8,15,214,1],"tags":[],"class_list":["post-100961","post","type-post","status-publish","format-standard","has-post-thumbnail","hentry","category-news-niveau-2","category-interviews","category-route","category-vuelta-a-san-juan","category-uncategorized"],"_links":{"self":[{"href":"https:\/\/cyclingpro.net\/velopro\/wp-json\/wp\/v2\/posts\/100961","targetHints":{"allow":["GET"]}}],"collection":[{"href":"https:\/\/cyclingpro.net\/velopro\/wp-json\/wp\/v2\/posts"}],"about":[{"href":"https:\/\/cyclingpro.net\/velopro\/wp-json\/wp\/v2\/types\/post"}],"author":[{"embeddable":true,"href":"https:\/\/cyclingpro.net\/velopro\/wp-json\/wp\/v2\/users\/18"}],"replies":[{"embeddable":true,"href":"https:\/\/cyclingpro.net\/velopro\/wp-json\/wp\/v2\/comments?post=100961"}],"version-history":[{"count":0,"href":"https:\/\/cyclingpro.net\/velopro\/wp-json\/wp\/v2\/posts\/100961\/revisions"}],"wp:featuredmedia":[{"embeddable":true,"href":"https:\/\/cyclingpro.net\/velopro\/wp-json\/wp\/v2\/media\/100962"}],"wp:attachment":[{"href":"https:\/\/cyclingpro.net\/velopro\/wp-json\/wp\/v2\/media?parent=100961"}],"wp:term":[{"taxonomy":"category","embeddable":true,"href":"https:\/\/cyclingpro.net\/velopro\/wp-json\/wp\/v2\/categories?post=100961"},{"taxonomy":"post_tag","embeddable":true,"href":"https:\/\/cyclingpro.net\/velopro\/wp-json\/wp\/v2\/tags?post=100961"}],"curies":[{"name":"wp","href":"https:\/\/api.w.org\/{rel}","templated":true}]}}