{"id":100772,"date":"2019-02-02T16:39:20","date_gmt":"2019-02-02T15:39:20","guid":{"rendered":"https:\/\/cyclingpro.net\/velopro\/?p=100772"},"modified":"2019-02-02T16:52:07","modified_gmt":"2019-02-02T15:52:07","slug":"pas-de-route-des-cretes-pour-le-gp-la-marseillaise","status":"publish","type":"post","link":"https:\/\/cyclingpro.net\/velopro\/course\/grand-prix-douverture-la-marseillaise\/pas-de-route-des-cretes-pour-le-gp-la-marseillaise\/","title":{"rendered":"Pas de route des Cr\u00eates pour le GP La Marseillaise"},"content":{"rendered":"<p style=\"text-align: justify;\">Le Grand Prix La Marseillaise n&#8217;empruntera pas la route des Cr\u00eates, la faute au Mistral, nous apprend La Provence. C&rsquo;est pourtant la difficult\u00e9 strat\u00e9gique du parcours. Apr\u00e8s le Col de l&rsquo;Espigoulier, les coureurs ont en effet l&rsquo;habitude d&rsquo;aller chercher La Ciotat via Roquefort-la-B\u00e9doule et un premier passage par Cassis, puis se rendent de nouveau \u00e0 Cassis via cette fameuse route des Cr\u00eates qui offre une vue imprenable sur la Baie de Cassis mais aussi quelques beaux pourcentages.<\/p>\n<p style=\"text-align: justify;\">Malheureusement cette difficult\u00e9 qui monte jusqu&rsquo;\u00e0 pr\u00e8s de 400 m\u00e8tres d&rsquo;altitude est aussi extr\u00eamement expos\u00e9e au vent. Si bien que chaque ann\u00e9e, le livre de route de La Marseillaise pr\u00e9voit d&#8217;embl\u00e9e une d\u00e9rivation au cas o\u00f9 la route des Cr\u00eates seraient infranchissable pour la course. Ce plan devrait donc \u00eatre mis en application. Apr\u00e8s le passage par G\u00e9m\u00e9nos, \u00e0 la fin de la descente de l&rsquo;Espigoulier, les coureurs continueraient vers Cuges-les-Pins puis bifurqueraient toujours vers Roquefort-la-B\u00e9doule mais n&rsquo;iraient pas jusqu&rsquo;\u00e0 la petite cit\u00e9 proven\u00e7ale, tournant \u00e0 gauche pour rejoindre Cassis au plus court via le Pas d&rsquo;Ouiller. Retour ensuite sur l&rsquo;itin\u00e9raire habituel dans sa partie finale avec la Gineste puis la redescente vers Marseille.<\/p>\n<p>Par ailleurs, l&rsquo;\u00e9preuve ne s&rsquo;\u00e9tendra plus sur\u00a0145,3 kilom\u00e8tres mais sur 139,8.<\/p>\n","protected":false},"excerpt":{"rendered":"<p>Le Grand Prix La Marseillaise n&#8217;empruntera pas la route des Cr\u00eates, la faute au Mistral, nous apprend La Provence. C&rsquo;est pourtant la difficult\u00e9 strat\u00e9gique du parcours. Apr\u00e8s le Col de l&rsquo;Espigoulier, les coureurs ont en effet l&rsquo;habitude d&rsquo;aller chercher La Ciotat via Roquefort-la-B\u00e9doule et un premier passage par Cassis, puis se rendent de nouveau \u00e0 &hellip;<\/p>\n","protected":false},"author":4,"featured_media":52226,"comment_status":"open","ping_status":"open","sticky":false,"template":"","format":"standard","meta":{"footnotes":""},"categories":[11,218,15],"tags":[],"class_list":["post-100772","post","type-post","status-publish","format-standard","has-post-thumbnail","hentry","category-news-niveau-2","category-grand-prix-douverture-la-marseillaise","category-route"],"_links":{"self":[{"href":"https:\/\/cyclingpro.net\/velopro\/wp-json\/wp\/v2\/posts\/100772","targetHints":{"allow":["GET"]}}],"collection":[{"href":"https:\/\/cyclingpro.net\/velopro\/wp-json\/wp\/v2\/posts"}],"about":[{"href":"https:\/\/cyclingpro.net\/velopro\/wp-json\/wp\/v2\/types\/post"}],"author":[{"embeddable":true,"href":"https:\/\/cyclingpro.net\/velopro\/wp-json\/wp\/v2\/users\/4"}],"replies":[{"embeddable":true,"href":"https:\/\/cyclingpro.net\/velopro\/wp-json\/wp\/v2\/comments?post=100772"}],"version-history":[{"count":0,"href":"https:\/\/cyclingpro.net\/velopro\/wp-json\/wp\/v2\/posts\/100772\/revisions"}],"wp:featuredmedia":[{"embeddable":true,"href":"https:\/\/cyclingpro.net\/velopro\/wp-json\/wp\/v2\/media\/52226"}],"wp:attachment":[{"href":"https:\/\/cyclingpro.net\/velopro\/wp-json\/wp\/v2\/media?parent=100772"}],"wp:term":[{"taxonomy":"category","embeddable":true,"href":"https:\/\/cyclingpro.net\/velopro\/wp-json\/wp\/v2\/categories?post=100772"},{"taxonomy":"post_tag","embeddable":true,"href":"https:\/\/cyclingpro.net\/velopro\/wp-json\/wp\/v2\/tags?post=100772"}],"curies":[{"name":"wp","href":"https:\/\/api.w.org\/{rel}","templated":true}]}}