{"id":100664,"date":"2019-02-01T17:55:26","date_gmt":"2019-02-01T16:55:26","guid":{"rendered":"https:\/\/cyclingpro.net\/velopro\/?p=100664"},"modified":"2019-02-01T17:55:26","modified_gmt":"2019-02-01T16:55:26","slug":"daniel-felipe-martinez-champion-de-colombie-du-contre-la-montre","status":"publish","type":"post","link":"https:\/\/cyclingpro.net\/velopro\/course\/championnats-nationaux\/daniel-felipe-martinez-champion-de-colombie-du-contre-la-montre\/","title":{"rendered":"Daniel Felipe Mart\u00ednez Champion de Colombie du contre-la-montre"},"content":{"rendered":"<p style=\"text-align: justify;\">Alors que certains Colombiens \u00e9taient tr\u00e8s en vue en Argentine du c\u00f4t\u00e9 du Tour de San Juan et notamment Winner Anacona, d&rsquo;autres disputaient le contre-la-montre individuel du Championnat national. C&rsquo;est\u00a0Daniel Felipe Mart\u00ednez (EF Education First) qui a remport\u00e9 le titre devant Miguel \u00c1ngel L\u00f3pez (Astana) et Egan Bernal (Team Sky).<\/p>\n","protected":false},"excerpt":{"rendered":"<p>Alors que certains Colombiens \u00e9taient tr\u00e8s en vue en Argentine du c\u00f4t\u00e9 du Tour de San Juan et notamment Winner Anacona, d&rsquo;autres disputaient le contre-la-montre individuel du Championnat national. C&rsquo;est\u00a0Daniel Felipe Mart\u00ednez (EF Education First) qui a remport\u00e9 le titre devant Miguel \u00c1ngel L\u00f3pez (Astana) et Egan Bernal (Team Sky).<\/p>\n","protected":false},"author":4,"featured_media":0,"comment_status":"open","ping_status":"open","sticky":false,"template":"","format":"standard","meta":{"footnotes":""},"categories":[12,216,14,15],"tags":[],"class_list":["post-100664","post","type-post","status-publish","format-standard","hentry","category-non-classe","category-championnats-nationaux","category-resultats","category-route"],"_links":{"self":[{"href":"https:\/\/cyclingpro.net\/velopro\/wp-json\/wp\/v2\/posts\/100664","targetHints":{"allow":["GET"]}}],"collection":[{"href":"https:\/\/cyclingpro.net\/velopro\/wp-json\/wp\/v2\/posts"}],"about":[{"href":"https:\/\/cyclingpro.net\/velopro\/wp-json\/wp\/v2\/types\/post"}],"author":[{"embeddable":true,"href":"https:\/\/cyclingpro.net\/velopro\/wp-json\/wp\/v2\/users\/4"}],"replies":[{"embeddable":true,"href":"https:\/\/cyclingpro.net\/velopro\/wp-json\/wp\/v2\/comments?post=100664"}],"version-history":[{"count":0,"href":"https:\/\/cyclingpro.net\/velopro\/wp-json\/wp\/v2\/posts\/100664\/revisions"}],"wp:attachment":[{"href":"https:\/\/cyclingpro.net\/velopro\/wp-json\/wp\/v2\/media?parent=100664"}],"wp:term":[{"taxonomy":"category","embeddable":true,"href":"https:\/\/cyclingpro.net\/velopro\/wp-json\/wp\/v2\/categories?post=100664"},{"taxonomy":"post_tag","embeddable":true,"href":"https:\/\/cyclingpro.net\/velopro\/wp-json\/wp\/v2\/tags?post=100664"}],"curies":[{"name":"wp","href":"https:\/\/api.w.org\/{rel}","templated":true}]}}