{"id":100190,"date":"2019-01-28T17:20:23","date_gmt":"2019-01-28T16:20:23","guid":{"rendered":"https:\/\/cyclingpro.net\/velopro\/?p=100190"},"modified":"2019-01-28T17:20:23","modified_gmt":"2019-01-28T16:20:23","slug":"challenge-de-majorque-uae-team-emirates-avec-aru-kristoff-et-dan-martin","status":"publish","type":"post","link":"https:\/\/cyclingpro.net\/velopro\/course\/challenge-mallorca\/challenge-de-majorque-uae-team-emirates-avec-aru-kristoff-et-dan-martin\/","title":{"rendered":"Challenge de Majorque : UAE Team Emirates avec Aru, Kristoff et Dan Martin"},"content":{"rendered":"<p class=\"p1\" style=\"text-align: justify;\"><span class=\"s1\">Alors que Fernando Gaviria a ouvert le compteur hier sur le Tour de San Juan, trois autres leaders de la formation UAE Team Emirates feront leur rentr\u00e9e cette semaine, \u00e0 l&rsquo;occasion du Challenge de Majorque. L&rsquo;Italien Fabio Aru, le Norv\u00e9gien Alexander Kristoff et l&rsquo;Irlandais Dan Martin seront en effet align\u00e9s sur quelques uns des \u00ab\u00a0troph\u00e9es\u00a0\u00bb de la comp\u00e9tition espagnole. Au total, ils ne seront pas moins de 12 coureurs de l&rsquo;\u00e9quipe du golfe \u00e0 prendre part \u00e0 l&rsquo;une ou l&rsquo;autre des \u00e9preuves. Retrouvez les compositions ci-dessous :<\/span><\/p>\n<p class=\"p1\" style=\"text-align: justify;\"><span class=\"s1\"><b>Trofeo Ses Salines, Campos, Porreres, Felanitx<\/b>\u00a0(31\/01) : Fabio Aru, Alexander Kristoff, Vegard Stake Laengen, Marco Marcato, Yousif Mirza, Manuele Mori, Rui Oliveira.\u00a0<\/span><\/p>\n<p class=\"p1\" style=\"text-align: justify;\"><span class=\"s1\"><b>Trofeo Andratx Loseta<\/b>\u00a0(1\/02) : Kristian Durasek, Alexander Kristoff, Vegard Stake Laengen, Daniel Martin, Simone Petilli, Edward Ravasi, Aleksandr Riabushenko.\u00a0<\/span><\/p>\n<p class=\"p1\" style=\"text-align: justify;\"><span class=\"s1\"><b>Trofeo de Tramuntana<\/b>\u00a0(2\/02) : Fabio Aru, Kristian Durasek, Daniel Martin, Yousif Mirza, Simone Petilli, Edward Ravasi, Aleksandr Riabushenko.<\/span><\/p>\n<p class=\"p1\" style=\"text-align: justify;\"><span class=\"s1\"><b>Trofeo Palma<\/b>\u00a0(3\/02) : Kristian Durasek, Alexander Kristoff, Vegard Stake Laenge, Marco Marcato, Manuele Mori, Rui Oliveira.\u00a0<\/span><\/p>\n","protected":false},"excerpt":{"rendered":"<p>Alors que Fernando Gaviria a ouvert le compteur hier sur le Tour de San Juan, trois autres leaders de la formation UAE Team Emirates feront leur rentr\u00e9e cette semaine, \u00e0 l&rsquo;occasion du Challenge de Majorque. L&rsquo;Italien Fabio Aru, le Norv\u00e9gien Alexander Kristoff et l&rsquo;Irlandais Dan Martin seront en effet align\u00e9s sur quelques uns des \u00ab\u00a0troph\u00e9es\u00a0\u00bb &hellip;<\/p>\n","protected":false},"author":5,"featured_media":98149,"comment_status":"open","ping_status":"open","sticky":false,"template":"","format":"standard","meta":{"footnotes":""},"categories":[11,31,26,15],"tags":[],"class_list":["post-100190","post","type-post","status-publish","format-standard","has-post-thumbnail","hentry","category-news-niveau-2","category-challenge-mallorca","category-compositions","category-route"],"_links":{"self":[{"href":"https:\/\/cyclingpro.net\/velopro\/wp-json\/wp\/v2\/posts\/100190","targetHints":{"allow":["GET"]}}],"collection":[{"href":"https:\/\/cyclingpro.net\/velopro\/wp-json\/wp\/v2\/posts"}],"about":[{"href":"https:\/\/cyclingpro.net\/velopro\/wp-json\/wp\/v2\/types\/post"}],"author":[{"embeddable":true,"href":"https:\/\/cyclingpro.net\/velopro\/wp-json\/wp\/v2\/users\/5"}],"replies":[{"embeddable":true,"href":"https:\/\/cyclingpro.net\/velopro\/wp-json\/wp\/v2\/comments?post=100190"}],"version-history":[{"count":0,"href":"https:\/\/cyclingpro.net\/velopro\/wp-json\/wp\/v2\/posts\/100190\/revisions"}],"wp:featuredmedia":[{"embeddable":true,"href":"https:\/\/cyclingpro.net\/velopro\/wp-json\/wp\/v2\/media\/98149"}],"wp:attachment":[{"href":"https:\/\/cyclingpro.net\/velopro\/wp-json\/wp\/v2\/media?parent=100190"}],"wp:term":[{"taxonomy":"category","embeddable":true,"href":"https:\/\/cyclingpro.net\/velopro\/wp-json\/wp\/v2\/categories?post=100190"},{"taxonomy":"post_tag","embeddable":true,"href":"https:\/\/cyclingpro.net\/velopro\/wp-json\/wp\/v2\/tags?post=100190"}],"curies":[{"name":"wp","href":"https:\/\/api.w.org\/{rel}","templated":true}]}}