{"id":75624,"date":"2018-12-15T10:04:15","date_gmt":"2018-12-15T09:04:15","guid":{"rendered":"https:\/\/cyclingpro.net\/spaziociclismo\/?p=75624"},"modified":"2018-12-15T10:04:15","modified_gmt":"2018-12-15T09:04:15","slug":"giro-ditalia-contador-rivela-nel-2015-sul-mortirolo-il-giorno-piu-duro-della-mia-carriera","status":"publish","type":"post","link":"https:\/\/cyclingpro.net\/spaziociclismo\/altro\/giro-ditalia-contador-rivela-nel-2015-sul-mortirolo-il-giorno-piu-duro-della-mia-carriera\/","title":{"rendered":"Giro d&#8217;Italia, Contador rivela: &#8220;Nel 2015 sul Mortirolo il giorno pi\u00f9 duro della mia carriera&#8221;"},"content":{"rendered":"<p>Interessante aneddoto svelato da <strong>Alberto Contador<\/strong> a pi\u00f9 di un anno dal suo ritiro dall&#8217;attivit\u00e0 agonistica. Il due volte vincitore di Giro d&#8217;Italia e Tour de France, oggi commentatore televisivo per l&#8217;edizione spagnola di Eurosport e proprietario della formazione Continental <strong>Polartec-Kometa<\/strong> grazie alla Fondazione che porta il suo nome, ha svelato di aver vissuto sulle strade del Giro d&#8217;Italia 2015 il momento pi\u00f9 duro della sua carriera da professionista, terminata nel settembre del 2017 con la partecipazione alla Vuelta a Espa\u00f1a (da lui vinta tre volte in carriera) impreziosita dal trionfo sull&#8217;Alto de El Angliru. Nel corso di un&#8217;intervista a due con Ivan Basso, concessa alla <em>Gazzetta dello Sport<\/em> per presentare il progetto che i due stanno sviluppando con una squadra composta da corridori giovani, il 36enne di Pinto \u00e8 tornato sulle difficolt\u00e0 vissute nel corso della sedicesima tappa, la Pinzolo-Aprica del 26 maggio 2015.<\/p>\n<p>Gi\u00e0 in possesso della Maglia Rosa da diversi giorni, il capitano della Tinkoff-Saxo for\u00f2 nella discesa del Passo dell&#8217;Aprica e sub\u00ec l&#8217;attacco dei pi\u00f9 immediati inseguitori in classifica generale, il tandem dell&#8217;Astana composto da Fabio Aru e Mikel Landa Meana. Rientrato sulle rampe del Mortirolo, il madrileno perse poi contatto nella scalata finale pagando 38&#8221; al connazionale ma mantenendo le insegne del primato con un vantaggio di 4&#8217;02&#8221; sullo stesso: &#8220;\u00c8 stata la tappa pi\u00f9 dura della mia carriera&#8221;. A confermarlo \u00e8 stato lo stesso Basso, suo gregario e compagno di stanza in quella edizione della corsa: &#8220;&#8221;In camera, dopo un lungo silenzio, mi fa: <strong>&#8216;Bassotto, hanno svegliato la bestia&#8217;<\/strong>. \u00c8 questo che vogliamo trasmettere ai giovani: non arrendersi, non sprecare il talento&#8221;.<\/p>\n","protected":false},"excerpt":{"rendered":"<p>Interessante aneddoto svelato da Alberto Contador a pi\u00f9 di un anno dal suo ritiro dall&#8217;attivit\u00e0 agonistica. Il due volte vincitore di Giro d&#8217;Italia e Tour de France, oggi commentatore televisivo per l&#8217;edizione spagnola di Eurosport e proprietario della formazione Continental Polartec-Kometa grazie alla Fondazione che porta il suo nome, ha svelato di aver vissuto sulle &hellip;<\/p>\n","protected":false},"author":10,"featured_media":75625,"comment_status":"open","ping_status":"open","sticky":false,"template":"","format":"standard","meta":{"footnotes":""},"categories":[2],"tags":[35,1068],"class_list":["post-75624","post","type-post","status-publish","format-standard","has-post-thumbnail","hentry","category-altro","tag-alberto-contador","tag-giro-ditalia"],"yoast_head":"<!-- This site is optimized with the Yoast SEO plugin v27.4 - https:\/\/yoast.com\/product\/yoast-seo-wordpress\/ -->\n<title>Giro d&#039;Italia, Contador rivela: &quot;Nel 2015 sul Mortirolo il giorno pi\u00f9 duro della mia carriera&quot; - SpazioCiclismo<\/title>\n<meta name=\"robots\" content=\"index, follow, max-snippet:-1, max-image-preview:large, max-video-preview:-1\" \/>\n<link rel=\"canonical\" href=\"https:\/\/cyclingpro.net\/spaziociclismo\/altro\/giro-ditalia-contador-rivela-nel-2015-sul-mortirolo-il-giorno-piu-duro-della-mia-carriera\/\" \/>\n<meta property=\"og:locale\" content=\"it_IT\" \/>\n<meta property=\"og:type\" content=\"article\" \/>\n<meta property=\"og:title\" content=\"Giro d&#039;Italia, Contador rivela: &quot;Nel 2015 sul Mortirolo il giorno pi\u00f9 duro della mia carriera&quot; - SpazioCiclismo\" \/>\n<meta property=\"og:description\" content=\"Interessante aneddoto svelato da Alberto Contador a pi\u00f9 di un anno dal suo ritiro dall&#8217;attivit\u00e0 agonistica. Il due volte vincitore di Giro d&#8217;Italia e Tour de France, oggi commentatore televisivo per l&#8217;edizione spagnola di Eurosport e proprietario della formazione Continental Polartec-Kometa grazie alla Fondazione che porta il suo nome, ha svelato di aver vissuto sulle &hellip;\" \/>\n<meta property=\"og:url\" content=\"https:\/\/cyclingpro.net\/spaziociclismo\/altro\/giro-ditalia-contador-rivela-nel-2015-sul-mortirolo-il-giorno-piu-duro-della-mia-carriera\/\" \/>\n<meta property=\"og:site_name\" content=\"SpazioCiclismo\" \/>\n<meta property=\"article:publisher\" content=\"https:\/\/www.facebook.com\/SpazioCiclismo\/\" \/>\n<meta property=\"article:published_time\" content=\"2018-12-15T09:04:15+00:00\" \/>\n<meta property=\"og:image\" content=\"https:\/\/i0.wp.com\/cyclingpro.net\/spaziociclismo\/wp-content\/uploads\/2018\/12\/Alberto-Contador-Mikel-Landa-Fabio-Aru-Giro-dItalia-2018-Mortirolo-e1544864630759.jpg?fit=1050%2C525&ssl=1\" \/>\n\t<meta property=\"og:image:width\" content=\"1050\" \/>\n\t<meta property=\"og:image:height\" content=\"525\" \/>\n\t<meta property=\"og:image:type\" content=\"image\/jpeg\" \/>\n<meta name=\"author\" content=\"Marco Ferri\" \/>\n<meta name=\"twitter:card\" content=\"summary_large_image\" \/>\n<meta name=\"twitter:creator\" content=\"@spaziociclismo\" \/>\n<meta name=\"twitter:site\" content=\"@spaziociclismo\" \/>\n<meta name=\"twitter:label1\" content=\"Scritto da\" \/>\n\t<meta name=\"twitter:data1\" content=\"Marco Ferri\" \/>\n\t<meta name=\"twitter:label2\" content=\"Tempo di lettura stimato\" \/>\n\t<meta name=\"twitter:data2\" content=\"1 minuto\" \/>\n<script type=\"application\/ld+json\" class=\"yoast-schema-graph\">{\"@context\":\"https:\\\/\\\/schema.org\",\"@graph\":[{\"@type\":\"Article\",\"@id\":\"https:\\\/\\\/cyclingpro.net\\\/spaziociclismo\\\/altro\\\/giro-ditalia-contador-rivela-nel-2015-sul-mortirolo-il-giorno-piu-duro-della-mia-carriera\\\/#article\",\"isPartOf\":{\"@id\":\"https:\\\/\\\/cyclingpro.net\\\/spaziociclismo\\\/altro\\\/giro-ditalia-contador-rivela-nel-2015-sul-mortirolo-il-giorno-piu-duro-della-mia-carriera\\\/\"},\"author\":{\"name\":\"Marco Ferri\",\"@id\":\"https:\\\/\\\/cyclingpro.net\\\/spaziociclismo\\\/#\\\/schema\\\/person\\\/725ec78c48a91f72048254d239efdcc8\"},\"headline\":\"Giro d&#8217;Italia, Contador rivela: &#8220;Nel 2015 sul Mortirolo il giorno pi\u00f9 duro della mia carriera&#8221;\",\"datePublished\":\"2018-12-15T09:04:15+00:00\",\"mainEntityOfPage\":{\"@id\":\"https:\\\/\\\/cyclingpro.net\\\/spaziociclismo\\\/altro\\\/giro-ditalia-contador-rivela-nel-2015-sul-mortirolo-il-giorno-piu-duro-della-mia-carriera\\\/\"},\"wordCount\":283,\"commentCount\":0,\"publisher\":{\"@id\":\"https:\\\/\\\/cyclingpro.net\\\/spaziociclismo\\\/#organization\"},\"image\":{\"@id\":\"https:\\\/\\\/cyclingpro.net\\\/spaziociclismo\\\/altro\\\/giro-ditalia-contador-rivela-nel-2015-sul-mortirolo-il-giorno-piu-duro-della-mia-carriera\\\/#primaryimage\"},\"thumbnailUrl\":\"https:\\\/\\\/cyclingpro.net\\\/spaziociclismo\\\/wp-content\\\/uploads\\\/2018\\\/12\\\/Alberto-Contador-Mikel-Landa-Fabio-Aru-Giro-dItalia-2018-Mortirolo-e1544864630759.jpg\",\"keywords\":[\"Alberto Contador\",\"Giro d'Italia\"],\"articleSection\":[\"Altro\"],\"inLanguage\":\"it-IT\",\"potentialAction\":[{\"@type\":\"CommentAction\",\"name\":\"Comment\",\"target\":[\"https:\\\/\\\/cyclingpro.net\\\/spaziociclismo\\\/altro\\\/giro-ditalia-contador-rivela-nel-2015-sul-mortirolo-il-giorno-piu-duro-della-mia-carriera\\\/#respond\"]}]},{\"@type\":\"WebPage\",\"@id\":\"https:\\\/\\\/cyclingpro.net\\\/spaziociclismo\\\/altro\\\/giro-ditalia-contador-rivela-nel-2015-sul-mortirolo-il-giorno-piu-duro-della-mia-carriera\\\/\",\"url\":\"https:\\\/\\\/cyclingpro.net\\\/spaziociclismo\\\/altro\\\/giro-ditalia-contador-rivela-nel-2015-sul-mortirolo-il-giorno-piu-duro-della-mia-carriera\\\/\",\"name\":\"Giro d'Italia, Contador rivela: \\\"Nel 2015 sul Mortirolo il giorno pi\u00f9 duro della mia carriera\\\" - SpazioCiclismo\",\"isPartOf\":{\"@id\":\"https:\\\/\\\/cyclingpro.net\\\/spaziociclismo\\\/#website\"},\"primaryImageOfPage\":{\"@id\":\"https:\\\/\\\/cyclingpro.net\\\/spaziociclismo\\\/altro\\\/giro-ditalia-contador-rivela-nel-2015-sul-mortirolo-il-giorno-piu-duro-della-mia-carriera\\\/#primaryimage\"},\"image\":{\"@id\":\"https:\\\/\\\/cyclingpro.net\\\/spaziociclismo\\\/altro\\\/giro-ditalia-contador-rivela-nel-2015-sul-mortirolo-il-giorno-piu-duro-della-mia-carriera\\\/#primaryimage\"},\"thumbnailUrl\":\"https:\\\/\\\/cyclingpro.net\\\/spaziociclismo\\\/wp-content\\\/uploads\\\/2018\\\/12\\\/Alberto-Contador-Mikel-Landa-Fabio-Aru-Giro-dItalia-2018-Mortirolo-e1544864630759.jpg\",\"datePublished\":\"2018-12-15T09:04:15+00:00\",\"breadcrumb\":{\"@id\":\"https:\\\/\\\/cyclingpro.net\\\/spaziociclismo\\\/altro\\\/giro-ditalia-contador-rivela-nel-2015-sul-mortirolo-il-giorno-piu-duro-della-mia-carriera\\\/#breadcrumb\"},\"inLanguage\":\"it-IT\",\"potentialAction\":[{\"@type\":\"ReadAction\",\"target\":[\"https:\\\/\\\/cyclingpro.net\\\/spaziociclismo\\\/altro\\\/giro-ditalia-contador-rivela-nel-2015-sul-mortirolo-il-giorno-piu-duro-della-mia-carriera\\\/\"]}]},{\"@type\":\"ImageObject\",\"inLanguage\":\"it-IT\",\"@id\":\"https:\\\/\\\/cyclingpro.net\\\/spaziociclismo\\\/altro\\\/giro-ditalia-contador-rivela-nel-2015-sul-mortirolo-il-giorno-piu-duro-della-mia-carriera\\\/#primaryimage\",\"url\":\"https:\\\/\\\/cyclingpro.net\\\/spaziociclismo\\\/wp-content\\\/uploads\\\/2018\\\/12\\\/Alberto-Contador-Mikel-Landa-Fabio-Aru-Giro-dItalia-2018-Mortirolo-e1544864630759.jpg\",\"contentUrl\":\"https:\\\/\\\/cyclingpro.net\\\/spaziociclismo\\\/wp-content\\\/uploads\\\/2018\\\/12\\\/Alberto-Contador-Mikel-Landa-Fabio-Aru-Giro-dItalia-2018-Mortirolo-e1544864630759.jpg\",\"width\":1050,\"height\":525,\"caption\":\"\u00a9 Sirotti\"},{\"@type\":\"BreadcrumbList\",\"@id\":\"https:\\\/\\\/cyclingpro.net\\\/spaziociclismo\\\/altro\\\/giro-ditalia-contador-rivela-nel-2015-sul-mortirolo-il-giorno-piu-duro-della-mia-carriera\\\/#breadcrumb\",\"itemListElement\":[{\"@type\":\"ListItem\",\"position\":1,\"name\":\"Home\",\"item\":\"https:\\\/\\\/cyclingpro.net\\\/spaziociclismo\\\/\"},{\"@type\":\"ListItem\",\"position\":2,\"name\":\"Giro d&#8217;Italia, Contador rivela: &#8220;Nel 2015 sul Mortirolo il giorno pi\u00f9 duro della mia carriera&#8221;\"}]},{\"@type\":\"WebSite\",\"@id\":\"https:\\\/\\\/cyclingpro.net\\\/spaziociclismo\\\/#website\",\"url\":\"https:\\\/\\\/cyclingpro.net\\\/spaziociclismo\\\/\",\"name\":\"SpazioCiclismo\",\"description\":\"Tutto il ciclismo minuto per minuto\",\"publisher\":{\"@id\":\"https:\\\/\\\/cyclingpro.net\\\/spaziociclismo\\\/#organization\"},\"potentialAction\":[{\"@type\":\"SearchAction\",\"target\":{\"@type\":\"EntryPoint\",\"urlTemplate\":\"https:\\\/\\\/cyclingpro.net\\\/spaziociclismo\\\/?s={search_term_string}\"},\"query-input\":{\"@type\":\"PropertyValueSpecification\",\"valueRequired\":true,\"valueName\":\"search_term_string\"}}],\"inLanguage\":\"it-IT\"},{\"@type\":\"Organization\",\"@id\":\"https:\\\/\\\/cyclingpro.net\\\/spaziociclismo\\\/#organization\",\"name\":\"SpazioCiclismo\",\"url\":\"https:\\\/\\\/cyclingpro.net\\\/spaziociclismo\\\/\",\"logo\":{\"@type\":\"ImageObject\",\"inLanguage\":\"it-IT\",\"@id\":\"https:\\\/\\\/cyclingpro.net\\\/spaziociclismo\\\/#\\\/schema\\\/logo\\\/image\\\/\",\"url\":\"https:\\\/\\\/cyclingpro.net\\\/spaziociclismo\\\/wp-content\\\/uploads\\\/2017\\\/02\\\/SpazioCiclismo-Logo-Quadrato.png\",\"contentUrl\":\"https:\\\/\\\/cyclingpro.net\\\/spaziociclismo\\\/wp-content\\\/uploads\\\/2017\\\/02\\\/SpazioCiclismo-Logo-Quadrato.png\",\"width\":450,\"height\":450,\"caption\":\"SpazioCiclismo\"},\"image\":{\"@id\":\"https:\\\/\\\/cyclingpro.net\\\/spaziociclismo\\\/#\\\/schema\\\/logo\\\/image\\\/\"},\"sameAs\":[\"https:\\\/\\\/www.facebook.com\\\/SpazioCiclismo\\\/\",\"https:\\\/\\\/x.com\\\/spaziociclismo\",\"https:\\\/\\\/www.instagram.com\\\/spaziociclismo\\\/\"]},{\"@type\":\"Person\",\"@id\":\"https:\\\/\\\/cyclingpro.net\\\/spaziociclismo\\\/#\\\/schema\\\/person\\\/725ec78c48a91f72048254d239efdcc8\",\"name\":\"Marco Ferri\",\"image\":{\"@type\":\"ImageObject\",\"inLanguage\":\"it-IT\",\"@id\":\"https:\\\/\\\/secure.gravatar.com\\\/avatar\\\/66bab06aad84c60d9d01ec02d82ce0cf3d93b3e3a75abd5039a7b135ff711a07?s=96&d=mm&r=g\",\"url\":\"https:\\\/\\\/secure.gravatar.com\\\/avatar\\\/66bab06aad84c60d9d01ec02d82ce0cf3d93b3e3a75abd5039a7b135ff711a07?s=96&d=mm&r=g\",\"contentUrl\":\"https:\\\/\\\/secure.gravatar.com\\\/avatar\\\/66bab06aad84c60d9d01ec02d82ce0cf3d93b3e3a75abd5039a7b135ff711a07?s=96&d=mm&r=g\",\"caption\":\"Marco Ferri\"},\"url\":\"https:\\\/\\\/cyclingpro.net\\\/spaziociclismo\\\/author\\\/mferri\\\/\"}]}<\/script>\n<!-- \/ Yoast SEO plugin. -->","yoast_head_json":{"title":"Giro d'Italia, Contador rivela: \"Nel 2015 sul Mortirolo il giorno pi\u00f9 duro della mia carriera\" - SpazioCiclismo","robots":{"index":"index","follow":"follow","max-snippet":"max-snippet:-1","max-image-preview":"max-image-preview:large","max-video-preview":"max-video-preview:-1"},"canonical":"https:\/\/cyclingpro.net\/spaziociclismo\/altro\/giro-ditalia-contador-rivela-nel-2015-sul-mortirolo-il-giorno-piu-duro-della-mia-carriera\/","og_locale":"it_IT","og_type":"article","og_title":"Giro d'Italia, Contador rivela: \"Nel 2015 sul Mortirolo il giorno pi\u00f9 duro della mia carriera\" - SpazioCiclismo","og_description":"Interessante aneddoto svelato da Alberto Contador a pi\u00f9 di un anno dal suo ritiro dall&#8217;attivit\u00e0 agonistica. Il due volte vincitore di Giro d&#8217;Italia e Tour de France, oggi commentatore televisivo per l&#8217;edizione spagnola di Eurosport e proprietario della formazione Continental Polartec-Kometa grazie alla Fondazione che porta il suo nome, ha svelato di aver vissuto sulle &hellip;","og_url":"https:\/\/cyclingpro.net\/spaziociclismo\/altro\/giro-ditalia-contador-rivela-nel-2015-sul-mortirolo-il-giorno-piu-duro-della-mia-carriera\/","og_site_name":"SpazioCiclismo","article_publisher":"https:\/\/www.facebook.com\/SpazioCiclismo\/","article_published_time":"2018-12-15T09:04:15+00:00","og_image":[{"width":1050,"height":525,"url":"https:\/\/i0.wp.com\/cyclingpro.net\/spaziociclismo\/wp-content\/uploads\/2018\/12\/Alberto-Contador-Mikel-Landa-Fabio-Aru-Giro-dItalia-2018-Mortirolo-e1544864630759.jpg?fit=1050%2C525&ssl=1","type":"image\/jpeg"}],"author":"Marco Ferri","twitter_card":"summary_large_image","twitter_creator":"@spaziociclismo","twitter_site":"@spaziociclismo","twitter_misc":{"Scritto da":"Marco Ferri","Tempo di lettura stimato":"1 minuto"},"schema":{"@context":"https:\/\/schema.org","@graph":[{"@type":"Article","@id":"https:\/\/cyclingpro.net\/spaziociclismo\/altro\/giro-ditalia-contador-rivela-nel-2015-sul-mortirolo-il-giorno-piu-duro-della-mia-carriera\/#article","isPartOf":{"@id":"https:\/\/cyclingpro.net\/spaziociclismo\/altro\/giro-ditalia-contador-rivela-nel-2015-sul-mortirolo-il-giorno-piu-duro-della-mia-carriera\/"},"author":{"name":"Marco Ferri","@id":"https:\/\/cyclingpro.net\/spaziociclismo\/#\/schema\/person\/725ec78c48a91f72048254d239efdcc8"},"headline":"Giro d&#8217;Italia, Contador rivela: &#8220;Nel 2015 sul Mortirolo il giorno pi\u00f9 duro della mia carriera&#8221;","datePublished":"2018-12-15T09:04:15+00:00","mainEntityOfPage":{"@id":"https:\/\/cyclingpro.net\/spaziociclismo\/altro\/giro-ditalia-contador-rivela-nel-2015-sul-mortirolo-il-giorno-piu-duro-della-mia-carriera\/"},"wordCount":283,"commentCount":0,"publisher":{"@id":"https:\/\/cyclingpro.net\/spaziociclismo\/#organization"},"image":{"@id":"https:\/\/cyclingpro.net\/spaziociclismo\/altro\/giro-ditalia-contador-rivela-nel-2015-sul-mortirolo-il-giorno-piu-duro-della-mia-carriera\/#primaryimage"},"thumbnailUrl":"https:\/\/cyclingpro.net\/spaziociclismo\/wp-content\/uploads\/2018\/12\/Alberto-Contador-Mikel-Landa-Fabio-Aru-Giro-dItalia-2018-Mortirolo-e1544864630759.jpg","keywords":["Alberto Contador","Giro d'Italia"],"articleSection":["Altro"],"inLanguage":"it-IT","potentialAction":[{"@type":"CommentAction","name":"Comment","target":["https:\/\/cyclingpro.net\/spaziociclismo\/altro\/giro-ditalia-contador-rivela-nel-2015-sul-mortirolo-il-giorno-piu-duro-della-mia-carriera\/#respond"]}]},{"@type":"WebPage","@id":"https:\/\/cyclingpro.net\/spaziociclismo\/altro\/giro-ditalia-contador-rivela-nel-2015-sul-mortirolo-il-giorno-piu-duro-della-mia-carriera\/","url":"https:\/\/cyclingpro.net\/spaziociclismo\/altro\/giro-ditalia-contador-rivela-nel-2015-sul-mortirolo-il-giorno-piu-duro-della-mia-carriera\/","name":"Giro d'Italia, Contador rivela: \"Nel 2015 sul Mortirolo il giorno pi\u00f9 duro della mia carriera\" - SpazioCiclismo","isPartOf":{"@id":"https:\/\/cyclingpro.net\/spaziociclismo\/#website"},"primaryImageOfPage":{"@id":"https:\/\/cyclingpro.net\/spaziociclismo\/altro\/giro-ditalia-contador-rivela-nel-2015-sul-mortirolo-il-giorno-piu-duro-della-mia-carriera\/#primaryimage"},"image":{"@id":"https:\/\/cyclingpro.net\/spaziociclismo\/altro\/giro-ditalia-contador-rivela-nel-2015-sul-mortirolo-il-giorno-piu-duro-della-mia-carriera\/#primaryimage"},"thumbnailUrl":"https:\/\/cyclingpro.net\/spaziociclismo\/wp-content\/uploads\/2018\/12\/Alberto-Contador-Mikel-Landa-Fabio-Aru-Giro-dItalia-2018-Mortirolo-e1544864630759.jpg","datePublished":"2018-12-15T09:04:15+00:00","breadcrumb":{"@id":"https:\/\/cyclingpro.net\/spaziociclismo\/altro\/giro-ditalia-contador-rivela-nel-2015-sul-mortirolo-il-giorno-piu-duro-della-mia-carriera\/#breadcrumb"},"inLanguage":"it-IT","potentialAction":[{"@type":"ReadAction","target":["https:\/\/cyclingpro.net\/spaziociclismo\/altro\/giro-ditalia-contador-rivela-nel-2015-sul-mortirolo-il-giorno-piu-duro-della-mia-carriera\/"]}]},{"@type":"ImageObject","inLanguage":"it-IT","@id":"https:\/\/cyclingpro.net\/spaziociclismo\/altro\/giro-ditalia-contador-rivela-nel-2015-sul-mortirolo-il-giorno-piu-duro-della-mia-carriera\/#primaryimage","url":"https:\/\/cyclingpro.net\/spaziociclismo\/wp-content\/uploads\/2018\/12\/Alberto-Contador-Mikel-Landa-Fabio-Aru-Giro-dItalia-2018-Mortirolo-e1544864630759.jpg","contentUrl":"https:\/\/cyclingpro.net\/spaziociclismo\/wp-content\/uploads\/2018\/12\/Alberto-Contador-Mikel-Landa-Fabio-Aru-Giro-dItalia-2018-Mortirolo-e1544864630759.jpg","width":1050,"height":525,"caption":"\u00a9 Sirotti"},{"@type":"BreadcrumbList","@id":"https:\/\/cyclingpro.net\/spaziociclismo\/altro\/giro-ditalia-contador-rivela-nel-2015-sul-mortirolo-il-giorno-piu-duro-della-mia-carriera\/#breadcrumb","itemListElement":[{"@type":"ListItem","position":1,"name":"Home","item":"https:\/\/cyclingpro.net\/spaziociclismo\/"},{"@type":"ListItem","position":2,"name":"Giro d&#8217;Italia, Contador rivela: &#8220;Nel 2015 sul Mortirolo il giorno pi\u00f9 duro della mia carriera&#8221;"}]},{"@type":"WebSite","@id":"https:\/\/cyclingpro.net\/spaziociclismo\/#website","url":"https:\/\/cyclingpro.net\/spaziociclismo\/","name":"SpazioCiclismo","description":"Tutto il ciclismo minuto per minuto","publisher":{"@id":"https:\/\/cyclingpro.net\/spaziociclismo\/#organization"},"potentialAction":[{"@type":"SearchAction","target":{"@type":"EntryPoint","urlTemplate":"https:\/\/cyclingpro.net\/spaziociclismo\/?s={search_term_string}"},"query-input":{"@type":"PropertyValueSpecification","valueRequired":true,"valueName":"search_term_string"}}],"inLanguage":"it-IT"},{"@type":"Organization","@id":"https:\/\/cyclingpro.net\/spaziociclismo\/#organization","name":"SpazioCiclismo","url":"https:\/\/cyclingpro.net\/spaziociclismo\/","logo":{"@type":"ImageObject","inLanguage":"it-IT","@id":"https:\/\/cyclingpro.net\/spaziociclismo\/#\/schema\/logo\/image\/","url":"https:\/\/cyclingpro.net\/spaziociclismo\/wp-content\/uploads\/2017\/02\/SpazioCiclismo-Logo-Quadrato.png","contentUrl":"https:\/\/cyclingpro.net\/spaziociclismo\/wp-content\/uploads\/2017\/02\/SpazioCiclismo-Logo-Quadrato.png","width":450,"height":450,"caption":"SpazioCiclismo"},"image":{"@id":"https:\/\/cyclingpro.net\/spaziociclismo\/#\/schema\/logo\/image\/"},"sameAs":["https:\/\/www.facebook.com\/SpazioCiclismo\/","https:\/\/x.com\/spaziociclismo","https:\/\/www.instagram.com\/spaziociclismo\/"]},{"@type":"Person","@id":"https:\/\/cyclingpro.net\/spaziociclismo\/#\/schema\/person\/725ec78c48a91f72048254d239efdcc8","name":"Marco Ferri","image":{"@type":"ImageObject","inLanguage":"it-IT","@id":"https:\/\/secure.gravatar.com\/avatar\/66bab06aad84c60d9d01ec02d82ce0cf3d93b3e3a75abd5039a7b135ff711a07?s=96&d=mm&r=g","url":"https:\/\/secure.gravatar.com\/avatar\/66bab06aad84c60d9d01ec02d82ce0cf3d93b3e3a75abd5039a7b135ff711a07?s=96&d=mm&r=g","contentUrl":"https:\/\/secure.gravatar.com\/avatar\/66bab06aad84c60d9d01ec02d82ce0cf3d93b3e3a75abd5039a7b135ff711a07?s=96&d=mm&r=g","caption":"Marco Ferri"},"url":"https:\/\/cyclingpro.net\/spaziociclismo\/author\/mferri\/"}]}},"_links":{"self":[{"href":"https:\/\/cyclingpro.net\/spaziociclismo\/wp-json\/wp\/v2\/posts\/75624","targetHints":{"allow":["GET"]}}],"collection":[{"href":"https:\/\/cyclingpro.net\/spaziociclismo\/wp-json\/wp\/v2\/posts"}],"about":[{"href":"https:\/\/cyclingpro.net\/spaziociclismo\/wp-json\/wp\/v2\/types\/post"}],"author":[{"embeddable":true,"href":"https:\/\/cyclingpro.net\/spaziociclismo\/wp-json\/wp\/v2\/users\/10"}],"replies":[{"embeddable":true,"href":"https:\/\/cyclingpro.net\/spaziociclismo\/wp-json\/wp\/v2\/comments?post=75624"}],"version-history":[{"count":1,"href":"https:\/\/cyclingpro.net\/spaziociclismo\/wp-json\/wp\/v2\/posts\/75624\/revisions"}],"predecessor-version":[{"id":75626,"href":"https:\/\/cyclingpro.net\/spaziociclismo\/wp-json\/wp\/v2\/posts\/75624\/revisions\/75626"}],"wp:featuredmedia":[{"embeddable":true,"href":"https:\/\/cyclingpro.net\/spaziociclismo\/wp-json\/wp\/v2\/media\/75625"}],"wp:attachment":[{"href":"https:\/\/cyclingpro.net\/spaziociclismo\/wp-json\/wp\/v2\/media?parent=75624"}],"wp:term":[{"taxonomy":"category","embeddable":true,"href":"https:\/\/cyclingpro.net\/spaziociclismo\/wp-json\/wp\/v2\/categories?post=75624"},{"taxonomy":"post_tag","embeddable":true,"href":"https:\/\/cyclingpro.net\/spaziociclismo\/wp-json\/wp\/v2\/tags?post=75624"}],"curies":[{"name":"wp","href":"https:\/\/api.w.org\/{rel}","templated":true}]}}