{"id":394138,"date":"2026-09-06T19:41:08","date_gmt":"2026-09-06T17:41:08","guid":{"rendered":"https:\/\/cyclingpro.net\/spaziociclismo\/?p=394138"},"modified":"2026-09-06T19:42:55","modified_gmt":"2026-09-06T17:42:55","slug":"vuelta-a-espana-2026-matthew-brennan-sulle-condizioni-di-caldo-estremo-cosa-stiamo-facendo-cerano-44-gradi-aspettiamo-che-qualcuno-finisca-in-ospedale","status":"publish","type":"post","link":"https:\/\/cyclingpro.net\/spaziociclismo\/vuelta-2026\/vuelta-a-espana-2026-matthew-brennan-sulle-condizioni-di-caldo-estremo-cosa-stiamo-facendo-cerano-44-gradi-aspettiamo-che-qualcuno-finisca-in-ospedale\/","title":{"rendered":"Vuelta a Espa\u00f1a 2026, Matthew Brennan sulle condizioni di caldo estremo: &#8220;Cosa stiamo facendo? C&#8217;erano 44 gradi, aspettiamo che qualcuno finisca in ospedale?&#8221;"},"content":{"rendered":"<p>La tappa numero 15 della <strong>Vuelta a Espa\u00f1a 2026<\/strong> \u00e8 stata caratterizzata da temperature abnormi. Il caldo fuori scala che ha colpito l&#8217;Europa occidentale in questi mesi non sta mollando la presa neppure con l&#8217;arrivo di settembre e per la tappa di domenica 6 settembre, disputatasi in una zona gi\u00e0 di suo tradizionalmente molto calda come l&#8217;Andalusia, <a href=\"https:\/\/cyclingpro.net\/spaziociclismo\/vuelta-2026\/vuelta-a-espana-2026-15a-tappa-accorciata-a-causa-del-forte-caldo\/\" target=\"_blank\" rel=\"noopener\">gli organizzatori hanno deciso di tagliare il chilometraggio previsto<\/a>. Le temperature, per\u00f2, quelle sono e quelle sono rimaste, tanto che i corridori hanno dovuto gareggiare in condizioni a dir poco proibitive, con il termometro che \u00e8 arrivato anche a quota 44\u00b0.<\/p>\n<p>In gruppo c&#8217;\u00e8 chi non l&#8217;ha presa per niente bene. &#8220;Una tappa come oggi proprio non la rifarei &#8211; le parole di <strong>Matthew Brennan<\/strong>, uno dei corridori pi\u00f9 rilevanti in corsa, raccolte da <em>Eurosport<\/em> &#8211; D\u00e0i, abbiamo avuto una temperatura media di 41 gradi. Media, sottolineo.<strong> Sulla salita all&#8217;inizio del percorso di gradi ce ne&#8217;erano 44. A quel punto ti viene da chiederti: &#8216;Cosa stiamo facendo qui?&#8217;<\/strong>&#8220;.<\/p>\n<p>Il velocista della <strong>Visma|Lease a Bike,<\/strong> gi\u00e0 vincitore di tre tappe in questa Vuelta, \u00e8 molto schietto nell&#8217;esporre il suo punto di vista: &#8220;Un impiegato in ufficio deve avere 20 gradi o gi\u00f9 di l\u00ec. <strong>E sono sicuro che i signori dell&#8217;Unione Ciclistica Internazionale nei loro uffici avranno quella temperatura.<\/strong> Quindi, quando penso che noi siamo qui a lottare per loro&#8230; Di certo non \u00e8 l&#8217;ideale. Lo facciamo e proviamo a offrire uno spettacolo. Per\u00f2, non sarebbe una sorpresa se qualcuno stasera dovesse finire trasportato in ospedale con un colpo di calore&#8221;.<\/p>\n","protected":false},"excerpt":{"rendered":"<p>Il tri-vincitore di tappa non nasconde il suo disappunto: &#8220;I signori dell&#8217;UCI intanto staranno nei loro uffici con l&#8217;aria condizionata a 20 gradi&#8230;&#8221;. #LaVuelta26<\/p>\n","protected":false},"author":25,"featured_media":394139,"comment_status":"open","ping_status":"closed","sticky":false,"template":"","format":"standard","meta":{"footnotes":"","_members_access_role":[],"_members_access_error":""},"categories":[6589],"tags":[5752],"class_list":["post-394138","post","type-post","status-publish","format-standard","has-post-thumbnail","hentry","category-vuelta-2026","tag-vuelta-a-espana-2026"],"yoast_head":"<!-- This site is optimized with the Yoast SEO plugin v28.4 - https:\/\/yoast.com\/product\/yoast-seo-wordpress\/ -->\n<title>Vuelta a Espa\u00f1a 2026, Matthew Brennan sulle condizioni di caldo estremo: &quot;Cosa stiamo facendo? C&#039;erano 44 gradi, aspettiamo che qualcuno finisca in ospedale?&quot; - SpazioCiclismo<\/title>\n<meta name=\"robots\" content=\"index, follow, max-snippet:-1, max-image-preview:large, max-video-preview:-1\" \/>\n<link rel=\"canonical\" href=\"https:\/\/cyclingpro.net\/spaziociclismo\/vuelta-2026\/vuelta-a-espana-2026-matthew-brennan-sulle-condizioni-di-caldo-estremo-cosa-stiamo-facendo-cerano-44-gradi-aspettiamo-che-qualcuno-finisca-in-ospedale\/\" \/>\n<meta property=\"og:locale\" content=\"it_IT\" \/>\n<meta property=\"og:type\" content=\"article\" \/>\n<meta property=\"og:title\" content=\"Vuelta a Espa\u00f1a 2026, Matthew Brennan sulle condizioni di caldo estremo: &quot;Cosa stiamo facendo? C&#039;erano 44 gradi, aspettiamo che qualcuno finisca in ospedale?&quot; - SpazioCiclismo\" \/>\n<meta property=\"og:description\" content=\"Il tri-vincitore di tappa non nasconde il suo disappunto: &quot;I signori dell&#039;UCI intanto staranno nei loro uffici con l&#039;aria condizionata a 20 gradi...&quot;. #LaVuelta26\" \/>\n<meta property=\"og:url\" content=\"https:\/\/cyclingpro.net\/spaziociclismo\/vuelta-2026\/vuelta-a-espana-2026-matthew-brennan-sulle-condizioni-di-caldo-estremo-cosa-stiamo-facendo-cerano-44-gradi-aspettiamo-che-qualcuno-finisca-in-ospedale\/\" \/>\n<meta property=\"og:site_name\" content=\"SpazioCiclismo\" \/>\n<meta property=\"article:publisher\" content=\"https:\/\/www.facebook.com\/SpazioCiclismo\/\" \/>\n<meta property=\"article:published_time\" content=\"2026-09-06T17:41:08+00:00\" \/>\n<meta property=\"article:modified_time\" content=\"2026-09-06T17:42:55+00:00\" \/>\n<meta property=\"og:image\" content=\"https:\/\/cyclingpro.net\/spaziociclismo\/wp-content\/uploads\/2026\/09\/1291379506-scaled.jpg\" \/>\n\t<meta property=\"og:image:width\" content=\"2560\" \/>\n\t<meta property=\"og:image:height\" content=\"1707\" \/>\n\t<meta property=\"og:image:type\" content=\"image\/jpeg\" \/>\n<meta name=\"author\" content=\"Francesco Mitola\" \/>\n<meta name=\"twitter:card\" content=\"summary_large_image\" \/>\n<meta name=\"twitter:creator\" content=\"@spaziociclismo\" \/>\n<meta name=\"twitter:site\" content=\"@spaziociclismo\" \/>\n<meta name=\"twitter:label1\" content=\"Scritto da\" \/>\n\t<meta name=\"twitter:data1\" content=\"Francesco Mitola\" \/>\n\t<meta name=\"twitter:label2\" content=\"Tempo di lettura stimato\" \/>\n\t<meta name=\"twitter:data2\" content=\"2 minuti\" \/>\n<script type=\"application\/ld+json\" class=\"yoast-schema-graph\">{\"@context\":\"https:\\\/\\\/schema.org\",\"@graph\":[{\"@type\":\"Article\",\"@id\":\"https:\\\/\\\/cyclingpro.net\\\/spaziociclismo\\\/vuelta-2026\\\/vuelta-a-espana-2026-matthew-brennan-sulle-condizioni-di-caldo-estremo-cosa-stiamo-facendo-cerano-44-gradi-aspettiamo-che-qualcuno-finisca-in-ospedale\\\/#article\",\"isPartOf\":{\"@id\":\"https:\\\/\\\/cyclingpro.net\\\/spaziociclismo\\\/vuelta-2026\\\/vuelta-a-espana-2026-matthew-brennan-sulle-condizioni-di-caldo-estremo-cosa-stiamo-facendo-cerano-44-gradi-aspettiamo-che-qualcuno-finisca-in-ospedale\\\/\"},\"author\":{\"name\":\"Francesco Mitola\",\"@id\":\"https:\\\/\\\/cyclingpro.net\\\/spaziociclismo\\\/#\\\/schema\\\/person\\\/627dbc08c9712c25304b059bbb765de8\"},\"headline\":\"Vuelta a Espa\u00f1a 2026, Matthew Brennan sulle condizioni di caldo estremo: &#8220;Cosa stiamo facendo? C&#8217;erano 44 gradi, aspettiamo che qualcuno finisca in ospedale?&#8221;\",\"datePublished\":\"2026-09-06T17:41:08+00:00\",\"dateModified\":\"2026-09-06T17:42:55+00:00\",\"mainEntityOfPage\":{\"@id\":\"https:\\\/\\\/cyclingpro.net\\\/spaziociclismo\\\/vuelta-2026\\\/vuelta-a-espana-2026-matthew-brennan-sulle-condizioni-di-caldo-estremo-cosa-stiamo-facendo-cerano-44-gradi-aspettiamo-che-qualcuno-finisca-in-ospedale\\\/\"},\"wordCount\":281,\"commentCount\":0,\"publisher\":{\"@id\":\"https:\\\/\\\/cyclingpro.net\\\/spaziociclismo\\\/#organization\"},\"image\":{\"@id\":\"https:\\\/\\\/cyclingpro.net\\\/spaziociclismo\\\/vuelta-2026\\\/vuelta-a-espana-2026-matthew-brennan-sulle-condizioni-di-caldo-estremo-cosa-stiamo-facendo-cerano-44-gradi-aspettiamo-che-qualcuno-finisca-in-ospedale\\\/#primaryimage\"},\"thumbnailUrl\":\"https:\\\/\\\/cyclingpro.net\\\/spaziociclismo\\\/wp-content\\\/uploads\\\/2026\\\/09\\\/1291379506-scaled.jpg\",\"keywords\":[\"Vuelta a Espa\u00f1a 2026\"],\"articleSection\":[\"Vuelta 2026\"],\"inLanguage\":\"it-IT\",\"potentialAction\":[{\"@type\":\"CommentAction\",\"name\":\"Comment\",\"target\":[\"https:\\\/\\\/cyclingpro.net\\\/spaziociclismo\\\/vuelta-2026\\\/vuelta-a-espana-2026-matthew-brennan-sulle-condizioni-di-caldo-estremo-cosa-stiamo-facendo-cerano-44-gradi-aspettiamo-che-qualcuno-finisca-in-ospedale\\\/#respond\"]}]},{\"@type\":\"WebPage\",\"@id\":\"https:\\\/\\\/cyclingpro.net\\\/spaziociclismo\\\/vuelta-2026\\\/vuelta-a-espana-2026-matthew-brennan-sulle-condizioni-di-caldo-estremo-cosa-stiamo-facendo-cerano-44-gradi-aspettiamo-che-qualcuno-finisca-in-ospedale\\\/\",\"url\":\"https:\\\/\\\/cyclingpro.net\\\/spaziociclismo\\\/vuelta-2026\\\/vuelta-a-espana-2026-matthew-brennan-sulle-condizioni-di-caldo-estremo-cosa-stiamo-facendo-cerano-44-gradi-aspettiamo-che-qualcuno-finisca-in-ospedale\\\/\",\"name\":\"Vuelta a Espa\u00f1a 2026, Matthew Brennan sulle condizioni di caldo estremo: \\\"Cosa stiamo facendo? C'erano 44 gradi, aspettiamo che qualcuno finisca in ospedale?\\\" - SpazioCiclismo\",\"isPartOf\":{\"@id\":\"https:\\\/\\\/cyclingpro.net\\\/spaziociclismo\\\/#website\"},\"primaryImageOfPage\":{\"@id\":\"https:\\\/\\\/cyclingpro.net\\\/spaziociclismo\\\/vuelta-2026\\\/vuelta-a-espana-2026-matthew-brennan-sulle-condizioni-di-caldo-estremo-cosa-stiamo-facendo-cerano-44-gradi-aspettiamo-che-qualcuno-finisca-in-ospedale\\\/#primaryimage\"},\"image\":{\"@id\":\"https:\\\/\\\/cyclingpro.net\\\/spaziociclismo\\\/vuelta-2026\\\/vuelta-a-espana-2026-matthew-brennan-sulle-condizioni-di-caldo-estremo-cosa-stiamo-facendo-cerano-44-gradi-aspettiamo-che-qualcuno-finisca-in-ospedale\\\/#primaryimage\"},\"thumbnailUrl\":\"https:\\\/\\\/cyclingpro.net\\\/spaziociclismo\\\/wp-content\\\/uploads\\\/2026\\\/09\\\/1291379506-scaled.jpg\",\"datePublished\":\"2026-09-06T17:41:08+00:00\",\"dateModified\":\"2026-09-06T17:42:55+00:00\",\"breadcrumb\":{\"@id\":\"https:\\\/\\\/cyclingpro.net\\\/spaziociclismo\\\/vuelta-2026\\\/vuelta-a-espana-2026-matthew-brennan-sulle-condizioni-di-caldo-estremo-cosa-stiamo-facendo-cerano-44-gradi-aspettiamo-che-qualcuno-finisca-in-ospedale\\\/#breadcrumb\"},\"inLanguage\":\"it-IT\",\"potentialAction\":[{\"@type\":\"ReadAction\",\"target\":[\"https:\\\/\\\/cyclingpro.net\\\/spaziociclismo\\\/vuelta-2026\\\/vuelta-a-espana-2026-matthew-brennan-sulle-condizioni-di-caldo-estremo-cosa-stiamo-facendo-cerano-44-gradi-aspettiamo-che-qualcuno-finisca-in-ospedale\\\/\"]}]},{\"@type\":\"ImageObject\",\"inLanguage\":\"it-IT\",\"@id\":\"https:\\\/\\\/cyclingpro.net\\\/spaziociclismo\\\/vuelta-2026\\\/vuelta-a-espana-2026-matthew-brennan-sulle-condizioni-di-caldo-estremo-cosa-stiamo-facendo-cerano-44-gradi-aspettiamo-che-qualcuno-finisca-in-ospedale\\\/#primaryimage\",\"url\":\"https:\\\/\\\/cyclingpro.net\\\/spaziociclismo\\\/wp-content\\\/uploads\\\/2026\\\/09\\\/1291379506-scaled.jpg\",\"contentUrl\":\"https:\\\/\\\/cyclingpro.net\\\/spaziociclismo\\\/wp-content\\\/uploads\\\/2026\\\/09\\\/1291379506-scaled.jpg\",\"width\":2560,\"height\":1707,\"caption\":\"\u00a9 Sirotti\"},{\"@type\":\"BreadcrumbList\",\"@id\":\"https:\\\/\\\/cyclingpro.net\\\/spaziociclismo\\\/vuelta-2026\\\/vuelta-a-espana-2026-matthew-brennan-sulle-condizioni-di-caldo-estremo-cosa-stiamo-facendo-cerano-44-gradi-aspettiamo-che-qualcuno-finisca-in-ospedale\\\/#breadcrumb\",\"itemListElement\":[{\"@type\":\"ListItem\",\"position\":1,\"name\":\"Home\",\"item\":\"https:\\\/\\\/cyclingpro.net\\\/spaziociclismo\\\/\"},{\"@type\":\"ListItem\",\"position\":2,\"name\":\"Vuelta a Espa\u00f1a 2026, Matthew Brennan sulle condizioni di caldo estremo: &#8220;Cosa stiamo facendo? C&#8217;erano 44 gradi, aspettiamo che qualcuno finisca in ospedale?&#8221;\"}]},{\"@type\":\"WebSite\",\"@id\":\"https:\\\/\\\/cyclingpro.net\\\/spaziociclismo\\\/#website\",\"url\":\"https:\\\/\\\/cyclingpro.net\\\/spaziociclismo\\\/\",\"name\":\"SpazioCiclismo\",\"description\":\"Tutto il ciclismo minuto per minuto\",\"publisher\":{\"@id\":\"https:\\\/\\\/cyclingpro.net\\\/spaziociclismo\\\/#organization\"},\"potentialAction\":[{\"@type\":\"SearchAction\",\"target\":{\"@type\":\"EntryPoint\",\"urlTemplate\":\"https:\\\/\\\/cyclingpro.net\\\/spaziociclismo\\\/?s={search_term_string}\"},\"query-input\":{\"@type\":\"PropertyValueSpecification\",\"valueRequired\":true,\"valueName\":\"search_term_string\"}}],\"inLanguage\":\"it-IT\"},{\"@type\":\"Organization\",\"@id\":\"https:\\\/\\\/cyclingpro.net\\\/spaziociclismo\\\/#organization\",\"name\":\"SpazioCiclismo\",\"url\":\"https:\\\/\\\/cyclingpro.net\\\/spaziociclismo\\\/\",\"logo\":{\"@type\":\"ImageObject\",\"inLanguage\":\"it-IT\",\"@id\":\"https:\\\/\\\/cyclingpro.net\\\/spaziociclismo\\\/#\\\/schema\\\/logo\\\/image\\\/\",\"url\":\"https:\\\/\\\/cyclingpro.net\\\/spaziociclismo\\\/wp-content\\\/uploads\\\/2017\\\/02\\\/SpazioCiclismo-Logo-Quadrato.png\",\"contentUrl\":\"https:\\\/\\\/cyclingpro.net\\\/spaziociclismo\\\/wp-content\\\/uploads\\\/2017\\\/02\\\/SpazioCiclismo-Logo-Quadrato.png\",\"width\":450,\"height\":450,\"caption\":\"SpazioCiclismo\"},\"image\":{\"@id\":\"https:\\\/\\\/cyclingpro.net\\\/spaziociclismo\\\/#\\\/schema\\\/logo\\\/image\\\/\"},\"sameAs\":[\"https:\\\/\\\/www.facebook.com\\\/SpazioCiclismo\\\/\",\"https:\\\/\\\/x.com\\\/spaziociclismo\",\"https:\\\/\\\/www.instagram.com\\\/spaziociclismo\\\/\"]},{\"@type\":\"Person\",\"@id\":\"https:\\\/\\\/cyclingpro.net\\\/spaziociclismo\\\/#\\\/schema\\\/person\\\/627dbc08c9712c25304b059bbb765de8\",\"name\":\"Francesco Mitola\",\"image\":{\"@type\":\"ImageObject\",\"inLanguage\":\"it-IT\",\"@id\":\"https:\\\/\\\/secure.gravatar.com\\\/avatar\\\/dc58a640368550cd17129d2ff185eec5cb2821b7c3403fc06dcaca847ae762d3?s=96&d=mm&r=g\",\"url\":\"https:\\\/\\\/secure.gravatar.com\\\/avatar\\\/dc58a640368550cd17129d2ff185eec5cb2821b7c3403fc06dcaca847ae762d3?s=96&d=mm&r=g\",\"contentUrl\":\"https:\\\/\\\/secure.gravatar.com\\\/avatar\\\/dc58a640368550cd17129d2ff185eec5cb2821b7c3403fc06dcaca847ae762d3?s=96&d=mm&r=g\",\"caption\":\"Francesco Mitola\"},\"url\":\"https:\\\/\\\/cyclingpro.net\\\/spaziociclismo\\\/author\\\/fmitola\\\/\"}]}<\/script>\n<!-- \/ Yoast SEO plugin. -->","yoast_head_json":{"title":"Vuelta a Espa\u00f1a 2026, Matthew Brennan sulle condizioni di caldo estremo: \"Cosa stiamo facendo? C'erano 44 gradi, aspettiamo che qualcuno finisca in ospedale?\" - SpazioCiclismo","robots":{"index":"index","follow":"follow","max-snippet":"max-snippet:-1","max-image-preview":"max-image-preview:large","max-video-preview":"max-video-preview:-1"},"canonical":"https:\/\/cyclingpro.net\/spaziociclismo\/vuelta-2026\/vuelta-a-espana-2026-matthew-brennan-sulle-condizioni-di-caldo-estremo-cosa-stiamo-facendo-cerano-44-gradi-aspettiamo-che-qualcuno-finisca-in-ospedale\/","og_locale":"it_IT","og_type":"article","og_title":"Vuelta a Espa\u00f1a 2026, Matthew Brennan sulle condizioni di caldo estremo: \"Cosa stiamo facendo? C'erano 44 gradi, aspettiamo che qualcuno finisca in ospedale?\" - SpazioCiclismo","og_description":"Il tri-vincitore di tappa non nasconde il suo disappunto: \"I signori dell'UCI intanto staranno nei loro uffici con l'aria condizionata a 20 gradi...\". #LaVuelta26","og_url":"https:\/\/cyclingpro.net\/spaziociclismo\/vuelta-2026\/vuelta-a-espana-2026-matthew-brennan-sulle-condizioni-di-caldo-estremo-cosa-stiamo-facendo-cerano-44-gradi-aspettiamo-che-qualcuno-finisca-in-ospedale\/","og_site_name":"SpazioCiclismo","article_publisher":"https:\/\/www.facebook.com\/SpazioCiclismo\/","article_published_time":"2026-09-06T17:41:08+00:00","article_modified_time":"2026-09-06T17:42:55+00:00","og_image":[{"width":2560,"height":1707,"url":"https:\/\/cyclingpro.net\/spaziociclismo\/wp-content\/uploads\/2026\/09\/1291379506-scaled.jpg","type":"image\/jpeg"}],"author":"Francesco Mitola","twitter_card":"summary_large_image","twitter_creator":"@spaziociclismo","twitter_site":"@spaziociclismo","twitter_misc":{"Scritto da":"Francesco Mitola","Tempo di lettura stimato":"2 minuti"},"schema":{"@context":"https:\/\/schema.org","@graph":[{"@type":"Article","@id":"https:\/\/cyclingpro.net\/spaziociclismo\/vuelta-2026\/vuelta-a-espana-2026-matthew-brennan-sulle-condizioni-di-caldo-estremo-cosa-stiamo-facendo-cerano-44-gradi-aspettiamo-che-qualcuno-finisca-in-ospedale\/#article","isPartOf":{"@id":"https:\/\/cyclingpro.net\/spaziociclismo\/vuelta-2026\/vuelta-a-espana-2026-matthew-brennan-sulle-condizioni-di-caldo-estremo-cosa-stiamo-facendo-cerano-44-gradi-aspettiamo-che-qualcuno-finisca-in-ospedale\/"},"author":{"name":"Francesco Mitola","@id":"https:\/\/cyclingpro.net\/spaziociclismo\/#\/schema\/person\/627dbc08c9712c25304b059bbb765de8"},"headline":"Vuelta a Espa\u00f1a 2026, Matthew Brennan sulle condizioni di caldo estremo: &#8220;Cosa stiamo facendo? C&#8217;erano 44 gradi, aspettiamo che qualcuno finisca in ospedale?&#8221;","datePublished":"2026-09-06T17:41:08+00:00","dateModified":"2026-09-06T17:42:55+00:00","mainEntityOfPage":{"@id":"https:\/\/cyclingpro.net\/spaziociclismo\/vuelta-2026\/vuelta-a-espana-2026-matthew-brennan-sulle-condizioni-di-caldo-estremo-cosa-stiamo-facendo-cerano-44-gradi-aspettiamo-che-qualcuno-finisca-in-ospedale\/"},"wordCount":281,"commentCount":0,"publisher":{"@id":"https:\/\/cyclingpro.net\/spaziociclismo\/#organization"},"image":{"@id":"https:\/\/cyclingpro.net\/spaziociclismo\/vuelta-2026\/vuelta-a-espana-2026-matthew-brennan-sulle-condizioni-di-caldo-estremo-cosa-stiamo-facendo-cerano-44-gradi-aspettiamo-che-qualcuno-finisca-in-ospedale\/#primaryimage"},"thumbnailUrl":"https:\/\/cyclingpro.net\/spaziociclismo\/wp-content\/uploads\/2026\/09\/1291379506-scaled.jpg","keywords":["Vuelta a Espa\u00f1a 2026"],"articleSection":["Vuelta 2026"],"inLanguage":"it-IT","potentialAction":[{"@type":"CommentAction","name":"Comment","target":["https:\/\/cyclingpro.net\/spaziociclismo\/vuelta-2026\/vuelta-a-espana-2026-matthew-brennan-sulle-condizioni-di-caldo-estremo-cosa-stiamo-facendo-cerano-44-gradi-aspettiamo-che-qualcuno-finisca-in-ospedale\/#respond"]}]},{"@type":"WebPage","@id":"https:\/\/cyclingpro.net\/spaziociclismo\/vuelta-2026\/vuelta-a-espana-2026-matthew-brennan-sulle-condizioni-di-caldo-estremo-cosa-stiamo-facendo-cerano-44-gradi-aspettiamo-che-qualcuno-finisca-in-ospedale\/","url":"https:\/\/cyclingpro.net\/spaziociclismo\/vuelta-2026\/vuelta-a-espana-2026-matthew-brennan-sulle-condizioni-di-caldo-estremo-cosa-stiamo-facendo-cerano-44-gradi-aspettiamo-che-qualcuno-finisca-in-ospedale\/","name":"Vuelta a Espa\u00f1a 2026, Matthew Brennan sulle condizioni di caldo estremo: \"Cosa stiamo facendo? C'erano 44 gradi, aspettiamo che qualcuno finisca in ospedale?\" - SpazioCiclismo","isPartOf":{"@id":"https:\/\/cyclingpro.net\/spaziociclismo\/#website"},"primaryImageOfPage":{"@id":"https:\/\/cyclingpro.net\/spaziociclismo\/vuelta-2026\/vuelta-a-espana-2026-matthew-brennan-sulle-condizioni-di-caldo-estremo-cosa-stiamo-facendo-cerano-44-gradi-aspettiamo-che-qualcuno-finisca-in-ospedale\/#primaryimage"},"image":{"@id":"https:\/\/cyclingpro.net\/spaziociclismo\/vuelta-2026\/vuelta-a-espana-2026-matthew-brennan-sulle-condizioni-di-caldo-estremo-cosa-stiamo-facendo-cerano-44-gradi-aspettiamo-che-qualcuno-finisca-in-ospedale\/#primaryimage"},"thumbnailUrl":"https:\/\/cyclingpro.net\/spaziociclismo\/wp-content\/uploads\/2026\/09\/1291379506-scaled.jpg","datePublished":"2026-09-06T17:41:08+00:00","dateModified":"2026-09-06T17:42:55+00:00","breadcrumb":{"@id":"https:\/\/cyclingpro.net\/spaziociclismo\/vuelta-2026\/vuelta-a-espana-2026-matthew-brennan-sulle-condizioni-di-caldo-estremo-cosa-stiamo-facendo-cerano-44-gradi-aspettiamo-che-qualcuno-finisca-in-ospedale\/#breadcrumb"},"inLanguage":"it-IT","potentialAction":[{"@type":"ReadAction","target":["https:\/\/cyclingpro.net\/spaziociclismo\/vuelta-2026\/vuelta-a-espana-2026-matthew-brennan-sulle-condizioni-di-caldo-estremo-cosa-stiamo-facendo-cerano-44-gradi-aspettiamo-che-qualcuno-finisca-in-ospedale\/"]}]},{"@type":"ImageObject","inLanguage":"it-IT","@id":"https:\/\/cyclingpro.net\/spaziociclismo\/vuelta-2026\/vuelta-a-espana-2026-matthew-brennan-sulle-condizioni-di-caldo-estremo-cosa-stiamo-facendo-cerano-44-gradi-aspettiamo-che-qualcuno-finisca-in-ospedale\/#primaryimage","url":"https:\/\/cyclingpro.net\/spaziociclismo\/wp-content\/uploads\/2026\/09\/1291379506-scaled.jpg","contentUrl":"https:\/\/cyclingpro.net\/spaziociclismo\/wp-content\/uploads\/2026\/09\/1291379506-scaled.jpg","width":2560,"height":1707,"caption":"\u00a9 Sirotti"},{"@type":"BreadcrumbList","@id":"https:\/\/cyclingpro.net\/spaziociclismo\/vuelta-2026\/vuelta-a-espana-2026-matthew-brennan-sulle-condizioni-di-caldo-estremo-cosa-stiamo-facendo-cerano-44-gradi-aspettiamo-che-qualcuno-finisca-in-ospedale\/#breadcrumb","itemListElement":[{"@type":"ListItem","position":1,"name":"Home","item":"https:\/\/cyclingpro.net\/spaziociclismo\/"},{"@type":"ListItem","position":2,"name":"Vuelta a Espa\u00f1a 2026, Matthew Brennan sulle condizioni di caldo estremo: &#8220;Cosa stiamo facendo? C&#8217;erano 44 gradi, aspettiamo che qualcuno finisca in ospedale?&#8221;"}]},{"@type":"WebSite","@id":"https:\/\/cyclingpro.net\/spaziociclismo\/#website","url":"https:\/\/cyclingpro.net\/spaziociclismo\/","name":"SpazioCiclismo","description":"Tutto il ciclismo minuto per minuto","publisher":{"@id":"https:\/\/cyclingpro.net\/spaziociclismo\/#organization"},"potentialAction":[{"@type":"SearchAction","target":{"@type":"EntryPoint","urlTemplate":"https:\/\/cyclingpro.net\/spaziociclismo\/?s={search_term_string}"},"query-input":{"@type":"PropertyValueSpecification","valueRequired":true,"valueName":"search_term_string"}}],"inLanguage":"it-IT"},{"@type":"Organization","@id":"https:\/\/cyclingpro.net\/spaziociclismo\/#organization","name":"SpazioCiclismo","url":"https:\/\/cyclingpro.net\/spaziociclismo\/","logo":{"@type":"ImageObject","inLanguage":"it-IT","@id":"https:\/\/cyclingpro.net\/spaziociclismo\/#\/schema\/logo\/image\/","url":"https:\/\/cyclingpro.net\/spaziociclismo\/wp-content\/uploads\/2017\/02\/SpazioCiclismo-Logo-Quadrato.png","contentUrl":"https:\/\/cyclingpro.net\/spaziociclismo\/wp-content\/uploads\/2017\/02\/SpazioCiclismo-Logo-Quadrato.png","width":450,"height":450,"caption":"SpazioCiclismo"},"image":{"@id":"https:\/\/cyclingpro.net\/spaziociclismo\/#\/schema\/logo\/image\/"},"sameAs":["https:\/\/www.facebook.com\/SpazioCiclismo\/","https:\/\/x.com\/spaziociclismo","https:\/\/www.instagram.com\/spaziociclismo\/"]},{"@type":"Person","@id":"https:\/\/cyclingpro.net\/spaziociclismo\/#\/schema\/person\/627dbc08c9712c25304b059bbb765de8","name":"Francesco Mitola","image":{"@type":"ImageObject","inLanguage":"it-IT","@id":"https:\/\/secure.gravatar.com\/avatar\/dc58a640368550cd17129d2ff185eec5cb2821b7c3403fc06dcaca847ae762d3?s=96&d=mm&r=g","url":"https:\/\/secure.gravatar.com\/avatar\/dc58a640368550cd17129d2ff185eec5cb2821b7c3403fc06dcaca847ae762d3?s=96&d=mm&r=g","contentUrl":"https:\/\/secure.gravatar.com\/avatar\/dc58a640368550cd17129d2ff185eec5cb2821b7c3403fc06dcaca847ae762d3?s=96&d=mm&r=g","caption":"Francesco Mitola"},"url":"https:\/\/cyclingpro.net\/spaziociclismo\/author\/fmitola\/"}]}},"_links":{"self":[{"href":"https:\/\/cyclingpro.net\/spaziociclismo\/wp-json\/wp\/v2\/posts\/394138","targetHints":{"allow":["GET"]}}],"collection":[{"href":"https:\/\/cyclingpro.net\/spaziociclismo\/wp-json\/wp\/v2\/posts"}],"about":[{"href":"https:\/\/cyclingpro.net\/spaziociclismo\/wp-json\/wp\/v2\/types\/post"}],"author":[{"embeddable":true,"href":"https:\/\/cyclingpro.net\/spaziociclismo\/wp-json\/wp\/v2\/users\/25"}],"replies":[{"embeddable":true,"href":"https:\/\/cyclingpro.net\/spaziociclismo\/wp-json\/wp\/v2\/comments?post=394138"}],"version-history":[{"count":2,"href":"https:\/\/cyclingpro.net\/spaziociclismo\/wp-json\/wp\/v2\/posts\/394138\/revisions"}],"predecessor-version":[{"id":394141,"href":"https:\/\/cyclingpro.net\/spaziociclismo\/wp-json\/wp\/v2\/posts\/394138\/revisions\/394141"}],"wp:featuredmedia":[{"embeddable":true,"href":"https:\/\/cyclingpro.net\/spaziociclismo\/wp-json\/wp\/v2\/media\/394139"}],"wp:attachment":[{"href":"https:\/\/cyclingpro.net\/spaziociclismo\/wp-json\/wp\/v2\/media?parent=394138"}],"wp:term":[{"taxonomy":"category","embeddable":true,"href":"https:\/\/cyclingpro.net\/spaziociclismo\/wp-json\/wp\/v2\/categories?post=394138"},{"taxonomy":"post_tag","embeddable":true,"href":"https:\/\/cyclingpro.net\/spaziociclismo\/wp-json\/wp\/v2\/tags?post=394138"}],"curies":[{"name":"wp","href":"https:\/\/api.w.org\/{rel}","templated":true}]}}