{"id":394128,"date":"2026-09-06T19:13:54","date_gmt":"2026-09-06T17:13:54","guid":{"rendered":"https:\/\/cyclingpro.net\/spaziociclismo\/?p=394128"},"modified":"2026-09-06T19:13:54","modified_gmt":"2026-09-06T17:13:54","slug":"vuelta-a-espana-2026-altro-giorno-in-rosso-per-enric-mas-la-tappa-non-e-andata-proprio-come-ci-aspettavamo-ma-va-bene-cosi","status":"publish","type":"post","link":"https:\/\/cyclingpro.net\/spaziociclismo\/vuelta-2026\/vuelta-a-espana-2026-altro-giorno-in-rosso-per-enric-mas-la-tappa-non-e-andata-proprio-come-ci-aspettavamo-ma-va-bene-cosi\/","title":{"rendered":"Vuelta a Espa\u00f1a 2026, altro giorno in Rosso per Enric Mas: &#8220;La tappa non \u00e8 andata proprio come ci aspettavamo, ma va bene cos\u00ec&#8221;"},"content":{"rendered":"<p>Si chiude senza troppi affanni il settimo giorno di <strong>Enric Mas<\/strong> al comando della <strong>Vuelta a Espa\u00f1a 2026<\/strong>. Il corridore maiorchino ha tagliato il traguardo di C\u00f3rdoba nel gruppo principale, senza correre particolari rischi, anche se, probabilmente, la tappa numero 15 \u00e8 stata un po&#8217; pi\u00f9 movimentata rispetto a quanto la <strong>Movistar<\/strong> e il suo capitano si aspettavano (o quantomeno, speravano). Alla fine, comunque, la distanza ancora da percorrere prima del finale a Granada \u00e8 diminuita e Mas \u00e8 un po&#8217; pi\u00f9 vicino a quello che sarebbe un trionfo che vale una carriera oltre che, nel suo caso, un brillantissimo riscatto.<\/p>\n<p>&#8220;A essere sincero, uno dei nostri piani era lasciar andare la fuga e fare in modo che poi Visma|Lease a Bike e Cofidis controllassero la corsa fino all&#8217;arrivo &#8211; le parole di Mas poco dopo l&#8217;arrivo &#8211; \u00c8 andata cos\u00ec finch\u00e9 <strong>Wout van Aert<\/strong> non ha attaccato al traguardo volante. <strong>Direi che non tutto \u00e8 andato come volevamo, gi\u00e0 dalla scorsa domenica, ma quasi tutto \u00e8 rimasto sotto controllo. Quindi, sono felice<\/strong>&#8220;.<\/p>\n<p>Mas, che in un frangente della frazione si \u00e8 ritrovato anche senza compagni di squadra accanto, ha apprezzato la decisione di accorciare la tappa per via del caldo fuori scala: &#8220;\u00c8 stata una giornata difficile e lo si capisce anche dal fatto che nel gruppo principale c&#8217;erano pochi corridori all&#8217;arrivo &#8211; il suo commento raccolto da <a href=\"https:\/\/as.com\/ciclismo\/vuelta_espana\/enric-mas-hemos-llegado-pocos-corredores-a-la-meta-f202609-n\/\" target=\"_blank\" rel=\"noopener\"><em>AS<\/em> <\/a>&#8211; Ho condiviso l&#8217;idea di tagliare un po&#8217; il chilometraggio di oggi. <strong>Poi, in ogni caso, credo che avrebbe vinto lo stesso corridore, anche con il percorso originario<\/strong>&#8220;.<\/p>\n","protected":false},"excerpt":{"rendered":"<p>&#8220;Giusto accorciare la tappa, poi penso che avrebbe vinto lo stesso corridore, anche con il percorso originario&#8230;&#8221;. #LaVuelta26<\/p>\n","protected":false},"author":25,"featured_media":392912,"comment_status":"open","ping_status":"closed","sticky":false,"template":"","format":"standard","meta":{"footnotes":"","_members_access_role":[],"_members_access_error":""},"categories":[6589],"tags":[5752],"class_list":["post-394128","post","type-post","status-publish","format-standard","has-post-thumbnail","hentry","category-vuelta-2026","tag-vuelta-a-espana-2026"],"yoast_head":"<!-- This site is optimized with the Yoast SEO plugin v28.4 - https:\/\/yoast.com\/product\/yoast-seo-wordpress\/ -->\n<title>Vuelta a Espa\u00f1a 2026, altro giorno in Rosso per Enric Mas: &quot;La tappa non \u00e8 andata proprio come ci aspettavamo, ma va bene cos\u00ec&quot; - SpazioCiclismo<\/title>\n<meta name=\"robots\" content=\"index, follow, max-snippet:-1, max-image-preview:large, max-video-preview:-1\" \/>\n<link rel=\"canonical\" href=\"https:\/\/cyclingpro.net\/spaziociclismo\/vuelta-2026\/vuelta-a-espana-2026-altro-giorno-in-rosso-per-enric-mas-la-tappa-non-e-andata-proprio-come-ci-aspettavamo-ma-va-bene-cosi\/\" \/>\n<meta property=\"og:locale\" content=\"it_IT\" \/>\n<meta property=\"og:type\" content=\"article\" \/>\n<meta property=\"og:title\" content=\"Vuelta a Espa\u00f1a 2026, altro giorno in Rosso per Enric Mas: &quot;La tappa non \u00e8 andata proprio come ci aspettavamo, ma va bene cos\u00ec&quot; - SpazioCiclismo\" \/>\n<meta property=\"og:description\" content=\"&quot;Giusto accorciare la tappa, poi penso che avrebbe vinto lo stesso corridore, anche con il percorso originario...&quot;. #LaVuelta26\" \/>\n<meta property=\"og:url\" content=\"https:\/\/cyclingpro.net\/spaziociclismo\/vuelta-2026\/vuelta-a-espana-2026-altro-giorno-in-rosso-per-enric-mas-la-tappa-non-e-andata-proprio-come-ci-aspettavamo-ma-va-bene-cosi\/\" \/>\n<meta property=\"og:site_name\" content=\"SpazioCiclismo\" \/>\n<meta property=\"article:publisher\" content=\"https:\/\/www.facebook.com\/SpazioCiclismo\/\" \/>\n<meta property=\"article:published_time\" content=\"2026-09-06T17:13:54+00:00\" \/>\n<meta property=\"og:image\" content=\"https:\/\/cyclingpro.net\/spaziociclismo\/wp-content\/uploads\/2026\/08\/1289606968-scaled.jpg\" \/>\n\t<meta property=\"og:image:width\" content=\"2560\" \/>\n\t<meta property=\"og:image:height\" content=\"1707\" \/>\n\t<meta property=\"og:image:type\" content=\"image\/jpeg\" \/>\n<meta name=\"author\" content=\"Francesco Mitola\" \/>\n<meta name=\"twitter:card\" content=\"summary_large_image\" \/>\n<meta name=\"twitter:creator\" content=\"@spaziociclismo\" \/>\n<meta name=\"twitter:site\" content=\"@spaziociclismo\" \/>\n<meta name=\"twitter:label1\" content=\"Scritto da\" \/>\n\t<meta name=\"twitter:data1\" content=\"Francesco Mitola\" \/>\n\t<meta name=\"twitter:label2\" content=\"Tempo di lettura stimato\" \/>\n\t<meta name=\"twitter:data2\" content=\"2 minuti\" \/>\n<script type=\"application\/ld+json\" class=\"yoast-schema-graph\">{\"@context\":\"https:\\\/\\\/schema.org\",\"@graph\":[{\"@type\":\"Article\",\"@id\":\"https:\\\/\\\/cyclingpro.net\\\/spaziociclismo\\\/vuelta-2026\\\/vuelta-a-espana-2026-altro-giorno-in-rosso-per-enric-mas-la-tappa-non-e-andata-proprio-come-ci-aspettavamo-ma-va-bene-cosi\\\/#article\",\"isPartOf\":{\"@id\":\"https:\\\/\\\/cyclingpro.net\\\/spaziociclismo\\\/vuelta-2026\\\/vuelta-a-espana-2026-altro-giorno-in-rosso-per-enric-mas-la-tappa-non-e-andata-proprio-come-ci-aspettavamo-ma-va-bene-cosi\\\/\"},\"author\":{\"name\":\"Francesco Mitola\",\"@id\":\"https:\\\/\\\/cyclingpro.net\\\/spaziociclismo\\\/#\\\/schema\\\/person\\\/627dbc08c9712c25304b059bbb765de8\"},\"headline\":\"Vuelta a Espa\u00f1a 2026, altro giorno in Rosso per Enric Mas: &#8220;La tappa non \u00e8 andata proprio come ci aspettavamo, ma va bene cos\u00ec&#8221;\",\"datePublished\":\"2026-09-06T17:13:54+00:00\",\"mainEntityOfPage\":{\"@id\":\"https:\\\/\\\/cyclingpro.net\\\/spaziociclismo\\\/vuelta-2026\\\/vuelta-a-espana-2026-altro-giorno-in-rosso-per-enric-mas-la-tappa-non-e-andata-proprio-come-ci-aspettavamo-ma-va-bene-cosi\\\/\"},\"wordCount\":279,\"commentCount\":0,\"publisher\":{\"@id\":\"https:\\\/\\\/cyclingpro.net\\\/spaziociclismo\\\/#organization\"},\"image\":{\"@id\":\"https:\\\/\\\/cyclingpro.net\\\/spaziociclismo\\\/vuelta-2026\\\/vuelta-a-espana-2026-altro-giorno-in-rosso-per-enric-mas-la-tappa-non-e-andata-proprio-come-ci-aspettavamo-ma-va-bene-cosi\\\/#primaryimage\"},\"thumbnailUrl\":\"https:\\\/\\\/cyclingpro.net\\\/spaziociclismo\\\/wp-content\\\/uploads\\\/2026\\\/08\\\/1289606968-scaled.jpg\",\"keywords\":[\"Vuelta a Espa\u00f1a 2026\"],\"articleSection\":[\"Vuelta 2026\"],\"inLanguage\":\"it-IT\",\"potentialAction\":[{\"@type\":\"CommentAction\",\"name\":\"Comment\",\"target\":[\"https:\\\/\\\/cyclingpro.net\\\/spaziociclismo\\\/vuelta-2026\\\/vuelta-a-espana-2026-altro-giorno-in-rosso-per-enric-mas-la-tappa-non-e-andata-proprio-come-ci-aspettavamo-ma-va-bene-cosi\\\/#respond\"]}]},{\"@type\":\"WebPage\",\"@id\":\"https:\\\/\\\/cyclingpro.net\\\/spaziociclismo\\\/vuelta-2026\\\/vuelta-a-espana-2026-altro-giorno-in-rosso-per-enric-mas-la-tappa-non-e-andata-proprio-come-ci-aspettavamo-ma-va-bene-cosi\\\/\",\"url\":\"https:\\\/\\\/cyclingpro.net\\\/spaziociclismo\\\/vuelta-2026\\\/vuelta-a-espana-2026-altro-giorno-in-rosso-per-enric-mas-la-tappa-non-e-andata-proprio-come-ci-aspettavamo-ma-va-bene-cosi\\\/\",\"name\":\"Vuelta a Espa\u00f1a 2026, altro giorno in Rosso per Enric Mas: \\\"La tappa non \u00e8 andata proprio come ci aspettavamo, ma va bene cos\u00ec\\\" - SpazioCiclismo\",\"isPartOf\":{\"@id\":\"https:\\\/\\\/cyclingpro.net\\\/spaziociclismo\\\/#website\"},\"primaryImageOfPage\":{\"@id\":\"https:\\\/\\\/cyclingpro.net\\\/spaziociclismo\\\/vuelta-2026\\\/vuelta-a-espana-2026-altro-giorno-in-rosso-per-enric-mas-la-tappa-non-e-andata-proprio-come-ci-aspettavamo-ma-va-bene-cosi\\\/#primaryimage\"},\"image\":{\"@id\":\"https:\\\/\\\/cyclingpro.net\\\/spaziociclismo\\\/vuelta-2026\\\/vuelta-a-espana-2026-altro-giorno-in-rosso-per-enric-mas-la-tappa-non-e-andata-proprio-come-ci-aspettavamo-ma-va-bene-cosi\\\/#primaryimage\"},\"thumbnailUrl\":\"https:\\\/\\\/cyclingpro.net\\\/spaziociclismo\\\/wp-content\\\/uploads\\\/2026\\\/08\\\/1289606968-scaled.jpg\",\"datePublished\":\"2026-09-06T17:13:54+00:00\",\"breadcrumb\":{\"@id\":\"https:\\\/\\\/cyclingpro.net\\\/spaziociclismo\\\/vuelta-2026\\\/vuelta-a-espana-2026-altro-giorno-in-rosso-per-enric-mas-la-tappa-non-e-andata-proprio-come-ci-aspettavamo-ma-va-bene-cosi\\\/#breadcrumb\"},\"inLanguage\":\"it-IT\",\"potentialAction\":[{\"@type\":\"ReadAction\",\"target\":[\"https:\\\/\\\/cyclingpro.net\\\/spaziociclismo\\\/vuelta-2026\\\/vuelta-a-espana-2026-altro-giorno-in-rosso-per-enric-mas-la-tappa-non-e-andata-proprio-come-ci-aspettavamo-ma-va-bene-cosi\\\/\"]}]},{\"@type\":\"ImageObject\",\"inLanguage\":\"it-IT\",\"@id\":\"https:\\\/\\\/cyclingpro.net\\\/spaziociclismo\\\/vuelta-2026\\\/vuelta-a-espana-2026-altro-giorno-in-rosso-per-enric-mas-la-tappa-non-e-andata-proprio-come-ci-aspettavamo-ma-va-bene-cosi\\\/#primaryimage\",\"url\":\"https:\\\/\\\/cyclingpro.net\\\/spaziociclismo\\\/wp-content\\\/uploads\\\/2026\\\/08\\\/1289606968-scaled.jpg\",\"contentUrl\":\"https:\\\/\\\/cyclingpro.net\\\/spaziociclismo\\\/wp-content\\\/uploads\\\/2026\\\/08\\\/1289606968-scaled.jpg\",\"width\":2560,\"height\":1707,\"caption\":\"\u00a9 Sirotti\"},{\"@type\":\"BreadcrumbList\",\"@id\":\"https:\\\/\\\/cyclingpro.net\\\/spaziociclismo\\\/vuelta-2026\\\/vuelta-a-espana-2026-altro-giorno-in-rosso-per-enric-mas-la-tappa-non-e-andata-proprio-come-ci-aspettavamo-ma-va-bene-cosi\\\/#breadcrumb\",\"itemListElement\":[{\"@type\":\"ListItem\",\"position\":1,\"name\":\"Home\",\"item\":\"https:\\\/\\\/cyclingpro.net\\\/spaziociclismo\\\/\"},{\"@type\":\"ListItem\",\"position\":2,\"name\":\"Vuelta a Espa\u00f1a 2026, altro giorno in Rosso per Enric Mas: &#8220;La tappa non \u00e8 andata proprio come ci aspettavamo, ma va bene cos\u00ec&#8221;\"}]},{\"@type\":\"WebSite\",\"@id\":\"https:\\\/\\\/cyclingpro.net\\\/spaziociclismo\\\/#website\",\"url\":\"https:\\\/\\\/cyclingpro.net\\\/spaziociclismo\\\/\",\"name\":\"SpazioCiclismo\",\"description\":\"Tutto il ciclismo minuto per minuto\",\"publisher\":{\"@id\":\"https:\\\/\\\/cyclingpro.net\\\/spaziociclismo\\\/#organization\"},\"potentialAction\":[{\"@type\":\"SearchAction\",\"target\":{\"@type\":\"EntryPoint\",\"urlTemplate\":\"https:\\\/\\\/cyclingpro.net\\\/spaziociclismo\\\/?s={search_term_string}\"},\"query-input\":{\"@type\":\"PropertyValueSpecification\",\"valueRequired\":true,\"valueName\":\"search_term_string\"}}],\"inLanguage\":\"it-IT\"},{\"@type\":\"Organization\",\"@id\":\"https:\\\/\\\/cyclingpro.net\\\/spaziociclismo\\\/#organization\",\"name\":\"SpazioCiclismo\",\"url\":\"https:\\\/\\\/cyclingpro.net\\\/spaziociclismo\\\/\",\"logo\":{\"@type\":\"ImageObject\",\"inLanguage\":\"it-IT\",\"@id\":\"https:\\\/\\\/cyclingpro.net\\\/spaziociclismo\\\/#\\\/schema\\\/logo\\\/image\\\/\",\"url\":\"https:\\\/\\\/cyclingpro.net\\\/spaziociclismo\\\/wp-content\\\/uploads\\\/2017\\\/02\\\/SpazioCiclismo-Logo-Quadrato.png\",\"contentUrl\":\"https:\\\/\\\/cyclingpro.net\\\/spaziociclismo\\\/wp-content\\\/uploads\\\/2017\\\/02\\\/SpazioCiclismo-Logo-Quadrato.png\",\"width\":450,\"height\":450,\"caption\":\"SpazioCiclismo\"},\"image\":{\"@id\":\"https:\\\/\\\/cyclingpro.net\\\/spaziociclismo\\\/#\\\/schema\\\/logo\\\/image\\\/\"},\"sameAs\":[\"https:\\\/\\\/www.facebook.com\\\/SpazioCiclismo\\\/\",\"https:\\\/\\\/x.com\\\/spaziociclismo\",\"https:\\\/\\\/www.instagram.com\\\/spaziociclismo\\\/\"]},{\"@type\":\"Person\",\"@id\":\"https:\\\/\\\/cyclingpro.net\\\/spaziociclismo\\\/#\\\/schema\\\/person\\\/627dbc08c9712c25304b059bbb765de8\",\"name\":\"Francesco Mitola\",\"image\":{\"@type\":\"ImageObject\",\"inLanguage\":\"it-IT\",\"@id\":\"https:\\\/\\\/secure.gravatar.com\\\/avatar\\\/dc58a640368550cd17129d2ff185eec5cb2821b7c3403fc06dcaca847ae762d3?s=96&d=mm&r=g\",\"url\":\"https:\\\/\\\/secure.gravatar.com\\\/avatar\\\/dc58a640368550cd17129d2ff185eec5cb2821b7c3403fc06dcaca847ae762d3?s=96&d=mm&r=g\",\"contentUrl\":\"https:\\\/\\\/secure.gravatar.com\\\/avatar\\\/dc58a640368550cd17129d2ff185eec5cb2821b7c3403fc06dcaca847ae762d3?s=96&d=mm&r=g\",\"caption\":\"Francesco Mitola\"},\"url\":\"https:\\\/\\\/cyclingpro.net\\\/spaziociclismo\\\/author\\\/fmitola\\\/\"}]}<\/script>\n<!-- \/ Yoast SEO plugin. -->","yoast_head_json":{"title":"Vuelta a Espa\u00f1a 2026, altro giorno in Rosso per Enric Mas: \"La tappa non \u00e8 andata proprio come ci aspettavamo, ma va bene cos\u00ec\" - SpazioCiclismo","robots":{"index":"index","follow":"follow","max-snippet":"max-snippet:-1","max-image-preview":"max-image-preview:large","max-video-preview":"max-video-preview:-1"},"canonical":"https:\/\/cyclingpro.net\/spaziociclismo\/vuelta-2026\/vuelta-a-espana-2026-altro-giorno-in-rosso-per-enric-mas-la-tappa-non-e-andata-proprio-come-ci-aspettavamo-ma-va-bene-cosi\/","og_locale":"it_IT","og_type":"article","og_title":"Vuelta a Espa\u00f1a 2026, altro giorno in Rosso per Enric Mas: \"La tappa non \u00e8 andata proprio come ci aspettavamo, ma va bene cos\u00ec\" - SpazioCiclismo","og_description":"\"Giusto accorciare la tappa, poi penso che avrebbe vinto lo stesso corridore, anche con il percorso originario...\". #LaVuelta26","og_url":"https:\/\/cyclingpro.net\/spaziociclismo\/vuelta-2026\/vuelta-a-espana-2026-altro-giorno-in-rosso-per-enric-mas-la-tappa-non-e-andata-proprio-come-ci-aspettavamo-ma-va-bene-cosi\/","og_site_name":"SpazioCiclismo","article_publisher":"https:\/\/www.facebook.com\/SpazioCiclismo\/","article_published_time":"2026-09-06T17:13:54+00:00","og_image":[{"width":2560,"height":1707,"url":"https:\/\/cyclingpro.net\/spaziociclismo\/wp-content\/uploads\/2026\/08\/1289606968-scaled.jpg","type":"image\/jpeg"}],"author":"Francesco Mitola","twitter_card":"summary_large_image","twitter_creator":"@spaziociclismo","twitter_site":"@spaziociclismo","twitter_misc":{"Scritto da":"Francesco Mitola","Tempo di lettura stimato":"2 minuti"},"schema":{"@context":"https:\/\/schema.org","@graph":[{"@type":"Article","@id":"https:\/\/cyclingpro.net\/spaziociclismo\/vuelta-2026\/vuelta-a-espana-2026-altro-giorno-in-rosso-per-enric-mas-la-tappa-non-e-andata-proprio-come-ci-aspettavamo-ma-va-bene-cosi\/#article","isPartOf":{"@id":"https:\/\/cyclingpro.net\/spaziociclismo\/vuelta-2026\/vuelta-a-espana-2026-altro-giorno-in-rosso-per-enric-mas-la-tappa-non-e-andata-proprio-come-ci-aspettavamo-ma-va-bene-cosi\/"},"author":{"name":"Francesco Mitola","@id":"https:\/\/cyclingpro.net\/spaziociclismo\/#\/schema\/person\/627dbc08c9712c25304b059bbb765de8"},"headline":"Vuelta a Espa\u00f1a 2026, altro giorno in Rosso per Enric Mas: &#8220;La tappa non \u00e8 andata proprio come ci aspettavamo, ma va bene cos\u00ec&#8221;","datePublished":"2026-09-06T17:13:54+00:00","mainEntityOfPage":{"@id":"https:\/\/cyclingpro.net\/spaziociclismo\/vuelta-2026\/vuelta-a-espana-2026-altro-giorno-in-rosso-per-enric-mas-la-tappa-non-e-andata-proprio-come-ci-aspettavamo-ma-va-bene-cosi\/"},"wordCount":279,"commentCount":0,"publisher":{"@id":"https:\/\/cyclingpro.net\/spaziociclismo\/#organization"},"image":{"@id":"https:\/\/cyclingpro.net\/spaziociclismo\/vuelta-2026\/vuelta-a-espana-2026-altro-giorno-in-rosso-per-enric-mas-la-tappa-non-e-andata-proprio-come-ci-aspettavamo-ma-va-bene-cosi\/#primaryimage"},"thumbnailUrl":"https:\/\/cyclingpro.net\/spaziociclismo\/wp-content\/uploads\/2026\/08\/1289606968-scaled.jpg","keywords":["Vuelta a Espa\u00f1a 2026"],"articleSection":["Vuelta 2026"],"inLanguage":"it-IT","potentialAction":[{"@type":"CommentAction","name":"Comment","target":["https:\/\/cyclingpro.net\/spaziociclismo\/vuelta-2026\/vuelta-a-espana-2026-altro-giorno-in-rosso-per-enric-mas-la-tappa-non-e-andata-proprio-come-ci-aspettavamo-ma-va-bene-cosi\/#respond"]}]},{"@type":"WebPage","@id":"https:\/\/cyclingpro.net\/spaziociclismo\/vuelta-2026\/vuelta-a-espana-2026-altro-giorno-in-rosso-per-enric-mas-la-tappa-non-e-andata-proprio-come-ci-aspettavamo-ma-va-bene-cosi\/","url":"https:\/\/cyclingpro.net\/spaziociclismo\/vuelta-2026\/vuelta-a-espana-2026-altro-giorno-in-rosso-per-enric-mas-la-tappa-non-e-andata-proprio-come-ci-aspettavamo-ma-va-bene-cosi\/","name":"Vuelta a Espa\u00f1a 2026, altro giorno in Rosso per Enric Mas: \"La tappa non \u00e8 andata proprio come ci aspettavamo, ma va bene cos\u00ec\" - SpazioCiclismo","isPartOf":{"@id":"https:\/\/cyclingpro.net\/spaziociclismo\/#website"},"primaryImageOfPage":{"@id":"https:\/\/cyclingpro.net\/spaziociclismo\/vuelta-2026\/vuelta-a-espana-2026-altro-giorno-in-rosso-per-enric-mas-la-tappa-non-e-andata-proprio-come-ci-aspettavamo-ma-va-bene-cosi\/#primaryimage"},"image":{"@id":"https:\/\/cyclingpro.net\/spaziociclismo\/vuelta-2026\/vuelta-a-espana-2026-altro-giorno-in-rosso-per-enric-mas-la-tappa-non-e-andata-proprio-come-ci-aspettavamo-ma-va-bene-cosi\/#primaryimage"},"thumbnailUrl":"https:\/\/cyclingpro.net\/spaziociclismo\/wp-content\/uploads\/2026\/08\/1289606968-scaled.jpg","datePublished":"2026-09-06T17:13:54+00:00","breadcrumb":{"@id":"https:\/\/cyclingpro.net\/spaziociclismo\/vuelta-2026\/vuelta-a-espana-2026-altro-giorno-in-rosso-per-enric-mas-la-tappa-non-e-andata-proprio-come-ci-aspettavamo-ma-va-bene-cosi\/#breadcrumb"},"inLanguage":"it-IT","potentialAction":[{"@type":"ReadAction","target":["https:\/\/cyclingpro.net\/spaziociclismo\/vuelta-2026\/vuelta-a-espana-2026-altro-giorno-in-rosso-per-enric-mas-la-tappa-non-e-andata-proprio-come-ci-aspettavamo-ma-va-bene-cosi\/"]}]},{"@type":"ImageObject","inLanguage":"it-IT","@id":"https:\/\/cyclingpro.net\/spaziociclismo\/vuelta-2026\/vuelta-a-espana-2026-altro-giorno-in-rosso-per-enric-mas-la-tappa-non-e-andata-proprio-come-ci-aspettavamo-ma-va-bene-cosi\/#primaryimage","url":"https:\/\/cyclingpro.net\/spaziociclismo\/wp-content\/uploads\/2026\/08\/1289606968-scaled.jpg","contentUrl":"https:\/\/cyclingpro.net\/spaziociclismo\/wp-content\/uploads\/2026\/08\/1289606968-scaled.jpg","width":2560,"height":1707,"caption":"\u00a9 Sirotti"},{"@type":"BreadcrumbList","@id":"https:\/\/cyclingpro.net\/spaziociclismo\/vuelta-2026\/vuelta-a-espana-2026-altro-giorno-in-rosso-per-enric-mas-la-tappa-non-e-andata-proprio-come-ci-aspettavamo-ma-va-bene-cosi\/#breadcrumb","itemListElement":[{"@type":"ListItem","position":1,"name":"Home","item":"https:\/\/cyclingpro.net\/spaziociclismo\/"},{"@type":"ListItem","position":2,"name":"Vuelta a Espa\u00f1a 2026, altro giorno in Rosso per Enric Mas: &#8220;La tappa non \u00e8 andata proprio come ci aspettavamo, ma va bene cos\u00ec&#8221;"}]},{"@type":"WebSite","@id":"https:\/\/cyclingpro.net\/spaziociclismo\/#website","url":"https:\/\/cyclingpro.net\/spaziociclismo\/","name":"SpazioCiclismo","description":"Tutto il ciclismo minuto per minuto","publisher":{"@id":"https:\/\/cyclingpro.net\/spaziociclismo\/#organization"},"potentialAction":[{"@type":"SearchAction","target":{"@type":"EntryPoint","urlTemplate":"https:\/\/cyclingpro.net\/spaziociclismo\/?s={search_term_string}"},"query-input":{"@type":"PropertyValueSpecification","valueRequired":true,"valueName":"search_term_string"}}],"inLanguage":"it-IT"},{"@type":"Organization","@id":"https:\/\/cyclingpro.net\/spaziociclismo\/#organization","name":"SpazioCiclismo","url":"https:\/\/cyclingpro.net\/spaziociclismo\/","logo":{"@type":"ImageObject","inLanguage":"it-IT","@id":"https:\/\/cyclingpro.net\/spaziociclismo\/#\/schema\/logo\/image\/","url":"https:\/\/cyclingpro.net\/spaziociclismo\/wp-content\/uploads\/2017\/02\/SpazioCiclismo-Logo-Quadrato.png","contentUrl":"https:\/\/cyclingpro.net\/spaziociclismo\/wp-content\/uploads\/2017\/02\/SpazioCiclismo-Logo-Quadrato.png","width":450,"height":450,"caption":"SpazioCiclismo"},"image":{"@id":"https:\/\/cyclingpro.net\/spaziociclismo\/#\/schema\/logo\/image\/"},"sameAs":["https:\/\/www.facebook.com\/SpazioCiclismo\/","https:\/\/x.com\/spaziociclismo","https:\/\/www.instagram.com\/spaziociclismo\/"]},{"@type":"Person","@id":"https:\/\/cyclingpro.net\/spaziociclismo\/#\/schema\/person\/627dbc08c9712c25304b059bbb765de8","name":"Francesco Mitola","image":{"@type":"ImageObject","inLanguage":"it-IT","@id":"https:\/\/secure.gravatar.com\/avatar\/dc58a640368550cd17129d2ff185eec5cb2821b7c3403fc06dcaca847ae762d3?s=96&d=mm&r=g","url":"https:\/\/secure.gravatar.com\/avatar\/dc58a640368550cd17129d2ff185eec5cb2821b7c3403fc06dcaca847ae762d3?s=96&d=mm&r=g","contentUrl":"https:\/\/secure.gravatar.com\/avatar\/dc58a640368550cd17129d2ff185eec5cb2821b7c3403fc06dcaca847ae762d3?s=96&d=mm&r=g","caption":"Francesco Mitola"},"url":"https:\/\/cyclingpro.net\/spaziociclismo\/author\/fmitola\/"}]}},"_links":{"self":[{"href":"https:\/\/cyclingpro.net\/spaziociclismo\/wp-json\/wp\/v2\/posts\/394128","targetHints":{"allow":["GET"]}}],"collection":[{"href":"https:\/\/cyclingpro.net\/spaziociclismo\/wp-json\/wp\/v2\/posts"}],"about":[{"href":"https:\/\/cyclingpro.net\/spaziociclismo\/wp-json\/wp\/v2\/types\/post"}],"author":[{"embeddable":true,"href":"https:\/\/cyclingpro.net\/spaziociclismo\/wp-json\/wp\/v2\/users\/25"}],"replies":[{"embeddable":true,"href":"https:\/\/cyclingpro.net\/spaziociclismo\/wp-json\/wp\/v2\/comments?post=394128"}],"version-history":[{"count":1,"href":"https:\/\/cyclingpro.net\/spaziociclismo\/wp-json\/wp\/v2\/posts\/394128\/revisions"}],"predecessor-version":[{"id":394135,"href":"https:\/\/cyclingpro.net\/spaziociclismo\/wp-json\/wp\/v2\/posts\/394128\/revisions\/394135"}],"wp:featuredmedia":[{"embeddable":true,"href":"https:\/\/cyclingpro.net\/spaziociclismo\/wp-json\/wp\/v2\/media\/392912"}],"wp:attachment":[{"href":"https:\/\/cyclingpro.net\/spaziociclismo\/wp-json\/wp\/v2\/media?parent=394128"}],"wp:term":[{"taxonomy":"category","embeddable":true,"href":"https:\/\/cyclingpro.net\/spaziociclismo\/wp-json\/wp\/v2\/categories?post=394128"},{"taxonomy":"post_tag","embeddable":true,"href":"https:\/\/cyclingpro.net\/spaziociclismo\/wp-json\/wp\/v2\/tags?post=394128"}],"curies":[{"name":"wp","href":"https:\/\/api.w.org\/{rel}","templated":true}]}}