{"id":394076,"date":"2026-09-06T17:37:17","date_gmt":"2026-09-06T15:37:17","guid":{"rendered":"https:\/\/cyclingpro.net\/spaziociclismo\/?p=394076"},"modified":"2026-09-06T18:46:19","modified_gmt":"2026-09-06T16:46:19","slug":"vuelta-a-espana-2026-wout-van-aert-concede-il-bis-2-alessandro-romele","status":"publish","type":"post","link":"https:\/\/cyclingpro.net\/spaziociclismo\/sintesi-gare\/vuelta-a-espana-2026-wout-van-aert-concede-il-bis-2-alessandro-romele\/","title":{"rendered":"Vuelta a Espa\u00f1a 2026, Wout Van Aert concede il bis &#8211; 2\u00b0 Alessandro Romele, 6\u00b0 Alessandro Covi, tutto tranquillo fra i big"},"content":{"rendered":"<p><strong>Wout Van Aert<\/strong> concede il bis alla <strong>Vuelta a Espa\u00f1a 2026<\/strong> e vince la quindicesima tappa. Una prova di forza notevole da parte del corridore del <strong>Team Visma | Lease a Bike<\/strong> che sul traguardo di Cordoba regola un drappello di cinque corridori. L&#8217;azione decisiva era nata dopo il traguardo volante, a poco pi\u00f9 di 30 chilometri dall&#8217;arrivo, propiziata proprio dal belga. Secondo posto per un ottimo <strong>Alessandro Romele<\/strong> (XDS Astana Team), bravissimo nel leggere la corsa e inserirsi nel tentativo vincente. Purtroppo per lui, contro un Van Aert in queste condizioni, non si pu\u00f2 far altro che puntare a un piazzamento e applaudire l&#8217;avversario. Completa il podio di giornata <strong>Thibau Nys<\/strong> (Lidl &#8211; Trek). Buon sesto posto per <strong>Alessandro Covi<\/strong> (Team Jayco AlUla), che ha regolato un drappello di contrattaccanti, giunto all&#8217;arrivo con un minutino di ritardo. Non cambia la situazione ai piani alti con <strong>Enric Mas<\/strong> (Movistar Team) che arriva la secondo giorno di riposo saldamente in Maglia Rossa.<\/p>\n<h2>Il video dell&#8217;arrivo<\/h2>\n<p><span class=\"IFzYZHrl24eBPq4AkfWPFJO0GnRabgmvx150ljms79cCeM1sdSkA5NaUKXxzDrp\"><iframe loading=\"lazy\" title=\"WHAT A SPRINT! \ud83d\udd25 | 2026 Men&amp;apos;s La Vuelta Stage 15 Final KM&amp;apos;s | TNT Sports Cycling\" width=\"500\" height=\"281\" src=\"https:\/\/www.youtube.com\/embed\/QaVazcsEmXY?feature=oembed\" frameborder=\"0\" allow=\"accelerometer; autoplay; clipboard-write; encrypted-media; gyroscope; picture-in-picture; web-share\" referrerpolicy=\"strict-origin-when-cross-origin\" allowfullscreen><\/iframe><\/span><\/p>\n<h2>Il racconto della tappa<\/h2>\n<p>Pronti, via e subito si registra l&#8217;allungo di diversi corridori, che vanno a comporre un drappello di 12 unit\u00e0 comprendente anche <strong>Xabier Azparren<\/strong> (Pinarello Q36.5 Pro Cycling Team), <strong>Roman Ermakov<\/strong> (Bahrain Victorious), <strong>Gal Glivar<\/strong> (Alpecin-Premier Tech), <strong>Ethan Hayter<\/strong> (Soudal Quick-Step) e <strong>Georg Steinhauser<\/strong> (EF Education-EasyPost). Questo tentativo viene per\u00f2 presto annullato dal gruppo, momentaneamente spezzatosi in due tronconi per via dell&#8217;alta velocit\u00e0, ma dopo un rallentamento avviene il ricompattamento e ripartono gli attacchi, con <strong>Enzo Paleni<\/strong> (Groupama-FDJ United) a prendere un po&#8217; di margine.<\/p>\n<p>Su di lui si riportano rapidamente <strong>Frederik Wandahl<\/strong> (Red Bull-Bora-hansgrohe), <strong>Ethan Hayter<\/strong> (Soudal Quick-Step), <strong>Andreas Leknessund<\/strong> (Uno-X Mobility), <strong>Rudy Porter<\/strong> (Team Jayco AlUla), <strong>Alastair MacKellar<\/strong> (EF Education-EasyPost), <strong>Fabian Weiss<\/strong> (Tudor Pro Cycling Team), <strong>Reuben Thompson<\/strong> (Lotto-Intermarch\u00e9) e <strong>Gijs Leemreize<\/strong> (Team Picnic PostNL), e poco dopo anche <strong>Ivo Oliveira<\/strong> (UAE Team Emirates XRG) e <strong>Xabier Azparren<\/strong> (Pinarello Q36.5 Pro Cycling Team) riescono a colmare il gap, andando cos\u00ec a formare un gruppetto di undici battistrada.<\/p>\n<p>Tirato dalla <strong>Visma | Lease a Bike<\/strong> e dalla <strong>Cofidis,<\/strong> il plotone concede fino a 1&#8217;15&#8221; di vantaggio a questi attaccanti, ma iniziata la salita del Puerto de la Forestal il ritmo torna ad aumentare a seguito dell&#8217;allungo di <strong>Georg Steinhauser<\/strong> (EF Education-EasyPost). Il tedesco riesce a riportarsi sulla testa della corsa dopo lo scollinamento, ma il gruppo, condotto principalmente dalla Visma, \u00e8 lontano solo una trentina di secondi, mantenendosi tra il mezzo minuto e i 45&#8243; negli ondulati chilometri seguenti.<\/p>\n<p>Ai -50 dalla conclusione il gap scende sotto i 40&#8243; e davanti nascono nuovi scatti con Thompson che ci prova per primo, poi le azioni anche di Azparren e Weiss, che formano un quartetto con Leknessund. Il norvegese comunque dimostra di averne pi\u00f9 di tutti, inizialmente seguito da Azparren e poi restando da solo a 39 chilometri dalla conclusione. Dietro tuttavia la Visma|Lease a Bike prosegue la sua azione e si avvicina sempre pi\u00f9, andando progressivamente a riprendere tutti, ad eccezione di Leknessund. In vista del GPM scatta cos\u00ec dal gruppo <strong>Ramses Debruyne<\/strong> (Alpecin-PremierTech), mentre dietro \u00e8 sempre <strong>Bruno Armirail<\/strong> (Visma|Lease a Bike) a tenere alta l&#8217;andatura, mandando in difficolt\u00e0 il connazionale <strong>Bryan Coquard<\/strong> (Cofidis), tra i rivali pi\u00f9 temuti in caso di volata.<\/p>\n<p>Debruyne rientra su Leknessund in vista del TV di Santa Mar\u00eda de Trassierra, ma dietro di loro la situazione cambia completamente con lo scatto di <strong>Wout van Aert<\/strong> (Visma|Lease a Bike), che rilancia in reazione alla mossa di <strong>Alessandro Romele<\/strong> (XDS Astana), pronto a seguirlo inizialmente nel suo movimento, beffandolo al traguardo intermedio. I due rientrano cos\u00ec rapidamente sulla coppia di testa, che appena li vede li attende e su di loro si riporta anche <strong>Thibau Nys<\/strong> (Lidl-Trek), rapido a cogliere l&#8217;occasione comprendendo il pericolo. Dietro infatti nessuno lavora pi\u00f9 e il gruppo rallenta vistosamente, prima che arrivino nuove azioni. Il gap degli attaccanti tuttavia in quel momento \u00e8 gi\u00e0 di oltre trenta secondi e <strong>Finn Fisher-Black<\/strong> (Red Bull &#8211; BORA &#8211; hansgrohe), <strong>Ivo Oliveira<\/strong> (UAE Team Emirates XRG), <strong>Kevin Vermaerke<\/strong> (UAE Team Emirates XRG), <strong>Edward Dunbar<\/strong> (Pinarello &#8211; Q36.5 Pro Cycling Team), <strong>Tobias Halland Johannessen<\/strong> (Uno-X Mobility), <strong>Alessandro Covi<\/strong> (Team Jayco AlUla), <strong>Stefan K\u00fcng<\/strong> (Tudor Pro Cycling Team), <strong>Henok Mulubrhan<\/strong> (XDS Astana Team), <strong>Gijs Leemreize<\/strong> (Team Picnic PostNL) e <strong>Urko Berrade<\/strong> (Equipo Kern Pharma) faticano a trovare l&#8217;intesa. Su di loro arrivano anche <strong>Mats Wenzel<\/strong> (Equipo Kern Pharma) e <strong>Ibon Ruiz<\/strong> (Equipo Kern Pharma), che provano a rilanciare, ma intanto il ritardo \u00e8 salito a 45 secondi a meno di venti chilometri alla conclusione.<\/p>\n<p>Van Aert dal canto suo sfianca i rivali con costanti rilanci in salita, ma senza mai farne troppo per staccarli, trovando cos\u00ec sempre la collaborazione di quasi tutti, ad eccezione di Leknessund. Complice la presenza di un compagno dietro, infatti, il corridore scandinavo resta fisso a ruota. Ormai fuori dai giochi invece il gruppo, che inizia la discesa che riporta a valle con un gap che sfiora ormai i due minuti e nessuno che si assume l&#8217;onere di lavorare. Bryan Coquard (Cofidis) decide cos\u00ec di provare a forzare il ritmo, ma ormai \u00e8 tardi. L&#8217;avvicinarsi del traguardo pone fine anche alle speranze degli inseguitori, che perdono cos\u00ec ulteriore terreno dai cinque uomini di testa.<\/p>\n<p>Ormai certi di giocarsi la vittoria, i battistrada cominciano una battaglia prima psicologica, poi a suon di scatti che tuttavia non porta ad alcun risultato. Gli scatti di Nys e Leknessund sono infatti ben controllati da Van Aert, con l&#8217;aiuto anche di Romele. Nell&#8217;ultimo chilometro si rallenta e tutti guardano la Maglia Verde, che non si lascia schiacciare da aspettative e pressione, muovendosi alla perfezione in risposta ai due che provano nuovamente ad anticipare. Romele non gli molla mai la ruota, ma non ne ha per superarlo, dovendosi cos\u00ec alla fine accontentare di una seconda posizione prestigiosa, anche se chiaramente non soddisfacente.<\/p>\n<h2>Risultato e Classifiche Tappa 15 Vuelta a Espa\u00f1a 2026<\/h2>\n<p><iframe loading=\"lazy\" src=\"https:\/\/secure.cyclingprodata.com\/widgets\/latest\/widgets.html?type=results&amp;tour_id=1072&amp;stage_number=15&amp;use_icons_for_one_column=true&amp;reflow_mode=true\" width=\"100%\" height=\"1000px\" data-mce-fragment=\"1\"><span style=\"display: inline-block; width: 0px; overflow: hidden; line-height: 0;\" data-mce-type=\"bookmark\" class=\"mce_SELRES_start\">\ufeff<\/span><span data-mce-type=\"bookmark\" style=\"display: inline-block; width: 0px; overflow: hidden; line-height: 0;\" class=\"mce_SELRES_start\">\ufeff<\/span><span data-mce-type=\"bookmark\" style=\"display: inline-block; width: 0px; overflow: hidden; line-height: 0;\" class=\"mce_SELRES_start\">\ufeff<\/span><span data-mce-type=\"bookmark\" style=\"display: inline-block; width: 0px; overflow: hidden; line-height: 0;\" class=\"mce_SELRES_start\">\ufeff<\/span><span data-mce-type=\"bookmark\" style=\"display: inline-block; width: 0px; overflow: hidden; line-height: 0;\" class=\"mce_SELRES_start\">\ufeff<\/span><span data-mce-type=\"bookmark\" style=\"display: inline-block; width: 0px; overflow: hidden; line-height: 0;\" class=\"mce_SELRES_start\">\ufeff<\/span><span style=\"display: inline-block; width: 0px; overflow: hidden; line-height: 0;\" data-mce-type=\"bookmark\" class=\"mce_SELRES_start\">\ufeff<\/span><span data-mce-type=\"bookmark\" style=\"display: inline-block; width: 0px; overflow: hidden; line-height: 0;\" class=\"mce_SELRES_start\">\ufeff<\/span><span style=\"display: inline-block; width: 0px; overflow: hidden; line-height: 0;\" data-mce-type=\"bookmark\" class=\"mce_SELRES_start\">\ufeff<\/span><span data-mce-type=\"bookmark\" style=\"display: inline-block; width: 0px; overflow: hidden; line-height: 0;\" class=\"mce_SELRES_start\">\ufeff<\/span><span style=\"display: inline-block; width: 0px; overflow: hidden; line-height: 0;\" data-mce-type=\"bookmark\" class=\"mce_SELRES_start\"><span data-mce-type=\"bookmark\" style=\"display: inline-block; width: 0px; overflow: hidden; line-height: 0;\" class=\"mce_SELRES_start\">\ufeff<\/span>\ufeff<\/span><span data-mce-type=\"bookmark\" style=\"display: inline-block; width: 0px; overflow: hidden; line-height: 0;\" class=\"mce_SELRES_start\">\ufeff<\/span><span style=\"display: inline-block; width: 0px; overflow: hidden; line-height: 0;\" data-mce-type=\"bookmark\" class=\"mce_SELRES_start\">\ufeff<\/span><span style=\"display: inline-block; width: 0px; overflow: hidden; line-height: 0;\" data-mce-type=\"bookmark\" class=\"mce_SELRES_start\">\ufeff<\/span><span style=\"display: inline-block; width: 0px; overflow: hidden; line-height: 0;\" data-mce-type=\"bookmark\" class=\"mce_SELRES_start\">\ufeff<\/span><span data-mce-type=\"bookmark\" style=\"display: inline-block; width: 0px; overflow: hidden; line-height: 0;\" class=\"mce_SELRES_start\">\ufeff<\/span><span data-mce-type=\"bookmark\" style=\"display: inline-block; width: 0px; overflow: hidden; line-height: 0;\" class=\"mce_SELRES_start\">\ufeff<\/span><span data-mce-type=\"bookmark\" style=\"display: inline-block; width: 0px; overflow: hidden; line-height: 0;\" class=\"mce_SELRES_start\">\ufeff<\/span><span data-mce-type=\"bookmark\" style=\"display: inline-block; width: 0px; overflow: hidden; line-height: 0;\" class=\"mce_SELRES_start\">\ufeff<\/span><span data-mce-type=\"bookmark\" style=\"display: inline-block; width: 0px; overflow: hidden; line-height: 0;\" class=\"mce_SELRES_start\">\ufeff<\/span><span data-mce-type=\"bookmark\" style=\"display: inline-block; width: 0px; overflow: hidden; line-height: 0;\" class=\"mce_SELRES_start\">\ufeff<\/span><span data-mce-type=\"bookmark\" style=\"display: inline-block; width: 0px; overflow: hidden; line-height: 0;\" class=\"mce_SELRES_start\">\ufeff<\/span><span data-mce-type=\"bookmark\" style=\"display: inline-block; width: 0px; overflow: hidden; line-height: 0;\" class=\"mce_SELRES_start\">\ufeff<\/span><span data-mce-type=\"bookmark\" style=\"display: inline-block; width: 0px; overflow: hidden; line-height: 0;\" class=\"mce_SELRES_start\">\ufeff<\/span><span data-mce-type=\"bookmark\" style=\"display: inline-block; width: 0px; overflow: hidden; line-height: 0;\" class=\"mce_SELRES_start\">\ufeff<\/span><span data-mce-type=\"bookmark\" style=\"display: inline-block; width: 0px; overflow: hidden; line-height: 0;\" class=\"mce_SELRES_start\">\ufeff<\/span><span data-mce-type=\"bookmark\" style=\"display: inline-block; width: 0px; overflow: hidden; line-height: 0;\" class=\"mce_SELRES_start\">\ufeff<\/span><span data-mce-type=\"bookmark\" style=\"display: inline-block; width: 0px; overflow: hidden; line-height: 0;\" class=\"mce_SELRES_start\">\ufeff<\/span><span data-mce-type=\"bookmark\" style=\"display: inline-block; width: 0px; overflow: hidden; line-height: 0;\" class=\"mce_SELRES_start\">\ufeff<\/span><span data-mce-type=\"bookmark\" style=\"display: inline-block; width: 0px; overflow: hidden; line-height: 0;\" class=\"mce_SELRES_start\">\ufeff<\/span><span data-mce-type=\"bookmark\" style=\"display: inline-block; width: 0px; overflow: hidden; line-height: 0;\" class=\"mce_SELRES_start\">\ufeff<\/span><span data-mce-type=\"bookmark\" style=\"display: inline-block; width: 0px; overflow: hidden; line-height: 0;\" class=\"mce_SELRES_start\">\ufeff<\/span><span data-mce-type=\"bookmark\" style=\"display: inline-block; width: 0px; overflow: hidden; line-height: 0;\" class=\"mce_SELRES_start\">\ufeff<\/span><span data-mce-type=\"bookmark\" style=\"display: inline-block; width: 0px; overflow: hidden; line-height: 0;\" class=\"mce_SELRES_start\">\ufeff<\/span><span data-mce-type=\"bookmark\" style=\"display: inline-block; width: 0px; overflow: hidden; line-height: 0;\" class=\"mce_SELRES_start\">\ufeff<\/span><span data-mce-type=\"bookmark\" style=\"display: inline-block; width: 0px; overflow: hidden; line-height: 0;\" class=\"mce_SELRES_start\">\ufeff<\/span><span data-mce-type=\"bookmark\" style=\"display: inline-block; width: 0px; overflow: hidden; line-height: 0;\" class=\"mce_SELRES_start\">\ufeff<\/span><span data-mce-type=\"bookmark\" style=\"display: inline-block; width: 0px; overflow: hidden; line-height: 0;\" class=\"mce_SELRES_start\">\ufeff<\/span><span data-mce-type=\"bookmark\" style=\"display: inline-block; width: 0px; overflow: hidden; line-height: 0;\" class=\"mce_SELRES_start\">\ufeff<\/span><span style=\"display: inline-block; width: 0px; overflow: hidden; line-height: 0;\" data-mce-type=\"bookmark\" class=\"mce_SELRES_start\">\ufeff<\/span><span style=\"display: inline-block; width: 0px; overflow: hidden; line-height: 0;\" data-mce-type=\"bookmark\" class=\"mce_SELRES_start\">\ufeff<\/span><span style=\"display: inline-block; width: 0px; overflow: hidden; line-height: 0;\" data-mce-type=\"bookmark\" class=\"mce_SELRES_start\">\ufeff<\/span><span style=\"display: inline-block; width: 0px; overflow: hidden; line-height: 0;\" data-mce-type=\"bookmark\" class=\"mce_SELRES_start\">\ufeff<\/span><span data-mce-type=\"bookmark\" style=\"display: inline-block; width: 0px; overflow: hidden; line-height: 0;\" class=\"mce_SELRES_start\">\ufeff<\/span><span style=\"display: inline-block; width: 0px; overflow: hidden; line-height: 0;\" data-mce-type=\"bookmark\" class=\"mce_SELRES_start\">\ufeff<\/span><span style=\"display: inline-block; width: 0px; overflow: hidden; line-height: 0;\" data-mce-type=\"bookmark\" class=\"mce_SELRES_start\">\ufeff<\/span><span style=\"display: inline-block; width: 0px; overflow: hidden; line-height: 0;\" data-mce-type=\"bookmark\" class=\"mce_SELRES_start\">\ufeff<\/span><span data-mce-type=\"bookmark\" style=\"display: inline-block; width: 0px; overflow: hidden; line-height: 0;\" class=\"mce_SELRES_start\">\ufeff<\/span><span data-mce-type=\"bookmark\" style=\"display: inline-block; width: 0px; overflow: hidden; line-height: 0;\" class=\"mce_SELRES_start\">\ufeff<\/span><span data-mce-type=\"bookmark\" style=\"display: inline-block; width: 0px; overflow: hidden; line-height: 0;\" class=\"mce_SELRES_start\">\ufeff<\/span><span data-mce-type=\"bookmark\" style=\"display: inline-block; width: 0px; overflow: hidden; line-height: 0;\" class=\"mce_SELRES_start\">\ufeff<\/span><span data-mce-type=\"bookmark\" style=\"display: inline-block; width: 0px; overflow: hidden; line-height: 0;\" class=\"mce_SELRES_start\">\ufeff<\/span><span style=\"display: inline-block; width: 0px; overflow: hidden; line-height: 0;\" data-mce-type=\"bookmark\" class=\"mce_SELRES_start\">\ufeff<\/span><span data-mce-type=\"bookmark\" style=\"display: inline-block; width: 0px; overflow: hidden; line-height: 0;\" class=\"mce_SELRES_start\">\ufeff<\/span><span data-mce-type=\"bookmark\" style=\"display: inline-block; width: 0px; overflow: hidden; line-height: 0;\" class=\"mce_SELRES_start\"><\/span><span data-mce-type=\"bookmark\" style=\"display: inline-block; width: 0px; overflow: hidden; line-height: 0;\" class=\"mce_SELRES_start\"><\/span><span data-mce-type=\"bookmark\" style=\"display: inline-block; width: 0px; overflow: hidden; line-height: 0;\" class=\"mce_SELRES_start\"><\/span><\/iframe><\/p>\n","protected":false},"excerpt":{"rendered":"<p>#LaVuelta26 Ancora una vittoria per Wout Van Aert, battuto Alessandro Romele<\/p>\n","protected":false},"author":4,"featured_media":394129,"comment_status":"open","ping_status":"closed","sticky":false,"template":"","format":"standard","meta":{"footnotes":"","_members_access_role":[],"_members_access_error":""},"categories":[17,21,6589],"tags":[2146,5510,6773,5752,431],"class_list":["post-394076","post","type-post","status-publish","format-standard","has-post-thumbnail","hentry","category-sintesi-gare","category-vetrina","category-vuelta-2026","tag-alessandro-covi","tag-alessandro-romele","tag-team-visma-lease-a-bike-2026","tag-vuelta-a-espana-2026","tag-wout-van-aert"],"yoast_head":"<!-- This site is optimized with the Yoast SEO plugin v28.4 - https:\/\/yoast.com\/product\/yoast-seo-wordpress\/ -->\n<title>Vuelta a Espa\u00f1a 2026, Wout Van Aert concede il bis - 2\u00b0 Alessandro Romele, 6\u00b0 Alessandro Covi, tutto tranquillo fra i big - SpazioCiclismo<\/title>\n<meta name=\"robots\" content=\"index, follow, max-snippet:-1, max-image-preview:large, max-video-preview:-1\" \/>\n<link rel=\"canonical\" href=\"https:\/\/cyclingpro.net\/spaziociclismo\/sintesi-gare\/vuelta-a-espana-2026-wout-van-aert-concede-il-bis-2-alessandro-romele\/\" \/>\n<meta property=\"og:locale\" content=\"it_IT\" \/>\n<meta property=\"og:type\" content=\"article\" \/>\n<meta property=\"og:title\" content=\"Vuelta a Espa\u00f1a 2026, Wout Van Aert concede il bis - 2\u00b0 Alessandro Romele, 6\u00b0 Alessandro Covi, tutto tranquillo fra i big - SpazioCiclismo\" \/>\n<meta property=\"og:description\" content=\"#LaVuelta26 Ancora una vittoria per Wout Van Aert, battuto Alessandro Romele\" \/>\n<meta property=\"og:url\" content=\"https:\/\/cyclingpro.net\/spaziociclismo\/sintesi-gare\/vuelta-a-espana-2026-wout-van-aert-concede-il-bis-2-alessandro-romele\/\" \/>\n<meta property=\"og:site_name\" content=\"SpazioCiclismo\" \/>\n<meta property=\"article:publisher\" content=\"https:\/\/www.facebook.com\/SpazioCiclismo\/\" \/>\n<meta property=\"article:published_time\" content=\"2026-09-06T15:37:17+00:00\" \/>\n<meta property=\"article:modified_time\" content=\"2026-09-06T16:46:19+00:00\" \/>\n<meta property=\"og:image\" content=\"https:\/\/cyclingpro.net\/spaziociclismo\/wp-content\/uploads\/2026\/09\/Wout-Van-Aert-Vuelta-a-Espana-2026.webp\" \/>\n\t<meta property=\"og:image:width\" content=\"1200\" \/>\n\t<meta property=\"og:image:height\" content=\"800\" \/>\n\t<meta property=\"og:image:type\" content=\"image\/webp\" \/>\n<meta name=\"author\" content=\"Luca Pellegrini\" \/>\n<meta name=\"twitter:card\" content=\"summary_large_image\" \/>\n<meta name=\"twitter:creator\" content=\"@spaziociclismo\" \/>\n<meta name=\"twitter:site\" content=\"@spaziociclismo\" \/>\n<meta name=\"twitter:label1\" content=\"Scritto da\" \/>\n\t<meta name=\"twitter:data1\" content=\"Luca Pellegrini\" \/>\n\t<meta name=\"twitter:label2\" content=\"Tempo di lettura stimato\" \/>\n\t<meta name=\"twitter:data2\" content=\"6 minuti\" \/>\n<script type=\"application\/ld+json\" class=\"yoast-schema-graph\">{\"@context\":\"https:\\\/\\\/schema.org\",\"@graph\":[{\"@type\":\"Article\",\"@id\":\"https:\\\/\\\/cyclingpro.net\\\/spaziociclismo\\\/sintesi-gare\\\/vuelta-a-espana-2026-wout-van-aert-concede-il-bis-2-alessandro-romele\\\/#article\",\"isPartOf\":{\"@id\":\"https:\\\/\\\/cyclingpro.net\\\/spaziociclismo\\\/sintesi-gare\\\/vuelta-a-espana-2026-wout-van-aert-concede-il-bis-2-alessandro-romele\\\/\"},\"author\":{\"name\":\"Luca Pellegrini\",\"@id\":\"https:\\\/\\\/cyclingpro.net\\\/spaziociclismo\\\/#\\\/schema\\\/person\\\/dba3a57e86bb6baefba5acbf905f8801\"},\"headline\":\"Vuelta a Espa\u00f1a 2026, Wout Van Aert concede il bis &#8211; 2\u00b0 Alessandro Romele, 6\u00b0 Alessandro Covi, tutto tranquillo fra i big\",\"datePublished\":\"2026-09-06T15:37:17+00:00\",\"dateModified\":\"2026-09-06T16:46:19+00:00\",\"mainEntityOfPage\":{\"@id\":\"https:\\\/\\\/cyclingpro.net\\\/spaziociclismo\\\/sintesi-gare\\\/vuelta-a-espana-2026-wout-van-aert-concede-il-bis-2-alessandro-romele\\\/\"},\"wordCount\":1003,\"commentCount\":0,\"publisher\":{\"@id\":\"https:\\\/\\\/cyclingpro.net\\\/spaziociclismo\\\/#organization\"},\"image\":{\"@id\":\"https:\\\/\\\/cyclingpro.net\\\/spaziociclismo\\\/sintesi-gare\\\/vuelta-a-espana-2026-wout-van-aert-concede-il-bis-2-alessandro-romele\\\/#primaryimage\"},\"thumbnailUrl\":\"https:\\\/\\\/cyclingpro.net\\\/spaziociclismo\\\/wp-content\\\/uploads\\\/2026\\\/09\\\/Wout-Van-Aert-Vuelta-a-Espana-2026.webp\",\"keywords\":[\"Alessandro Covi\",\"Alessandro Romele\",\"Team Visma | Lease a Bike 2026\",\"Vuelta a Espa\u00f1a 2026\",\"Wout van Aert\"],\"articleSection\":[\"Sintesi Gare\",\"Vetrina\",\"Vuelta 2026\"],\"inLanguage\":\"it-IT\",\"potentialAction\":[{\"@type\":\"CommentAction\",\"name\":\"Comment\",\"target\":[\"https:\\\/\\\/cyclingpro.net\\\/spaziociclismo\\\/sintesi-gare\\\/vuelta-a-espana-2026-wout-van-aert-concede-il-bis-2-alessandro-romele\\\/#respond\"]}]},{\"@type\":\"WebPage\",\"@id\":\"https:\\\/\\\/cyclingpro.net\\\/spaziociclismo\\\/sintesi-gare\\\/vuelta-a-espana-2026-wout-van-aert-concede-il-bis-2-alessandro-romele\\\/\",\"url\":\"https:\\\/\\\/cyclingpro.net\\\/spaziociclismo\\\/sintesi-gare\\\/vuelta-a-espana-2026-wout-van-aert-concede-il-bis-2-alessandro-romele\\\/\",\"name\":\"Vuelta a Espa\u00f1a 2026, Wout Van Aert concede il bis - 2\u00b0 Alessandro Romele, 6\u00b0 Alessandro Covi, tutto tranquillo fra i big - SpazioCiclismo\",\"isPartOf\":{\"@id\":\"https:\\\/\\\/cyclingpro.net\\\/spaziociclismo\\\/#website\"},\"primaryImageOfPage\":{\"@id\":\"https:\\\/\\\/cyclingpro.net\\\/spaziociclismo\\\/sintesi-gare\\\/vuelta-a-espana-2026-wout-van-aert-concede-il-bis-2-alessandro-romele\\\/#primaryimage\"},\"image\":{\"@id\":\"https:\\\/\\\/cyclingpro.net\\\/spaziociclismo\\\/sintesi-gare\\\/vuelta-a-espana-2026-wout-van-aert-concede-il-bis-2-alessandro-romele\\\/#primaryimage\"},\"thumbnailUrl\":\"https:\\\/\\\/cyclingpro.net\\\/spaziociclismo\\\/wp-content\\\/uploads\\\/2026\\\/09\\\/Wout-Van-Aert-Vuelta-a-Espana-2026.webp\",\"datePublished\":\"2026-09-06T15:37:17+00:00\",\"dateModified\":\"2026-09-06T16:46:19+00:00\",\"breadcrumb\":{\"@id\":\"https:\\\/\\\/cyclingpro.net\\\/spaziociclismo\\\/sintesi-gare\\\/vuelta-a-espana-2026-wout-van-aert-concede-il-bis-2-alessandro-romele\\\/#breadcrumb\"},\"inLanguage\":\"it-IT\",\"potentialAction\":[{\"@type\":\"ReadAction\",\"target\":[\"https:\\\/\\\/cyclingpro.net\\\/spaziociclismo\\\/sintesi-gare\\\/vuelta-a-espana-2026-wout-van-aert-concede-il-bis-2-alessandro-romele\\\/\"]}]},{\"@type\":\"ImageObject\",\"inLanguage\":\"it-IT\",\"@id\":\"https:\\\/\\\/cyclingpro.net\\\/spaziociclismo\\\/sintesi-gare\\\/vuelta-a-espana-2026-wout-van-aert-concede-il-bis-2-alessandro-romele\\\/#primaryimage\",\"url\":\"https:\\\/\\\/cyclingpro.net\\\/spaziociclismo\\\/wp-content\\\/uploads\\\/2026\\\/09\\\/Wout-Van-Aert-Vuelta-a-Espana-2026.webp\",\"contentUrl\":\"https:\\\/\\\/cyclingpro.net\\\/spaziociclismo\\\/wp-content\\\/uploads\\\/2026\\\/09\\\/Wout-Van-Aert-Vuelta-a-Espana-2026.webp\",\"width\":1200,\"height\":800,\"caption\":\"\u00a9 ASO \\\/ CxCling\"},{\"@type\":\"BreadcrumbList\",\"@id\":\"https:\\\/\\\/cyclingpro.net\\\/spaziociclismo\\\/sintesi-gare\\\/vuelta-a-espana-2026-wout-van-aert-concede-il-bis-2-alessandro-romele\\\/#breadcrumb\",\"itemListElement\":[{\"@type\":\"ListItem\",\"position\":1,\"name\":\"Home\",\"item\":\"https:\\\/\\\/cyclingpro.net\\\/spaziociclismo\\\/\"},{\"@type\":\"ListItem\",\"position\":2,\"name\":\"Vuelta a Espa\u00f1a 2026, Wout Van Aert concede il bis &#8211; 2\u00b0 Alessandro Romele, 6\u00b0 Alessandro Covi, tutto tranquillo fra i big\"}]},{\"@type\":\"WebSite\",\"@id\":\"https:\\\/\\\/cyclingpro.net\\\/spaziociclismo\\\/#website\",\"url\":\"https:\\\/\\\/cyclingpro.net\\\/spaziociclismo\\\/\",\"name\":\"SpazioCiclismo\",\"description\":\"Tutto il ciclismo minuto per minuto\",\"publisher\":{\"@id\":\"https:\\\/\\\/cyclingpro.net\\\/spaziociclismo\\\/#organization\"},\"potentialAction\":[{\"@type\":\"SearchAction\",\"target\":{\"@type\":\"EntryPoint\",\"urlTemplate\":\"https:\\\/\\\/cyclingpro.net\\\/spaziociclismo\\\/?s={search_term_string}\"},\"query-input\":{\"@type\":\"PropertyValueSpecification\",\"valueRequired\":true,\"valueName\":\"search_term_string\"}}],\"inLanguage\":\"it-IT\"},{\"@type\":\"Organization\",\"@id\":\"https:\\\/\\\/cyclingpro.net\\\/spaziociclismo\\\/#organization\",\"name\":\"SpazioCiclismo\",\"url\":\"https:\\\/\\\/cyclingpro.net\\\/spaziociclismo\\\/\",\"logo\":{\"@type\":\"ImageObject\",\"inLanguage\":\"it-IT\",\"@id\":\"https:\\\/\\\/cyclingpro.net\\\/spaziociclismo\\\/#\\\/schema\\\/logo\\\/image\\\/\",\"url\":\"https:\\\/\\\/cyclingpro.net\\\/spaziociclismo\\\/wp-content\\\/uploads\\\/2017\\\/02\\\/SpazioCiclismo-Logo-Quadrato.png\",\"contentUrl\":\"https:\\\/\\\/cyclingpro.net\\\/spaziociclismo\\\/wp-content\\\/uploads\\\/2017\\\/02\\\/SpazioCiclismo-Logo-Quadrato.png\",\"width\":450,\"height\":450,\"caption\":\"SpazioCiclismo\"},\"image\":{\"@id\":\"https:\\\/\\\/cyclingpro.net\\\/spaziociclismo\\\/#\\\/schema\\\/logo\\\/image\\\/\"},\"sameAs\":[\"https:\\\/\\\/www.facebook.com\\\/SpazioCiclismo\\\/\",\"https:\\\/\\\/x.com\\\/spaziociclismo\",\"https:\\\/\\\/www.instagram.com\\\/spaziociclismo\\\/\"]},{\"@type\":\"Person\",\"@id\":\"https:\\\/\\\/cyclingpro.net\\\/spaziociclismo\\\/#\\\/schema\\\/person\\\/dba3a57e86bb6baefba5acbf905f8801\",\"name\":\"Luca Pellegrini\",\"image\":{\"@type\":\"ImageObject\",\"inLanguage\":\"it-IT\",\"@id\":\"https:\\\/\\\/secure.gravatar.com\\\/avatar\\\/e233a6b2a31aba774a86fc0121b1a3bd7f6e7d1a4d2162cde93df050675351b8?s=96&d=mm&r=g\",\"url\":\"https:\\\/\\\/secure.gravatar.com\\\/avatar\\\/e233a6b2a31aba774a86fc0121b1a3bd7f6e7d1a4d2162cde93df050675351b8?s=96&d=mm&r=g\",\"contentUrl\":\"https:\\\/\\\/secure.gravatar.com\\\/avatar\\\/e233a6b2a31aba774a86fc0121b1a3bd7f6e7d1a4d2162cde93df050675351b8?s=96&d=mm&r=g\",\"caption\":\"Luca Pellegrini\"},\"url\":\"https:\\\/\\\/cyclingpro.net\\\/spaziociclismo\\\/author\\\/lpellegrini\\\/\"}]}<\/script>\n<!-- \/ Yoast SEO plugin. -->","yoast_head_json":{"title":"Vuelta a Espa\u00f1a 2026, Wout Van Aert concede il bis - 2\u00b0 Alessandro Romele, 6\u00b0 Alessandro Covi, tutto tranquillo fra i big - SpazioCiclismo","robots":{"index":"index","follow":"follow","max-snippet":"max-snippet:-1","max-image-preview":"max-image-preview:large","max-video-preview":"max-video-preview:-1"},"canonical":"https:\/\/cyclingpro.net\/spaziociclismo\/sintesi-gare\/vuelta-a-espana-2026-wout-van-aert-concede-il-bis-2-alessandro-romele\/","og_locale":"it_IT","og_type":"article","og_title":"Vuelta a Espa\u00f1a 2026, Wout Van Aert concede il bis - 2\u00b0 Alessandro Romele, 6\u00b0 Alessandro Covi, tutto tranquillo fra i big - SpazioCiclismo","og_description":"#LaVuelta26 Ancora una vittoria per Wout Van Aert, battuto Alessandro Romele","og_url":"https:\/\/cyclingpro.net\/spaziociclismo\/sintesi-gare\/vuelta-a-espana-2026-wout-van-aert-concede-il-bis-2-alessandro-romele\/","og_site_name":"SpazioCiclismo","article_publisher":"https:\/\/www.facebook.com\/SpazioCiclismo\/","article_published_time":"2026-09-06T15:37:17+00:00","article_modified_time":"2026-09-06T16:46:19+00:00","og_image":[{"width":1200,"height":800,"url":"https:\/\/cyclingpro.net\/spaziociclismo\/wp-content\/uploads\/2026\/09\/Wout-Van-Aert-Vuelta-a-Espana-2026.webp","type":"image\/webp"}],"author":"Luca Pellegrini","twitter_card":"summary_large_image","twitter_creator":"@spaziociclismo","twitter_site":"@spaziociclismo","twitter_misc":{"Scritto da":"Luca Pellegrini","Tempo di lettura stimato":"6 minuti"},"schema":{"@context":"https:\/\/schema.org","@graph":[{"@type":"Article","@id":"https:\/\/cyclingpro.net\/spaziociclismo\/sintesi-gare\/vuelta-a-espana-2026-wout-van-aert-concede-il-bis-2-alessandro-romele\/#article","isPartOf":{"@id":"https:\/\/cyclingpro.net\/spaziociclismo\/sintesi-gare\/vuelta-a-espana-2026-wout-van-aert-concede-il-bis-2-alessandro-romele\/"},"author":{"name":"Luca Pellegrini","@id":"https:\/\/cyclingpro.net\/spaziociclismo\/#\/schema\/person\/dba3a57e86bb6baefba5acbf905f8801"},"headline":"Vuelta a Espa\u00f1a 2026, Wout Van Aert concede il bis &#8211; 2\u00b0 Alessandro Romele, 6\u00b0 Alessandro Covi, tutto tranquillo fra i big","datePublished":"2026-09-06T15:37:17+00:00","dateModified":"2026-09-06T16:46:19+00:00","mainEntityOfPage":{"@id":"https:\/\/cyclingpro.net\/spaziociclismo\/sintesi-gare\/vuelta-a-espana-2026-wout-van-aert-concede-il-bis-2-alessandro-romele\/"},"wordCount":1003,"commentCount":0,"publisher":{"@id":"https:\/\/cyclingpro.net\/spaziociclismo\/#organization"},"image":{"@id":"https:\/\/cyclingpro.net\/spaziociclismo\/sintesi-gare\/vuelta-a-espana-2026-wout-van-aert-concede-il-bis-2-alessandro-romele\/#primaryimage"},"thumbnailUrl":"https:\/\/cyclingpro.net\/spaziociclismo\/wp-content\/uploads\/2026\/09\/Wout-Van-Aert-Vuelta-a-Espana-2026.webp","keywords":["Alessandro Covi","Alessandro Romele","Team Visma | Lease a Bike 2026","Vuelta a Espa\u00f1a 2026","Wout van Aert"],"articleSection":["Sintesi Gare","Vetrina","Vuelta 2026"],"inLanguage":"it-IT","potentialAction":[{"@type":"CommentAction","name":"Comment","target":["https:\/\/cyclingpro.net\/spaziociclismo\/sintesi-gare\/vuelta-a-espana-2026-wout-van-aert-concede-il-bis-2-alessandro-romele\/#respond"]}]},{"@type":"WebPage","@id":"https:\/\/cyclingpro.net\/spaziociclismo\/sintesi-gare\/vuelta-a-espana-2026-wout-van-aert-concede-il-bis-2-alessandro-romele\/","url":"https:\/\/cyclingpro.net\/spaziociclismo\/sintesi-gare\/vuelta-a-espana-2026-wout-van-aert-concede-il-bis-2-alessandro-romele\/","name":"Vuelta a Espa\u00f1a 2026, Wout Van Aert concede il bis - 2\u00b0 Alessandro Romele, 6\u00b0 Alessandro Covi, tutto tranquillo fra i big - SpazioCiclismo","isPartOf":{"@id":"https:\/\/cyclingpro.net\/spaziociclismo\/#website"},"primaryImageOfPage":{"@id":"https:\/\/cyclingpro.net\/spaziociclismo\/sintesi-gare\/vuelta-a-espana-2026-wout-van-aert-concede-il-bis-2-alessandro-romele\/#primaryimage"},"image":{"@id":"https:\/\/cyclingpro.net\/spaziociclismo\/sintesi-gare\/vuelta-a-espana-2026-wout-van-aert-concede-il-bis-2-alessandro-romele\/#primaryimage"},"thumbnailUrl":"https:\/\/cyclingpro.net\/spaziociclismo\/wp-content\/uploads\/2026\/09\/Wout-Van-Aert-Vuelta-a-Espana-2026.webp","datePublished":"2026-09-06T15:37:17+00:00","dateModified":"2026-09-06T16:46:19+00:00","breadcrumb":{"@id":"https:\/\/cyclingpro.net\/spaziociclismo\/sintesi-gare\/vuelta-a-espana-2026-wout-van-aert-concede-il-bis-2-alessandro-romele\/#breadcrumb"},"inLanguage":"it-IT","potentialAction":[{"@type":"ReadAction","target":["https:\/\/cyclingpro.net\/spaziociclismo\/sintesi-gare\/vuelta-a-espana-2026-wout-van-aert-concede-il-bis-2-alessandro-romele\/"]}]},{"@type":"ImageObject","inLanguage":"it-IT","@id":"https:\/\/cyclingpro.net\/spaziociclismo\/sintesi-gare\/vuelta-a-espana-2026-wout-van-aert-concede-il-bis-2-alessandro-romele\/#primaryimage","url":"https:\/\/cyclingpro.net\/spaziociclismo\/wp-content\/uploads\/2026\/09\/Wout-Van-Aert-Vuelta-a-Espana-2026.webp","contentUrl":"https:\/\/cyclingpro.net\/spaziociclismo\/wp-content\/uploads\/2026\/09\/Wout-Van-Aert-Vuelta-a-Espana-2026.webp","width":1200,"height":800,"caption":"\u00a9 ASO \/ CxCling"},{"@type":"BreadcrumbList","@id":"https:\/\/cyclingpro.net\/spaziociclismo\/sintesi-gare\/vuelta-a-espana-2026-wout-van-aert-concede-il-bis-2-alessandro-romele\/#breadcrumb","itemListElement":[{"@type":"ListItem","position":1,"name":"Home","item":"https:\/\/cyclingpro.net\/spaziociclismo\/"},{"@type":"ListItem","position":2,"name":"Vuelta a Espa\u00f1a 2026, Wout Van Aert concede il bis &#8211; 2\u00b0 Alessandro Romele, 6\u00b0 Alessandro Covi, tutto tranquillo fra i big"}]},{"@type":"WebSite","@id":"https:\/\/cyclingpro.net\/spaziociclismo\/#website","url":"https:\/\/cyclingpro.net\/spaziociclismo\/","name":"SpazioCiclismo","description":"Tutto il ciclismo minuto per minuto","publisher":{"@id":"https:\/\/cyclingpro.net\/spaziociclismo\/#organization"},"potentialAction":[{"@type":"SearchAction","target":{"@type":"EntryPoint","urlTemplate":"https:\/\/cyclingpro.net\/spaziociclismo\/?s={search_term_string}"},"query-input":{"@type":"PropertyValueSpecification","valueRequired":true,"valueName":"search_term_string"}}],"inLanguage":"it-IT"},{"@type":"Organization","@id":"https:\/\/cyclingpro.net\/spaziociclismo\/#organization","name":"SpazioCiclismo","url":"https:\/\/cyclingpro.net\/spaziociclismo\/","logo":{"@type":"ImageObject","inLanguage":"it-IT","@id":"https:\/\/cyclingpro.net\/spaziociclismo\/#\/schema\/logo\/image\/","url":"https:\/\/cyclingpro.net\/spaziociclismo\/wp-content\/uploads\/2017\/02\/SpazioCiclismo-Logo-Quadrato.png","contentUrl":"https:\/\/cyclingpro.net\/spaziociclismo\/wp-content\/uploads\/2017\/02\/SpazioCiclismo-Logo-Quadrato.png","width":450,"height":450,"caption":"SpazioCiclismo"},"image":{"@id":"https:\/\/cyclingpro.net\/spaziociclismo\/#\/schema\/logo\/image\/"},"sameAs":["https:\/\/www.facebook.com\/SpazioCiclismo\/","https:\/\/x.com\/spaziociclismo","https:\/\/www.instagram.com\/spaziociclismo\/"]},{"@type":"Person","@id":"https:\/\/cyclingpro.net\/spaziociclismo\/#\/schema\/person\/dba3a57e86bb6baefba5acbf905f8801","name":"Luca Pellegrini","image":{"@type":"ImageObject","inLanguage":"it-IT","@id":"https:\/\/secure.gravatar.com\/avatar\/e233a6b2a31aba774a86fc0121b1a3bd7f6e7d1a4d2162cde93df050675351b8?s=96&d=mm&r=g","url":"https:\/\/secure.gravatar.com\/avatar\/e233a6b2a31aba774a86fc0121b1a3bd7f6e7d1a4d2162cde93df050675351b8?s=96&d=mm&r=g","contentUrl":"https:\/\/secure.gravatar.com\/avatar\/e233a6b2a31aba774a86fc0121b1a3bd7f6e7d1a4d2162cde93df050675351b8?s=96&d=mm&r=g","caption":"Luca Pellegrini"},"url":"https:\/\/cyclingpro.net\/spaziociclismo\/author\/lpellegrini\/"}]}},"_links":{"self":[{"href":"https:\/\/cyclingpro.net\/spaziociclismo\/wp-json\/wp\/v2\/posts\/394076","targetHints":{"allow":["GET"]}}],"collection":[{"href":"https:\/\/cyclingpro.net\/spaziociclismo\/wp-json\/wp\/v2\/posts"}],"about":[{"href":"https:\/\/cyclingpro.net\/spaziociclismo\/wp-json\/wp\/v2\/types\/post"}],"author":[{"embeddable":true,"href":"https:\/\/cyclingpro.net\/spaziociclismo\/wp-json\/wp\/v2\/users\/4"}],"replies":[{"embeddable":true,"href":"https:\/\/cyclingpro.net\/spaziociclismo\/wp-json\/wp\/v2\/comments?post=394076"}],"version-history":[{"count":9,"href":"https:\/\/cyclingpro.net\/spaziociclismo\/wp-json\/wp\/v2\/posts\/394076\/revisions"}],"predecessor-version":[{"id":394133,"href":"https:\/\/cyclingpro.net\/spaziociclismo\/wp-json\/wp\/v2\/posts\/394076\/revisions\/394133"}],"wp:featuredmedia":[{"embeddable":true,"href":"https:\/\/cyclingpro.net\/spaziociclismo\/wp-json\/wp\/v2\/media\/394129"}],"wp:attachment":[{"href":"https:\/\/cyclingpro.net\/spaziociclismo\/wp-json\/wp\/v2\/media?parent=394076"}],"wp:term":[{"taxonomy":"category","embeddable":true,"href":"https:\/\/cyclingpro.net\/spaziociclismo\/wp-json\/wp\/v2\/categories?post=394076"},{"taxonomy":"post_tag","embeddable":true,"href":"https:\/\/cyclingpro.net\/spaziociclismo\/wp-json\/wp\/v2\/tags?post=394076"}],"curies":[{"name":"wp","href":"https:\/\/api.w.org\/{rel}","templated":true}]}}