{"id":394074,"date":"2026-09-06T17:32:09","date_gmt":"2026-09-06T15:32:09","guid":{"rendered":"https:\/\/cyclingpro.net\/spaziociclismo\/?p=394074"},"modified":"2026-09-06T17:32:09","modified_gmt":"2026-09-06T15:32:09","slug":"gp-larciano-2026-christian-scaroni-un-secondo-posto-che-un-po-mi-pesa-ma-la-condizione-ce","status":"publish","type":"post","link":"https:\/\/cyclingpro.net\/spaziociclismo\/continental\/gp-larciano-2026-christian-scaroni-un-secondo-posto-che-un-po-mi-pesa-ma-la-condizione-ce\/","title":{"rendered":"GP Larciano 2026, Christian Scaroni: &#8220;Un secondo posto che un po&#8217; mi pesa, ma la condizione c&#8217;\u00e8&#8221;"},"content":{"rendered":"<p><strong>Christian Scaroni<\/strong> centra l&#8217;ennesimo piazzamento di prestigio al <strong>GP Larciano 2026.<\/strong> Il corridore della <strong>XDS Astana Team<\/strong> si \u00e8 piazzato al secondo posto, alle spalle di <strong>Tom Pidcock<\/strong>. Un risultato che, tuttavia, lascia un po&#8217; di amaro in bocca al bresciano, costante fin da inizio stagione, ma senza mai riuscire a centrare il bottino grosso. Anche oggi, dopo il gran lavoro dei suoi, non \u00e8 riuscito a tenere la ruota del britannico, apparso in condizione straordinaria. C&#8217;\u00e8 comunque margine per un finale di stagione che lo vedr\u00e0 sicuramente grande protagonista.<\/p>\n<p>&#8220;\u00c8 un secondo posto un po&#8217; agrodolce, perch\u00e8 se da un lato arrivare dietro a Pidcock \u00e8 sintomo di una condizione molto buona, <strong>dall&#8217;altra parte \u00e8 un risultato che un po&#8217; mi pesa<\/strong> &#8211; ha commentato Scaroni dopo il traguardo &#8211; La condizione c&#8217;\u00e8, anche se io soffro il caldo. Oggi ha fatto parecchio caldo e questo significa che il mio corpo ha risposto bene. Sono ottimista per i prossimi impegni. Nel finale ho cercato di gestirmi, anticipando la volata perch\u00e9 l&#8217;ultimo chilometro qui a Larciano \u00e8 sempre un po&#8217; ingannevole e anche se sono veloce non c&#8217;\u00e8 mai grande sicurezza.<\/p>\n","protected":false},"excerpt":{"rendered":"<p>#GPLarciano Christian Scaroni: &#8220;Un secondo posto che un po&#8217; mi pesa, ma la condizione c&#8217;\u00e8&#8221;<\/p>\n","protected":false},"author":4,"featured_media":394070,"comment_status":"open","ping_status":"closed","sticky":false,"template":"","format":"standard","meta":{"footnotes":"","_members_access_role":[],"_members_access_error":""},"categories":[6],"tags":[5325,7219,6782],"class_list":["post-394074","post","type-post","status-publish","format-standard","has-post-thumbnail","hentry","category-continental","tag-christian-scaroni","tag-gp-larciano-2026","tag-xds-astana-team-2026"],"yoast_head":"<!-- This site is optimized with the Yoast SEO plugin v28.4 - https:\/\/yoast.com\/product\/yoast-seo-wordpress\/ -->\n<title>GP Larciano 2026, Christian Scaroni: &quot;Un secondo posto che un po&#039; mi pesa, ma la condizione c&#039;\u00e8&quot; - SpazioCiclismo<\/title>\n<meta name=\"robots\" content=\"index, follow, max-snippet:-1, max-image-preview:large, max-video-preview:-1\" \/>\n<link rel=\"canonical\" href=\"https:\/\/cyclingpro.net\/spaziociclismo\/continental\/gp-larciano-2026-christian-scaroni-un-secondo-posto-che-un-po-mi-pesa-ma-la-condizione-ce\/\" \/>\n<meta property=\"og:locale\" content=\"it_IT\" \/>\n<meta property=\"og:type\" content=\"article\" \/>\n<meta property=\"og:title\" content=\"GP Larciano 2026, Christian Scaroni: &quot;Un secondo posto che un po&#039; mi pesa, ma la condizione c&#039;\u00e8&quot; - SpazioCiclismo\" \/>\n<meta property=\"og:description\" content=\"#GPLarciano Christian Scaroni: &quot;Un secondo posto che un po&#039; mi pesa, ma la condizione c&#039;\u00e8&quot;\" \/>\n<meta property=\"og:url\" content=\"https:\/\/cyclingpro.net\/spaziociclismo\/continental\/gp-larciano-2026-christian-scaroni-un-secondo-posto-che-un-po-mi-pesa-ma-la-condizione-ce\/\" \/>\n<meta property=\"og:site_name\" content=\"SpazioCiclismo\" \/>\n<meta property=\"article:publisher\" content=\"https:\/\/www.facebook.com\/SpazioCiclismo\/\" \/>\n<meta property=\"article:published_time\" content=\"2026-09-06T15:32:09+00:00\" \/>\n<meta property=\"og:image\" content=\"https:\/\/cyclingpro.net\/spaziociclismo\/wp-content\/uploads\/2027\/01\/Podio-Pidcock-Scaroni-Dalby.webp\" \/>\n\t<meta property=\"og:image:width\" content=\"1200\" \/>\n\t<meta property=\"og:image:height\" content=\"800\" \/>\n\t<meta property=\"og:image:type\" content=\"image\/webp\" \/>\n<meta name=\"author\" content=\"Luca Pellegrini\" \/>\n<meta name=\"twitter:card\" content=\"summary_large_image\" \/>\n<meta name=\"twitter:creator\" content=\"@spaziociclismo\" \/>\n<meta name=\"twitter:site\" content=\"@spaziociclismo\" \/>\n<meta name=\"twitter:label1\" content=\"Scritto da\" \/>\n\t<meta name=\"twitter:data1\" content=\"Luca Pellegrini\" \/>\n\t<meta name=\"twitter:label2\" content=\"Tempo di lettura stimato\" \/>\n\t<meta name=\"twitter:data2\" content=\"2 minuti\" \/>\n<script type=\"application\/ld+json\" class=\"yoast-schema-graph\">{\"@context\":\"https:\\\/\\\/schema.org\",\"@graph\":[{\"@type\":\"Article\",\"@id\":\"https:\\\/\\\/cyclingpro.net\\\/spaziociclismo\\\/continental\\\/gp-larciano-2026-christian-scaroni-un-secondo-posto-che-un-po-mi-pesa-ma-la-condizione-ce\\\/#article\",\"isPartOf\":{\"@id\":\"https:\\\/\\\/cyclingpro.net\\\/spaziociclismo\\\/continental\\\/gp-larciano-2026-christian-scaroni-un-secondo-posto-che-un-po-mi-pesa-ma-la-condizione-ce\\\/\"},\"author\":{\"name\":\"Luca Pellegrini\",\"@id\":\"https:\\\/\\\/cyclingpro.net\\\/spaziociclismo\\\/#\\\/schema\\\/person\\\/dba3a57e86bb6baefba5acbf905f8801\"},\"headline\":\"GP Larciano 2026, Christian Scaroni: &#8220;Un secondo posto che un po&#8217; mi pesa, ma la condizione c&#8217;\u00e8&#8221;\",\"datePublished\":\"2026-09-06T15:32:09+00:00\",\"mainEntityOfPage\":{\"@id\":\"https:\\\/\\\/cyclingpro.net\\\/spaziociclismo\\\/continental\\\/gp-larciano-2026-christian-scaroni-un-secondo-posto-che-un-po-mi-pesa-ma-la-condizione-ce\\\/\"},\"wordCount\":203,\"commentCount\":0,\"publisher\":{\"@id\":\"https:\\\/\\\/cyclingpro.net\\\/spaziociclismo\\\/#organization\"},\"image\":{\"@id\":\"https:\\\/\\\/cyclingpro.net\\\/spaziociclismo\\\/continental\\\/gp-larciano-2026-christian-scaroni-un-secondo-posto-che-un-po-mi-pesa-ma-la-condizione-ce\\\/#primaryimage\"},\"thumbnailUrl\":\"https:\\\/\\\/cyclingpro.net\\\/spaziociclismo\\\/wp-content\\\/uploads\\\/2027\\\/01\\\/Podio-Pidcock-Scaroni-Dalby.webp\",\"keywords\":[\"Christian Scaroni\",\"GP Larciano 2026\",\"XDS Astana Team 2026\"],\"articleSection\":[\"Continental\"],\"inLanguage\":\"it-IT\",\"potentialAction\":[{\"@type\":\"CommentAction\",\"name\":\"Comment\",\"target\":[\"https:\\\/\\\/cyclingpro.net\\\/spaziociclismo\\\/continental\\\/gp-larciano-2026-christian-scaroni-un-secondo-posto-che-un-po-mi-pesa-ma-la-condizione-ce\\\/#respond\"]}]},{\"@type\":\"WebPage\",\"@id\":\"https:\\\/\\\/cyclingpro.net\\\/spaziociclismo\\\/continental\\\/gp-larciano-2026-christian-scaroni-un-secondo-posto-che-un-po-mi-pesa-ma-la-condizione-ce\\\/\",\"url\":\"https:\\\/\\\/cyclingpro.net\\\/spaziociclismo\\\/continental\\\/gp-larciano-2026-christian-scaroni-un-secondo-posto-che-un-po-mi-pesa-ma-la-condizione-ce\\\/\",\"name\":\"GP Larciano 2026, Christian Scaroni: \\\"Un secondo posto che un po' mi pesa, ma la condizione c'\u00e8\\\" - SpazioCiclismo\",\"isPartOf\":{\"@id\":\"https:\\\/\\\/cyclingpro.net\\\/spaziociclismo\\\/#website\"},\"primaryImageOfPage\":{\"@id\":\"https:\\\/\\\/cyclingpro.net\\\/spaziociclismo\\\/continental\\\/gp-larciano-2026-christian-scaroni-un-secondo-posto-che-un-po-mi-pesa-ma-la-condizione-ce\\\/#primaryimage\"},\"image\":{\"@id\":\"https:\\\/\\\/cyclingpro.net\\\/spaziociclismo\\\/continental\\\/gp-larciano-2026-christian-scaroni-un-secondo-posto-che-un-po-mi-pesa-ma-la-condizione-ce\\\/#primaryimage\"},\"thumbnailUrl\":\"https:\\\/\\\/cyclingpro.net\\\/spaziociclismo\\\/wp-content\\\/uploads\\\/2027\\\/01\\\/Podio-Pidcock-Scaroni-Dalby.webp\",\"datePublished\":\"2026-09-06T15:32:09+00:00\",\"breadcrumb\":{\"@id\":\"https:\\\/\\\/cyclingpro.net\\\/spaziociclismo\\\/continental\\\/gp-larciano-2026-christian-scaroni-un-secondo-posto-che-un-po-mi-pesa-ma-la-condizione-ce\\\/#breadcrumb\"},\"inLanguage\":\"it-IT\",\"potentialAction\":[{\"@type\":\"ReadAction\",\"target\":[\"https:\\\/\\\/cyclingpro.net\\\/spaziociclismo\\\/continental\\\/gp-larciano-2026-christian-scaroni-un-secondo-posto-che-un-po-mi-pesa-ma-la-condizione-ce\\\/\"]}]},{\"@type\":\"ImageObject\",\"inLanguage\":\"it-IT\",\"@id\":\"https:\\\/\\\/cyclingpro.net\\\/spaziociclismo\\\/continental\\\/gp-larciano-2026-christian-scaroni-un-secondo-posto-che-un-po-mi-pesa-ma-la-condizione-ce\\\/#primaryimage\",\"url\":\"https:\\\/\\\/cyclingpro.net\\\/spaziociclismo\\\/wp-content\\\/uploads\\\/2027\\\/01\\\/Podio-Pidcock-Scaroni-Dalby.webp\",\"contentUrl\":\"https:\\\/\\\/cyclingpro.net\\\/spaziociclismo\\\/wp-content\\\/uploads\\\/2027\\\/01\\\/Podio-Pidcock-Scaroni-Dalby.webp\",\"width\":1200,\"height\":800,\"caption\":\"\u00a9 Le Foto Stabbia\"},{\"@type\":\"BreadcrumbList\",\"@id\":\"https:\\\/\\\/cyclingpro.net\\\/spaziociclismo\\\/continental\\\/gp-larciano-2026-christian-scaroni-un-secondo-posto-che-un-po-mi-pesa-ma-la-condizione-ce\\\/#breadcrumb\",\"itemListElement\":[{\"@type\":\"ListItem\",\"position\":1,\"name\":\"Home\",\"item\":\"https:\\\/\\\/cyclingpro.net\\\/spaziociclismo\\\/\"},{\"@type\":\"ListItem\",\"position\":2,\"name\":\"GP Larciano 2026, Christian Scaroni: &#8220;Un secondo posto che un po&#8217; mi pesa, ma la condizione c&#8217;\u00e8&#8221;\"}]},{\"@type\":\"WebSite\",\"@id\":\"https:\\\/\\\/cyclingpro.net\\\/spaziociclismo\\\/#website\",\"url\":\"https:\\\/\\\/cyclingpro.net\\\/spaziociclismo\\\/\",\"name\":\"SpazioCiclismo\",\"description\":\"Tutto il ciclismo minuto per minuto\",\"publisher\":{\"@id\":\"https:\\\/\\\/cyclingpro.net\\\/spaziociclismo\\\/#organization\"},\"potentialAction\":[{\"@type\":\"SearchAction\",\"target\":{\"@type\":\"EntryPoint\",\"urlTemplate\":\"https:\\\/\\\/cyclingpro.net\\\/spaziociclismo\\\/?s={search_term_string}\"},\"query-input\":{\"@type\":\"PropertyValueSpecification\",\"valueRequired\":true,\"valueName\":\"search_term_string\"}}],\"inLanguage\":\"it-IT\"},{\"@type\":\"Organization\",\"@id\":\"https:\\\/\\\/cyclingpro.net\\\/spaziociclismo\\\/#organization\",\"name\":\"SpazioCiclismo\",\"url\":\"https:\\\/\\\/cyclingpro.net\\\/spaziociclismo\\\/\",\"logo\":{\"@type\":\"ImageObject\",\"inLanguage\":\"it-IT\",\"@id\":\"https:\\\/\\\/cyclingpro.net\\\/spaziociclismo\\\/#\\\/schema\\\/logo\\\/image\\\/\",\"url\":\"https:\\\/\\\/cyclingpro.net\\\/spaziociclismo\\\/wp-content\\\/uploads\\\/2017\\\/02\\\/SpazioCiclismo-Logo-Quadrato.png\",\"contentUrl\":\"https:\\\/\\\/cyclingpro.net\\\/spaziociclismo\\\/wp-content\\\/uploads\\\/2017\\\/02\\\/SpazioCiclismo-Logo-Quadrato.png\",\"width\":450,\"height\":450,\"caption\":\"SpazioCiclismo\"},\"image\":{\"@id\":\"https:\\\/\\\/cyclingpro.net\\\/spaziociclismo\\\/#\\\/schema\\\/logo\\\/image\\\/\"},\"sameAs\":[\"https:\\\/\\\/www.facebook.com\\\/SpazioCiclismo\\\/\",\"https:\\\/\\\/x.com\\\/spaziociclismo\",\"https:\\\/\\\/www.instagram.com\\\/spaziociclismo\\\/\"]},{\"@type\":\"Person\",\"@id\":\"https:\\\/\\\/cyclingpro.net\\\/spaziociclismo\\\/#\\\/schema\\\/person\\\/dba3a57e86bb6baefba5acbf905f8801\",\"name\":\"Luca Pellegrini\",\"image\":{\"@type\":\"ImageObject\",\"inLanguage\":\"it-IT\",\"@id\":\"https:\\\/\\\/secure.gravatar.com\\\/avatar\\\/e233a6b2a31aba774a86fc0121b1a3bd7f6e7d1a4d2162cde93df050675351b8?s=96&d=mm&r=g\",\"url\":\"https:\\\/\\\/secure.gravatar.com\\\/avatar\\\/e233a6b2a31aba774a86fc0121b1a3bd7f6e7d1a4d2162cde93df050675351b8?s=96&d=mm&r=g\",\"contentUrl\":\"https:\\\/\\\/secure.gravatar.com\\\/avatar\\\/e233a6b2a31aba774a86fc0121b1a3bd7f6e7d1a4d2162cde93df050675351b8?s=96&d=mm&r=g\",\"caption\":\"Luca Pellegrini\"},\"url\":\"https:\\\/\\\/cyclingpro.net\\\/spaziociclismo\\\/author\\\/lpellegrini\\\/\"}]}<\/script>\n<!-- \/ Yoast SEO plugin. -->","yoast_head_json":{"title":"GP Larciano 2026, Christian Scaroni: \"Un secondo posto che un po' mi pesa, ma la condizione c'\u00e8\" - SpazioCiclismo","robots":{"index":"index","follow":"follow","max-snippet":"max-snippet:-1","max-image-preview":"max-image-preview:large","max-video-preview":"max-video-preview:-1"},"canonical":"https:\/\/cyclingpro.net\/spaziociclismo\/continental\/gp-larciano-2026-christian-scaroni-un-secondo-posto-che-un-po-mi-pesa-ma-la-condizione-ce\/","og_locale":"it_IT","og_type":"article","og_title":"GP Larciano 2026, Christian Scaroni: \"Un secondo posto che un po' mi pesa, ma la condizione c'\u00e8\" - SpazioCiclismo","og_description":"#GPLarciano Christian Scaroni: \"Un secondo posto che un po' mi pesa, ma la condizione c'\u00e8\"","og_url":"https:\/\/cyclingpro.net\/spaziociclismo\/continental\/gp-larciano-2026-christian-scaroni-un-secondo-posto-che-un-po-mi-pesa-ma-la-condizione-ce\/","og_site_name":"SpazioCiclismo","article_publisher":"https:\/\/www.facebook.com\/SpazioCiclismo\/","article_published_time":"2026-09-06T15:32:09+00:00","og_image":[{"width":1200,"height":800,"url":"https:\/\/cyclingpro.net\/spaziociclismo\/wp-content\/uploads\/2027\/01\/Podio-Pidcock-Scaroni-Dalby.webp","type":"image\/webp"}],"author":"Luca Pellegrini","twitter_card":"summary_large_image","twitter_creator":"@spaziociclismo","twitter_site":"@spaziociclismo","twitter_misc":{"Scritto da":"Luca Pellegrini","Tempo di lettura stimato":"2 minuti"},"schema":{"@context":"https:\/\/schema.org","@graph":[{"@type":"Article","@id":"https:\/\/cyclingpro.net\/spaziociclismo\/continental\/gp-larciano-2026-christian-scaroni-un-secondo-posto-che-un-po-mi-pesa-ma-la-condizione-ce\/#article","isPartOf":{"@id":"https:\/\/cyclingpro.net\/spaziociclismo\/continental\/gp-larciano-2026-christian-scaroni-un-secondo-posto-che-un-po-mi-pesa-ma-la-condizione-ce\/"},"author":{"name":"Luca Pellegrini","@id":"https:\/\/cyclingpro.net\/spaziociclismo\/#\/schema\/person\/dba3a57e86bb6baefba5acbf905f8801"},"headline":"GP Larciano 2026, Christian Scaroni: &#8220;Un secondo posto che un po&#8217; mi pesa, ma la condizione c&#8217;\u00e8&#8221;","datePublished":"2026-09-06T15:32:09+00:00","mainEntityOfPage":{"@id":"https:\/\/cyclingpro.net\/spaziociclismo\/continental\/gp-larciano-2026-christian-scaroni-un-secondo-posto-che-un-po-mi-pesa-ma-la-condizione-ce\/"},"wordCount":203,"commentCount":0,"publisher":{"@id":"https:\/\/cyclingpro.net\/spaziociclismo\/#organization"},"image":{"@id":"https:\/\/cyclingpro.net\/spaziociclismo\/continental\/gp-larciano-2026-christian-scaroni-un-secondo-posto-che-un-po-mi-pesa-ma-la-condizione-ce\/#primaryimage"},"thumbnailUrl":"https:\/\/cyclingpro.net\/spaziociclismo\/wp-content\/uploads\/2027\/01\/Podio-Pidcock-Scaroni-Dalby.webp","keywords":["Christian Scaroni","GP Larciano 2026","XDS Astana Team 2026"],"articleSection":["Continental"],"inLanguage":"it-IT","potentialAction":[{"@type":"CommentAction","name":"Comment","target":["https:\/\/cyclingpro.net\/spaziociclismo\/continental\/gp-larciano-2026-christian-scaroni-un-secondo-posto-che-un-po-mi-pesa-ma-la-condizione-ce\/#respond"]}]},{"@type":"WebPage","@id":"https:\/\/cyclingpro.net\/spaziociclismo\/continental\/gp-larciano-2026-christian-scaroni-un-secondo-posto-che-un-po-mi-pesa-ma-la-condizione-ce\/","url":"https:\/\/cyclingpro.net\/spaziociclismo\/continental\/gp-larciano-2026-christian-scaroni-un-secondo-posto-che-un-po-mi-pesa-ma-la-condizione-ce\/","name":"GP Larciano 2026, Christian Scaroni: \"Un secondo posto che un po' mi pesa, ma la condizione c'\u00e8\" - SpazioCiclismo","isPartOf":{"@id":"https:\/\/cyclingpro.net\/spaziociclismo\/#website"},"primaryImageOfPage":{"@id":"https:\/\/cyclingpro.net\/spaziociclismo\/continental\/gp-larciano-2026-christian-scaroni-un-secondo-posto-che-un-po-mi-pesa-ma-la-condizione-ce\/#primaryimage"},"image":{"@id":"https:\/\/cyclingpro.net\/spaziociclismo\/continental\/gp-larciano-2026-christian-scaroni-un-secondo-posto-che-un-po-mi-pesa-ma-la-condizione-ce\/#primaryimage"},"thumbnailUrl":"https:\/\/cyclingpro.net\/spaziociclismo\/wp-content\/uploads\/2027\/01\/Podio-Pidcock-Scaroni-Dalby.webp","datePublished":"2026-09-06T15:32:09+00:00","breadcrumb":{"@id":"https:\/\/cyclingpro.net\/spaziociclismo\/continental\/gp-larciano-2026-christian-scaroni-un-secondo-posto-che-un-po-mi-pesa-ma-la-condizione-ce\/#breadcrumb"},"inLanguage":"it-IT","potentialAction":[{"@type":"ReadAction","target":["https:\/\/cyclingpro.net\/spaziociclismo\/continental\/gp-larciano-2026-christian-scaroni-un-secondo-posto-che-un-po-mi-pesa-ma-la-condizione-ce\/"]}]},{"@type":"ImageObject","inLanguage":"it-IT","@id":"https:\/\/cyclingpro.net\/spaziociclismo\/continental\/gp-larciano-2026-christian-scaroni-un-secondo-posto-che-un-po-mi-pesa-ma-la-condizione-ce\/#primaryimage","url":"https:\/\/cyclingpro.net\/spaziociclismo\/wp-content\/uploads\/2027\/01\/Podio-Pidcock-Scaroni-Dalby.webp","contentUrl":"https:\/\/cyclingpro.net\/spaziociclismo\/wp-content\/uploads\/2027\/01\/Podio-Pidcock-Scaroni-Dalby.webp","width":1200,"height":800,"caption":"\u00a9 Le Foto Stabbia"},{"@type":"BreadcrumbList","@id":"https:\/\/cyclingpro.net\/spaziociclismo\/continental\/gp-larciano-2026-christian-scaroni-un-secondo-posto-che-un-po-mi-pesa-ma-la-condizione-ce\/#breadcrumb","itemListElement":[{"@type":"ListItem","position":1,"name":"Home","item":"https:\/\/cyclingpro.net\/spaziociclismo\/"},{"@type":"ListItem","position":2,"name":"GP Larciano 2026, Christian Scaroni: &#8220;Un secondo posto che un po&#8217; mi pesa, ma la condizione c&#8217;\u00e8&#8221;"}]},{"@type":"WebSite","@id":"https:\/\/cyclingpro.net\/spaziociclismo\/#website","url":"https:\/\/cyclingpro.net\/spaziociclismo\/","name":"SpazioCiclismo","description":"Tutto il ciclismo minuto per minuto","publisher":{"@id":"https:\/\/cyclingpro.net\/spaziociclismo\/#organization"},"potentialAction":[{"@type":"SearchAction","target":{"@type":"EntryPoint","urlTemplate":"https:\/\/cyclingpro.net\/spaziociclismo\/?s={search_term_string}"},"query-input":{"@type":"PropertyValueSpecification","valueRequired":true,"valueName":"search_term_string"}}],"inLanguage":"it-IT"},{"@type":"Organization","@id":"https:\/\/cyclingpro.net\/spaziociclismo\/#organization","name":"SpazioCiclismo","url":"https:\/\/cyclingpro.net\/spaziociclismo\/","logo":{"@type":"ImageObject","inLanguage":"it-IT","@id":"https:\/\/cyclingpro.net\/spaziociclismo\/#\/schema\/logo\/image\/","url":"https:\/\/cyclingpro.net\/spaziociclismo\/wp-content\/uploads\/2017\/02\/SpazioCiclismo-Logo-Quadrato.png","contentUrl":"https:\/\/cyclingpro.net\/spaziociclismo\/wp-content\/uploads\/2017\/02\/SpazioCiclismo-Logo-Quadrato.png","width":450,"height":450,"caption":"SpazioCiclismo"},"image":{"@id":"https:\/\/cyclingpro.net\/spaziociclismo\/#\/schema\/logo\/image\/"},"sameAs":["https:\/\/www.facebook.com\/SpazioCiclismo\/","https:\/\/x.com\/spaziociclismo","https:\/\/www.instagram.com\/spaziociclismo\/"]},{"@type":"Person","@id":"https:\/\/cyclingpro.net\/spaziociclismo\/#\/schema\/person\/dba3a57e86bb6baefba5acbf905f8801","name":"Luca Pellegrini","image":{"@type":"ImageObject","inLanguage":"it-IT","@id":"https:\/\/secure.gravatar.com\/avatar\/e233a6b2a31aba774a86fc0121b1a3bd7f6e7d1a4d2162cde93df050675351b8?s=96&d=mm&r=g","url":"https:\/\/secure.gravatar.com\/avatar\/e233a6b2a31aba774a86fc0121b1a3bd7f6e7d1a4d2162cde93df050675351b8?s=96&d=mm&r=g","contentUrl":"https:\/\/secure.gravatar.com\/avatar\/e233a6b2a31aba774a86fc0121b1a3bd7f6e7d1a4d2162cde93df050675351b8?s=96&d=mm&r=g","caption":"Luca Pellegrini"},"url":"https:\/\/cyclingpro.net\/spaziociclismo\/author\/lpellegrini\/"}]}},"_links":{"self":[{"href":"https:\/\/cyclingpro.net\/spaziociclismo\/wp-json\/wp\/v2\/posts\/394074","targetHints":{"allow":["GET"]}}],"collection":[{"href":"https:\/\/cyclingpro.net\/spaziociclismo\/wp-json\/wp\/v2\/posts"}],"about":[{"href":"https:\/\/cyclingpro.net\/spaziociclismo\/wp-json\/wp\/v2\/types\/post"}],"author":[{"embeddable":true,"href":"https:\/\/cyclingpro.net\/spaziociclismo\/wp-json\/wp\/v2\/users\/4"}],"replies":[{"embeddable":true,"href":"https:\/\/cyclingpro.net\/spaziociclismo\/wp-json\/wp\/v2\/comments?post=394074"}],"version-history":[{"count":1,"href":"https:\/\/cyclingpro.net\/spaziociclismo\/wp-json\/wp\/v2\/posts\/394074\/revisions"}],"predecessor-version":[{"id":394075,"href":"https:\/\/cyclingpro.net\/spaziociclismo\/wp-json\/wp\/v2\/posts\/394074\/revisions\/394075"}],"wp:attachment":[{"href":"https:\/\/cyclingpro.net\/spaziociclismo\/wp-json\/wp\/v2\/media?parent=394074"}],"wp:term":[{"taxonomy":"category","embeddable":true,"href":"https:\/\/cyclingpro.net\/spaziociclismo\/wp-json\/wp\/v2\/categories?post=394074"},{"taxonomy":"post_tag","embeddable":true,"href":"https:\/\/cyclingpro.net\/spaziociclismo\/wp-json\/wp\/v2\/tags?post=394074"}],"curies":[{"name":"wp","href":"https:\/\/api.w.org\/{rel}","templated":true}]}}