{"id":394064,"date":"2026-09-06T17:13:08","date_gmt":"2026-09-06T15:13:08","guid":{"rendered":"https:\/\/cyclingpro.net\/spaziociclismo\/?p=394064"},"modified":"2026-09-06T18:07:19","modified_gmt":"2026-09-06T16:07:19","slug":"uae-team-emirates-xrg-la-squadra-avrebbe-offerto-a-tadej-pogacar-fino-al-2034-poi-la-firma-al-2032","status":"publish","type":"post","link":"https:\/\/cyclingpro.net\/spaziociclismo\/ciclomercato\/uae-team-emirates-xrg-la-squadra-avrebbe-offerto-a-tadej-pogacar-fino-al-2034-poi-la-firma-al-2032\/","title":{"rendered":"UAE Team Emirates XRG, la squadra avrebbe offerto a Tadej Poga\u010dar fino al 2034, poi la firma al 2032"},"content":{"rendered":"<p>C&#8217;\u00e8 un piccolo retroscena attorno al maxi-prolungamento di <strong>Tadej Poga\u010dar<\/strong> con la <strong>UAE Team Emirates &#8211; XRG<\/strong>. Secondo quanto riporta\u00a0<em>Ciro Scognamiglio per la Gazzetta dello Sport<\/em>, la prima offerta della ricca formazione WorldTour emiratina prevedeva un accordo fino al 2034 con il fuoriclasse sloveno. Di fatto si sarebbe trattato di un rinnovo a vita per il Campione del Mondo. Invece dopo una trattativa con il suo entourage, la conclusione del contratto \u00e8 stata fissata per il 2032, quando Poga\u010dar avr\u00e0 34 anni. Non sono state svelate le ragioni dietro questa mossa, ma desta comunque curiosit\u00e0 la decisione del corridore pi\u00f9 rappresentativo del movimento ciclistico mondiale.<\/p>\n","protected":false},"excerpt":{"rendered":"<p>#Ciclomercato UAE Team Emirates &#8211; XRG, la squadra avrebbe offerto a Tadej Poga\u010dar fino al 2034, poi la firma al 2032<\/p>\n","protected":false},"author":4,"featured_media":391606,"comment_status":"open","ping_status":"closed","sticky":false,"template":"","format":"standard","meta":{"footnotes":"","_members_access_role":[],"_members_access_error":""},"categories":[5,25],"tags":[1099,2166,6779],"class_list":["post-394064","post","type-post","status-publish","format-standard","has-post-thumbnail","hentry","category-ciclomercato","category-worldtour","tag-ciclomercato","tag-tadej-pogacar","tag-uae-team-emirates-xrg-2026"],"yoast_head":"<!-- This site is optimized with the Yoast SEO plugin v28.4 - https:\/\/yoast.com\/product\/yoast-seo-wordpress\/ -->\n<title>UAE Team Emirates XRG, la squadra avrebbe offerto a Tadej Poga\u010dar fino al 2034, poi la firma al 2032 - SpazioCiclismo<\/title>\n<meta name=\"robots\" content=\"index, follow, max-snippet:-1, max-image-preview:large, max-video-preview:-1\" \/>\n<link rel=\"canonical\" href=\"https:\/\/cyclingpro.net\/spaziociclismo\/ciclomercato\/uae-team-emirates-xrg-la-squadra-avrebbe-offerto-a-tadej-pogacar-fino-al-2034-poi-la-firma-al-2032\/\" \/>\n<meta property=\"og:locale\" content=\"it_IT\" \/>\n<meta property=\"og:type\" content=\"article\" \/>\n<meta property=\"og:title\" content=\"UAE Team Emirates XRG, la squadra avrebbe offerto a Tadej Poga\u010dar fino al 2034, poi la firma al 2032 - SpazioCiclismo\" \/>\n<meta property=\"og:description\" content=\"#Ciclomercato UAE Team Emirates - XRG, la squadra avrebbe offerto a Tadej Poga\u010dar fino al 2034, poi la firma al 2032\" \/>\n<meta property=\"og:url\" content=\"https:\/\/cyclingpro.net\/spaziociclismo\/ciclomercato\/uae-team-emirates-xrg-la-squadra-avrebbe-offerto-a-tadej-pogacar-fino-al-2034-poi-la-firma-al-2032\/\" \/>\n<meta property=\"og:site_name\" content=\"SpazioCiclismo\" \/>\n<meta property=\"article:publisher\" content=\"https:\/\/www.facebook.com\/SpazioCiclismo\/\" \/>\n<meta property=\"article:published_time\" content=\"2026-09-06T15:13:08+00:00\" \/>\n<meta property=\"article:modified_time\" content=\"2026-09-06T16:07:19+00:00\" \/>\n<meta property=\"og:image\" content=\"https:\/\/cyclingpro.net\/spaziociclismo\/wp-content\/uploads\/2026\/08\/1287250118.jpg\" \/>\n\t<meta property=\"og:image:width\" content=\"1200\" \/>\n\t<meta property=\"og:image:height\" content=\"800\" \/>\n\t<meta property=\"og:image:type\" content=\"image\/jpeg\" \/>\n<meta name=\"author\" content=\"Luca Pellegrini\" \/>\n<meta name=\"twitter:card\" content=\"summary_large_image\" \/>\n<meta name=\"twitter:creator\" content=\"@spaziociclismo\" \/>\n<meta name=\"twitter:site\" content=\"@spaziociclismo\" \/>\n<meta name=\"twitter:label1\" content=\"Scritto da\" \/>\n\t<meta name=\"twitter:data1\" content=\"Luca Pellegrini\" \/>\n\t<meta name=\"twitter:label2\" content=\"Tempo di lettura stimato\" \/>\n\t<meta name=\"twitter:data2\" content=\"1 minuto\" \/>\n<script type=\"application\/ld+json\" class=\"yoast-schema-graph\">{\"@context\":\"https:\\\/\\\/schema.org\",\"@graph\":[{\"@type\":\"Article\",\"@id\":\"https:\\\/\\\/cyclingpro.net\\\/spaziociclismo\\\/ciclomercato\\\/uae-team-emirates-xrg-la-squadra-avrebbe-offerto-a-tadej-pogacar-fino-al-2034-poi-la-firma-al-2032\\\/#article\",\"isPartOf\":{\"@id\":\"https:\\\/\\\/cyclingpro.net\\\/spaziociclismo\\\/ciclomercato\\\/uae-team-emirates-xrg-la-squadra-avrebbe-offerto-a-tadej-pogacar-fino-al-2034-poi-la-firma-al-2032\\\/\"},\"author\":{\"name\":\"Luca Pellegrini\",\"@id\":\"https:\\\/\\\/cyclingpro.net\\\/spaziociclismo\\\/#\\\/schema\\\/person\\\/dba3a57e86bb6baefba5acbf905f8801\"},\"headline\":\"UAE Team Emirates XRG, la squadra avrebbe offerto a Tadej Poga\u010dar fino al 2034, poi la firma al 2032\",\"datePublished\":\"2026-09-06T15:13:08+00:00\",\"dateModified\":\"2026-09-06T16:07:19+00:00\",\"mainEntityOfPage\":{\"@id\":\"https:\\\/\\\/cyclingpro.net\\\/spaziociclismo\\\/ciclomercato\\\/uae-team-emirates-xrg-la-squadra-avrebbe-offerto-a-tadej-pogacar-fino-al-2034-poi-la-firma-al-2032\\\/\"},\"wordCount\":122,\"commentCount\":0,\"publisher\":{\"@id\":\"https:\\\/\\\/cyclingpro.net\\\/spaziociclismo\\\/#organization\"},\"image\":{\"@id\":\"https:\\\/\\\/cyclingpro.net\\\/spaziociclismo\\\/ciclomercato\\\/uae-team-emirates-xrg-la-squadra-avrebbe-offerto-a-tadej-pogacar-fino-al-2034-poi-la-firma-al-2032\\\/#primaryimage\"},\"thumbnailUrl\":\"https:\\\/\\\/cyclingpro.net\\\/spaziociclismo\\\/wp-content\\\/uploads\\\/2026\\\/08\\\/1287250118.jpg\",\"keywords\":[\"CicloMercato\",\"Tadej Poga\u010dar\",\"UAE Team Emirates XRG 2026\"],\"articleSection\":[\"CicloMercato\",\"WorldTour\"],\"inLanguage\":\"it-IT\",\"potentialAction\":[{\"@type\":\"CommentAction\",\"name\":\"Comment\",\"target\":[\"https:\\\/\\\/cyclingpro.net\\\/spaziociclismo\\\/ciclomercato\\\/uae-team-emirates-xrg-la-squadra-avrebbe-offerto-a-tadej-pogacar-fino-al-2034-poi-la-firma-al-2032\\\/#respond\"]}]},{\"@type\":\"WebPage\",\"@id\":\"https:\\\/\\\/cyclingpro.net\\\/spaziociclismo\\\/ciclomercato\\\/uae-team-emirates-xrg-la-squadra-avrebbe-offerto-a-tadej-pogacar-fino-al-2034-poi-la-firma-al-2032\\\/\",\"url\":\"https:\\\/\\\/cyclingpro.net\\\/spaziociclismo\\\/ciclomercato\\\/uae-team-emirates-xrg-la-squadra-avrebbe-offerto-a-tadej-pogacar-fino-al-2034-poi-la-firma-al-2032\\\/\",\"name\":\"UAE Team Emirates XRG, la squadra avrebbe offerto a Tadej Poga\u010dar fino al 2034, poi la firma al 2032 - SpazioCiclismo\",\"isPartOf\":{\"@id\":\"https:\\\/\\\/cyclingpro.net\\\/spaziociclismo\\\/#website\"},\"primaryImageOfPage\":{\"@id\":\"https:\\\/\\\/cyclingpro.net\\\/spaziociclismo\\\/ciclomercato\\\/uae-team-emirates-xrg-la-squadra-avrebbe-offerto-a-tadej-pogacar-fino-al-2034-poi-la-firma-al-2032\\\/#primaryimage\"},\"image\":{\"@id\":\"https:\\\/\\\/cyclingpro.net\\\/spaziociclismo\\\/ciclomercato\\\/uae-team-emirates-xrg-la-squadra-avrebbe-offerto-a-tadej-pogacar-fino-al-2034-poi-la-firma-al-2032\\\/#primaryimage\"},\"thumbnailUrl\":\"https:\\\/\\\/cyclingpro.net\\\/spaziociclismo\\\/wp-content\\\/uploads\\\/2026\\\/08\\\/1287250118.jpg\",\"datePublished\":\"2026-09-06T15:13:08+00:00\",\"dateModified\":\"2026-09-06T16:07:19+00:00\",\"breadcrumb\":{\"@id\":\"https:\\\/\\\/cyclingpro.net\\\/spaziociclismo\\\/ciclomercato\\\/uae-team-emirates-xrg-la-squadra-avrebbe-offerto-a-tadej-pogacar-fino-al-2034-poi-la-firma-al-2032\\\/#breadcrumb\"},\"inLanguage\":\"it-IT\",\"potentialAction\":[{\"@type\":\"ReadAction\",\"target\":[\"https:\\\/\\\/cyclingpro.net\\\/spaziociclismo\\\/ciclomercato\\\/uae-team-emirates-xrg-la-squadra-avrebbe-offerto-a-tadej-pogacar-fino-al-2034-poi-la-firma-al-2032\\\/\"]}]},{\"@type\":\"ImageObject\",\"inLanguage\":\"it-IT\",\"@id\":\"https:\\\/\\\/cyclingpro.net\\\/spaziociclismo\\\/ciclomercato\\\/uae-team-emirates-xrg-la-squadra-avrebbe-offerto-a-tadej-pogacar-fino-al-2034-poi-la-firma-al-2032\\\/#primaryimage\",\"url\":\"https:\\\/\\\/cyclingpro.net\\\/spaziociclismo\\\/wp-content\\\/uploads\\\/2026\\\/08\\\/1287250118.jpg\",\"contentUrl\":\"https:\\\/\\\/cyclingpro.net\\\/spaziociclismo\\\/wp-content\\\/uploads\\\/2026\\\/08\\\/1287250118.jpg\",\"width\":1200,\"height\":800,\"caption\":\"\u00a9 Sirotti\"},{\"@type\":\"BreadcrumbList\",\"@id\":\"https:\\\/\\\/cyclingpro.net\\\/spaziociclismo\\\/ciclomercato\\\/uae-team-emirates-xrg-la-squadra-avrebbe-offerto-a-tadej-pogacar-fino-al-2034-poi-la-firma-al-2032\\\/#breadcrumb\",\"itemListElement\":[{\"@type\":\"ListItem\",\"position\":1,\"name\":\"Home\",\"item\":\"https:\\\/\\\/cyclingpro.net\\\/spaziociclismo\\\/\"},{\"@type\":\"ListItem\",\"position\":2,\"name\":\"UAE Team Emirates XRG, la squadra avrebbe offerto a Tadej Poga\u010dar fino al 2034, poi la firma al 2032\"}]},{\"@type\":\"WebSite\",\"@id\":\"https:\\\/\\\/cyclingpro.net\\\/spaziociclismo\\\/#website\",\"url\":\"https:\\\/\\\/cyclingpro.net\\\/spaziociclismo\\\/\",\"name\":\"SpazioCiclismo\",\"description\":\"Tutto il ciclismo minuto per minuto\",\"publisher\":{\"@id\":\"https:\\\/\\\/cyclingpro.net\\\/spaziociclismo\\\/#organization\"},\"potentialAction\":[{\"@type\":\"SearchAction\",\"target\":{\"@type\":\"EntryPoint\",\"urlTemplate\":\"https:\\\/\\\/cyclingpro.net\\\/spaziociclismo\\\/?s={search_term_string}\"},\"query-input\":{\"@type\":\"PropertyValueSpecification\",\"valueRequired\":true,\"valueName\":\"search_term_string\"}}],\"inLanguage\":\"it-IT\"},{\"@type\":\"Organization\",\"@id\":\"https:\\\/\\\/cyclingpro.net\\\/spaziociclismo\\\/#organization\",\"name\":\"SpazioCiclismo\",\"url\":\"https:\\\/\\\/cyclingpro.net\\\/spaziociclismo\\\/\",\"logo\":{\"@type\":\"ImageObject\",\"inLanguage\":\"it-IT\",\"@id\":\"https:\\\/\\\/cyclingpro.net\\\/spaziociclismo\\\/#\\\/schema\\\/logo\\\/image\\\/\",\"url\":\"https:\\\/\\\/cyclingpro.net\\\/spaziociclismo\\\/wp-content\\\/uploads\\\/2017\\\/02\\\/SpazioCiclismo-Logo-Quadrato.png\",\"contentUrl\":\"https:\\\/\\\/cyclingpro.net\\\/spaziociclismo\\\/wp-content\\\/uploads\\\/2017\\\/02\\\/SpazioCiclismo-Logo-Quadrato.png\",\"width\":450,\"height\":450,\"caption\":\"SpazioCiclismo\"},\"image\":{\"@id\":\"https:\\\/\\\/cyclingpro.net\\\/spaziociclismo\\\/#\\\/schema\\\/logo\\\/image\\\/\"},\"sameAs\":[\"https:\\\/\\\/www.facebook.com\\\/SpazioCiclismo\\\/\",\"https:\\\/\\\/x.com\\\/spaziociclismo\",\"https:\\\/\\\/www.instagram.com\\\/spaziociclismo\\\/\"]},{\"@type\":\"Person\",\"@id\":\"https:\\\/\\\/cyclingpro.net\\\/spaziociclismo\\\/#\\\/schema\\\/person\\\/dba3a57e86bb6baefba5acbf905f8801\",\"name\":\"Luca Pellegrini\",\"image\":{\"@type\":\"ImageObject\",\"inLanguage\":\"it-IT\",\"@id\":\"https:\\\/\\\/secure.gravatar.com\\\/avatar\\\/e233a6b2a31aba774a86fc0121b1a3bd7f6e7d1a4d2162cde93df050675351b8?s=96&d=mm&r=g\",\"url\":\"https:\\\/\\\/secure.gravatar.com\\\/avatar\\\/e233a6b2a31aba774a86fc0121b1a3bd7f6e7d1a4d2162cde93df050675351b8?s=96&d=mm&r=g\",\"contentUrl\":\"https:\\\/\\\/secure.gravatar.com\\\/avatar\\\/e233a6b2a31aba774a86fc0121b1a3bd7f6e7d1a4d2162cde93df050675351b8?s=96&d=mm&r=g\",\"caption\":\"Luca Pellegrini\"},\"url\":\"https:\\\/\\\/cyclingpro.net\\\/spaziociclismo\\\/author\\\/lpellegrini\\\/\"}]}<\/script>\n<!-- \/ Yoast SEO plugin. -->","yoast_head_json":{"title":"UAE Team Emirates XRG, la squadra avrebbe offerto a Tadej Poga\u010dar fino al 2034, poi la firma al 2032 - SpazioCiclismo","robots":{"index":"index","follow":"follow","max-snippet":"max-snippet:-1","max-image-preview":"max-image-preview:large","max-video-preview":"max-video-preview:-1"},"canonical":"https:\/\/cyclingpro.net\/spaziociclismo\/ciclomercato\/uae-team-emirates-xrg-la-squadra-avrebbe-offerto-a-tadej-pogacar-fino-al-2034-poi-la-firma-al-2032\/","og_locale":"it_IT","og_type":"article","og_title":"UAE Team Emirates XRG, la squadra avrebbe offerto a Tadej Poga\u010dar fino al 2034, poi la firma al 2032 - SpazioCiclismo","og_description":"#Ciclomercato UAE Team Emirates - XRG, la squadra avrebbe offerto a Tadej Poga\u010dar fino al 2034, poi la firma al 2032","og_url":"https:\/\/cyclingpro.net\/spaziociclismo\/ciclomercato\/uae-team-emirates-xrg-la-squadra-avrebbe-offerto-a-tadej-pogacar-fino-al-2034-poi-la-firma-al-2032\/","og_site_name":"SpazioCiclismo","article_publisher":"https:\/\/www.facebook.com\/SpazioCiclismo\/","article_published_time":"2026-09-06T15:13:08+00:00","article_modified_time":"2026-09-06T16:07:19+00:00","og_image":[{"width":1200,"height":800,"url":"https:\/\/cyclingpro.net\/spaziociclismo\/wp-content\/uploads\/2026\/08\/1287250118.jpg","type":"image\/jpeg"}],"author":"Luca Pellegrini","twitter_card":"summary_large_image","twitter_creator":"@spaziociclismo","twitter_site":"@spaziociclismo","twitter_misc":{"Scritto da":"Luca Pellegrini","Tempo di lettura stimato":"1 minuto"},"schema":{"@context":"https:\/\/schema.org","@graph":[{"@type":"Article","@id":"https:\/\/cyclingpro.net\/spaziociclismo\/ciclomercato\/uae-team-emirates-xrg-la-squadra-avrebbe-offerto-a-tadej-pogacar-fino-al-2034-poi-la-firma-al-2032\/#article","isPartOf":{"@id":"https:\/\/cyclingpro.net\/spaziociclismo\/ciclomercato\/uae-team-emirates-xrg-la-squadra-avrebbe-offerto-a-tadej-pogacar-fino-al-2034-poi-la-firma-al-2032\/"},"author":{"name":"Luca Pellegrini","@id":"https:\/\/cyclingpro.net\/spaziociclismo\/#\/schema\/person\/dba3a57e86bb6baefba5acbf905f8801"},"headline":"UAE Team Emirates XRG, la squadra avrebbe offerto a Tadej Poga\u010dar fino al 2034, poi la firma al 2032","datePublished":"2026-09-06T15:13:08+00:00","dateModified":"2026-09-06T16:07:19+00:00","mainEntityOfPage":{"@id":"https:\/\/cyclingpro.net\/spaziociclismo\/ciclomercato\/uae-team-emirates-xrg-la-squadra-avrebbe-offerto-a-tadej-pogacar-fino-al-2034-poi-la-firma-al-2032\/"},"wordCount":122,"commentCount":0,"publisher":{"@id":"https:\/\/cyclingpro.net\/spaziociclismo\/#organization"},"image":{"@id":"https:\/\/cyclingpro.net\/spaziociclismo\/ciclomercato\/uae-team-emirates-xrg-la-squadra-avrebbe-offerto-a-tadej-pogacar-fino-al-2034-poi-la-firma-al-2032\/#primaryimage"},"thumbnailUrl":"https:\/\/cyclingpro.net\/spaziociclismo\/wp-content\/uploads\/2026\/08\/1287250118.jpg","keywords":["CicloMercato","Tadej Poga\u010dar","UAE Team Emirates XRG 2026"],"articleSection":["CicloMercato","WorldTour"],"inLanguage":"it-IT","potentialAction":[{"@type":"CommentAction","name":"Comment","target":["https:\/\/cyclingpro.net\/spaziociclismo\/ciclomercato\/uae-team-emirates-xrg-la-squadra-avrebbe-offerto-a-tadej-pogacar-fino-al-2034-poi-la-firma-al-2032\/#respond"]}]},{"@type":"WebPage","@id":"https:\/\/cyclingpro.net\/spaziociclismo\/ciclomercato\/uae-team-emirates-xrg-la-squadra-avrebbe-offerto-a-tadej-pogacar-fino-al-2034-poi-la-firma-al-2032\/","url":"https:\/\/cyclingpro.net\/spaziociclismo\/ciclomercato\/uae-team-emirates-xrg-la-squadra-avrebbe-offerto-a-tadej-pogacar-fino-al-2034-poi-la-firma-al-2032\/","name":"UAE Team Emirates XRG, la squadra avrebbe offerto a Tadej Poga\u010dar fino al 2034, poi la firma al 2032 - SpazioCiclismo","isPartOf":{"@id":"https:\/\/cyclingpro.net\/spaziociclismo\/#website"},"primaryImageOfPage":{"@id":"https:\/\/cyclingpro.net\/spaziociclismo\/ciclomercato\/uae-team-emirates-xrg-la-squadra-avrebbe-offerto-a-tadej-pogacar-fino-al-2034-poi-la-firma-al-2032\/#primaryimage"},"image":{"@id":"https:\/\/cyclingpro.net\/spaziociclismo\/ciclomercato\/uae-team-emirates-xrg-la-squadra-avrebbe-offerto-a-tadej-pogacar-fino-al-2034-poi-la-firma-al-2032\/#primaryimage"},"thumbnailUrl":"https:\/\/cyclingpro.net\/spaziociclismo\/wp-content\/uploads\/2026\/08\/1287250118.jpg","datePublished":"2026-09-06T15:13:08+00:00","dateModified":"2026-09-06T16:07:19+00:00","breadcrumb":{"@id":"https:\/\/cyclingpro.net\/spaziociclismo\/ciclomercato\/uae-team-emirates-xrg-la-squadra-avrebbe-offerto-a-tadej-pogacar-fino-al-2034-poi-la-firma-al-2032\/#breadcrumb"},"inLanguage":"it-IT","potentialAction":[{"@type":"ReadAction","target":["https:\/\/cyclingpro.net\/spaziociclismo\/ciclomercato\/uae-team-emirates-xrg-la-squadra-avrebbe-offerto-a-tadej-pogacar-fino-al-2034-poi-la-firma-al-2032\/"]}]},{"@type":"ImageObject","inLanguage":"it-IT","@id":"https:\/\/cyclingpro.net\/spaziociclismo\/ciclomercato\/uae-team-emirates-xrg-la-squadra-avrebbe-offerto-a-tadej-pogacar-fino-al-2034-poi-la-firma-al-2032\/#primaryimage","url":"https:\/\/cyclingpro.net\/spaziociclismo\/wp-content\/uploads\/2026\/08\/1287250118.jpg","contentUrl":"https:\/\/cyclingpro.net\/spaziociclismo\/wp-content\/uploads\/2026\/08\/1287250118.jpg","width":1200,"height":800,"caption":"\u00a9 Sirotti"},{"@type":"BreadcrumbList","@id":"https:\/\/cyclingpro.net\/spaziociclismo\/ciclomercato\/uae-team-emirates-xrg-la-squadra-avrebbe-offerto-a-tadej-pogacar-fino-al-2034-poi-la-firma-al-2032\/#breadcrumb","itemListElement":[{"@type":"ListItem","position":1,"name":"Home","item":"https:\/\/cyclingpro.net\/spaziociclismo\/"},{"@type":"ListItem","position":2,"name":"UAE Team Emirates XRG, la squadra avrebbe offerto a Tadej Poga\u010dar fino al 2034, poi la firma al 2032"}]},{"@type":"WebSite","@id":"https:\/\/cyclingpro.net\/spaziociclismo\/#website","url":"https:\/\/cyclingpro.net\/spaziociclismo\/","name":"SpazioCiclismo","description":"Tutto il ciclismo minuto per minuto","publisher":{"@id":"https:\/\/cyclingpro.net\/spaziociclismo\/#organization"},"potentialAction":[{"@type":"SearchAction","target":{"@type":"EntryPoint","urlTemplate":"https:\/\/cyclingpro.net\/spaziociclismo\/?s={search_term_string}"},"query-input":{"@type":"PropertyValueSpecification","valueRequired":true,"valueName":"search_term_string"}}],"inLanguage":"it-IT"},{"@type":"Organization","@id":"https:\/\/cyclingpro.net\/spaziociclismo\/#organization","name":"SpazioCiclismo","url":"https:\/\/cyclingpro.net\/spaziociclismo\/","logo":{"@type":"ImageObject","inLanguage":"it-IT","@id":"https:\/\/cyclingpro.net\/spaziociclismo\/#\/schema\/logo\/image\/","url":"https:\/\/cyclingpro.net\/spaziociclismo\/wp-content\/uploads\/2017\/02\/SpazioCiclismo-Logo-Quadrato.png","contentUrl":"https:\/\/cyclingpro.net\/spaziociclismo\/wp-content\/uploads\/2017\/02\/SpazioCiclismo-Logo-Quadrato.png","width":450,"height":450,"caption":"SpazioCiclismo"},"image":{"@id":"https:\/\/cyclingpro.net\/spaziociclismo\/#\/schema\/logo\/image\/"},"sameAs":["https:\/\/www.facebook.com\/SpazioCiclismo\/","https:\/\/x.com\/spaziociclismo","https:\/\/www.instagram.com\/spaziociclismo\/"]},{"@type":"Person","@id":"https:\/\/cyclingpro.net\/spaziociclismo\/#\/schema\/person\/dba3a57e86bb6baefba5acbf905f8801","name":"Luca Pellegrini","image":{"@type":"ImageObject","inLanguage":"it-IT","@id":"https:\/\/secure.gravatar.com\/avatar\/e233a6b2a31aba774a86fc0121b1a3bd7f6e7d1a4d2162cde93df050675351b8?s=96&d=mm&r=g","url":"https:\/\/secure.gravatar.com\/avatar\/e233a6b2a31aba774a86fc0121b1a3bd7f6e7d1a4d2162cde93df050675351b8?s=96&d=mm&r=g","contentUrl":"https:\/\/secure.gravatar.com\/avatar\/e233a6b2a31aba774a86fc0121b1a3bd7f6e7d1a4d2162cde93df050675351b8?s=96&d=mm&r=g","caption":"Luca Pellegrini"},"url":"https:\/\/cyclingpro.net\/spaziociclismo\/author\/lpellegrini\/"}]}},"_links":{"self":[{"href":"https:\/\/cyclingpro.net\/spaziociclismo\/wp-json\/wp\/v2\/posts\/394064","targetHints":{"allow":["GET"]}}],"collection":[{"href":"https:\/\/cyclingpro.net\/spaziociclismo\/wp-json\/wp\/v2\/posts"}],"about":[{"href":"https:\/\/cyclingpro.net\/spaziociclismo\/wp-json\/wp\/v2\/types\/post"}],"author":[{"embeddable":true,"href":"https:\/\/cyclingpro.net\/spaziociclismo\/wp-json\/wp\/v2\/users\/4"}],"replies":[{"embeddable":true,"href":"https:\/\/cyclingpro.net\/spaziociclismo\/wp-json\/wp\/v2\/comments?post=394064"}],"version-history":[{"count":2,"href":"https:\/\/cyclingpro.net\/spaziociclismo\/wp-json\/wp\/v2\/posts\/394064\/revisions"}],"predecessor-version":[{"id":394094,"href":"https:\/\/cyclingpro.net\/spaziociclismo\/wp-json\/wp\/v2\/posts\/394064\/revisions\/394094"}],"wp:featuredmedia":[{"embeddable":true,"href":"https:\/\/cyclingpro.net\/spaziociclismo\/wp-json\/wp\/v2\/media\/391606"}],"wp:attachment":[{"href":"https:\/\/cyclingpro.net\/spaziociclismo\/wp-json\/wp\/v2\/media?parent=394064"}],"wp:term":[{"taxonomy":"category","embeddable":true,"href":"https:\/\/cyclingpro.net\/spaziociclismo\/wp-json\/wp\/v2\/categories?post=394064"},{"taxonomy":"post_tag","embeddable":true,"href":"https:\/\/cyclingpro.net\/spaziociclismo\/wp-json\/wp\/v2\/tags?post=394064"}],"curies":[{"name":"wp","href":"https:\/\/api.w.org\/{rel}","templated":true}]}}