{"id":394059,"date":"2026-09-06T16:24:24","date_gmt":"2026-09-06T14:24:24","guid":{"rendered":"https:\/\/cyclingpro.net\/spaziociclismo\/?p=394059"},"modified":"2026-09-06T17:40:47","modified_gmt":"2026-09-06T15:40:47","slug":"gp-larciano-2026-tom-pidcock-volevo-testare-le-gambe-dopo-la-mountain-bike-e-a-quanto-pare-non-sono-male","status":"publish","type":"post","link":"https:\/\/cyclingpro.net\/spaziociclismo\/continental\/gp-larciano-2026-tom-pidcock-volevo-testare-le-gambe-dopo-la-mountain-bike-e-a-quanto-pare-non-sono-male\/","title":{"rendered":"GP Larciano 2026, Tom Pidcock: &#8220;Volevo testare le gambe dopo la Mountain Bike e a quanto pare non sono male&#8230;&#8221;"},"content":{"rendered":"<p><strong>Tom Pidcock<\/strong> vince di forza il <strong>GP Larciano 2026<\/strong>. Prestazione maiuscola da parte del corridore della <strong>Pinarello Q36.5<\/strong>, fresco della medaglia d&#8217;oro ai Mondiali in Mountain-Bike, che ha fatto capire ancora una volta di essere in stato di grazia, pronto per un grande finale di stagione anche su strada. Il britannico \u00e8 riuscito a staccare tutti gli avversari salendo verso il <strong>Mungherino<\/strong>, ultima difficolt\u00e0 di giornata, per poi involarsi tutto solo verso il traguardo, sublimando la sua azione grazie alle sue grandi doti in discesa. Per lui si tratta del terzo successo stagionale sul territorio italiano dopo aver vinto Milano-Torino e la tappa di Arco al Tour of the Alps. Forma e fiducia: il messaggio in vista del Mondiale \u00e8 stato chiaro.<\/p>\n<p>&#8220;<strong>Ero venuto qui per testare le gambe dopo il periodo in Mountain Bike e a quanto pare non sono affatto male<\/strong> &#8211; ha commentato dopo il traguardo &#8211; \u00c8 stata una giornata veramente dura, specialmente per il caldo&#8221;. Pidcock ha giocato bene la carta Hermans, presente nella fuga che si \u00e8 formata lungo l&#8217;ultimo passaggio sul San Baronto, sfruttandolo come testa di ponte. E ora si guarda avanti perch\u00e9 il Mondiale \u00e8 sempre pi\u00f9 vicino e lui si candida a grande protagonista. &#8220;<strong>Di certo non andr\u00f2 in Canada in vacanza&#8230;<\/strong>&#8220;, ha commentato laconico a riguardo. Da programma ora il britannico dovrebbe partecipare alle due classiche canadesi il prossimo week-end. Un test prima della sfida iridata.<\/p>\n<div><span style=\"font-family: trebuchet ms, sans-serif;\">&#8220;<\/span><span style=\"font-family: trebuchet ms, sans-serif;\">\u00c8 un risultato molto positivo &#8211; prosegue dopo la cerimonia di premiazione &#8211; Oggi avevo buone gambe e la squadra ha fatto un ottimo lavoro, rimanendo davanti al gruppo fin dai primi giri. <strong>Solitamente ho bisogno di un po&#8217; di tempo per ritrovare il ritmo su strada<\/strong>, perch\u00e9 le gare di mountain bike richiedono uno sforzo completamente diverso. Quinten Hermans \u00e8 stato molto importante per me, oggi \u00e8 stato fortissimo ed \u00e8 stato di grande aiuto prima del mio attacco finale. Questo risultato mi d\u00e0 grande motivazione in vista dei prossimi appuntamenti, come i Campionati del Mondo, e <strong>arrivare in Canada dopo una vittoria \u00e8 molto importante<\/strong>&#8220;.<\/span><i><\/i><\/div>\n","protected":false},"excerpt":{"rendered":"<p>Tom Pidcock vince il #GPLarciano e scalda i motori in vista del Mondiale<\/p>\n","protected":false},"author":4,"featured_media":394068,"comment_status":"open","ping_status":"closed","sticky":false,"template":"","format":"standard","meta":{"footnotes":"","_members_access_role":[],"_members_access_error":""},"categories":[6],"tags":[7219,6728,1648],"class_list":["post-394059","post","type-post","status-publish","format-standard","has-post-thumbnail","hentry","category-continental","tag-gp-larciano-2026","tag-pinarello-q36-5-pro-cycling-team-2026","tag-tom-pidcock"],"yoast_head":"<!-- This site is optimized with the Yoast SEO plugin v28.4 - https:\/\/yoast.com\/product\/yoast-seo-wordpress\/ -->\n<title>GP Larciano 2026, Tom Pidcock: &quot;Volevo testare le gambe dopo la Mountain Bike e a quanto pare non sono male...&quot; - SpazioCiclismo<\/title>\n<meta name=\"robots\" content=\"index, follow, max-snippet:-1, max-image-preview:large, max-video-preview:-1\" \/>\n<link rel=\"canonical\" href=\"https:\/\/cyclingpro.net\/spaziociclismo\/continental\/gp-larciano-2026-tom-pidcock-volevo-testare-le-gambe-dopo-la-mountain-bike-e-a-quanto-pare-non-sono-male\/\" \/>\n<meta property=\"og:locale\" content=\"it_IT\" \/>\n<meta property=\"og:type\" content=\"article\" \/>\n<meta property=\"og:title\" content=\"GP Larciano 2026, Tom Pidcock: &quot;Volevo testare le gambe dopo la Mountain Bike e a quanto pare non sono male...&quot; - SpazioCiclismo\" \/>\n<meta property=\"og:description\" content=\"Tom Pidcock vince il #GPLarciano e scalda i motori in vista del Mondiale\" \/>\n<meta property=\"og:url\" content=\"https:\/\/cyclingpro.net\/spaziociclismo\/continental\/gp-larciano-2026-tom-pidcock-volevo-testare-le-gambe-dopo-la-mountain-bike-e-a-quanto-pare-non-sono-male\/\" \/>\n<meta property=\"og:site_name\" content=\"SpazioCiclismo\" \/>\n<meta property=\"article:publisher\" content=\"https:\/\/www.facebook.com\/SpazioCiclismo\/\" \/>\n<meta property=\"article:published_time\" content=\"2026-09-06T14:24:24+00:00\" \/>\n<meta property=\"article:modified_time\" content=\"2026-09-06T15:40:47+00:00\" \/>\n<meta property=\"og:image\" content=\"https:\/\/cyclingpro.net\/spaziociclismo\/wp-content\/uploads\/2027\/01\/Tom-Pidcock-GP-Larciano-2026-Podio.webp\" \/>\n\t<meta property=\"og:image:width\" content=\"1200\" \/>\n\t<meta property=\"og:image:height\" content=\"800\" \/>\n\t<meta property=\"og:image:type\" content=\"image\/webp\" \/>\n<meta name=\"author\" content=\"Luca Pellegrini\" \/>\n<meta name=\"twitter:card\" content=\"summary_large_image\" \/>\n<meta name=\"twitter:creator\" content=\"@spaziociclismo\" \/>\n<meta name=\"twitter:site\" content=\"@spaziociclismo\" \/>\n<meta name=\"twitter:label1\" content=\"Scritto da\" \/>\n\t<meta name=\"twitter:data1\" content=\"Luca Pellegrini\" \/>\n\t<meta name=\"twitter:label2\" content=\"Tempo di lettura stimato\" \/>\n\t<meta name=\"twitter:data2\" content=\"3 minuti\" \/>\n<script type=\"application\/ld+json\" class=\"yoast-schema-graph\">{\"@context\":\"https:\\\/\\\/schema.org\",\"@graph\":[{\"@type\":\"Article\",\"@id\":\"https:\\\/\\\/cyclingpro.net\\\/spaziociclismo\\\/continental\\\/gp-larciano-2026-tom-pidcock-volevo-testare-le-gambe-dopo-la-mountain-bike-e-a-quanto-pare-non-sono-male\\\/#article\",\"isPartOf\":{\"@id\":\"https:\\\/\\\/cyclingpro.net\\\/spaziociclismo\\\/continental\\\/gp-larciano-2026-tom-pidcock-volevo-testare-le-gambe-dopo-la-mountain-bike-e-a-quanto-pare-non-sono-male\\\/\"},\"author\":{\"name\":\"Luca Pellegrini\",\"@id\":\"https:\\\/\\\/cyclingpro.net\\\/spaziociclismo\\\/#\\\/schema\\\/person\\\/dba3a57e86bb6baefba5acbf905f8801\"},\"headline\":\"GP Larciano 2026, Tom Pidcock: &#8220;Volevo testare le gambe dopo la Mountain Bike e a quanto pare non sono male&#8230;&#8221;\",\"datePublished\":\"2026-09-06T14:24:24+00:00\",\"dateModified\":\"2026-09-06T15:40:47+00:00\",\"mainEntityOfPage\":{\"@id\":\"https:\\\/\\\/cyclingpro.net\\\/spaziociclismo\\\/continental\\\/gp-larciano-2026-tom-pidcock-volevo-testare-le-gambe-dopo-la-mountain-bike-e-a-quanto-pare-non-sono-male\\\/\"},\"wordCount\":354,\"commentCount\":0,\"publisher\":{\"@id\":\"https:\\\/\\\/cyclingpro.net\\\/spaziociclismo\\\/#organization\"},\"image\":{\"@id\":\"https:\\\/\\\/cyclingpro.net\\\/spaziociclismo\\\/continental\\\/gp-larciano-2026-tom-pidcock-volevo-testare-le-gambe-dopo-la-mountain-bike-e-a-quanto-pare-non-sono-male\\\/#primaryimage\"},\"thumbnailUrl\":\"https:\\\/\\\/cyclingpro.net\\\/spaziociclismo\\\/wp-content\\\/uploads\\\/2027\\\/01\\\/Tom-Pidcock-GP-Larciano-2026-Podio.webp\",\"keywords\":[\"GP Larciano 2026\",\"Pinarello - Q36.5 Pro Cycling Team 2026\",\"Tom Pidcock\"],\"articleSection\":[\"Continental\"],\"inLanguage\":\"it-IT\",\"potentialAction\":[{\"@type\":\"CommentAction\",\"name\":\"Comment\",\"target\":[\"https:\\\/\\\/cyclingpro.net\\\/spaziociclismo\\\/continental\\\/gp-larciano-2026-tom-pidcock-volevo-testare-le-gambe-dopo-la-mountain-bike-e-a-quanto-pare-non-sono-male\\\/#respond\"]}]},{\"@type\":\"WebPage\",\"@id\":\"https:\\\/\\\/cyclingpro.net\\\/spaziociclismo\\\/continental\\\/gp-larciano-2026-tom-pidcock-volevo-testare-le-gambe-dopo-la-mountain-bike-e-a-quanto-pare-non-sono-male\\\/\",\"url\":\"https:\\\/\\\/cyclingpro.net\\\/spaziociclismo\\\/continental\\\/gp-larciano-2026-tom-pidcock-volevo-testare-le-gambe-dopo-la-mountain-bike-e-a-quanto-pare-non-sono-male\\\/\",\"name\":\"GP Larciano 2026, Tom Pidcock: \\\"Volevo testare le gambe dopo la Mountain Bike e a quanto pare non sono male...\\\" - SpazioCiclismo\",\"isPartOf\":{\"@id\":\"https:\\\/\\\/cyclingpro.net\\\/spaziociclismo\\\/#website\"},\"primaryImageOfPage\":{\"@id\":\"https:\\\/\\\/cyclingpro.net\\\/spaziociclismo\\\/continental\\\/gp-larciano-2026-tom-pidcock-volevo-testare-le-gambe-dopo-la-mountain-bike-e-a-quanto-pare-non-sono-male\\\/#primaryimage\"},\"image\":{\"@id\":\"https:\\\/\\\/cyclingpro.net\\\/spaziociclismo\\\/continental\\\/gp-larciano-2026-tom-pidcock-volevo-testare-le-gambe-dopo-la-mountain-bike-e-a-quanto-pare-non-sono-male\\\/#primaryimage\"},\"thumbnailUrl\":\"https:\\\/\\\/cyclingpro.net\\\/spaziociclismo\\\/wp-content\\\/uploads\\\/2027\\\/01\\\/Tom-Pidcock-GP-Larciano-2026-Podio.webp\",\"datePublished\":\"2026-09-06T14:24:24+00:00\",\"dateModified\":\"2026-09-06T15:40:47+00:00\",\"breadcrumb\":{\"@id\":\"https:\\\/\\\/cyclingpro.net\\\/spaziociclismo\\\/continental\\\/gp-larciano-2026-tom-pidcock-volevo-testare-le-gambe-dopo-la-mountain-bike-e-a-quanto-pare-non-sono-male\\\/#breadcrumb\"},\"inLanguage\":\"it-IT\",\"potentialAction\":[{\"@type\":\"ReadAction\",\"target\":[\"https:\\\/\\\/cyclingpro.net\\\/spaziociclismo\\\/continental\\\/gp-larciano-2026-tom-pidcock-volevo-testare-le-gambe-dopo-la-mountain-bike-e-a-quanto-pare-non-sono-male\\\/\"]}]},{\"@type\":\"ImageObject\",\"inLanguage\":\"it-IT\",\"@id\":\"https:\\\/\\\/cyclingpro.net\\\/spaziociclismo\\\/continental\\\/gp-larciano-2026-tom-pidcock-volevo-testare-le-gambe-dopo-la-mountain-bike-e-a-quanto-pare-non-sono-male\\\/#primaryimage\",\"url\":\"https:\\\/\\\/cyclingpro.net\\\/spaziociclismo\\\/wp-content\\\/uploads\\\/2027\\\/01\\\/Tom-Pidcock-GP-Larciano-2026-Podio.webp\",\"contentUrl\":\"https:\\\/\\\/cyclingpro.net\\\/spaziociclismo\\\/wp-content\\\/uploads\\\/2027\\\/01\\\/Tom-Pidcock-GP-Larciano-2026-Podio.webp\",\"width\":1200,\"height\":800,\"caption\":\"\u00a9 Le Foto Stabbia\"},{\"@type\":\"BreadcrumbList\",\"@id\":\"https:\\\/\\\/cyclingpro.net\\\/spaziociclismo\\\/continental\\\/gp-larciano-2026-tom-pidcock-volevo-testare-le-gambe-dopo-la-mountain-bike-e-a-quanto-pare-non-sono-male\\\/#breadcrumb\",\"itemListElement\":[{\"@type\":\"ListItem\",\"position\":1,\"name\":\"Home\",\"item\":\"https:\\\/\\\/cyclingpro.net\\\/spaziociclismo\\\/\"},{\"@type\":\"ListItem\",\"position\":2,\"name\":\"GP Larciano 2026, Tom Pidcock: &#8220;Volevo testare le gambe dopo la Mountain Bike e a quanto pare non sono male&#8230;&#8221;\"}]},{\"@type\":\"WebSite\",\"@id\":\"https:\\\/\\\/cyclingpro.net\\\/spaziociclismo\\\/#website\",\"url\":\"https:\\\/\\\/cyclingpro.net\\\/spaziociclismo\\\/\",\"name\":\"SpazioCiclismo\",\"description\":\"Tutto il ciclismo minuto per minuto\",\"publisher\":{\"@id\":\"https:\\\/\\\/cyclingpro.net\\\/spaziociclismo\\\/#organization\"},\"potentialAction\":[{\"@type\":\"SearchAction\",\"target\":{\"@type\":\"EntryPoint\",\"urlTemplate\":\"https:\\\/\\\/cyclingpro.net\\\/spaziociclismo\\\/?s={search_term_string}\"},\"query-input\":{\"@type\":\"PropertyValueSpecification\",\"valueRequired\":true,\"valueName\":\"search_term_string\"}}],\"inLanguage\":\"it-IT\"},{\"@type\":\"Organization\",\"@id\":\"https:\\\/\\\/cyclingpro.net\\\/spaziociclismo\\\/#organization\",\"name\":\"SpazioCiclismo\",\"url\":\"https:\\\/\\\/cyclingpro.net\\\/spaziociclismo\\\/\",\"logo\":{\"@type\":\"ImageObject\",\"inLanguage\":\"it-IT\",\"@id\":\"https:\\\/\\\/cyclingpro.net\\\/spaziociclismo\\\/#\\\/schema\\\/logo\\\/image\\\/\",\"url\":\"https:\\\/\\\/cyclingpro.net\\\/spaziociclismo\\\/wp-content\\\/uploads\\\/2017\\\/02\\\/SpazioCiclismo-Logo-Quadrato.png\",\"contentUrl\":\"https:\\\/\\\/cyclingpro.net\\\/spaziociclismo\\\/wp-content\\\/uploads\\\/2017\\\/02\\\/SpazioCiclismo-Logo-Quadrato.png\",\"width\":450,\"height\":450,\"caption\":\"SpazioCiclismo\"},\"image\":{\"@id\":\"https:\\\/\\\/cyclingpro.net\\\/spaziociclismo\\\/#\\\/schema\\\/logo\\\/image\\\/\"},\"sameAs\":[\"https:\\\/\\\/www.facebook.com\\\/SpazioCiclismo\\\/\",\"https:\\\/\\\/x.com\\\/spaziociclismo\",\"https:\\\/\\\/www.instagram.com\\\/spaziociclismo\\\/\"]},{\"@type\":\"Person\",\"@id\":\"https:\\\/\\\/cyclingpro.net\\\/spaziociclismo\\\/#\\\/schema\\\/person\\\/dba3a57e86bb6baefba5acbf905f8801\",\"name\":\"Luca Pellegrini\",\"image\":{\"@type\":\"ImageObject\",\"inLanguage\":\"it-IT\",\"@id\":\"https:\\\/\\\/secure.gravatar.com\\\/avatar\\\/e233a6b2a31aba774a86fc0121b1a3bd7f6e7d1a4d2162cde93df050675351b8?s=96&d=mm&r=g\",\"url\":\"https:\\\/\\\/secure.gravatar.com\\\/avatar\\\/e233a6b2a31aba774a86fc0121b1a3bd7f6e7d1a4d2162cde93df050675351b8?s=96&d=mm&r=g\",\"contentUrl\":\"https:\\\/\\\/secure.gravatar.com\\\/avatar\\\/e233a6b2a31aba774a86fc0121b1a3bd7f6e7d1a4d2162cde93df050675351b8?s=96&d=mm&r=g\",\"caption\":\"Luca Pellegrini\"},\"url\":\"https:\\\/\\\/cyclingpro.net\\\/spaziociclismo\\\/author\\\/lpellegrini\\\/\"}]}<\/script>\n<!-- \/ Yoast SEO plugin. -->","yoast_head_json":{"title":"GP Larciano 2026, Tom Pidcock: \"Volevo testare le gambe dopo la Mountain Bike e a quanto pare non sono male...\" - SpazioCiclismo","robots":{"index":"index","follow":"follow","max-snippet":"max-snippet:-1","max-image-preview":"max-image-preview:large","max-video-preview":"max-video-preview:-1"},"canonical":"https:\/\/cyclingpro.net\/spaziociclismo\/continental\/gp-larciano-2026-tom-pidcock-volevo-testare-le-gambe-dopo-la-mountain-bike-e-a-quanto-pare-non-sono-male\/","og_locale":"it_IT","og_type":"article","og_title":"GP Larciano 2026, Tom Pidcock: \"Volevo testare le gambe dopo la Mountain Bike e a quanto pare non sono male...\" - SpazioCiclismo","og_description":"Tom Pidcock vince il #GPLarciano e scalda i motori in vista del Mondiale","og_url":"https:\/\/cyclingpro.net\/spaziociclismo\/continental\/gp-larciano-2026-tom-pidcock-volevo-testare-le-gambe-dopo-la-mountain-bike-e-a-quanto-pare-non-sono-male\/","og_site_name":"SpazioCiclismo","article_publisher":"https:\/\/www.facebook.com\/SpazioCiclismo\/","article_published_time":"2026-09-06T14:24:24+00:00","article_modified_time":"2026-09-06T15:40:47+00:00","og_image":[{"width":1200,"height":800,"url":"https:\/\/cyclingpro.net\/spaziociclismo\/wp-content\/uploads\/2027\/01\/Tom-Pidcock-GP-Larciano-2026-Podio.webp","type":"image\/webp"}],"author":"Luca Pellegrini","twitter_card":"summary_large_image","twitter_creator":"@spaziociclismo","twitter_site":"@spaziociclismo","twitter_misc":{"Scritto da":"Luca Pellegrini","Tempo di lettura stimato":"3 minuti"},"schema":{"@context":"https:\/\/schema.org","@graph":[{"@type":"Article","@id":"https:\/\/cyclingpro.net\/spaziociclismo\/continental\/gp-larciano-2026-tom-pidcock-volevo-testare-le-gambe-dopo-la-mountain-bike-e-a-quanto-pare-non-sono-male\/#article","isPartOf":{"@id":"https:\/\/cyclingpro.net\/spaziociclismo\/continental\/gp-larciano-2026-tom-pidcock-volevo-testare-le-gambe-dopo-la-mountain-bike-e-a-quanto-pare-non-sono-male\/"},"author":{"name":"Luca Pellegrini","@id":"https:\/\/cyclingpro.net\/spaziociclismo\/#\/schema\/person\/dba3a57e86bb6baefba5acbf905f8801"},"headline":"GP Larciano 2026, Tom Pidcock: &#8220;Volevo testare le gambe dopo la Mountain Bike e a quanto pare non sono male&#8230;&#8221;","datePublished":"2026-09-06T14:24:24+00:00","dateModified":"2026-09-06T15:40:47+00:00","mainEntityOfPage":{"@id":"https:\/\/cyclingpro.net\/spaziociclismo\/continental\/gp-larciano-2026-tom-pidcock-volevo-testare-le-gambe-dopo-la-mountain-bike-e-a-quanto-pare-non-sono-male\/"},"wordCount":354,"commentCount":0,"publisher":{"@id":"https:\/\/cyclingpro.net\/spaziociclismo\/#organization"},"image":{"@id":"https:\/\/cyclingpro.net\/spaziociclismo\/continental\/gp-larciano-2026-tom-pidcock-volevo-testare-le-gambe-dopo-la-mountain-bike-e-a-quanto-pare-non-sono-male\/#primaryimage"},"thumbnailUrl":"https:\/\/cyclingpro.net\/spaziociclismo\/wp-content\/uploads\/2027\/01\/Tom-Pidcock-GP-Larciano-2026-Podio.webp","keywords":["GP Larciano 2026","Pinarello - Q36.5 Pro Cycling Team 2026","Tom Pidcock"],"articleSection":["Continental"],"inLanguage":"it-IT","potentialAction":[{"@type":"CommentAction","name":"Comment","target":["https:\/\/cyclingpro.net\/spaziociclismo\/continental\/gp-larciano-2026-tom-pidcock-volevo-testare-le-gambe-dopo-la-mountain-bike-e-a-quanto-pare-non-sono-male\/#respond"]}]},{"@type":"WebPage","@id":"https:\/\/cyclingpro.net\/spaziociclismo\/continental\/gp-larciano-2026-tom-pidcock-volevo-testare-le-gambe-dopo-la-mountain-bike-e-a-quanto-pare-non-sono-male\/","url":"https:\/\/cyclingpro.net\/spaziociclismo\/continental\/gp-larciano-2026-tom-pidcock-volevo-testare-le-gambe-dopo-la-mountain-bike-e-a-quanto-pare-non-sono-male\/","name":"GP Larciano 2026, Tom Pidcock: \"Volevo testare le gambe dopo la Mountain Bike e a quanto pare non sono male...\" - SpazioCiclismo","isPartOf":{"@id":"https:\/\/cyclingpro.net\/spaziociclismo\/#website"},"primaryImageOfPage":{"@id":"https:\/\/cyclingpro.net\/spaziociclismo\/continental\/gp-larciano-2026-tom-pidcock-volevo-testare-le-gambe-dopo-la-mountain-bike-e-a-quanto-pare-non-sono-male\/#primaryimage"},"image":{"@id":"https:\/\/cyclingpro.net\/spaziociclismo\/continental\/gp-larciano-2026-tom-pidcock-volevo-testare-le-gambe-dopo-la-mountain-bike-e-a-quanto-pare-non-sono-male\/#primaryimage"},"thumbnailUrl":"https:\/\/cyclingpro.net\/spaziociclismo\/wp-content\/uploads\/2027\/01\/Tom-Pidcock-GP-Larciano-2026-Podio.webp","datePublished":"2026-09-06T14:24:24+00:00","dateModified":"2026-09-06T15:40:47+00:00","breadcrumb":{"@id":"https:\/\/cyclingpro.net\/spaziociclismo\/continental\/gp-larciano-2026-tom-pidcock-volevo-testare-le-gambe-dopo-la-mountain-bike-e-a-quanto-pare-non-sono-male\/#breadcrumb"},"inLanguage":"it-IT","potentialAction":[{"@type":"ReadAction","target":["https:\/\/cyclingpro.net\/spaziociclismo\/continental\/gp-larciano-2026-tom-pidcock-volevo-testare-le-gambe-dopo-la-mountain-bike-e-a-quanto-pare-non-sono-male\/"]}]},{"@type":"ImageObject","inLanguage":"it-IT","@id":"https:\/\/cyclingpro.net\/spaziociclismo\/continental\/gp-larciano-2026-tom-pidcock-volevo-testare-le-gambe-dopo-la-mountain-bike-e-a-quanto-pare-non-sono-male\/#primaryimage","url":"https:\/\/cyclingpro.net\/spaziociclismo\/wp-content\/uploads\/2027\/01\/Tom-Pidcock-GP-Larciano-2026-Podio.webp","contentUrl":"https:\/\/cyclingpro.net\/spaziociclismo\/wp-content\/uploads\/2027\/01\/Tom-Pidcock-GP-Larciano-2026-Podio.webp","width":1200,"height":800,"caption":"\u00a9 Le Foto Stabbia"},{"@type":"BreadcrumbList","@id":"https:\/\/cyclingpro.net\/spaziociclismo\/continental\/gp-larciano-2026-tom-pidcock-volevo-testare-le-gambe-dopo-la-mountain-bike-e-a-quanto-pare-non-sono-male\/#breadcrumb","itemListElement":[{"@type":"ListItem","position":1,"name":"Home","item":"https:\/\/cyclingpro.net\/spaziociclismo\/"},{"@type":"ListItem","position":2,"name":"GP Larciano 2026, Tom Pidcock: &#8220;Volevo testare le gambe dopo la Mountain Bike e a quanto pare non sono male&#8230;&#8221;"}]},{"@type":"WebSite","@id":"https:\/\/cyclingpro.net\/spaziociclismo\/#website","url":"https:\/\/cyclingpro.net\/spaziociclismo\/","name":"SpazioCiclismo","description":"Tutto il ciclismo minuto per minuto","publisher":{"@id":"https:\/\/cyclingpro.net\/spaziociclismo\/#organization"},"potentialAction":[{"@type":"SearchAction","target":{"@type":"EntryPoint","urlTemplate":"https:\/\/cyclingpro.net\/spaziociclismo\/?s={search_term_string}"},"query-input":{"@type":"PropertyValueSpecification","valueRequired":true,"valueName":"search_term_string"}}],"inLanguage":"it-IT"},{"@type":"Organization","@id":"https:\/\/cyclingpro.net\/spaziociclismo\/#organization","name":"SpazioCiclismo","url":"https:\/\/cyclingpro.net\/spaziociclismo\/","logo":{"@type":"ImageObject","inLanguage":"it-IT","@id":"https:\/\/cyclingpro.net\/spaziociclismo\/#\/schema\/logo\/image\/","url":"https:\/\/cyclingpro.net\/spaziociclismo\/wp-content\/uploads\/2017\/02\/SpazioCiclismo-Logo-Quadrato.png","contentUrl":"https:\/\/cyclingpro.net\/spaziociclismo\/wp-content\/uploads\/2017\/02\/SpazioCiclismo-Logo-Quadrato.png","width":450,"height":450,"caption":"SpazioCiclismo"},"image":{"@id":"https:\/\/cyclingpro.net\/spaziociclismo\/#\/schema\/logo\/image\/"},"sameAs":["https:\/\/www.facebook.com\/SpazioCiclismo\/","https:\/\/x.com\/spaziociclismo","https:\/\/www.instagram.com\/spaziociclismo\/"]},{"@type":"Person","@id":"https:\/\/cyclingpro.net\/spaziociclismo\/#\/schema\/person\/dba3a57e86bb6baefba5acbf905f8801","name":"Luca Pellegrini","image":{"@type":"ImageObject","inLanguage":"it-IT","@id":"https:\/\/secure.gravatar.com\/avatar\/e233a6b2a31aba774a86fc0121b1a3bd7f6e7d1a4d2162cde93df050675351b8?s=96&d=mm&r=g","url":"https:\/\/secure.gravatar.com\/avatar\/e233a6b2a31aba774a86fc0121b1a3bd7f6e7d1a4d2162cde93df050675351b8?s=96&d=mm&r=g","contentUrl":"https:\/\/secure.gravatar.com\/avatar\/e233a6b2a31aba774a86fc0121b1a3bd7f6e7d1a4d2162cde93df050675351b8?s=96&d=mm&r=g","caption":"Luca Pellegrini"},"url":"https:\/\/cyclingpro.net\/spaziociclismo\/author\/lpellegrini\/"}]}},"_links":{"self":[{"href":"https:\/\/cyclingpro.net\/spaziociclismo\/wp-json\/wp\/v2\/posts\/394059","targetHints":{"allow":["GET"]}}],"collection":[{"href":"https:\/\/cyclingpro.net\/spaziociclismo\/wp-json\/wp\/v2\/posts"}],"about":[{"href":"https:\/\/cyclingpro.net\/spaziociclismo\/wp-json\/wp\/v2\/types\/post"}],"author":[{"embeddable":true,"href":"https:\/\/cyclingpro.net\/spaziociclismo\/wp-json\/wp\/v2\/users\/4"}],"replies":[{"embeddable":true,"href":"https:\/\/cyclingpro.net\/spaziociclismo\/wp-json\/wp\/v2\/comments?post=394059"}],"version-history":[{"count":3,"href":"https:\/\/cyclingpro.net\/spaziociclismo\/wp-json\/wp\/v2\/posts\/394059\/revisions"}],"predecessor-version":[{"id":394082,"href":"https:\/\/cyclingpro.net\/spaziociclismo\/wp-json\/wp\/v2\/posts\/394059\/revisions\/394082"}],"wp:attachment":[{"href":"https:\/\/cyclingpro.net\/spaziociclismo\/wp-json\/wp\/v2\/media?parent=394059"}],"wp:term":[{"taxonomy":"category","embeddable":true,"href":"https:\/\/cyclingpro.net\/spaziociclismo\/wp-json\/wp\/v2\/categories?post=394059"},{"taxonomy":"post_tag","embeddable":true,"href":"https:\/\/cyclingpro.net\/spaziociclismo\/wp-json\/wp\/v2\/tags?post=394059"}],"curies":[{"name":"wp","href":"https:\/\/api.w.org\/{rel}","templated":true}]}}