{"id":394026,"date":"2026-09-06T13:30:11","date_gmt":"2026-09-06T11:30:11","guid":{"rendered":"https:\/\/cyclingpro.net\/spaziociclismo\/?p=394026"},"modified":"2026-09-06T13:33:54","modified_gmt":"2026-09-06T11:33:54","slug":"giro-della-toscana-2026-la-startlist","status":"publish","type":"post","link":"https:\/\/cyclingpro.net\/spaziociclismo\/startlist\/giro-della-toscana-2026-la-startlist\/","title":{"rendered":"Giro della Toscana 2026, la startlist provvisoria"},"content":{"rendered":"<p>24 squadre al via del <strong>Giro della Toscana 2026<\/strong>. Giunta alla 98<sup>a<\/sup> edizione, la classica italiana andr\u00e0 in scena <strong>mercoled\u00ec 9 settembre<\/strong> e sar\u00e0 valida quale nono appuntamento della Coppa Italia delle Regioni e come prima prova del Memorial Alfredo Martini, che si completer\u00e0 il giorno seguente con la Coppa Sabatini. Anche quest&#8217;anno il parterre sar\u00e0 di tutto rispetto e vedr\u00e0 schierarsi alla partenza ben nove formazioni appartenenti alla categoria WorldTour, compresa la UAE Team Emirates XRG del campione uscente Isaac Del Toro, che per\u00f2 non sar\u00e0 presente in gara. A loro si affiancheranno 13 compagini Professional e due Continental, cinque delle quali battente bandiera italiana.<\/p>\n<h2>Startlist Provvisoria Giro della Toscana 2026<\/h2>\n<p><strong>BAHRAIN VICTORIOUS<\/strong><br \/>\n1 GRADEK Kamil<br \/>\n2 KEPPLINGER Rainer<br \/>\n3 MARTINEZ Lenny Sydney<br \/>\n4 MIHOLJEVI\u0106 Fran<br \/>\n5 MOHORIC Matej<br \/>\n6 TIBERI Antonio<br \/>\n7 VAN DER MEULEN Max<\/p>\n<p><strong>BARDIANI CSF 7 SABER \u2713<\/strong><br \/>\n11 MARTINELLI Alessio<br \/>\n12 CRUZ MARTINEZ Edward Santiago<br \/>\n13 HERRE\u00d1O POLANIA Martin Santiago<br \/>\n14 ROJAS NARANJO Vicente<br \/>\n15 PALETTI Luca<br \/>\n16 TOLIO Alex<br \/>\n17 TURCONI Filippo<\/p>\n<p><strong>BURGOS-BURPELLET-BH<\/strong><br \/>\n21 CAVIA SANZ Daniel<br \/>\n22 DE LA CALLE ARANGO Hugo<br \/>\n23 FAGUNDEZ LIMA Antonio Eric<br \/>\n24 KUDUS Merhawi<br \/>\n25 MAYER Henri Alexandre<br \/>\n26 QUARTUCCI Lorenzo<br \/>\n27 SAINBAYAR Jambaljamts<\/p>\n<p><strong>CAJA RURAL-SEGUROS RGA \u2713<\/strong><br \/>\n31 ARRIOLA-BENGOA BEITIA Julen<br \/>\n32 BERWICK Sebastian<br \/>\n33 BOU COMPANY Joan<br \/>\n34 CASTELLON RIBALTA Jan<br \/>\n35 MOLENAAR Alex<br \/>\n36 DIAZ Alex<br \/>\n37 SORARRAIN AGIRREZABALA Gorka<\/p>\n<p><strong>COFIDIS<\/strong><br \/>\n41 CARR Simon<br \/>\n42 FERRON Valentin<br \/>\n43 IZAGUIRRE INSAUSTI Ion<br \/>\n44 MEEHAN Jamie<br \/>\n45 TEUNS Dylan<br \/>\n46 THOMAS Benjamin<br \/>\n47 ZAMPERINI Edoardo<\/p>\n<p><strong>EF EDUCATION &#8211; EASYPOST<\/strong><br \/>\n51 BATTISTELLA Samuele<br \/>\n52 CEPEDA Alexander Jefferson<br \/>\n53 HONOR\u00c9 Fr\u00f8lich Mikkel<br \/>\n54 NERURKAR Lukas<br \/>\n55 POWLESS Neilson<br \/>\n56 VAN DER LEE Jardi Christiaan<br \/>\n57<\/p>\n<p><strong>EQUIPO KERN PHARMA<\/strong><br \/>\n61 AZNAR VIJUESCA Hugo<br \/>\n62 CARRASCOSA MILLER Pablo<br \/>\n63 GIMENO FERRER Nil<br \/>\n64 GOMEZ LOPEZ DE GOICOECHEA Iker<br \/>\n65 PEREZ LOPEZ Cesar<br \/>\n66 RETEGI GO\u00d1I Mikel<br \/>\n67 SOTO GUIRAO Antonio Jesus<\/p>\n<p><strong>EUSKALTEL-EUSKADI<\/strong><br \/>\n71 AGIRRE EGA\u00d1A Jon<br \/>\n72 ALUSTIZA GOENAGA Nicolas<br \/>\n73 BIZKARRA ETXEGIBEL Mikel<br \/>\n74 FERNANDEZ HERES Samuel<br \/>\n75 LASTRA MARTINEZ Jonathan<br \/>\n76 MINTEGI CLAVER Iker<br \/>\n77 UGARTE LARREA Gari<\/p>\n<p><strong>GROUPAMA-FDJ UNITED<\/strong><br \/>\n81 DECOMBLE Maxime<br \/>\n82 DONNENWIRTH Tom<br \/>\n83 GAUDU David<br \/>\n84 GENIETS K\u00e9vin<br \/>\n85 GERMANI Lorenzo<br \/>\n86 GREGOIRE Romain<br \/>\n87 KENCH Joshua<\/p>\n<p><strong>MBH BANK CSB TELECOM FORT \u2713<\/strong><br \/>\n91 KAJAMINI Florian Samuel<br \/>\n92 MASNADA Fausto<br \/>\n93 GRUSZCZY\u0143SKI Filip<br \/>\n94 CRETTI Luca<br \/>\n95 FANCELLU Alessandro<br \/>\n96 VALENT M\u00e1rk<br \/>\n97 VERRE Alessandro<\/p>\n<p><strong>MG.K VIS COSTRUZIONI E AMBIENTE<\/strong><br \/>\n101 ALUNNI Tommaso<br \/>\n102 CANTONI Andrea<br \/>\n103 HARDING William<br \/>\n104 KINGSTON Matthew<br \/>\n105 PARRAVANO Francesco<br \/>\n106 SPREAFICO Matteo<br \/>\n107 WOOD Alexander George<\/p>\n<p><strong>MOVISTAR TEAM<\/strong><br \/>\n111 CEPEDA Jefferson<br \/>\n112 FORLIN Daniele<br \/>\n113 FORMOLO Davide<br \/>\n114 LOPEZ PEREZ Juan Pedro<br \/>\n115 MILESI Lorenzo<br \/>\n116 RUBIO REYES Einer Augusto<br \/>\n117 SERRANO RODRIGUEZ Gonzalo<\/p>\n<p><strong>PINARELLO-Q36.5 PRO CYCLING TEAM<\/strong><br \/>\n121 BADILATTI Matteo<br \/>\n122 BAX Sjoerd<br \/>\n123 CHRISTEN Fabio<br \/>\n124 PARISINI Nicol\u00f2<br \/>\n125 PIDCOCK Joe<br \/>\n126 SIMS Edward Anthony Oliver<br \/>\n127 VANHOUCKE Harm<\/p>\n<p><strong>RED BULL &#8211; BORA &#8211; HANSGROHE<\/strong><br \/>\n131 BOICHIS Adrien<br \/>\n132 FINN Lorenzo Mark<br \/>\n133 HAJEK Alexander<br \/>\n134 HINDLEY Jai<br \/>\n135 LIPOWITZ Florian<br \/>\n136 MARTINEZ POVEDA Daniel Felipe<br \/>\n137 PELLIZZARI Giulio<\/p>\n<p><strong>SOLUTION TECH NIPPO RALI<\/strong><br \/>\n141<br \/>\n142<br \/>\n143<br \/>\n144<br \/>\n145<br \/>\n146<br \/>\n147<\/p>\n<p><strong>TEAM JAYCO ALULA<\/strong><br \/>\n151 BLEDDYN Oliver<br \/>\n152 CONCA Filippo<br \/>\n153 DE PRETTO Davide<br \/>\n154 ENGELHARDT Felix<br \/>\n155 GAFFNEY David<br \/>\n156 O&#8217;CONNOR Ben<br \/>\n157 VENDRAME Andrea<\/p>\n<p><strong>TEAM POLTI VISITMALTA \u2713<\/strong><br \/>\n161 BAIS Davide<br \/>\n162 BAIS Mattia<br \/>\n163 CRESCIOLI Ludovico<br \/>\n164 TONELLI Alessandro<br \/>\n165 TERCERO Fernando<br \/>\n166 MU\u00d1OZ LLANA Francisco<br \/>\n167 PESENTI Thomas<\/p>\n<p><strong>TOTALENERGIES<\/strong><br \/>\n171 BONNET Thomas<br \/>\n172 BOUCHARD Geoffrey<br \/>\n173 BREUILLARD Nicolas<br \/>\n174 DELBOVE Joris<br \/>\n175 JEGAT Jordan<br \/>\n176 JOUSSEAUME Alan<br \/>\n177 VERCHER Matteo<\/p>\n<p><strong>TUDOR PRO CYCLING TEAM<\/strong><br \/>\n181 CASAGRANDE Diego<br \/>\n182 ERIKSSON Jacob<br \/>\n183 HIRSCHI Marc<br \/>\n184 LECOQ Baptiste<br \/>\n185 RONDEL Mathys<br \/>\n186 STIANSEN Jesper<br \/>\n187 STORER Michael<\/p>\n<p><strong>UAE TEAM EMIRATES XRG<\/strong><br \/>\n191 ARRIETA LIZARRAGA Igor<br \/>\n192 BARONCINI Filippo<br \/>\n193 CHRISTEN Jan<br \/>\n194 COSNEFROY Benoit<br \/>\n195 PERICAS CAPDEVILA Adria<br \/>\n196 RAMIREZ Mateo Pablo<br \/>\n197 TOMAS MORGADO Ant\u00f3nio<\/p>\n<p><strong>UNIBET ROSE ROCKETS<\/strong><br \/>\n201 CHRISTOPHERSEN Cedrik Bakke<br \/>\n202 EIKING Odd Christian<br \/>\n203 FOUGNER Eivind Broholt<br \/>\n204 KOPECK\u00dd Cornelius Tomas<br \/>\n205 PETER Jannis<br \/>\n206 POELS Wouter<br \/>\n207 \u0164OUPAL\u00cdK Adam<\/p>\n<p><strong>UNO-X MOBILITY<\/strong><br \/>\n211 BUGGE Urianstad Martin<br \/>\n212 HOELGAARD Markus<br \/>\n213 HVIDEBERG Jonas Hem<br \/>\n214 JOHANNESSEN Anders Halland<br \/>\n215 KULSET Johannes<br \/>\n216 L\u00d8LAND Sakarias Koller<br \/>\n217 SVARRE Tobias<\/p>\n<p><strong>VEGA &#8211; VITALCARE &#8211; DYNATEK<\/strong><br \/>\n221 ABREHA Negasi<br \/>\n222 ADHANOM Dagnew Haben<br \/>\n223 DIGNANI Filippo<br \/>\n224 ERCOLI Giovanni<br \/>\n225 FERMANELLI Marco<br \/>\n226 MEROLA Marco<br \/>\n227 MODESTI Filippo<\/p>\n<p><strong>XDS ASTANA TEAM<\/strong><br \/>\n231 BALLERINI Davide<br \/>\n232 CHAMPOUSSIN Cl\u00e9ment<br \/>\n233 SCARONI Christian<br \/>\n234 SCHRETTL Marco<br \/>\n235 ULISSI Diego<br \/>\n236 VELASCO Simone<br \/>\n237 VINOKUROV Nicolya<\/p>\n","protected":false},"excerpt":{"rendered":"<p>Iniziamo a scoprire gli iscritti al #GirodellaToscana 2026 di mercoled\u00ec 9 settembre<\/p>\n","protected":false},"author":27,"featured_media":368631,"comment_status":"open","ping_status":"closed","sticky":false,"template":"","format":"standard","meta":{"footnotes":"","_members_access_role":[],"_members_access_error":""},"categories":[6,18],"tags":[7228],"class_list":["post-394026","post","type-post","status-publish","format-standard","has-post-thumbnail","hentry","category-continental","category-startlist","tag-giro-della-toscana-2026"],"yoast_head":"<!-- This site is optimized with the Yoast SEO plugin v28.4 - https:\/\/yoast.com\/product\/yoast-seo-wordpress\/ -->\n<title>Giro della Toscana 2026, la startlist provvisoria - SpazioCiclismo<\/title>\n<meta name=\"robots\" content=\"index, follow, max-snippet:-1, max-image-preview:large, max-video-preview:-1\" \/>\n<link rel=\"canonical\" href=\"https:\/\/cyclingpro.net\/spaziociclismo\/startlist\/giro-della-toscana-2026-la-startlist\/\" \/>\n<meta property=\"og:locale\" content=\"it_IT\" \/>\n<meta property=\"og:type\" content=\"article\" \/>\n<meta property=\"og:title\" content=\"Giro della Toscana 2026, la startlist provvisoria - SpazioCiclismo\" \/>\n<meta property=\"og:description\" content=\"Iniziamo a scoprire gli iscritti al #GirodellaToscana 2026 di mercoled\u00ec 9 settembre\" \/>\n<meta property=\"og:url\" content=\"https:\/\/cyclingpro.net\/spaziociclismo\/startlist\/giro-della-toscana-2026-la-startlist\/\" \/>\n<meta property=\"og:site_name\" content=\"SpazioCiclismo\" \/>\n<meta property=\"article:publisher\" content=\"https:\/\/www.facebook.com\/SpazioCiclismo\/\" \/>\n<meta property=\"article:published_time\" content=\"2026-09-06T11:30:11+00:00\" \/>\n<meta property=\"article:modified_time\" content=\"2026-09-06T11:33:54+00:00\" \/>\n<meta property=\"og:image\" content=\"https:\/\/cyclingpro.net\/spaziociclismo\/wp-content\/uploads\/2026\/03\/Gruppo-Rudere-Toscana-Tirreno-Adriatico-2026.webp\" \/>\n\t<meta property=\"og:image:width\" content=\"1200\" \/>\n\t<meta property=\"og:image:height\" content=\"800\" \/>\n\t<meta property=\"og:image:type\" content=\"image\/webp\" \/>\n<meta name=\"author\" content=\"Davide Filippi\" \/>\n<meta name=\"twitter:card\" content=\"summary_large_image\" \/>\n<meta name=\"twitter:creator\" content=\"@spaziociclismo\" \/>\n<meta name=\"twitter:site\" content=\"@spaziociclismo\" \/>\n<meta name=\"twitter:label1\" content=\"Scritto da\" \/>\n\t<meta name=\"twitter:data1\" content=\"Davide Filippi\" \/>\n\t<meta name=\"twitter:label2\" content=\"Tempo di lettura stimato\" \/>\n\t<meta name=\"twitter:data2\" content=\"5 minuti\" \/>\n<script type=\"application\/ld+json\" class=\"yoast-schema-graph\">{\"@context\":\"https:\\\/\\\/schema.org\",\"@graph\":[{\"@type\":\"Article\",\"@id\":\"https:\\\/\\\/cyclingpro.net\\\/spaziociclismo\\\/startlist\\\/giro-della-toscana-2026-la-startlist\\\/#article\",\"isPartOf\":{\"@id\":\"https:\\\/\\\/cyclingpro.net\\\/spaziociclismo\\\/startlist\\\/giro-della-toscana-2026-la-startlist\\\/\"},\"author\":{\"name\":\"Davide Filippi\",\"@id\":\"https:\\\/\\\/cyclingpro.net\\\/spaziociclismo\\\/#\\\/schema\\\/person\\\/5b11f525424bc937dcd939655cae5de3\"},\"headline\":\"Giro della Toscana 2026, la startlist provvisoria\",\"datePublished\":\"2026-09-06T11:30:11+00:00\",\"dateModified\":\"2026-09-06T11:33:54+00:00\",\"mainEntityOfPage\":{\"@id\":\"https:\\\/\\\/cyclingpro.net\\\/spaziociclismo\\\/startlist\\\/giro-della-toscana-2026-la-startlist\\\/\"},\"wordCount\":591,\"commentCount\":0,\"publisher\":{\"@id\":\"https:\\\/\\\/cyclingpro.net\\\/spaziociclismo\\\/#organization\"},\"image\":{\"@id\":\"https:\\\/\\\/cyclingpro.net\\\/spaziociclismo\\\/startlist\\\/giro-della-toscana-2026-la-startlist\\\/#primaryimage\"},\"thumbnailUrl\":\"https:\\\/\\\/cyclingpro.net\\\/spaziociclismo\\\/wp-content\\\/uploads\\\/2026\\\/03\\\/Gruppo-Rudere-Toscana-Tirreno-Adriatico-2026.webp\",\"keywords\":[\"Giro della Toscana 2026\"],\"articleSection\":[\"Continental\",\"Startlist\"],\"inLanguage\":\"it-IT\",\"potentialAction\":[{\"@type\":\"CommentAction\",\"name\":\"Comment\",\"target\":[\"https:\\\/\\\/cyclingpro.net\\\/spaziociclismo\\\/startlist\\\/giro-della-toscana-2026-la-startlist\\\/#respond\"]}]},{\"@type\":\"WebPage\",\"@id\":\"https:\\\/\\\/cyclingpro.net\\\/spaziociclismo\\\/startlist\\\/giro-della-toscana-2026-la-startlist\\\/\",\"url\":\"https:\\\/\\\/cyclingpro.net\\\/spaziociclismo\\\/startlist\\\/giro-della-toscana-2026-la-startlist\\\/\",\"name\":\"Giro della Toscana 2026, la startlist provvisoria - SpazioCiclismo\",\"isPartOf\":{\"@id\":\"https:\\\/\\\/cyclingpro.net\\\/spaziociclismo\\\/#website\"},\"primaryImageOfPage\":{\"@id\":\"https:\\\/\\\/cyclingpro.net\\\/spaziociclismo\\\/startlist\\\/giro-della-toscana-2026-la-startlist\\\/#primaryimage\"},\"image\":{\"@id\":\"https:\\\/\\\/cyclingpro.net\\\/spaziociclismo\\\/startlist\\\/giro-della-toscana-2026-la-startlist\\\/#primaryimage\"},\"thumbnailUrl\":\"https:\\\/\\\/cyclingpro.net\\\/spaziociclismo\\\/wp-content\\\/uploads\\\/2026\\\/03\\\/Gruppo-Rudere-Toscana-Tirreno-Adriatico-2026.webp\",\"datePublished\":\"2026-09-06T11:30:11+00:00\",\"dateModified\":\"2026-09-06T11:33:54+00:00\",\"breadcrumb\":{\"@id\":\"https:\\\/\\\/cyclingpro.net\\\/spaziociclismo\\\/startlist\\\/giro-della-toscana-2026-la-startlist\\\/#breadcrumb\"},\"inLanguage\":\"it-IT\",\"potentialAction\":[{\"@type\":\"ReadAction\",\"target\":[\"https:\\\/\\\/cyclingpro.net\\\/spaziociclismo\\\/startlist\\\/giro-della-toscana-2026-la-startlist\\\/\"]}]},{\"@type\":\"ImageObject\",\"inLanguage\":\"it-IT\",\"@id\":\"https:\\\/\\\/cyclingpro.net\\\/spaziociclismo\\\/startlist\\\/giro-della-toscana-2026-la-startlist\\\/#primaryimage\",\"url\":\"https:\\\/\\\/cyclingpro.net\\\/spaziociclismo\\\/wp-content\\\/uploads\\\/2026\\\/03\\\/Gruppo-Rudere-Toscana-Tirreno-Adriatico-2026.webp\",\"contentUrl\":\"https:\\\/\\\/cyclingpro.net\\\/spaziociclismo\\\/wp-content\\\/uploads\\\/2026\\\/03\\\/Gruppo-Rudere-Toscana-Tirreno-Adriatico-2026.webp\",\"width\":1200,\"height\":800,\"caption\":\"\u00a9 LaPresse\"},{\"@type\":\"BreadcrumbList\",\"@id\":\"https:\\\/\\\/cyclingpro.net\\\/spaziociclismo\\\/startlist\\\/giro-della-toscana-2026-la-startlist\\\/#breadcrumb\",\"itemListElement\":[{\"@type\":\"ListItem\",\"position\":1,\"name\":\"Home\",\"item\":\"https:\\\/\\\/cyclingpro.net\\\/spaziociclismo\\\/\"},{\"@type\":\"ListItem\",\"position\":2,\"name\":\"Giro della Toscana 2026, la startlist provvisoria\"}]},{\"@type\":\"WebSite\",\"@id\":\"https:\\\/\\\/cyclingpro.net\\\/spaziociclismo\\\/#website\",\"url\":\"https:\\\/\\\/cyclingpro.net\\\/spaziociclismo\\\/\",\"name\":\"SpazioCiclismo\",\"description\":\"Tutto il ciclismo minuto per minuto\",\"publisher\":{\"@id\":\"https:\\\/\\\/cyclingpro.net\\\/spaziociclismo\\\/#organization\"},\"potentialAction\":[{\"@type\":\"SearchAction\",\"target\":{\"@type\":\"EntryPoint\",\"urlTemplate\":\"https:\\\/\\\/cyclingpro.net\\\/spaziociclismo\\\/?s={search_term_string}\"},\"query-input\":{\"@type\":\"PropertyValueSpecification\",\"valueRequired\":true,\"valueName\":\"search_term_string\"}}],\"inLanguage\":\"it-IT\"},{\"@type\":\"Organization\",\"@id\":\"https:\\\/\\\/cyclingpro.net\\\/spaziociclismo\\\/#organization\",\"name\":\"SpazioCiclismo\",\"url\":\"https:\\\/\\\/cyclingpro.net\\\/spaziociclismo\\\/\",\"logo\":{\"@type\":\"ImageObject\",\"inLanguage\":\"it-IT\",\"@id\":\"https:\\\/\\\/cyclingpro.net\\\/spaziociclismo\\\/#\\\/schema\\\/logo\\\/image\\\/\",\"url\":\"https:\\\/\\\/cyclingpro.net\\\/spaziociclismo\\\/wp-content\\\/uploads\\\/2017\\\/02\\\/SpazioCiclismo-Logo-Quadrato.png\",\"contentUrl\":\"https:\\\/\\\/cyclingpro.net\\\/spaziociclismo\\\/wp-content\\\/uploads\\\/2017\\\/02\\\/SpazioCiclismo-Logo-Quadrato.png\",\"width\":450,\"height\":450,\"caption\":\"SpazioCiclismo\"},\"image\":{\"@id\":\"https:\\\/\\\/cyclingpro.net\\\/spaziociclismo\\\/#\\\/schema\\\/logo\\\/image\\\/\"},\"sameAs\":[\"https:\\\/\\\/www.facebook.com\\\/SpazioCiclismo\\\/\",\"https:\\\/\\\/x.com\\\/spaziociclismo\",\"https:\\\/\\\/www.instagram.com\\\/spaziociclismo\\\/\"]},{\"@type\":\"Person\",\"@id\":\"https:\\\/\\\/cyclingpro.net\\\/spaziociclismo\\\/#\\\/schema\\\/person\\\/5b11f525424bc937dcd939655cae5de3\",\"name\":\"Davide Filippi\",\"image\":{\"@type\":\"ImageObject\",\"inLanguage\":\"it-IT\",\"@id\":\"https:\\\/\\\/secure.gravatar.com\\\/avatar\\\/acf38569376402ef43c46c36ea62f8a431f13c39fac703a2ed157f3bbfa5c1ab?s=96&d=mm&r=g\",\"url\":\"https:\\\/\\\/secure.gravatar.com\\\/avatar\\\/acf38569376402ef43c46c36ea62f8a431f13c39fac703a2ed157f3bbfa5c1ab?s=96&d=mm&r=g\",\"contentUrl\":\"https:\\\/\\\/secure.gravatar.com\\\/avatar\\\/acf38569376402ef43c46c36ea62f8a431f13c39fac703a2ed157f3bbfa5c1ab?s=96&d=mm&r=g\",\"caption\":\"Davide Filippi\"},\"url\":\"https:\\\/\\\/cyclingpro.net\\\/spaziociclismo\\\/author\\\/dfilippi\\\/\"}]}<\/script>\n<!-- \/ Yoast SEO plugin. -->","yoast_head_json":{"title":"Giro della Toscana 2026, la startlist provvisoria - SpazioCiclismo","robots":{"index":"index","follow":"follow","max-snippet":"max-snippet:-1","max-image-preview":"max-image-preview:large","max-video-preview":"max-video-preview:-1"},"canonical":"https:\/\/cyclingpro.net\/spaziociclismo\/startlist\/giro-della-toscana-2026-la-startlist\/","og_locale":"it_IT","og_type":"article","og_title":"Giro della Toscana 2026, la startlist provvisoria - SpazioCiclismo","og_description":"Iniziamo a scoprire gli iscritti al #GirodellaToscana 2026 di mercoled\u00ec 9 settembre","og_url":"https:\/\/cyclingpro.net\/spaziociclismo\/startlist\/giro-della-toscana-2026-la-startlist\/","og_site_name":"SpazioCiclismo","article_publisher":"https:\/\/www.facebook.com\/SpazioCiclismo\/","article_published_time":"2026-09-06T11:30:11+00:00","article_modified_time":"2026-09-06T11:33:54+00:00","og_image":[{"width":1200,"height":800,"url":"https:\/\/cyclingpro.net\/spaziociclismo\/wp-content\/uploads\/2026\/03\/Gruppo-Rudere-Toscana-Tirreno-Adriatico-2026.webp","type":"image\/webp"}],"author":"Davide Filippi","twitter_card":"summary_large_image","twitter_creator":"@spaziociclismo","twitter_site":"@spaziociclismo","twitter_misc":{"Scritto da":"Davide Filippi","Tempo di lettura stimato":"5 minuti"},"schema":{"@context":"https:\/\/schema.org","@graph":[{"@type":"Article","@id":"https:\/\/cyclingpro.net\/spaziociclismo\/startlist\/giro-della-toscana-2026-la-startlist\/#article","isPartOf":{"@id":"https:\/\/cyclingpro.net\/spaziociclismo\/startlist\/giro-della-toscana-2026-la-startlist\/"},"author":{"name":"Davide Filippi","@id":"https:\/\/cyclingpro.net\/spaziociclismo\/#\/schema\/person\/5b11f525424bc937dcd939655cae5de3"},"headline":"Giro della Toscana 2026, la startlist provvisoria","datePublished":"2026-09-06T11:30:11+00:00","dateModified":"2026-09-06T11:33:54+00:00","mainEntityOfPage":{"@id":"https:\/\/cyclingpro.net\/spaziociclismo\/startlist\/giro-della-toscana-2026-la-startlist\/"},"wordCount":591,"commentCount":0,"publisher":{"@id":"https:\/\/cyclingpro.net\/spaziociclismo\/#organization"},"image":{"@id":"https:\/\/cyclingpro.net\/spaziociclismo\/startlist\/giro-della-toscana-2026-la-startlist\/#primaryimage"},"thumbnailUrl":"https:\/\/cyclingpro.net\/spaziociclismo\/wp-content\/uploads\/2026\/03\/Gruppo-Rudere-Toscana-Tirreno-Adriatico-2026.webp","keywords":["Giro della Toscana 2026"],"articleSection":["Continental","Startlist"],"inLanguage":"it-IT","potentialAction":[{"@type":"CommentAction","name":"Comment","target":["https:\/\/cyclingpro.net\/spaziociclismo\/startlist\/giro-della-toscana-2026-la-startlist\/#respond"]}]},{"@type":"WebPage","@id":"https:\/\/cyclingpro.net\/spaziociclismo\/startlist\/giro-della-toscana-2026-la-startlist\/","url":"https:\/\/cyclingpro.net\/spaziociclismo\/startlist\/giro-della-toscana-2026-la-startlist\/","name":"Giro della Toscana 2026, la startlist provvisoria - SpazioCiclismo","isPartOf":{"@id":"https:\/\/cyclingpro.net\/spaziociclismo\/#website"},"primaryImageOfPage":{"@id":"https:\/\/cyclingpro.net\/spaziociclismo\/startlist\/giro-della-toscana-2026-la-startlist\/#primaryimage"},"image":{"@id":"https:\/\/cyclingpro.net\/spaziociclismo\/startlist\/giro-della-toscana-2026-la-startlist\/#primaryimage"},"thumbnailUrl":"https:\/\/cyclingpro.net\/spaziociclismo\/wp-content\/uploads\/2026\/03\/Gruppo-Rudere-Toscana-Tirreno-Adriatico-2026.webp","datePublished":"2026-09-06T11:30:11+00:00","dateModified":"2026-09-06T11:33:54+00:00","breadcrumb":{"@id":"https:\/\/cyclingpro.net\/spaziociclismo\/startlist\/giro-della-toscana-2026-la-startlist\/#breadcrumb"},"inLanguage":"it-IT","potentialAction":[{"@type":"ReadAction","target":["https:\/\/cyclingpro.net\/spaziociclismo\/startlist\/giro-della-toscana-2026-la-startlist\/"]}]},{"@type":"ImageObject","inLanguage":"it-IT","@id":"https:\/\/cyclingpro.net\/spaziociclismo\/startlist\/giro-della-toscana-2026-la-startlist\/#primaryimage","url":"https:\/\/cyclingpro.net\/spaziociclismo\/wp-content\/uploads\/2026\/03\/Gruppo-Rudere-Toscana-Tirreno-Adriatico-2026.webp","contentUrl":"https:\/\/cyclingpro.net\/spaziociclismo\/wp-content\/uploads\/2026\/03\/Gruppo-Rudere-Toscana-Tirreno-Adriatico-2026.webp","width":1200,"height":800,"caption":"\u00a9 LaPresse"},{"@type":"BreadcrumbList","@id":"https:\/\/cyclingpro.net\/spaziociclismo\/startlist\/giro-della-toscana-2026-la-startlist\/#breadcrumb","itemListElement":[{"@type":"ListItem","position":1,"name":"Home","item":"https:\/\/cyclingpro.net\/spaziociclismo\/"},{"@type":"ListItem","position":2,"name":"Giro della Toscana 2026, la startlist provvisoria"}]},{"@type":"WebSite","@id":"https:\/\/cyclingpro.net\/spaziociclismo\/#website","url":"https:\/\/cyclingpro.net\/spaziociclismo\/","name":"SpazioCiclismo","description":"Tutto il ciclismo minuto per minuto","publisher":{"@id":"https:\/\/cyclingpro.net\/spaziociclismo\/#organization"},"potentialAction":[{"@type":"SearchAction","target":{"@type":"EntryPoint","urlTemplate":"https:\/\/cyclingpro.net\/spaziociclismo\/?s={search_term_string}"},"query-input":{"@type":"PropertyValueSpecification","valueRequired":true,"valueName":"search_term_string"}}],"inLanguage":"it-IT"},{"@type":"Organization","@id":"https:\/\/cyclingpro.net\/spaziociclismo\/#organization","name":"SpazioCiclismo","url":"https:\/\/cyclingpro.net\/spaziociclismo\/","logo":{"@type":"ImageObject","inLanguage":"it-IT","@id":"https:\/\/cyclingpro.net\/spaziociclismo\/#\/schema\/logo\/image\/","url":"https:\/\/cyclingpro.net\/spaziociclismo\/wp-content\/uploads\/2017\/02\/SpazioCiclismo-Logo-Quadrato.png","contentUrl":"https:\/\/cyclingpro.net\/spaziociclismo\/wp-content\/uploads\/2017\/02\/SpazioCiclismo-Logo-Quadrato.png","width":450,"height":450,"caption":"SpazioCiclismo"},"image":{"@id":"https:\/\/cyclingpro.net\/spaziociclismo\/#\/schema\/logo\/image\/"},"sameAs":["https:\/\/www.facebook.com\/SpazioCiclismo\/","https:\/\/x.com\/spaziociclismo","https:\/\/www.instagram.com\/spaziociclismo\/"]},{"@type":"Person","@id":"https:\/\/cyclingpro.net\/spaziociclismo\/#\/schema\/person\/5b11f525424bc937dcd939655cae5de3","name":"Davide Filippi","image":{"@type":"ImageObject","inLanguage":"it-IT","@id":"https:\/\/secure.gravatar.com\/avatar\/acf38569376402ef43c46c36ea62f8a431f13c39fac703a2ed157f3bbfa5c1ab?s=96&d=mm&r=g","url":"https:\/\/secure.gravatar.com\/avatar\/acf38569376402ef43c46c36ea62f8a431f13c39fac703a2ed157f3bbfa5c1ab?s=96&d=mm&r=g","contentUrl":"https:\/\/secure.gravatar.com\/avatar\/acf38569376402ef43c46c36ea62f8a431f13c39fac703a2ed157f3bbfa5c1ab?s=96&d=mm&r=g","caption":"Davide Filippi"},"url":"https:\/\/cyclingpro.net\/spaziociclismo\/author\/dfilippi\/"}]}},"_links":{"self":[{"href":"https:\/\/cyclingpro.net\/spaziociclismo\/wp-json\/wp\/v2\/posts\/394026","targetHints":{"allow":["GET"]}}],"collection":[{"href":"https:\/\/cyclingpro.net\/spaziociclismo\/wp-json\/wp\/v2\/posts"}],"about":[{"href":"https:\/\/cyclingpro.net\/spaziociclismo\/wp-json\/wp\/v2\/types\/post"}],"author":[{"embeddable":true,"href":"https:\/\/cyclingpro.net\/spaziociclismo\/wp-json\/wp\/v2\/users\/27"}],"replies":[{"embeddable":true,"href":"https:\/\/cyclingpro.net\/spaziociclismo\/wp-json\/wp\/v2\/comments?post=394026"}],"version-history":[{"count":2,"href":"https:\/\/cyclingpro.net\/spaziociclismo\/wp-json\/wp\/v2\/posts\/394026\/revisions"}],"predecessor-version":[{"id":394029,"href":"https:\/\/cyclingpro.net\/spaziociclismo\/wp-json\/wp\/v2\/posts\/394026\/revisions\/394029"}],"wp:featuredmedia":[{"embeddable":true,"href":"https:\/\/cyclingpro.net\/spaziociclismo\/wp-json\/wp\/v2\/media\/368631"}],"wp:attachment":[{"href":"https:\/\/cyclingpro.net\/spaziociclismo\/wp-json\/wp\/v2\/media?parent=394026"}],"wp:term":[{"taxonomy":"category","embeddable":true,"href":"https:\/\/cyclingpro.net\/spaziociclismo\/wp-json\/wp\/v2\/categories?post=394026"},{"taxonomy":"post_tag","embeddable":true,"href":"https:\/\/cyclingpro.net\/spaziociclismo\/wp-json\/wp\/v2\/tags?post=394026"}],"curies":[{"name":"wp","href":"https:\/\/api.w.org\/{rel}","templated":true}]}}