{"id":393996,"date":"2026-09-06T12:32:41","date_gmt":"2026-09-06T10:32:41","guid":{"rendered":"https:\/\/cyclingpro.net\/spaziociclismo\/?p=393996"},"modified":"2026-09-06T12:32:41","modified_gmt":"2026-09-06T10:32:41","slug":"vuelta-a-espana-2026-sander-de-pestel-sottolinea-limpatto-del-caldo-e-folle-ogni-discesa-e-una-sauna-stiamo-solo-sperando-che-non-ci-siano-incidenti","status":"publish","type":"post","link":"https:\/\/cyclingpro.net\/spaziociclismo\/vuelta-2026\/vuelta-a-espana-2026-sander-de-pestel-sottolinea-limpatto-del-caldo-e-folle-ogni-discesa-e-una-sauna-stiamo-solo-sperando-che-non-ci-siano-incidenti\/","title":{"rendered":"Vuelta a Espa\u00f1a 2026, Sander De Pestel sottolinea l&#8217;impatto del caldo: &#8220;\u00c8 folle, ogni discesa \u00e8 una sauna. Stiamo solo sperando che non ci siano incidenti&#8221;"},"content":{"rendered":"<p>L&#8217;ondata di calore sta avendo un effetto innegabile sulla <strong>Vuelta a Espa\u00f1a 2026<\/strong>. La corsa spagnola si sta tenendo sotto temperature alte, con un impatto sui corridori e sulla loro sopravvivenza a frazioni lunghe e impegnative. Per la prima volta in questa edizione, l&#8217;organizzazione <a href=\"https:\/\/cyclingpro.net\/spaziociclismo\/presentazione-corse\/vuelta-a-espana-2026-presentazione-percorso-e-favoriti-quindicesima-tappa-palma-del-rio-cordoba-1102-km\/\" target=\"_blank\" rel=\"noopener\">ha scelto di accorciare una tappa, togliendo ben 79 chilometri dalla Palma del Rio a Cordoba<\/a>, passata cos\u00ec a misurarne 110. Una decisione resa necessaria proprio dalle alte temperature che stanno continuando a mettere in difficolt\u00e0 i corridori, causando anche dei malori. E in gruppo qualcuno inizia ad alzare la voce, sottolineando come le condizioni stiano diventando pericolose per la salute degli atleti.<\/p>\n<p>\u00c8 il caso di <strong>Sander De<\/strong> <strong>Pestel<\/strong>, che <a href=\"https:\/\/sporza.be\/nl\/2026\/09\/05\/-renners-moesten-zelfs-naar-ziekenhuis-vuelta-peloton-kreunt-onder-gestoorde-warmte-rit-van-morgen-wordt-ingekort~1788612622327\/\" target=\"_blank\" rel=\"noopener\">in un&#8217;intervista a <em>Sporza<\/em><\/a> ha dichiarato: &#8220;<strong>\u00c8 folle, al momento stiamo solo sperano che non avvengano incidenti<\/strong>. Ancora una volta i corridori sono stati portati in ospedale per un malore dopo la tappa. <strong>Stiamo combattendo il calore pi\u00f9 che il percorso o la competizione<\/strong>. \u00c8 un peccato essere arrivati a questo. Alla partenza non \u00e8 troppo male. \u00c8 umido, ma ci siamo abituati. <strong>Nelle ultime due ore, ogni discesa che abbiamo fatto sembrava che stessimo correndo in un nuovo tipo di sauna<\/strong>. Era una cosa folle&#8221;.<\/p>\n<div class=\"@container flex flex-col gap-4\" data-field=\"text\">\n<div class=\"text-16asrem rich-content flex flex-col gap-6 leading-[180%] font-light\" data-contenttags=\"\">Raccontando la sua esperienza nella tredicesima tappa della <strong>Vuelta a Espa\u00f1a 2026,\u00a0<\/strong>il corridore della\u00a0<strong>Decathlon CMA CGM\u00a0<\/strong>ha spiegato: &#8220;<strong>Ho finito due borracce d&#8217;acqua in cima alla prima salita<\/strong>. Dopo un&#8217;ora e mezza, ho iniziato a sentirmi un po&#8217; barcollante. Quindi sono andato all&#8217;ammiraglia per versarmi due borracce d&#8217;acqua fredda sulla mia testa e berne un&#8217;altra. <strong>Dopo le cose sono andate meglio, ma ero davvero al limite<\/strong>&#8220;.<\/div>\n<\/div>\n","protected":false},"excerpt":{"rendered":"<p>Il corridore della Decathlon CMA CGM racconta le difficolt\u00e0 in giornate cos\u00ec calde a #LaVuelta26: &#8220;Stiamo combattendo il calore pi\u00f9 che il percorso o la competizione&#8221;<\/p>\n","protected":false},"author":15,"featured_media":385526,"comment_status":"open","ping_status":"closed","sticky":false,"template":"","format":"standard","meta":{"footnotes":"","_members_access_role":[],"_members_access_error":""},"categories":[6589],"tags":[6566,5920,5752],"class_list":["post-393996","post","type-post","status-publish","format-standard","has-post-thumbnail","hentry","category-vuelta-2026","tag-decathlon-cma-cgm-team-2026","tag-sander-de-pestel","tag-vuelta-a-espana-2026"],"yoast_head":"<!-- This site is optimized with the Yoast SEO plugin v28.4 - https:\/\/yoast.com\/product\/yoast-seo-wordpress\/ -->\n<title>Vuelta a Espa\u00f1a 2026, Sander De Pestel sottolinea l&#039;impatto del caldo: &quot;\u00c8 folle, ogni discesa \u00e8 una sauna. Stiamo solo sperando che non ci siano incidenti&quot; - SpazioCiclismo<\/title>\n<meta name=\"robots\" content=\"index, follow, max-snippet:-1, max-image-preview:large, max-video-preview:-1\" \/>\n<link rel=\"canonical\" href=\"https:\/\/cyclingpro.net\/spaziociclismo\/vuelta-2026\/vuelta-a-espana-2026-sander-de-pestel-sottolinea-limpatto-del-caldo-e-folle-ogni-discesa-e-una-sauna-stiamo-solo-sperando-che-non-ci-siano-incidenti\/\" \/>\n<meta property=\"og:locale\" content=\"it_IT\" \/>\n<meta property=\"og:type\" content=\"article\" \/>\n<meta property=\"og:title\" content=\"Vuelta a Espa\u00f1a 2026, Sander De Pestel sottolinea l&#039;impatto del caldo: &quot;\u00c8 folle, ogni discesa \u00e8 una sauna. Stiamo solo sperando che non ci siano incidenti&quot; - SpazioCiclismo\" \/>\n<meta property=\"og:description\" content=\"Il corridore della Decathlon CMA CGM racconta le difficolt\u00e0 in giornate cos\u00ec calde a #LaVuelta26: &quot;Stiamo combattendo il calore pi\u00f9 che il percorso o la competizione&quot;\" \/>\n<meta property=\"og:url\" content=\"https:\/\/cyclingpro.net\/spaziociclismo\/vuelta-2026\/vuelta-a-espana-2026-sander-de-pestel-sottolinea-limpatto-del-caldo-e-folle-ogni-discesa-e-una-sauna-stiamo-solo-sperando-che-non-ci-siano-incidenti\/\" \/>\n<meta property=\"og:site_name\" content=\"SpazioCiclismo\" \/>\n<meta property=\"article:publisher\" content=\"https:\/\/www.facebook.com\/SpazioCiclismo\/\" \/>\n<meta property=\"article:published_time\" content=\"2026-09-06T10:32:41+00:00\" \/>\n<meta property=\"og:image\" content=\"https:\/\/cyclingpro.net\/spaziociclismo\/wp-content\/uploads\/2027\/01\/Caldo-Tour-de-France-2026-Borraccia-Shimano.webp\" \/>\n\t<meta property=\"og:image:width\" content=\"1200\" \/>\n\t<meta property=\"og:image:height\" content=\"800\" \/>\n\t<meta property=\"og:image:type\" content=\"image\/webp\" \/>\n<meta name=\"author\" content=\"Davide Terraneo\" \/>\n<meta name=\"twitter:card\" content=\"summary_large_image\" \/>\n<meta name=\"twitter:creator\" content=\"@spaziociclismo\" \/>\n<meta name=\"twitter:site\" content=\"@spaziociclismo\" \/>\n<meta name=\"twitter:label1\" content=\"Scritto da\" \/>\n\t<meta name=\"twitter:data1\" content=\"Davide Terraneo\" \/>\n\t<meta name=\"twitter:label2\" content=\"Tempo di lettura stimato\" \/>\n\t<meta name=\"twitter:data2\" content=\"2 minuti\" \/>\n<script type=\"application\/ld+json\" class=\"yoast-schema-graph\">{\"@context\":\"https:\\\/\\\/schema.org\",\"@graph\":[{\"@type\":\"Article\",\"@id\":\"https:\\\/\\\/cyclingpro.net\\\/spaziociclismo\\\/vuelta-2026\\\/vuelta-a-espana-2026-sander-de-pestel-sottolinea-limpatto-del-caldo-e-folle-ogni-discesa-e-una-sauna-stiamo-solo-sperando-che-non-ci-siano-incidenti\\\/#article\",\"isPartOf\":{\"@id\":\"https:\\\/\\\/cyclingpro.net\\\/spaziociclismo\\\/vuelta-2026\\\/vuelta-a-espana-2026-sander-de-pestel-sottolinea-limpatto-del-caldo-e-folle-ogni-discesa-e-una-sauna-stiamo-solo-sperando-che-non-ci-siano-incidenti\\\/\"},\"author\":{\"name\":\"Davide Terraneo\",\"@id\":\"https:\\\/\\\/cyclingpro.net\\\/spaziociclismo\\\/#\\\/schema\\\/person\\\/7e1a937a7dba4e684209b697ab87796a\"},\"headline\":\"Vuelta a Espa\u00f1a 2026, Sander De Pestel sottolinea l&#8217;impatto del caldo: &#8220;\u00c8 folle, ogni discesa \u00e8 una sauna. Stiamo solo sperando che non ci siano incidenti&#8221;\",\"datePublished\":\"2026-09-06T10:32:41+00:00\",\"mainEntityOfPage\":{\"@id\":\"https:\\\/\\\/cyclingpro.net\\\/spaziociclismo\\\/vuelta-2026\\\/vuelta-a-espana-2026-sander-de-pestel-sottolinea-limpatto-del-caldo-e-folle-ogni-discesa-e-una-sauna-stiamo-solo-sperando-che-non-ci-siano-incidenti\\\/\"},\"wordCount\":295,\"commentCount\":0,\"publisher\":{\"@id\":\"https:\\\/\\\/cyclingpro.net\\\/spaziociclismo\\\/#organization\"},\"image\":{\"@id\":\"https:\\\/\\\/cyclingpro.net\\\/spaziociclismo\\\/vuelta-2026\\\/vuelta-a-espana-2026-sander-de-pestel-sottolinea-limpatto-del-caldo-e-folle-ogni-discesa-e-una-sauna-stiamo-solo-sperando-che-non-ci-siano-incidenti\\\/#primaryimage\"},\"thumbnailUrl\":\"https:\\\/\\\/cyclingpro.net\\\/spaziociclismo\\\/wp-content\\\/uploads\\\/2027\\\/01\\\/Caldo-Tour-de-France-2026-Borraccia-Shimano.webp\",\"keywords\":[\"Decathlon CMA CGM Team 2026\",\"Sander De Pestel\",\"Vuelta a Espa\u00f1a 2026\"],\"articleSection\":[\"Vuelta 2026\"],\"inLanguage\":\"it-IT\",\"potentialAction\":[{\"@type\":\"CommentAction\",\"name\":\"Comment\",\"target\":[\"https:\\\/\\\/cyclingpro.net\\\/spaziociclismo\\\/vuelta-2026\\\/vuelta-a-espana-2026-sander-de-pestel-sottolinea-limpatto-del-caldo-e-folle-ogni-discesa-e-una-sauna-stiamo-solo-sperando-che-non-ci-siano-incidenti\\\/#respond\"]}]},{\"@type\":\"WebPage\",\"@id\":\"https:\\\/\\\/cyclingpro.net\\\/spaziociclismo\\\/vuelta-2026\\\/vuelta-a-espana-2026-sander-de-pestel-sottolinea-limpatto-del-caldo-e-folle-ogni-discesa-e-una-sauna-stiamo-solo-sperando-che-non-ci-siano-incidenti\\\/\",\"url\":\"https:\\\/\\\/cyclingpro.net\\\/spaziociclismo\\\/vuelta-2026\\\/vuelta-a-espana-2026-sander-de-pestel-sottolinea-limpatto-del-caldo-e-folle-ogni-discesa-e-una-sauna-stiamo-solo-sperando-che-non-ci-siano-incidenti\\\/\",\"name\":\"Vuelta a Espa\u00f1a 2026, Sander De Pestel sottolinea l'impatto del caldo: \\\"\u00c8 folle, ogni discesa \u00e8 una sauna. Stiamo solo sperando che non ci siano incidenti\\\" - SpazioCiclismo\",\"isPartOf\":{\"@id\":\"https:\\\/\\\/cyclingpro.net\\\/spaziociclismo\\\/#website\"},\"primaryImageOfPage\":{\"@id\":\"https:\\\/\\\/cyclingpro.net\\\/spaziociclismo\\\/vuelta-2026\\\/vuelta-a-espana-2026-sander-de-pestel-sottolinea-limpatto-del-caldo-e-folle-ogni-discesa-e-una-sauna-stiamo-solo-sperando-che-non-ci-siano-incidenti\\\/#primaryimage\"},\"image\":{\"@id\":\"https:\\\/\\\/cyclingpro.net\\\/spaziociclismo\\\/vuelta-2026\\\/vuelta-a-espana-2026-sander-de-pestel-sottolinea-limpatto-del-caldo-e-folle-ogni-discesa-e-una-sauna-stiamo-solo-sperando-che-non-ci-siano-incidenti\\\/#primaryimage\"},\"thumbnailUrl\":\"https:\\\/\\\/cyclingpro.net\\\/spaziociclismo\\\/wp-content\\\/uploads\\\/2027\\\/01\\\/Caldo-Tour-de-France-2026-Borraccia-Shimano.webp\",\"datePublished\":\"2026-09-06T10:32:41+00:00\",\"breadcrumb\":{\"@id\":\"https:\\\/\\\/cyclingpro.net\\\/spaziociclismo\\\/vuelta-2026\\\/vuelta-a-espana-2026-sander-de-pestel-sottolinea-limpatto-del-caldo-e-folle-ogni-discesa-e-una-sauna-stiamo-solo-sperando-che-non-ci-siano-incidenti\\\/#breadcrumb\"},\"inLanguage\":\"it-IT\",\"potentialAction\":[{\"@type\":\"ReadAction\",\"target\":[\"https:\\\/\\\/cyclingpro.net\\\/spaziociclismo\\\/vuelta-2026\\\/vuelta-a-espana-2026-sander-de-pestel-sottolinea-limpatto-del-caldo-e-folle-ogni-discesa-e-una-sauna-stiamo-solo-sperando-che-non-ci-siano-incidenti\\\/\"]}]},{\"@type\":\"ImageObject\",\"inLanguage\":\"it-IT\",\"@id\":\"https:\\\/\\\/cyclingpro.net\\\/spaziociclismo\\\/vuelta-2026\\\/vuelta-a-espana-2026-sander-de-pestel-sottolinea-limpatto-del-caldo-e-folle-ogni-discesa-e-una-sauna-stiamo-solo-sperando-che-non-ci-siano-incidenti\\\/#primaryimage\",\"url\":\"https:\\\/\\\/cyclingpro.net\\\/spaziociclismo\\\/wp-content\\\/uploads\\\/2027\\\/01\\\/Caldo-Tour-de-France-2026-Borraccia-Shimano.webp\",\"contentUrl\":\"https:\\\/\\\/cyclingpro.net\\\/spaziociclismo\\\/wp-content\\\/uploads\\\/2027\\\/01\\\/Caldo-Tour-de-France-2026-Borraccia-Shimano.webp\",\"width\":1200,\"height\":800,\"caption\":\"\u00a9 ASO \\\/ Thomas Maheux\"},{\"@type\":\"BreadcrumbList\",\"@id\":\"https:\\\/\\\/cyclingpro.net\\\/spaziociclismo\\\/vuelta-2026\\\/vuelta-a-espana-2026-sander-de-pestel-sottolinea-limpatto-del-caldo-e-folle-ogni-discesa-e-una-sauna-stiamo-solo-sperando-che-non-ci-siano-incidenti\\\/#breadcrumb\",\"itemListElement\":[{\"@type\":\"ListItem\",\"position\":1,\"name\":\"Home\",\"item\":\"https:\\\/\\\/cyclingpro.net\\\/spaziociclismo\\\/\"},{\"@type\":\"ListItem\",\"position\":2,\"name\":\"Vuelta a Espa\u00f1a 2026, Sander De Pestel sottolinea l&#8217;impatto del caldo: &#8220;\u00c8 folle, ogni discesa \u00e8 una sauna. Stiamo solo sperando che non ci siano incidenti&#8221;\"}]},{\"@type\":\"WebSite\",\"@id\":\"https:\\\/\\\/cyclingpro.net\\\/spaziociclismo\\\/#website\",\"url\":\"https:\\\/\\\/cyclingpro.net\\\/spaziociclismo\\\/\",\"name\":\"SpazioCiclismo\",\"description\":\"Tutto il ciclismo minuto per minuto\",\"publisher\":{\"@id\":\"https:\\\/\\\/cyclingpro.net\\\/spaziociclismo\\\/#organization\"},\"potentialAction\":[{\"@type\":\"SearchAction\",\"target\":{\"@type\":\"EntryPoint\",\"urlTemplate\":\"https:\\\/\\\/cyclingpro.net\\\/spaziociclismo\\\/?s={search_term_string}\"},\"query-input\":{\"@type\":\"PropertyValueSpecification\",\"valueRequired\":true,\"valueName\":\"search_term_string\"}}],\"inLanguage\":\"it-IT\"},{\"@type\":\"Organization\",\"@id\":\"https:\\\/\\\/cyclingpro.net\\\/spaziociclismo\\\/#organization\",\"name\":\"SpazioCiclismo\",\"url\":\"https:\\\/\\\/cyclingpro.net\\\/spaziociclismo\\\/\",\"logo\":{\"@type\":\"ImageObject\",\"inLanguage\":\"it-IT\",\"@id\":\"https:\\\/\\\/cyclingpro.net\\\/spaziociclismo\\\/#\\\/schema\\\/logo\\\/image\\\/\",\"url\":\"https:\\\/\\\/cyclingpro.net\\\/spaziociclismo\\\/wp-content\\\/uploads\\\/2017\\\/02\\\/SpazioCiclismo-Logo-Quadrato.png\",\"contentUrl\":\"https:\\\/\\\/cyclingpro.net\\\/spaziociclismo\\\/wp-content\\\/uploads\\\/2017\\\/02\\\/SpazioCiclismo-Logo-Quadrato.png\",\"width\":450,\"height\":450,\"caption\":\"SpazioCiclismo\"},\"image\":{\"@id\":\"https:\\\/\\\/cyclingpro.net\\\/spaziociclismo\\\/#\\\/schema\\\/logo\\\/image\\\/\"},\"sameAs\":[\"https:\\\/\\\/www.facebook.com\\\/SpazioCiclismo\\\/\",\"https:\\\/\\\/x.com\\\/spaziociclismo\",\"https:\\\/\\\/www.instagram.com\\\/spaziociclismo\\\/\"]},{\"@type\":\"Person\",\"@id\":\"https:\\\/\\\/cyclingpro.net\\\/spaziociclismo\\\/#\\\/schema\\\/person\\\/7e1a937a7dba4e684209b697ab87796a\",\"name\":\"Davide Terraneo\",\"image\":{\"@type\":\"ImageObject\",\"inLanguage\":\"it-IT\",\"@id\":\"https:\\\/\\\/secure.gravatar.com\\\/avatar\\\/ff8491b63094864b9d94b44d6465d0050c0872ad4112e51a3cee77d0500a47c5?s=96&d=mm&r=g\",\"url\":\"https:\\\/\\\/secure.gravatar.com\\\/avatar\\\/ff8491b63094864b9d94b44d6465d0050c0872ad4112e51a3cee77d0500a47c5?s=96&d=mm&r=g\",\"contentUrl\":\"https:\\\/\\\/secure.gravatar.com\\\/avatar\\\/ff8491b63094864b9d94b44d6465d0050c0872ad4112e51a3cee77d0500a47c5?s=96&d=mm&r=g\",\"caption\":\"Davide Terraneo\"},\"url\":\"https:\\\/\\\/cyclingpro.net\\\/spaziociclismo\\\/author\\\/dterraneo\\\/\"}]}<\/script>\n<!-- \/ Yoast SEO plugin. -->","yoast_head_json":{"title":"Vuelta a Espa\u00f1a 2026, Sander De Pestel sottolinea l'impatto del caldo: \"\u00c8 folle, ogni discesa \u00e8 una sauna. Stiamo solo sperando che non ci siano incidenti\" - SpazioCiclismo","robots":{"index":"index","follow":"follow","max-snippet":"max-snippet:-1","max-image-preview":"max-image-preview:large","max-video-preview":"max-video-preview:-1"},"canonical":"https:\/\/cyclingpro.net\/spaziociclismo\/vuelta-2026\/vuelta-a-espana-2026-sander-de-pestel-sottolinea-limpatto-del-caldo-e-folle-ogni-discesa-e-una-sauna-stiamo-solo-sperando-che-non-ci-siano-incidenti\/","og_locale":"it_IT","og_type":"article","og_title":"Vuelta a Espa\u00f1a 2026, Sander De Pestel sottolinea l'impatto del caldo: \"\u00c8 folle, ogni discesa \u00e8 una sauna. Stiamo solo sperando che non ci siano incidenti\" - SpazioCiclismo","og_description":"Il corridore della Decathlon CMA CGM racconta le difficolt\u00e0 in giornate cos\u00ec calde a #LaVuelta26: \"Stiamo combattendo il calore pi\u00f9 che il percorso o la competizione\"","og_url":"https:\/\/cyclingpro.net\/spaziociclismo\/vuelta-2026\/vuelta-a-espana-2026-sander-de-pestel-sottolinea-limpatto-del-caldo-e-folle-ogni-discesa-e-una-sauna-stiamo-solo-sperando-che-non-ci-siano-incidenti\/","og_site_name":"SpazioCiclismo","article_publisher":"https:\/\/www.facebook.com\/SpazioCiclismo\/","article_published_time":"2026-09-06T10:32:41+00:00","og_image":[{"width":1200,"height":800,"url":"https:\/\/cyclingpro.net\/spaziociclismo\/wp-content\/uploads\/2027\/01\/Caldo-Tour-de-France-2026-Borraccia-Shimano.webp","type":"image\/webp"}],"author":"Davide Terraneo","twitter_card":"summary_large_image","twitter_creator":"@spaziociclismo","twitter_site":"@spaziociclismo","twitter_misc":{"Scritto da":"Davide Terraneo","Tempo di lettura stimato":"2 minuti"},"schema":{"@context":"https:\/\/schema.org","@graph":[{"@type":"Article","@id":"https:\/\/cyclingpro.net\/spaziociclismo\/vuelta-2026\/vuelta-a-espana-2026-sander-de-pestel-sottolinea-limpatto-del-caldo-e-folle-ogni-discesa-e-una-sauna-stiamo-solo-sperando-che-non-ci-siano-incidenti\/#article","isPartOf":{"@id":"https:\/\/cyclingpro.net\/spaziociclismo\/vuelta-2026\/vuelta-a-espana-2026-sander-de-pestel-sottolinea-limpatto-del-caldo-e-folle-ogni-discesa-e-una-sauna-stiamo-solo-sperando-che-non-ci-siano-incidenti\/"},"author":{"name":"Davide Terraneo","@id":"https:\/\/cyclingpro.net\/spaziociclismo\/#\/schema\/person\/7e1a937a7dba4e684209b697ab87796a"},"headline":"Vuelta a Espa\u00f1a 2026, Sander De Pestel sottolinea l&#8217;impatto del caldo: &#8220;\u00c8 folle, ogni discesa \u00e8 una sauna. Stiamo solo sperando che non ci siano incidenti&#8221;","datePublished":"2026-09-06T10:32:41+00:00","mainEntityOfPage":{"@id":"https:\/\/cyclingpro.net\/spaziociclismo\/vuelta-2026\/vuelta-a-espana-2026-sander-de-pestel-sottolinea-limpatto-del-caldo-e-folle-ogni-discesa-e-una-sauna-stiamo-solo-sperando-che-non-ci-siano-incidenti\/"},"wordCount":295,"commentCount":0,"publisher":{"@id":"https:\/\/cyclingpro.net\/spaziociclismo\/#organization"},"image":{"@id":"https:\/\/cyclingpro.net\/spaziociclismo\/vuelta-2026\/vuelta-a-espana-2026-sander-de-pestel-sottolinea-limpatto-del-caldo-e-folle-ogni-discesa-e-una-sauna-stiamo-solo-sperando-che-non-ci-siano-incidenti\/#primaryimage"},"thumbnailUrl":"https:\/\/cyclingpro.net\/spaziociclismo\/wp-content\/uploads\/2027\/01\/Caldo-Tour-de-France-2026-Borraccia-Shimano.webp","keywords":["Decathlon CMA CGM Team 2026","Sander De Pestel","Vuelta a Espa\u00f1a 2026"],"articleSection":["Vuelta 2026"],"inLanguage":"it-IT","potentialAction":[{"@type":"CommentAction","name":"Comment","target":["https:\/\/cyclingpro.net\/spaziociclismo\/vuelta-2026\/vuelta-a-espana-2026-sander-de-pestel-sottolinea-limpatto-del-caldo-e-folle-ogni-discesa-e-una-sauna-stiamo-solo-sperando-che-non-ci-siano-incidenti\/#respond"]}]},{"@type":"WebPage","@id":"https:\/\/cyclingpro.net\/spaziociclismo\/vuelta-2026\/vuelta-a-espana-2026-sander-de-pestel-sottolinea-limpatto-del-caldo-e-folle-ogni-discesa-e-una-sauna-stiamo-solo-sperando-che-non-ci-siano-incidenti\/","url":"https:\/\/cyclingpro.net\/spaziociclismo\/vuelta-2026\/vuelta-a-espana-2026-sander-de-pestel-sottolinea-limpatto-del-caldo-e-folle-ogni-discesa-e-una-sauna-stiamo-solo-sperando-che-non-ci-siano-incidenti\/","name":"Vuelta a Espa\u00f1a 2026, Sander De Pestel sottolinea l'impatto del caldo: \"\u00c8 folle, ogni discesa \u00e8 una sauna. Stiamo solo sperando che non ci siano incidenti\" - SpazioCiclismo","isPartOf":{"@id":"https:\/\/cyclingpro.net\/spaziociclismo\/#website"},"primaryImageOfPage":{"@id":"https:\/\/cyclingpro.net\/spaziociclismo\/vuelta-2026\/vuelta-a-espana-2026-sander-de-pestel-sottolinea-limpatto-del-caldo-e-folle-ogni-discesa-e-una-sauna-stiamo-solo-sperando-che-non-ci-siano-incidenti\/#primaryimage"},"image":{"@id":"https:\/\/cyclingpro.net\/spaziociclismo\/vuelta-2026\/vuelta-a-espana-2026-sander-de-pestel-sottolinea-limpatto-del-caldo-e-folle-ogni-discesa-e-una-sauna-stiamo-solo-sperando-che-non-ci-siano-incidenti\/#primaryimage"},"thumbnailUrl":"https:\/\/cyclingpro.net\/spaziociclismo\/wp-content\/uploads\/2027\/01\/Caldo-Tour-de-France-2026-Borraccia-Shimano.webp","datePublished":"2026-09-06T10:32:41+00:00","breadcrumb":{"@id":"https:\/\/cyclingpro.net\/spaziociclismo\/vuelta-2026\/vuelta-a-espana-2026-sander-de-pestel-sottolinea-limpatto-del-caldo-e-folle-ogni-discesa-e-una-sauna-stiamo-solo-sperando-che-non-ci-siano-incidenti\/#breadcrumb"},"inLanguage":"it-IT","potentialAction":[{"@type":"ReadAction","target":["https:\/\/cyclingpro.net\/spaziociclismo\/vuelta-2026\/vuelta-a-espana-2026-sander-de-pestel-sottolinea-limpatto-del-caldo-e-folle-ogni-discesa-e-una-sauna-stiamo-solo-sperando-che-non-ci-siano-incidenti\/"]}]},{"@type":"ImageObject","inLanguage":"it-IT","@id":"https:\/\/cyclingpro.net\/spaziociclismo\/vuelta-2026\/vuelta-a-espana-2026-sander-de-pestel-sottolinea-limpatto-del-caldo-e-folle-ogni-discesa-e-una-sauna-stiamo-solo-sperando-che-non-ci-siano-incidenti\/#primaryimage","url":"https:\/\/cyclingpro.net\/spaziociclismo\/wp-content\/uploads\/2027\/01\/Caldo-Tour-de-France-2026-Borraccia-Shimano.webp","contentUrl":"https:\/\/cyclingpro.net\/spaziociclismo\/wp-content\/uploads\/2027\/01\/Caldo-Tour-de-France-2026-Borraccia-Shimano.webp","width":1200,"height":800,"caption":"\u00a9 ASO \/ Thomas Maheux"},{"@type":"BreadcrumbList","@id":"https:\/\/cyclingpro.net\/spaziociclismo\/vuelta-2026\/vuelta-a-espana-2026-sander-de-pestel-sottolinea-limpatto-del-caldo-e-folle-ogni-discesa-e-una-sauna-stiamo-solo-sperando-che-non-ci-siano-incidenti\/#breadcrumb","itemListElement":[{"@type":"ListItem","position":1,"name":"Home","item":"https:\/\/cyclingpro.net\/spaziociclismo\/"},{"@type":"ListItem","position":2,"name":"Vuelta a Espa\u00f1a 2026, Sander De Pestel sottolinea l&#8217;impatto del caldo: &#8220;\u00c8 folle, ogni discesa \u00e8 una sauna. Stiamo solo sperando che non ci siano incidenti&#8221;"}]},{"@type":"WebSite","@id":"https:\/\/cyclingpro.net\/spaziociclismo\/#website","url":"https:\/\/cyclingpro.net\/spaziociclismo\/","name":"SpazioCiclismo","description":"Tutto il ciclismo minuto per minuto","publisher":{"@id":"https:\/\/cyclingpro.net\/spaziociclismo\/#organization"},"potentialAction":[{"@type":"SearchAction","target":{"@type":"EntryPoint","urlTemplate":"https:\/\/cyclingpro.net\/spaziociclismo\/?s={search_term_string}"},"query-input":{"@type":"PropertyValueSpecification","valueRequired":true,"valueName":"search_term_string"}}],"inLanguage":"it-IT"},{"@type":"Organization","@id":"https:\/\/cyclingpro.net\/spaziociclismo\/#organization","name":"SpazioCiclismo","url":"https:\/\/cyclingpro.net\/spaziociclismo\/","logo":{"@type":"ImageObject","inLanguage":"it-IT","@id":"https:\/\/cyclingpro.net\/spaziociclismo\/#\/schema\/logo\/image\/","url":"https:\/\/cyclingpro.net\/spaziociclismo\/wp-content\/uploads\/2017\/02\/SpazioCiclismo-Logo-Quadrato.png","contentUrl":"https:\/\/cyclingpro.net\/spaziociclismo\/wp-content\/uploads\/2017\/02\/SpazioCiclismo-Logo-Quadrato.png","width":450,"height":450,"caption":"SpazioCiclismo"},"image":{"@id":"https:\/\/cyclingpro.net\/spaziociclismo\/#\/schema\/logo\/image\/"},"sameAs":["https:\/\/www.facebook.com\/SpazioCiclismo\/","https:\/\/x.com\/spaziociclismo","https:\/\/www.instagram.com\/spaziociclismo\/"]},{"@type":"Person","@id":"https:\/\/cyclingpro.net\/spaziociclismo\/#\/schema\/person\/7e1a937a7dba4e684209b697ab87796a","name":"Davide Terraneo","image":{"@type":"ImageObject","inLanguage":"it-IT","@id":"https:\/\/secure.gravatar.com\/avatar\/ff8491b63094864b9d94b44d6465d0050c0872ad4112e51a3cee77d0500a47c5?s=96&d=mm&r=g","url":"https:\/\/secure.gravatar.com\/avatar\/ff8491b63094864b9d94b44d6465d0050c0872ad4112e51a3cee77d0500a47c5?s=96&d=mm&r=g","contentUrl":"https:\/\/secure.gravatar.com\/avatar\/ff8491b63094864b9d94b44d6465d0050c0872ad4112e51a3cee77d0500a47c5?s=96&d=mm&r=g","caption":"Davide Terraneo"},"url":"https:\/\/cyclingpro.net\/spaziociclismo\/author\/dterraneo\/"}]}},"_links":{"self":[{"href":"https:\/\/cyclingpro.net\/spaziociclismo\/wp-json\/wp\/v2\/posts\/393996","targetHints":{"allow":["GET"]}}],"collection":[{"href":"https:\/\/cyclingpro.net\/spaziociclismo\/wp-json\/wp\/v2\/posts"}],"about":[{"href":"https:\/\/cyclingpro.net\/spaziociclismo\/wp-json\/wp\/v2\/types\/post"}],"author":[{"embeddable":true,"href":"https:\/\/cyclingpro.net\/spaziociclismo\/wp-json\/wp\/v2\/users\/15"}],"replies":[{"embeddable":true,"href":"https:\/\/cyclingpro.net\/spaziociclismo\/wp-json\/wp\/v2\/comments?post=393996"}],"version-history":[{"count":5,"href":"https:\/\/cyclingpro.net\/spaziociclismo\/wp-json\/wp\/v2\/posts\/393996\/revisions"}],"predecessor-version":[{"id":394001,"href":"https:\/\/cyclingpro.net\/spaziociclismo\/wp-json\/wp\/v2\/posts\/393996\/revisions\/394001"}],"wp:attachment":[{"href":"https:\/\/cyclingpro.net\/spaziociclismo\/wp-json\/wp\/v2\/media?parent=393996"}],"wp:term":[{"taxonomy":"category","embeddable":true,"href":"https:\/\/cyclingpro.net\/spaziociclismo\/wp-json\/wp\/v2\/categories?post=393996"},{"taxonomy":"post_tag","embeddable":true,"href":"https:\/\/cyclingpro.net\/spaziociclismo\/wp-json\/wp\/v2\/tags?post=393996"}],"curies":[{"name":"wp","href":"https:\/\/api.w.org\/{rel}","templated":true}]}}