{"id":393966,"date":"2026-09-06T10:15:41","date_gmt":"2026-09-06T08:15:41","guid":{"rendered":"https:\/\/cyclingpro.net\/spaziociclismo\/?p=393966"},"modified":"2026-09-06T10:15:41","modified_gmt":"2026-09-06T08:15:41","slug":"lotto-intermarche-ufficiale-il-ritorno-di-stan-dewulf","status":"publish","type":"post","link":"https:\/\/cyclingpro.net\/spaziociclismo\/ciclomercato\/lotto-intermarche-ufficiale-il-ritorno-di-stan-dewulf\/","title":{"rendered":"Lotto Intermarch\u00e9, ufficiale il ritorno di Stan Dewulf"},"content":{"rendered":"<p>La <strong>Lotto Intermarch\u00e9<\/strong> ha ufficializzato il ritorno di <strong>Stan Dewulf<\/strong>. La notizia era <a href=\"https:\/\/cyclingpro.net\/spaziociclismo\/ciclomercato\/ciclomercato-2027-denz-dewulf-herregodts-otruba-romo-sorarrain-wenzel\/\">nell&#8217;aria negli ultimi giorni<\/a>, ma nel corso della mattinata \u00e8 arrivata la conferma. Il 28enne belga, attualmente in forza alla <strong>Decathlon CMA CGM Team<\/strong>, torner\u00e0 nella squadra che lo ha lanciato professionista e nella quale ha corso tra il 2019 e il 2020. Un corridore solido, che non ha paura di prendere vento in faccia sia in supporto dei compagni di squadra che per andare all&#8217;attacco da lontano. Proprio un&#8217;azione a lunga gittata gli ha permesso quest&#8217;anno di cogliere un bel quarto posto alla E3 Saxo Classic.<\/p>\n<p>&#8220;<strong>Volevo tornare in una squadra in cui le classiche di primavera rappresentano il punto cruciale della stagione<\/strong> &#8211; ha dichiarato Dewulf &#8211; Le corse fiamminghe sono quelle per cui ho scelto di diventare ciclista. Sono rimasto in contatto in questi anni con Kurt Van de Wouver e quando mi ha contattato, ho subito capito che questa squadra era ci\u00f2 che stavo cercando. La mentalit\u00e0 \u00e8 quella che mi piace: <strong>correre all&#8217;attacco<\/strong> senza un vero e proprio leader. Ed \u00e8 quello che prover\u00f2 a fare, anche se mi piacerebbe tornare anche a correre il Tour&#8221;.<\/p>\n<p>&nbsp;<\/p>\n","protected":false},"excerpt":{"rendered":"<p>#Ciclomercato Stan Dewulf torna alla Lotto Intermarch\u00e9<\/p>\n","protected":false},"author":4,"featured_media":387611,"comment_status":"open","ping_status":"closed","sticky":false,"template":"","format":"standard","meta":{"footnotes":"","_members_access_role":[],"_members_access_error":""},"categories":[5],"tags":[6769,6742,2273],"class_list":["post-393966","post","type-post","status-publish","format-standard","has-post-thumbnail","hentry","category-ciclomercato","tag-ciclomercato-2027","tag-lotto-intermarche-2026","tag-stan-dewulf"],"yoast_head":"<!-- This site is optimized with the Yoast SEO plugin v28.4 - https:\/\/yoast.com\/product\/yoast-seo-wordpress\/ -->\n<title>Lotto Intermarch\u00e9, ufficiale il ritorno di Stan Dewulf - SpazioCiclismo<\/title>\n<meta name=\"robots\" content=\"index, follow, max-snippet:-1, max-image-preview:large, max-video-preview:-1\" \/>\n<link rel=\"canonical\" href=\"https:\/\/cyclingpro.net\/spaziociclismo\/ciclomercato\/lotto-intermarche-ufficiale-il-ritorno-di-stan-dewulf\/\" \/>\n<meta property=\"og:locale\" content=\"it_IT\" \/>\n<meta property=\"og:type\" content=\"article\" \/>\n<meta property=\"og:title\" content=\"Lotto Intermarch\u00e9, ufficiale il ritorno di Stan Dewulf - SpazioCiclismo\" \/>\n<meta property=\"og:description\" content=\"#Ciclomercato Stan Dewulf torna alla Lotto Intermarch\u00e9\" \/>\n<meta property=\"og:url\" content=\"https:\/\/cyclingpro.net\/spaziociclismo\/ciclomercato\/lotto-intermarche-ufficiale-il-ritorno-di-stan-dewulf\/\" \/>\n<meta property=\"og:site_name\" content=\"SpazioCiclismo\" \/>\n<meta property=\"article:publisher\" content=\"https:\/\/www.facebook.com\/SpazioCiclismo\/\" \/>\n<meta property=\"article:published_time\" content=\"2026-09-06T08:15:41+00:00\" \/>\n<meta property=\"og:image\" content=\"https:\/\/cyclingpro.net\/spaziociclismo\/wp-content\/uploads\/2026\/07\/1261048217.jpg\" \/>\n\t<meta property=\"og:image:width\" content=\"1200\" \/>\n\t<meta property=\"og:image:height\" content=\"800\" \/>\n\t<meta property=\"og:image:type\" content=\"image\/jpeg\" \/>\n<meta name=\"author\" content=\"Luca Pellegrini\" \/>\n<meta name=\"twitter:card\" content=\"summary_large_image\" \/>\n<meta name=\"twitter:creator\" content=\"@spaziociclismo\" \/>\n<meta name=\"twitter:site\" content=\"@spaziociclismo\" \/>\n<meta name=\"twitter:label1\" content=\"Scritto da\" \/>\n\t<meta name=\"twitter:data1\" content=\"Luca Pellegrini\" \/>\n\t<meta name=\"twitter:label2\" content=\"Tempo di lettura stimato\" \/>\n\t<meta name=\"twitter:data2\" content=\"2 minuti\" \/>\n<script type=\"application\/ld+json\" class=\"yoast-schema-graph\">{\"@context\":\"https:\\\/\\\/schema.org\",\"@graph\":[{\"@type\":\"Article\",\"@id\":\"https:\\\/\\\/cyclingpro.net\\\/spaziociclismo\\\/ciclomercato\\\/lotto-intermarche-ufficiale-il-ritorno-di-stan-dewulf\\\/#article\",\"isPartOf\":{\"@id\":\"https:\\\/\\\/cyclingpro.net\\\/spaziociclismo\\\/ciclomercato\\\/lotto-intermarche-ufficiale-il-ritorno-di-stan-dewulf\\\/\"},\"author\":{\"name\":\"Luca Pellegrini\",\"@id\":\"https:\\\/\\\/cyclingpro.net\\\/spaziociclismo\\\/#\\\/schema\\\/person\\\/dba3a57e86bb6baefba5acbf905f8801\"},\"headline\":\"Lotto Intermarch\u00e9, ufficiale il ritorno di Stan Dewulf\",\"datePublished\":\"2026-09-06T08:15:41+00:00\",\"mainEntityOfPage\":{\"@id\":\"https:\\\/\\\/cyclingpro.net\\\/spaziociclismo\\\/ciclomercato\\\/lotto-intermarche-ufficiale-il-ritorno-di-stan-dewulf\\\/\"},\"wordCount\":203,\"commentCount\":0,\"publisher\":{\"@id\":\"https:\\\/\\\/cyclingpro.net\\\/spaziociclismo\\\/#organization\"},\"image\":{\"@id\":\"https:\\\/\\\/cyclingpro.net\\\/spaziociclismo\\\/ciclomercato\\\/lotto-intermarche-ufficiale-il-ritorno-di-stan-dewulf\\\/#primaryimage\"},\"thumbnailUrl\":\"https:\\\/\\\/cyclingpro.net\\\/spaziociclismo\\\/wp-content\\\/uploads\\\/2026\\\/07\\\/1261048217.jpg\",\"keywords\":[\"CicloMercato 2027\",\"Lotto - Intermarch\u00e9 2026\",\"Stan Dewulf\"],\"articleSection\":[\"CicloMercato\"],\"inLanguage\":\"it-IT\",\"potentialAction\":[{\"@type\":\"CommentAction\",\"name\":\"Comment\",\"target\":[\"https:\\\/\\\/cyclingpro.net\\\/spaziociclismo\\\/ciclomercato\\\/lotto-intermarche-ufficiale-il-ritorno-di-stan-dewulf\\\/#respond\"]}]},{\"@type\":\"WebPage\",\"@id\":\"https:\\\/\\\/cyclingpro.net\\\/spaziociclismo\\\/ciclomercato\\\/lotto-intermarche-ufficiale-il-ritorno-di-stan-dewulf\\\/\",\"url\":\"https:\\\/\\\/cyclingpro.net\\\/spaziociclismo\\\/ciclomercato\\\/lotto-intermarche-ufficiale-il-ritorno-di-stan-dewulf\\\/\",\"name\":\"Lotto Intermarch\u00e9, ufficiale il ritorno di Stan Dewulf - SpazioCiclismo\",\"isPartOf\":{\"@id\":\"https:\\\/\\\/cyclingpro.net\\\/spaziociclismo\\\/#website\"},\"primaryImageOfPage\":{\"@id\":\"https:\\\/\\\/cyclingpro.net\\\/spaziociclismo\\\/ciclomercato\\\/lotto-intermarche-ufficiale-il-ritorno-di-stan-dewulf\\\/#primaryimage\"},\"image\":{\"@id\":\"https:\\\/\\\/cyclingpro.net\\\/spaziociclismo\\\/ciclomercato\\\/lotto-intermarche-ufficiale-il-ritorno-di-stan-dewulf\\\/#primaryimage\"},\"thumbnailUrl\":\"https:\\\/\\\/cyclingpro.net\\\/spaziociclismo\\\/wp-content\\\/uploads\\\/2026\\\/07\\\/1261048217.jpg\",\"datePublished\":\"2026-09-06T08:15:41+00:00\",\"breadcrumb\":{\"@id\":\"https:\\\/\\\/cyclingpro.net\\\/spaziociclismo\\\/ciclomercato\\\/lotto-intermarche-ufficiale-il-ritorno-di-stan-dewulf\\\/#breadcrumb\"},\"inLanguage\":\"it-IT\",\"potentialAction\":[{\"@type\":\"ReadAction\",\"target\":[\"https:\\\/\\\/cyclingpro.net\\\/spaziociclismo\\\/ciclomercato\\\/lotto-intermarche-ufficiale-il-ritorno-di-stan-dewulf\\\/\"]}]},{\"@type\":\"ImageObject\",\"inLanguage\":\"it-IT\",\"@id\":\"https:\\\/\\\/cyclingpro.net\\\/spaziociclismo\\\/ciclomercato\\\/lotto-intermarche-ufficiale-il-ritorno-di-stan-dewulf\\\/#primaryimage\",\"url\":\"https:\\\/\\\/cyclingpro.net\\\/spaziociclismo\\\/wp-content\\\/uploads\\\/2026\\\/07\\\/1261048217.jpg\",\"contentUrl\":\"https:\\\/\\\/cyclingpro.net\\\/spaziociclismo\\\/wp-content\\\/uploads\\\/2026\\\/07\\\/1261048217.jpg\",\"width\":1200,\"height\":800,\"caption\":\"\u00a9 Sirotti\"},{\"@type\":\"BreadcrumbList\",\"@id\":\"https:\\\/\\\/cyclingpro.net\\\/spaziociclismo\\\/ciclomercato\\\/lotto-intermarche-ufficiale-il-ritorno-di-stan-dewulf\\\/#breadcrumb\",\"itemListElement\":[{\"@type\":\"ListItem\",\"position\":1,\"name\":\"Home\",\"item\":\"https:\\\/\\\/cyclingpro.net\\\/spaziociclismo\\\/\"},{\"@type\":\"ListItem\",\"position\":2,\"name\":\"Lotto Intermarch\u00e9, ufficiale il ritorno di Stan Dewulf\"}]},{\"@type\":\"WebSite\",\"@id\":\"https:\\\/\\\/cyclingpro.net\\\/spaziociclismo\\\/#website\",\"url\":\"https:\\\/\\\/cyclingpro.net\\\/spaziociclismo\\\/\",\"name\":\"SpazioCiclismo\",\"description\":\"Tutto il ciclismo minuto per minuto\",\"publisher\":{\"@id\":\"https:\\\/\\\/cyclingpro.net\\\/spaziociclismo\\\/#organization\"},\"potentialAction\":[{\"@type\":\"SearchAction\",\"target\":{\"@type\":\"EntryPoint\",\"urlTemplate\":\"https:\\\/\\\/cyclingpro.net\\\/spaziociclismo\\\/?s={search_term_string}\"},\"query-input\":{\"@type\":\"PropertyValueSpecification\",\"valueRequired\":true,\"valueName\":\"search_term_string\"}}],\"inLanguage\":\"it-IT\"},{\"@type\":\"Organization\",\"@id\":\"https:\\\/\\\/cyclingpro.net\\\/spaziociclismo\\\/#organization\",\"name\":\"SpazioCiclismo\",\"url\":\"https:\\\/\\\/cyclingpro.net\\\/spaziociclismo\\\/\",\"logo\":{\"@type\":\"ImageObject\",\"inLanguage\":\"it-IT\",\"@id\":\"https:\\\/\\\/cyclingpro.net\\\/spaziociclismo\\\/#\\\/schema\\\/logo\\\/image\\\/\",\"url\":\"https:\\\/\\\/cyclingpro.net\\\/spaziociclismo\\\/wp-content\\\/uploads\\\/2017\\\/02\\\/SpazioCiclismo-Logo-Quadrato.png\",\"contentUrl\":\"https:\\\/\\\/cyclingpro.net\\\/spaziociclismo\\\/wp-content\\\/uploads\\\/2017\\\/02\\\/SpazioCiclismo-Logo-Quadrato.png\",\"width\":450,\"height\":450,\"caption\":\"SpazioCiclismo\"},\"image\":{\"@id\":\"https:\\\/\\\/cyclingpro.net\\\/spaziociclismo\\\/#\\\/schema\\\/logo\\\/image\\\/\"},\"sameAs\":[\"https:\\\/\\\/www.facebook.com\\\/SpazioCiclismo\\\/\",\"https:\\\/\\\/x.com\\\/spaziociclismo\",\"https:\\\/\\\/www.instagram.com\\\/spaziociclismo\\\/\"]},{\"@type\":\"Person\",\"@id\":\"https:\\\/\\\/cyclingpro.net\\\/spaziociclismo\\\/#\\\/schema\\\/person\\\/dba3a57e86bb6baefba5acbf905f8801\",\"name\":\"Luca Pellegrini\",\"image\":{\"@type\":\"ImageObject\",\"inLanguage\":\"it-IT\",\"@id\":\"https:\\\/\\\/secure.gravatar.com\\\/avatar\\\/e233a6b2a31aba774a86fc0121b1a3bd7f6e7d1a4d2162cde93df050675351b8?s=96&d=mm&r=g\",\"url\":\"https:\\\/\\\/secure.gravatar.com\\\/avatar\\\/e233a6b2a31aba774a86fc0121b1a3bd7f6e7d1a4d2162cde93df050675351b8?s=96&d=mm&r=g\",\"contentUrl\":\"https:\\\/\\\/secure.gravatar.com\\\/avatar\\\/e233a6b2a31aba774a86fc0121b1a3bd7f6e7d1a4d2162cde93df050675351b8?s=96&d=mm&r=g\",\"caption\":\"Luca Pellegrini\"},\"url\":\"https:\\\/\\\/cyclingpro.net\\\/spaziociclismo\\\/author\\\/lpellegrini\\\/\"}]}<\/script>\n<!-- \/ Yoast SEO plugin. -->","yoast_head_json":{"title":"Lotto Intermarch\u00e9, ufficiale il ritorno di Stan Dewulf - SpazioCiclismo","robots":{"index":"index","follow":"follow","max-snippet":"max-snippet:-1","max-image-preview":"max-image-preview:large","max-video-preview":"max-video-preview:-1"},"canonical":"https:\/\/cyclingpro.net\/spaziociclismo\/ciclomercato\/lotto-intermarche-ufficiale-il-ritorno-di-stan-dewulf\/","og_locale":"it_IT","og_type":"article","og_title":"Lotto Intermarch\u00e9, ufficiale il ritorno di Stan Dewulf - SpazioCiclismo","og_description":"#Ciclomercato Stan Dewulf torna alla Lotto Intermarch\u00e9","og_url":"https:\/\/cyclingpro.net\/spaziociclismo\/ciclomercato\/lotto-intermarche-ufficiale-il-ritorno-di-stan-dewulf\/","og_site_name":"SpazioCiclismo","article_publisher":"https:\/\/www.facebook.com\/SpazioCiclismo\/","article_published_time":"2026-09-06T08:15:41+00:00","og_image":[{"width":1200,"height":800,"url":"https:\/\/cyclingpro.net\/spaziociclismo\/wp-content\/uploads\/2026\/07\/1261048217.jpg","type":"image\/jpeg"}],"author":"Luca Pellegrini","twitter_card":"summary_large_image","twitter_creator":"@spaziociclismo","twitter_site":"@spaziociclismo","twitter_misc":{"Scritto da":"Luca Pellegrini","Tempo di lettura stimato":"2 minuti"},"schema":{"@context":"https:\/\/schema.org","@graph":[{"@type":"Article","@id":"https:\/\/cyclingpro.net\/spaziociclismo\/ciclomercato\/lotto-intermarche-ufficiale-il-ritorno-di-stan-dewulf\/#article","isPartOf":{"@id":"https:\/\/cyclingpro.net\/spaziociclismo\/ciclomercato\/lotto-intermarche-ufficiale-il-ritorno-di-stan-dewulf\/"},"author":{"name":"Luca Pellegrini","@id":"https:\/\/cyclingpro.net\/spaziociclismo\/#\/schema\/person\/dba3a57e86bb6baefba5acbf905f8801"},"headline":"Lotto Intermarch\u00e9, ufficiale il ritorno di Stan Dewulf","datePublished":"2026-09-06T08:15:41+00:00","mainEntityOfPage":{"@id":"https:\/\/cyclingpro.net\/spaziociclismo\/ciclomercato\/lotto-intermarche-ufficiale-il-ritorno-di-stan-dewulf\/"},"wordCount":203,"commentCount":0,"publisher":{"@id":"https:\/\/cyclingpro.net\/spaziociclismo\/#organization"},"image":{"@id":"https:\/\/cyclingpro.net\/spaziociclismo\/ciclomercato\/lotto-intermarche-ufficiale-il-ritorno-di-stan-dewulf\/#primaryimage"},"thumbnailUrl":"https:\/\/cyclingpro.net\/spaziociclismo\/wp-content\/uploads\/2026\/07\/1261048217.jpg","keywords":["CicloMercato 2027","Lotto - Intermarch\u00e9 2026","Stan Dewulf"],"articleSection":["CicloMercato"],"inLanguage":"it-IT","potentialAction":[{"@type":"CommentAction","name":"Comment","target":["https:\/\/cyclingpro.net\/spaziociclismo\/ciclomercato\/lotto-intermarche-ufficiale-il-ritorno-di-stan-dewulf\/#respond"]}]},{"@type":"WebPage","@id":"https:\/\/cyclingpro.net\/spaziociclismo\/ciclomercato\/lotto-intermarche-ufficiale-il-ritorno-di-stan-dewulf\/","url":"https:\/\/cyclingpro.net\/spaziociclismo\/ciclomercato\/lotto-intermarche-ufficiale-il-ritorno-di-stan-dewulf\/","name":"Lotto Intermarch\u00e9, ufficiale il ritorno di Stan Dewulf - SpazioCiclismo","isPartOf":{"@id":"https:\/\/cyclingpro.net\/spaziociclismo\/#website"},"primaryImageOfPage":{"@id":"https:\/\/cyclingpro.net\/spaziociclismo\/ciclomercato\/lotto-intermarche-ufficiale-il-ritorno-di-stan-dewulf\/#primaryimage"},"image":{"@id":"https:\/\/cyclingpro.net\/spaziociclismo\/ciclomercato\/lotto-intermarche-ufficiale-il-ritorno-di-stan-dewulf\/#primaryimage"},"thumbnailUrl":"https:\/\/cyclingpro.net\/spaziociclismo\/wp-content\/uploads\/2026\/07\/1261048217.jpg","datePublished":"2026-09-06T08:15:41+00:00","breadcrumb":{"@id":"https:\/\/cyclingpro.net\/spaziociclismo\/ciclomercato\/lotto-intermarche-ufficiale-il-ritorno-di-stan-dewulf\/#breadcrumb"},"inLanguage":"it-IT","potentialAction":[{"@type":"ReadAction","target":["https:\/\/cyclingpro.net\/spaziociclismo\/ciclomercato\/lotto-intermarche-ufficiale-il-ritorno-di-stan-dewulf\/"]}]},{"@type":"ImageObject","inLanguage":"it-IT","@id":"https:\/\/cyclingpro.net\/spaziociclismo\/ciclomercato\/lotto-intermarche-ufficiale-il-ritorno-di-stan-dewulf\/#primaryimage","url":"https:\/\/cyclingpro.net\/spaziociclismo\/wp-content\/uploads\/2026\/07\/1261048217.jpg","contentUrl":"https:\/\/cyclingpro.net\/spaziociclismo\/wp-content\/uploads\/2026\/07\/1261048217.jpg","width":1200,"height":800,"caption":"\u00a9 Sirotti"},{"@type":"BreadcrumbList","@id":"https:\/\/cyclingpro.net\/spaziociclismo\/ciclomercato\/lotto-intermarche-ufficiale-il-ritorno-di-stan-dewulf\/#breadcrumb","itemListElement":[{"@type":"ListItem","position":1,"name":"Home","item":"https:\/\/cyclingpro.net\/spaziociclismo\/"},{"@type":"ListItem","position":2,"name":"Lotto Intermarch\u00e9, ufficiale il ritorno di Stan Dewulf"}]},{"@type":"WebSite","@id":"https:\/\/cyclingpro.net\/spaziociclismo\/#website","url":"https:\/\/cyclingpro.net\/spaziociclismo\/","name":"SpazioCiclismo","description":"Tutto il ciclismo minuto per minuto","publisher":{"@id":"https:\/\/cyclingpro.net\/spaziociclismo\/#organization"},"potentialAction":[{"@type":"SearchAction","target":{"@type":"EntryPoint","urlTemplate":"https:\/\/cyclingpro.net\/spaziociclismo\/?s={search_term_string}"},"query-input":{"@type":"PropertyValueSpecification","valueRequired":true,"valueName":"search_term_string"}}],"inLanguage":"it-IT"},{"@type":"Organization","@id":"https:\/\/cyclingpro.net\/spaziociclismo\/#organization","name":"SpazioCiclismo","url":"https:\/\/cyclingpro.net\/spaziociclismo\/","logo":{"@type":"ImageObject","inLanguage":"it-IT","@id":"https:\/\/cyclingpro.net\/spaziociclismo\/#\/schema\/logo\/image\/","url":"https:\/\/cyclingpro.net\/spaziociclismo\/wp-content\/uploads\/2017\/02\/SpazioCiclismo-Logo-Quadrato.png","contentUrl":"https:\/\/cyclingpro.net\/spaziociclismo\/wp-content\/uploads\/2017\/02\/SpazioCiclismo-Logo-Quadrato.png","width":450,"height":450,"caption":"SpazioCiclismo"},"image":{"@id":"https:\/\/cyclingpro.net\/spaziociclismo\/#\/schema\/logo\/image\/"},"sameAs":["https:\/\/www.facebook.com\/SpazioCiclismo\/","https:\/\/x.com\/spaziociclismo","https:\/\/www.instagram.com\/spaziociclismo\/"]},{"@type":"Person","@id":"https:\/\/cyclingpro.net\/spaziociclismo\/#\/schema\/person\/dba3a57e86bb6baefba5acbf905f8801","name":"Luca Pellegrini","image":{"@type":"ImageObject","inLanguage":"it-IT","@id":"https:\/\/secure.gravatar.com\/avatar\/e233a6b2a31aba774a86fc0121b1a3bd7f6e7d1a4d2162cde93df050675351b8?s=96&d=mm&r=g","url":"https:\/\/secure.gravatar.com\/avatar\/e233a6b2a31aba774a86fc0121b1a3bd7f6e7d1a4d2162cde93df050675351b8?s=96&d=mm&r=g","contentUrl":"https:\/\/secure.gravatar.com\/avatar\/e233a6b2a31aba774a86fc0121b1a3bd7f6e7d1a4d2162cde93df050675351b8?s=96&d=mm&r=g","caption":"Luca Pellegrini"},"url":"https:\/\/cyclingpro.net\/spaziociclismo\/author\/lpellegrini\/"}]}},"_links":{"self":[{"href":"https:\/\/cyclingpro.net\/spaziociclismo\/wp-json\/wp\/v2\/posts\/393966","targetHints":{"allow":["GET"]}}],"collection":[{"href":"https:\/\/cyclingpro.net\/spaziociclismo\/wp-json\/wp\/v2\/posts"}],"about":[{"href":"https:\/\/cyclingpro.net\/spaziociclismo\/wp-json\/wp\/v2\/types\/post"}],"author":[{"embeddable":true,"href":"https:\/\/cyclingpro.net\/spaziociclismo\/wp-json\/wp\/v2\/users\/4"}],"replies":[{"embeddable":true,"href":"https:\/\/cyclingpro.net\/spaziociclismo\/wp-json\/wp\/v2\/comments?post=393966"}],"version-history":[{"count":1,"href":"https:\/\/cyclingpro.net\/spaziociclismo\/wp-json\/wp\/v2\/posts\/393966\/revisions"}],"predecessor-version":[{"id":393967,"href":"https:\/\/cyclingpro.net\/spaziociclismo\/wp-json\/wp\/v2\/posts\/393966\/revisions\/393967"}],"wp:featuredmedia":[{"embeddable":true,"href":"https:\/\/cyclingpro.net\/spaziociclismo\/wp-json\/wp\/v2\/media\/387611"}],"wp:attachment":[{"href":"https:\/\/cyclingpro.net\/spaziociclismo\/wp-json\/wp\/v2\/media?parent=393966"}],"wp:term":[{"taxonomy":"category","embeddable":true,"href":"https:\/\/cyclingpro.net\/spaziociclismo\/wp-json\/wp\/v2\/categories?post=393966"},{"taxonomy":"post_tag","embeddable":true,"href":"https:\/\/cyclingpro.net\/spaziociclismo\/wp-json\/wp\/v2\/tags?post=393966"}],"curies":[{"name":"wp","href":"https:\/\/api.w.org\/{rel}","templated":true}]}}