{"id":393947,"date":"2026-09-06T09:13:42","date_gmt":"2026-09-06T07:13:42","guid":{"rendered":"https:\/\/cyclingpro.net\/spaziociclismo\/?p=393947"},"modified":"2026-09-06T09:13:42","modified_gmt":"2026-09-06T07:13:42","slug":"spazio-agenda-il-programma-di-domenica-6-settembre-ancora-vuelta-a-espana-ma-a-larciano-riparte-anche-il-calendario-italiano","status":"publish","type":"post","link":"https:\/\/cyclingpro.net\/spaziociclismo\/calendario\/spazio-agenda-il-programma-di-domenica-6-settembre-ancora-vuelta-a-espana-ma-a-larciano-riparte-anche-il-calendario-italiano\/","title":{"rendered":"Spazio Agenda, il programma di domenica 6 settembre: ancora Vuelta a Espa\u00f1a, ma a Larciano riparte anche il calendario italiano"},"content":{"rendered":"<p>Domenica 6 settembre non lascia respiro agli appassionati di ciclismo. Una lunga serie di appuntamenti accompagneranno la giornata di fine estate, con corse in giro per il mondo. Il focus \u00e8 naturalmente sulla <strong>Vuelta a Espa\u00f1a 2026<\/strong> che vedr\u00e0 l&#8217;ultimo impegno prima del giorno di riposo. E si torna a correre anche in Italia con il <strong>GP Larciano 2026<\/strong> che apre una serie di appuntamenti sul nostro territorio che ci accompagneranno fino alla conclusione della stagione. Tappe finali anche per <strong>Tour of Britain<\/strong>, <strong>ZLM Tour<\/strong> e <strong>Tour of Istanbul<\/strong>, mentre il calendario femminile si anima con il <strong>Pointe du Raz Ladies Classic<\/strong>.<\/p>\n<p><a href=\"https:\/\/cyclingpro.net\/spaziociclismo\/calendario\/calendario-e-orario-corse-della-settimana-31-agosto-6-settembre-2\/\" target=\"_blank\" rel=\"noopener\">Qui gli orari delle corse\u00a0<\/a><br \/>\n<a href=\"https:\/\/cyclingpro.net\/spaziociclismo\/calendario\/ciclismo-in-tv-e-streaming-gli-orari-della-settimana-31-agosto-6-settembre\/\" target=\"_blank\" rel=\"noopener\">Qui la programmazione TV \/ Streaming<\/a><\/p>\n<h3>Vuelta a Espa\u00f1a 2026<\/h3>\n<p><a href=\"https:\/\/cyclingpro.net\/spaziociclismo\/startlist\/startlist-vuelta-a-espana-2026-elenco-partecipanti\/\">Qui la Startlist<\/a>\u00a0\\ <a href=\"https:\/\/cyclingpro.net\/spaziociclismo\/vuelta-2026\/percorso-vuelta-a-espana-2026-tutte-le-tappe-altimetrie-e-planimetrie\/\" target=\"_blank\" rel=\"noopener\">Qui Altimetria e Planimetria <\/a>\\ <a href=\"https:\/\/cyclingpro.net\/spaziociclismo\/sintesi-gare\/vuelta-a-espana-2026-ancora-fuga-e-questa-volta-tocca-a-marco-brenner-enric-mas-guadagna-ancora-su-primoz-roglic\/\" target=\"_blank\" rel=\"noopener\">Qui l&#8217;esito della Tappa 14<\/a><br \/>\n<strong>Tappa 15: Palma del Rio &#8211; C\u00f3rdoba (110,2 km &#8211; mossa)<br \/>\n<\/strong>Il gran caldo che si abbatte sulla Vuelta ha costretto gli organizzatori ad accorciare la frazione domenicale. \u00c8 l&#8217;ultima prima del giorno di riposo e arriva dopo la grande battaglia di Sierra de la Pandera. Altra occasione per i cacciatori di tappa che possono andare alla ricerca di una soddisfazione personale attaccando da lontano, ma occhio anche a una possibile volata a ranghi ridotti. Neanche a dirlo, gli occhi sono puntati sul <strong>Team Visma | Lease a Bike<\/strong>, in particolare con <strong>Wout Van Aert<\/strong> e <strong>Matthew Brennan<\/strong> che vogliono incrementare il bottino in terra spagnola.<\/p>\n<h3>GP Industria &amp; Artigianato Larciano 2026<\/h3>\n<p><a href=\"https:\/\/cyclingpro.net\/spaziociclismo\/startlist\/gp-larciano-2026-la-startlist\/\">Qui la Startlist<\/a> \\ <a href=\"https:\/\/cyclingpro.net\/spaziociclismo\/presentazione-corse\/presentazione-percorso-e-favoriti-gp-larciano-2026\/\">Qui Presentazione Corsa <\/a><br \/>\n<strong>Larciano &#8211; Larciano (196,5 chilometri mossa)<br \/>\n<\/strong>La citt\u00e0 di Larciano ospita un appuntamento ormai classico. Alle porte di Pistoia, con il mitico San Baronto che sar\u00e0 teatro di una sfida incerta. Startlist di alto livello e inserimento della salita di Mungherino nel finale che render\u00e0 tutto pi\u00f9 incerto. Tra i partenti anche <strong>Tom Pidcock<\/strong> (Pinarello Q36.5 Pro Cycling), <strong>Romain Gregoire<\/strong> (Groupama &#8211; FDJ United) e <strong>Jan Christen<\/strong> (UAE Team Emirates &#8211; XRG) che vanno a cacca di un risultato prestigioso per lanciare il rush finale. Speranze italiane affidate, su tutti, a <strong>Christian Scaroni<\/strong> (XDS Astana Team), tra i pi\u00f9 regolari in questo 2026.<\/p>\n<h3>Tour of Britain 2026<\/h3>\n<p><a href=\"https:\/\/cyclingpro.net\/spaziociclismo\/startlist\/tour-of-britain-2026-la-startlist\/\" target=\"_blank\" rel=\"noopener\">Qui la Startlist<\/a>\u00a0\\ <a href=\"https:\/\/cyclingpro.net\/spaziociclismo\/percorsi\/tour-of-britain-2026-il-percorso\/\" target=\"_blank\" rel=\"noopener\">Qui Altimetria e Planimetria\u00a0<\/a> \\ <a href=\"https:\/\/cyclingpro.net\/spaziociclismo\/sintesi-gare\/tour-of-britain-2026-cees-bol-resiste-dalla-fuga-e-vince-wellens-attacca-chiude-secondo-e-diventa-leader-4-ganna\/\" target=\"_blank\" rel=\"noopener\">Qui l&#8217;esito della Tappa 4<\/a><br \/>\n<strong>Tappa 5: Earlston &#8211; Earlston (156,1 km &#8211; pianeggiante)<br \/>\n<\/strong>L&#8217;appuntamento in Gran Bretagna volge verso il gran finale. La tappa conclusiva dovrebbe riveder protagonisti i velocisti, con il duello tra <strong>Tim Merlier<\/strong> (Soudal &#8211; Quick-Step) e <strong>Olav Kooij<\/strong> (Decathlon CMA CGM Team) che andr\u00e0 a rinnovarsi. Difficile assistere a scossoni in classifica generale con <strong>Tim Wellens<\/strong> (UAE Team Emirates &#8211; XRG) che pu\u00f2 gestire un discreto vantaggio. Occhio naturalmente alle imboscatei<\/p>\n<h3>ZLM Tour 2026<\/h3>\n<p><a href=\"https:\/\/cyclingpro.net\/spaziociclismo\/startlist\/zlm-tour-2026-la-startlist\/\" target=\"_blank\" rel=\"noopener\">Qui la Startlist<\/a>\u00a0\\ <a href=\"https:\/\/cyclingpro.net\/spaziociclismo\/presentazione-corse\/presentazione-percorso-e-borsino-favoriti-zlm-tour-2026\/\" target=\"_blank\" rel=\"noopener\">Qui Altimetria e Planimetria<\/a> \\ <a href=\"https:\/\/cyclingpro.net\/spaziociclismo\/sintesi-gare\/zlm-tour-2026-la-fuga-beffa-il-gruppo-e-lionel-taminiaux-si-prende-la-vittoria-walscheid-resta-leader\/\" target=\"_blank\" rel=\"noopener\">Qui l&#8217;esito della Tappa 4<\/a><br \/>\n<strong>Tappa 5: Waalwijk &#8211; Waalwijk (182,7 km &#8211; pianeggiante)<br \/>\n<\/strong>Lo ZLM Tour si chiuder\u00e0 con un&#8217;altra tappa completamente pianeggiante, nella quale tuttavia bisogner\u00e0 fare molta attenzione. Tra l&#8217;altro bisogner\u00e0 affrontare un breve tratto in pav\u00e9 in quel di Haarsteg, facente parte del circuito conclusivo, che potrebbe stimolare la fantasia di qualche attaccante. Sar\u00e0 complicato intaccare il dominio della <strong>Lidl-Trek<\/strong> con <strong>Mathias Vacek<\/strong> che dovr\u00e0 gestire il buon margine accumulato, mentre <strong>Max Walscheid<\/strong> va a caccia di un altro successo<\/p>\n<h3>Tour of Istanbul 2026<\/h3>\n<p><a href=\"https:\/\/cyclingpro.net\/spaziociclismo\/startlist\/tour-of-istanbul-2026-la-startlist\/\" target=\"_blank\" rel=\"noopener\">Qui la Startlist<\/a>\u00a0\\ <a href=\"https:\/\/cyclingpro.net\/spaziociclismo\/percorsi\/tour-of-istanbul-2026-il-percorso\/\" target=\"_blank\" rel=\"noopener\">Qui Altimetria e Planimetria<\/a> \\ <a href=\"https:\/\/cyclingpro.net\/spaziociclismo\/sintesi-gare\/tour-of-istanbul-2026-tripletta-azzurra-giovanni-lonardi-trionfa-su-michele-gazzoli-e-matteo-regnanti\/\" target=\"_blank\" rel=\"noopener\">Qui l&#8217;esito della Tappa 3<\/a><br \/>\n<strong>Tappa 4: Beykoz &#8211; Beykoz (7,5 km &#8211; Cronometro)<br \/>\n<\/strong>Una cronometro breve, ma insidiosa, chiuder\u00e0 il Tour of Istanbul 2026. E le emozioni non mancheranno: quattro corridori racchiusi in meno di dieci secondi proveranno a giocarsi il successo finale. <strong>Baptiste Vadic<\/strong> (TotalEnergies) \u00e8 chiamato a difendersi dall\u2019assalto degli avversari. Lo svizzero <strong>Alexandre Balmer<\/strong> (Solution Tech NIPPO Rali) \u00e8 a 4 secondi, <strong>Art\u00ebm Fofonov<\/strong> (XFD Astana Development Team) \u00e8 a 6 secondi, mentre il nostro <strong>Giovanni<\/strong> <strong>Lonardi<\/strong> (Team Polti VisitMalta) si trova a 7 secondi. Una battaglia che si decider\u00e0 in extremis, ma occhio ad altri outsider, dato che le distanze son davvero contenute.<span class=\"Apple-converted-space\">\u00a0<\/span><\/p>\n<h3>Pointe du Raz Ladies Classic 2026<\/h3>\n<p><strong>Pointe du Raz &#8211; Plouhinec (129,5 chilometri)<br \/>\n<\/strong>Il calendario femminile offre un appuntamento molto interessante. La Pointe du Raz Ladies Classic \u00e8 una prova molto giovane, giunta solo alla quarta edizione, ma il percorso movimentato la rende incerta e aperta a pi\u00f9 pronostici. Lo scorso anno su queste strade abbiamo avuto la possibilit\u00e0 di ammirare <strong>Paula Blasi<\/strong> (UAE Team ADQ), in una delle prime affermazioni ad alto livello. E la talentuosa spagnola sar\u00e0 ancora tra le atlete da seguire al via quest&#8217;anno, affiancata da <strong>Elisa Longo Borghini<\/strong>.<\/p>\n","protected":false},"excerpt":{"rendered":"<p>Il ricco calendario di giornata. Da #LaVuelta26 al #GPLarciano, una domenica 6 settembre che non deluder\u00e0 gli appassionati.<\/p>\n","protected":false},"author":4,"featured_media":393953,"comment_status":"open","ping_status":"closed","sticky":false,"template":"","format":"standard","meta":{"footnotes":"","_members_access_role":[],"_members_access_error":""},"categories":[2044],"tags":[7219,7110,7221,5752,7215],"class_list":["post-393947","post","type-post","status-publish","format-standard","has-post-thumbnail","hentry","category-calendario","tag-gp-larciano-2026","tag-tour-of-britain-2026","tag-tour-of-istanbul-2026","tag-vuelta-a-espana-2026","tag-zlm-tour-2026"],"yoast_head":"<!-- This site is optimized with the Yoast SEO plugin v28.4 - https:\/\/yoast.com\/product\/yoast-seo-wordpress\/ -->\n<title>Spazio Agenda, il programma di domenica 6 settembre: ancora Vuelta a Espa\u00f1a, ma a Larciano riparte anche il calendario italiano - SpazioCiclismo<\/title>\n<meta name=\"robots\" content=\"index, follow, max-snippet:-1, max-image-preview:large, max-video-preview:-1\" \/>\n<link rel=\"canonical\" href=\"https:\/\/cyclingpro.net\/spaziociclismo\/calendario\/spazio-agenda-il-programma-di-domenica-6-settembre-ancora-vuelta-a-espana-ma-a-larciano-riparte-anche-il-calendario-italiano\/\" \/>\n<meta property=\"og:locale\" content=\"it_IT\" \/>\n<meta property=\"og:type\" content=\"article\" \/>\n<meta property=\"og:title\" content=\"Spazio Agenda, il programma di domenica 6 settembre: ancora Vuelta a Espa\u00f1a, ma a Larciano riparte anche il calendario italiano - SpazioCiclismo\" \/>\n<meta property=\"og:description\" content=\"Il ricco calendario di giornata. Da #LaVuelta26 al #GPLarciano, una domenica 6 settembre che non deluder\u00e0 gli appassionati.\" \/>\n<meta property=\"og:url\" content=\"https:\/\/cyclingpro.net\/spaziociclismo\/calendario\/spazio-agenda-il-programma-di-domenica-6-settembre-ancora-vuelta-a-espana-ma-a-larciano-riparte-anche-il-calendario-italiano\/\" \/>\n<meta property=\"og:site_name\" content=\"SpazioCiclismo\" \/>\n<meta property=\"article:publisher\" content=\"https:\/\/www.facebook.com\/SpazioCiclismo\/\" \/>\n<meta property=\"article:published_time\" content=\"2026-09-06T07:13:42+00:00\" \/>\n<meta property=\"og:image\" content=\"https:\/\/cyclingpro.net\/spaziociclismo\/wp-content\/uploads\/2026\/09\/1291374561.jpg\" \/>\n\t<meta property=\"og:image:width\" content=\"1200\" \/>\n\t<meta property=\"og:image:height\" content=\"800\" \/>\n\t<meta property=\"og:image:type\" content=\"image\/jpeg\" \/>\n<meta name=\"author\" content=\"Luca Pellegrini\" \/>\n<meta name=\"twitter:card\" content=\"summary_large_image\" \/>\n<meta name=\"twitter:creator\" content=\"@spaziociclismo\" \/>\n<meta name=\"twitter:site\" content=\"@spaziociclismo\" \/>\n<meta name=\"twitter:label1\" content=\"Scritto da\" \/>\n\t<meta name=\"twitter:data1\" content=\"Luca Pellegrini\" \/>\n\t<meta name=\"twitter:label2\" content=\"Tempo di lettura stimato\" \/>\n\t<meta name=\"twitter:data2\" content=\"4 minuti\" \/>\n<script type=\"application\/ld+json\" class=\"yoast-schema-graph\">{\"@context\":\"https:\\\/\\\/schema.org\",\"@graph\":[{\"@type\":\"Article\",\"@id\":\"https:\\\/\\\/cyclingpro.net\\\/spaziociclismo\\\/calendario\\\/spazio-agenda-il-programma-di-domenica-6-settembre-ancora-vuelta-a-espana-ma-a-larciano-riparte-anche-il-calendario-italiano\\\/#article\",\"isPartOf\":{\"@id\":\"https:\\\/\\\/cyclingpro.net\\\/spaziociclismo\\\/calendario\\\/spazio-agenda-il-programma-di-domenica-6-settembre-ancora-vuelta-a-espana-ma-a-larciano-riparte-anche-il-calendario-italiano\\\/\"},\"author\":{\"name\":\"Luca Pellegrini\",\"@id\":\"https:\\\/\\\/cyclingpro.net\\\/spaziociclismo\\\/#\\\/schema\\\/person\\\/dba3a57e86bb6baefba5acbf905f8801\"},\"headline\":\"Spazio Agenda, il programma di domenica 6 settembre: ancora Vuelta a Espa\u00f1a, ma a Larciano riparte anche il calendario italiano\",\"datePublished\":\"2026-09-06T07:13:42+00:00\",\"mainEntityOfPage\":{\"@id\":\"https:\\\/\\\/cyclingpro.net\\\/spaziociclismo\\\/calendario\\\/spazio-agenda-il-programma-di-domenica-6-settembre-ancora-vuelta-a-espana-ma-a-larciano-riparte-anche-il-calendario-italiano\\\/\"},\"wordCount\":742,\"commentCount\":0,\"publisher\":{\"@id\":\"https:\\\/\\\/cyclingpro.net\\\/spaziociclismo\\\/#organization\"},\"image\":{\"@id\":\"https:\\\/\\\/cyclingpro.net\\\/spaziociclismo\\\/calendario\\\/spazio-agenda-il-programma-di-domenica-6-settembre-ancora-vuelta-a-espana-ma-a-larciano-riparte-anche-il-calendario-italiano\\\/#primaryimage\"},\"thumbnailUrl\":\"https:\\\/\\\/cyclingpro.net\\\/spaziociclismo\\\/wp-content\\\/uploads\\\/2026\\\/09\\\/1291374561.jpg\",\"keywords\":[\"GP Larciano 2026\",\"Tour of Britain 2026\",\"Tour of Istanbul 2026\",\"Vuelta a Espa\u00f1a 2026\",\"ZLM Tour 2026\"],\"articleSection\":[\"Calendario\"],\"inLanguage\":\"it-IT\",\"potentialAction\":[{\"@type\":\"CommentAction\",\"name\":\"Comment\",\"target\":[\"https:\\\/\\\/cyclingpro.net\\\/spaziociclismo\\\/calendario\\\/spazio-agenda-il-programma-di-domenica-6-settembre-ancora-vuelta-a-espana-ma-a-larciano-riparte-anche-il-calendario-italiano\\\/#respond\"]}]},{\"@type\":\"WebPage\",\"@id\":\"https:\\\/\\\/cyclingpro.net\\\/spaziociclismo\\\/calendario\\\/spazio-agenda-il-programma-di-domenica-6-settembre-ancora-vuelta-a-espana-ma-a-larciano-riparte-anche-il-calendario-italiano\\\/\",\"url\":\"https:\\\/\\\/cyclingpro.net\\\/spaziociclismo\\\/calendario\\\/spazio-agenda-il-programma-di-domenica-6-settembre-ancora-vuelta-a-espana-ma-a-larciano-riparte-anche-il-calendario-italiano\\\/\",\"name\":\"Spazio Agenda, il programma di domenica 6 settembre: ancora Vuelta a Espa\u00f1a, ma a Larciano riparte anche il calendario italiano - SpazioCiclismo\",\"isPartOf\":{\"@id\":\"https:\\\/\\\/cyclingpro.net\\\/spaziociclismo\\\/#website\"},\"primaryImageOfPage\":{\"@id\":\"https:\\\/\\\/cyclingpro.net\\\/spaziociclismo\\\/calendario\\\/spazio-agenda-il-programma-di-domenica-6-settembre-ancora-vuelta-a-espana-ma-a-larciano-riparte-anche-il-calendario-italiano\\\/#primaryimage\"},\"image\":{\"@id\":\"https:\\\/\\\/cyclingpro.net\\\/spaziociclismo\\\/calendario\\\/spazio-agenda-il-programma-di-domenica-6-settembre-ancora-vuelta-a-espana-ma-a-larciano-riparte-anche-il-calendario-italiano\\\/#primaryimage\"},\"thumbnailUrl\":\"https:\\\/\\\/cyclingpro.net\\\/spaziociclismo\\\/wp-content\\\/uploads\\\/2026\\\/09\\\/1291374561.jpg\",\"datePublished\":\"2026-09-06T07:13:42+00:00\",\"breadcrumb\":{\"@id\":\"https:\\\/\\\/cyclingpro.net\\\/spaziociclismo\\\/calendario\\\/spazio-agenda-il-programma-di-domenica-6-settembre-ancora-vuelta-a-espana-ma-a-larciano-riparte-anche-il-calendario-italiano\\\/#breadcrumb\"},\"inLanguage\":\"it-IT\",\"potentialAction\":[{\"@type\":\"ReadAction\",\"target\":[\"https:\\\/\\\/cyclingpro.net\\\/spaziociclismo\\\/calendario\\\/spazio-agenda-il-programma-di-domenica-6-settembre-ancora-vuelta-a-espana-ma-a-larciano-riparte-anche-il-calendario-italiano\\\/\"]}]},{\"@type\":\"ImageObject\",\"inLanguage\":\"it-IT\",\"@id\":\"https:\\\/\\\/cyclingpro.net\\\/spaziociclismo\\\/calendario\\\/spazio-agenda-il-programma-di-domenica-6-settembre-ancora-vuelta-a-espana-ma-a-larciano-riparte-anche-il-calendario-italiano\\\/#primaryimage\",\"url\":\"https:\\\/\\\/cyclingpro.net\\\/spaziociclismo\\\/wp-content\\\/uploads\\\/2026\\\/09\\\/1291374561.jpg\",\"contentUrl\":\"https:\\\/\\\/cyclingpro.net\\\/spaziociclismo\\\/wp-content\\\/uploads\\\/2026\\\/09\\\/1291374561.jpg\",\"width\":1200,\"height\":800,\"caption\":\"\u00a9 Sirotti\"},{\"@type\":\"BreadcrumbList\",\"@id\":\"https:\\\/\\\/cyclingpro.net\\\/spaziociclismo\\\/calendario\\\/spazio-agenda-il-programma-di-domenica-6-settembre-ancora-vuelta-a-espana-ma-a-larciano-riparte-anche-il-calendario-italiano\\\/#breadcrumb\",\"itemListElement\":[{\"@type\":\"ListItem\",\"position\":1,\"name\":\"Home\",\"item\":\"https:\\\/\\\/cyclingpro.net\\\/spaziociclismo\\\/\"},{\"@type\":\"ListItem\",\"position\":2,\"name\":\"Spazio Agenda, il programma di domenica 6 settembre: ancora Vuelta a Espa\u00f1a, ma a Larciano riparte anche il calendario italiano\"}]},{\"@type\":\"WebSite\",\"@id\":\"https:\\\/\\\/cyclingpro.net\\\/spaziociclismo\\\/#website\",\"url\":\"https:\\\/\\\/cyclingpro.net\\\/spaziociclismo\\\/\",\"name\":\"SpazioCiclismo\",\"description\":\"Tutto il ciclismo minuto per minuto\",\"publisher\":{\"@id\":\"https:\\\/\\\/cyclingpro.net\\\/spaziociclismo\\\/#organization\"},\"potentialAction\":[{\"@type\":\"SearchAction\",\"target\":{\"@type\":\"EntryPoint\",\"urlTemplate\":\"https:\\\/\\\/cyclingpro.net\\\/spaziociclismo\\\/?s={search_term_string}\"},\"query-input\":{\"@type\":\"PropertyValueSpecification\",\"valueRequired\":true,\"valueName\":\"search_term_string\"}}],\"inLanguage\":\"it-IT\"},{\"@type\":\"Organization\",\"@id\":\"https:\\\/\\\/cyclingpro.net\\\/spaziociclismo\\\/#organization\",\"name\":\"SpazioCiclismo\",\"url\":\"https:\\\/\\\/cyclingpro.net\\\/spaziociclismo\\\/\",\"logo\":{\"@type\":\"ImageObject\",\"inLanguage\":\"it-IT\",\"@id\":\"https:\\\/\\\/cyclingpro.net\\\/spaziociclismo\\\/#\\\/schema\\\/logo\\\/image\\\/\",\"url\":\"https:\\\/\\\/cyclingpro.net\\\/spaziociclismo\\\/wp-content\\\/uploads\\\/2017\\\/02\\\/SpazioCiclismo-Logo-Quadrato.png\",\"contentUrl\":\"https:\\\/\\\/cyclingpro.net\\\/spaziociclismo\\\/wp-content\\\/uploads\\\/2017\\\/02\\\/SpazioCiclismo-Logo-Quadrato.png\",\"width\":450,\"height\":450,\"caption\":\"SpazioCiclismo\"},\"image\":{\"@id\":\"https:\\\/\\\/cyclingpro.net\\\/spaziociclismo\\\/#\\\/schema\\\/logo\\\/image\\\/\"},\"sameAs\":[\"https:\\\/\\\/www.facebook.com\\\/SpazioCiclismo\\\/\",\"https:\\\/\\\/x.com\\\/spaziociclismo\",\"https:\\\/\\\/www.instagram.com\\\/spaziociclismo\\\/\"]},{\"@type\":\"Person\",\"@id\":\"https:\\\/\\\/cyclingpro.net\\\/spaziociclismo\\\/#\\\/schema\\\/person\\\/dba3a57e86bb6baefba5acbf905f8801\",\"name\":\"Luca Pellegrini\",\"image\":{\"@type\":\"ImageObject\",\"inLanguage\":\"it-IT\",\"@id\":\"https:\\\/\\\/secure.gravatar.com\\\/avatar\\\/e233a6b2a31aba774a86fc0121b1a3bd7f6e7d1a4d2162cde93df050675351b8?s=96&d=mm&r=g\",\"url\":\"https:\\\/\\\/secure.gravatar.com\\\/avatar\\\/e233a6b2a31aba774a86fc0121b1a3bd7f6e7d1a4d2162cde93df050675351b8?s=96&d=mm&r=g\",\"contentUrl\":\"https:\\\/\\\/secure.gravatar.com\\\/avatar\\\/e233a6b2a31aba774a86fc0121b1a3bd7f6e7d1a4d2162cde93df050675351b8?s=96&d=mm&r=g\",\"caption\":\"Luca Pellegrini\"},\"url\":\"https:\\\/\\\/cyclingpro.net\\\/spaziociclismo\\\/author\\\/lpellegrini\\\/\"}]}<\/script>\n<!-- \/ Yoast SEO plugin. -->","yoast_head_json":{"title":"Spazio Agenda, il programma di domenica 6 settembre: ancora Vuelta a Espa\u00f1a, ma a Larciano riparte anche il calendario italiano - SpazioCiclismo","robots":{"index":"index","follow":"follow","max-snippet":"max-snippet:-1","max-image-preview":"max-image-preview:large","max-video-preview":"max-video-preview:-1"},"canonical":"https:\/\/cyclingpro.net\/spaziociclismo\/calendario\/spazio-agenda-il-programma-di-domenica-6-settembre-ancora-vuelta-a-espana-ma-a-larciano-riparte-anche-il-calendario-italiano\/","og_locale":"it_IT","og_type":"article","og_title":"Spazio Agenda, il programma di domenica 6 settembre: ancora Vuelta a Espa\u00f1a, ma a Larciano riparte anche il calendario italiano - SpazioCiclismo","og_description":"Il ricco calendario di giornata. Da #LaVuelta26 al #GPLarciano, una domenica 6 settembre che non deluder\u00e0 gli appassionati.","og_url":"https:\/\/cyclingpro.net\/spaziociclismo\/calendario\/spazio-agenda-il-programma-di-domenica-6-settembre-ancora-vuelta-a-espana-ma-a-larciano-riparte-anche-il-calendario-italiano\/","og_site_name":"SpazioCiclismo","article_publisher":"https:\/\/www.facebook.com\/SpazioCiclismo\/","article_published_time":"2026-09-06T07:13:42+00:00","og_image":[{"width":1200,"height":800,"url":"https:\/\/cyclingpro.net\/spaziociclismo\/wp-content\/uploads\/2026\/09\/1291374561.jpg","type":"image\/jpeg"}],"author":"Luca Pellegrini","twitter_card":"summary_large_image","twitter_creator":"@spaziociclismo","twitter_site":"@spaziociclismo","twitter_misc":{"Scritto da":"Luca Pellegrini","Tempo di lettura stimato":"4 minuti"},"schema":{"@context":"https:\/\/schema.org","@graph":[{"@type":"Article","@id":"https:\/\/cyclingpro.net\/spaziociclismo\/calendario\/spazio-agenda-il-programma-di-domenica-6-settembre-ancora-vuelta-a-espana-ma-a-larciano-riparte-anche-il-calendario-italiano\/#article","isPartOf":{"@id":"https:\/\/cyclingpro.net\/spaziociclismo\/calendario\/spazio-agenda-il-programma-di-domenica-6-settembre-ancora-vuelta-a-espana-ma-a-larciano-riparte-anche-il-calendario-italiano\/"},"author":{"name":"Luca Pellegrini","@id":"https:\/\/cyclingpro.net\/spaziociclismo\/#\/schema\/person\/dba3a57e86bb6baefba5acbf905f8801"},"headline":"Spazio Agenda, il programma di domenica 6 settembre: ancora Vuelta a Espa\u00f1a, ma a Larciano riparte anche il calendario italiano","datePublished":"2026-09-06T07:13:42+00:00","mainEntityOfPage":{"@id":"https:\/\/cyclingpro.net\/spaziociclismo\/calendario\/spazio-agenda-il-programma-di-domenica-6-settembre-ancora-vuelta-a-espana-ma-a-larciano-riparte-anche-il-calendario-italiano\/"},"wordCount":742,"commentCount":0,"publisher":{"@id":"https:\/\/cyclingpro.net\/spaziociclismo\/#organization"},"image":{"@id":"https:\/\/cyclingpro.net\/spaziociclismo\/calendario\/spazio-agenda-il-programma-di-domenica-6-settembre-ancora-vuelta-a-espana-ma-a-larciano-riparte-anche-il-calendario-italiano\/#primaryimage"},"thumbnailUrl":"https:\/\/cyclingpro.net\/spaziociclismo\/wp-content\/uploads\/2026\/09\/1291374561.jpg","keywords":["GP Larciano 2026","Tour of Britain 2026","Tour of Istanbul 2026","Vuelta a Espa\u00f1a 2026","ZLM Tour 2026"],"articleSection":["Calendario"],"inLanguage":"it-IT","potentialAction":[{"@type":"CommentAction","name":"Comment","target":["https:\/\/cyclingpro.net\/spaziociclismo\/calendario\/spazio-agenda-il-programma-di-domenica-6-settembre-ancora-vuelta-a-espana-ma-a-larciano-riparte-anche-il-calendario-italiano\/#respond"]}]},{"@type":"WebPage","@id":"https:\/\/cyclingpro.net\/spaziociclismo\/calendario\/spazio-agenda-il-programma-di-domenica-6-settembre-ancora-vuelta-a-espana-ma-a-larciano-riparte-anche-il-calendario-italiano\/","url":"https:\/\/cyclingpro.net\/spaziociclismo\/calendario\/spazio-agenda-il-programma-di-domenica-6-settembre-ancora-vuelta-a-espana-ma-a-larciano-riparte-anche-il-calendario-italiano\/","name":"Spazio Agenda, il programma di domenica 6 settembre: ancora Vuelta a Espa\u00f1a, ma a Larciano riparte anche il calendario italiano - SpazioCiclismo","isPartOf":{"@id":"https:\/\/cyclingpro.net\/spaziociclismo\/#website"},"primaryImageOfPage":{"@id":"https:\/\/cyclingpro.net\/spaziociclismo\/calendario\/spazio-agenda-il-programma-di-domenica-6-settembre-ancora-vuelta-a-espana-ma-a-larciano-riparte-anche-il-calendario-italiano\/#primaryimage"},"image":{"@id":"https:\/\/cyclingpro.net\/spaziociclismo\/calendario\/spazio-agenda-il-programma-di-domenica-6-settembre-ancora-vuelta-a-espana-ma-a-larciano-riparte-anche-il-calendario-italiano\/#primaryimage"},"thumbnailUrl":"https:\/\/cyclingpro.net\/spaziociclismo\/wp-content\/uploads\/2026\/09\/1291374561.jpg","datePublished":"2026-09-06T07:13:42+00:00","breadcrumb":{"@id":"https:\/\/cyclingpro.net\/spaziociclismo\/calendario\/spazio-agenda-il-programma-di-domenica-6-settembre-ancora-vuelta-a-espana-ma-a-larciano-riparte-anche-il-calendario-italiano\/#breadcrumb"},"inLanguage":"it-IT","potentialAction":[{"@type":"ReadAction","target":["https:\/\/cyclingpro.net\/spaziociclismo\/calendario\/spazio-agenda-il-programma-di-domenica-6-settembre-ancora-vuelta-a-espana-ma-a-larciano-riparte-anche-il-calendario-italiano\/"]}]},{"@type":"ImageObject","inLanguage":"it-IT","@id":"https:\/\/cyclingpro.net\/spaziociclismo\/calendario\/spazio-agenda-il-programma-di-domenica-6-settembre-ancora-vuelta-a-espana-ma-a-larciano-riparte-anche-il-calendario-italiano\/#primaryimage","url":"https:\/\/cyclingpro.net\/spaziociclismo\/wp-content\/uploads\/2026\/09\/1291374561.jpg","contentUrl":"https:\/\/cyclingpro.net\/spaziociclismo\/wp-content\/uploads\/2026\/09\/1291374561.jpg","width":1200,"height":800,"caption":"\u00a9 Sirotti"},{"@type":"BreadcrumbList","@id":"https:\/\/cyclingpro.net\/spaziociclismo\/calendario\/spazio-agenda-il-programma-di-domenica-6-settembre-ancora-vuelta-a-espana-ma-a-larciano-riparte-anche-il-calendario-italiano\/#breadcrumb","itemListElement":[{"@type":"ListItem","position":1,"name":"Home","item":"https:\/\/cyclingpro.net\/spaziociclismo\/"},{"@type":"ListItem","position":2,"name":"Spazio Agenda, il programma di domenica 6 settembre: ancora Vuelta a Espa\u00f1a, ma a Larciano riparte anche il calendario italiano"}]},{"@type":"WebSite","@id":"https:\/\/cyclingpro.net\/spaziociclismo\/#website","url":"https:\/\/cyclingpro.net\/spaziociclismo\/","name":"SpazioCiclismo","description":"Tutto il ciclismo minuto per minuto","publisher":{"@id":"https:\/\/cyclingpro.net\/spaziociclismo\/#organization"},"potentialAction":[{"@type":"SearchAction","target":{"@type":"EntryPoint","urlTemplate":"https:\/\/cyclingpro.net\/spaziociclismo\/?s={search_term_string}"},"query-input":{"@type":"PropertyValueSpecification","valueRequired":true,"valueName":"search_term_string"}}],"inLanguage":"it-IT"},{"@type":"Organization","@id":"https:\/\/cyclingpro.net\/spaziociclismo\/#organization","name":"SpazioCiclismo","url":"https:\/\/cyclingpro.net\/spaziociclismo\/","logo":{"@type":"ImageObject","inLanguage":"it-IT","@id":"https:\/\/cyclingpro.net\/spaziociclismo\/#\/schema\/logo\/image\/","url":"https:\/\/cyclingpro.net\/spaziociclismo\/wp-content\/uploads\/2017\/02\/SpazioCiclismo-Logo-Quadrato.png","contentUrl":"https:\/\/cyclingpro.net\/spaziociclismo\/wp-content\/uploads\/2017\/02\/SpazioCiclismo-Logo-Quadrato.png","width":450,"height":450,"caption":"SpazioCiclismo"},"image":{"@id":"https:\/\/cyclingpro.net\/spaziociclismo\/#\/schema\/logo\/image\/"},"sameAs":["https:\/\/www.facebook.com\/SpazioCiclismo\/","https:\/\/x.com\/spaziociclismo","https:\/\/www.instagram.com\/spaziociclismo\/"]},{"@type":"Person","@id":"https:\/\/cyclingpro.net\/spaziociclismo\/#\/schema\/person\/dba3a57e86bb6baefba5acbf905f8801","name":"Luca Pellegrini","image":{"@type":"ImageObject","inLanguage":"it-IT","@id":"https:\/\/secure.gravatar.com\/avatar\/e233a6b2a31aba774a86fc0121b1a3bd7f6e7d1a4d2162cde93df050675351b8?s=96&d=mm&r=g","url":"https:\/\/secure.gravatar.com\/avatar\/e233a6b2a31aba774a86fc0121b1a3bd7f6e7d1a4d2162cde93df050675351b8?s=96&d=mm&r=g","contentUrl":"https:\/\/secure.gravatar.com\/avatar\/e233a6b2a31aba774a86fc0121b1a3bd7f6e7d1a4d2162cde93df050675351b8?s=96&d=mm&r=g","caption":"Luca Pellegrini"},"url":"https:\/\/cyclingpro.net\/spaziociclismo\/author\/lpellegrini\/"}]}},"_links":{"self":[{"href":"https:\/\/cyclingpro.net\/spaziociclismo\/wp-json\/wp\/v2\/posts\/393947","targetHints":{"allow":["GET"]}}],"collection":[{"href":"https:\/\/cyclingpro.net\/spaziociclismo\/wp-json\/wp\/v2\/posts"}],"about":[{"href":"https:\/\/cyclingpro.net\/spaziociclismo\/wp-json\/wp\/v2\/types\/post"}],"author":[{"embeddable":true,"href":"https:\/\/cyclingpro.net\/spaziociclismo\/wp-json\/wp\/v2\/users\/4"}],"replies":[{"embeddable":true,"href":"https:\/\/cyclingpro.net\/spaziociclismo\/wp-json\/wp\/v2\/comments?post=393947"}],"version-history":[{"count":3,"href":"https:\/\/cyclingpro.net\/spaziociclismo\/wp-json\/wp\/v2\/posts\/393947\/revisions"}],"predecessor-version":[{"id":393954,"href":"https:\/\/cyclingpro.net\/spaziociclismo\/wp-json\/wp\/v2\/posts\/393947\/revisions\/393954"}],"wp:featuredmedia":[{"embeddable":true,"href":"https:\/\/cyclingpro.net\/spaziociclismo\/wp-json\/wp\/v2\/media\/393953"}],"wp:attachment":[{"href":"https:\/\/cyclingpro.net\/spaziociclismo\/wp-json\/wp\/v2\/media?parent=393947"}],"wp:term":[{"taxonomy":"category","embeddable":true,"href":"https:\/\/cyclingpro.net\/spaziociclismo\/wp-json\/wp\/v2\/categories?post=393947"},{"taxonomy":"post_tag","embeddable":true,"href":"https:\/\/cyclingpro.net\/spaziociclismo\/wp-json\/wp\/v2\/tags?post=393947"}],"curies":[{"name":"wp","href":"https:\/\/api.w.org\/{rel}","templated":true}]}}