{"id":393939,"date":"2026-09-05T21:01:38","date_gmt":"2026-09-05T19:01:38","guid":{"rendered":"https:\/\/cyclingpro.net\/spaziociclismo\/?p=393939"},"modified":"2026-09-05T23:15:59","modified_gmt":"2026-09-05T21:15:59","slug":"mondiali-montreal-2026-tutti-i-convocati-e-le-convocate-per-la-rassegna-iridata","status":"publish","type":"post","link":"https:\/\/cyclingpro.net\/spaziociclismo\/montreal-2026\/mondiali-montreal-2026-tutti-i-convocati-e-le-convocate-per-la-rassegna-iridata\/","title":{"rendered":"Mondiali Montr\u00e9al 2026, tutti i convocati e le convocate per la rassegna iridata"},"content":{"rendered":"<p>Sono 47 al momento i nomi per la spedizione azzurra ai Mondiali di Montr\u00e9al 2026. Presentato in una conferenza stampa svoltasi a Matera, il gruppo allargato che indosser\u00e0 la maglia dell&#8217;Italia alla rassegna iridata in programma dal 20 al 27 settembre sar\u00e0 definito nelle prossime due settimane per avere poi i titolari che prenderanno poi effettivamente parte alle singole prove. Oltre agli uomini \u00e9lite, dieci nomi dai quali verranno poi scelti gli otto che scenderanno in strada per la prova regina, presidente della FCI Cordiano Dagnoni, i vicepresidenti Carmine Acquasanta e Stefano Bandolin, il segretario generale Marcello Tolu e i componenti del Consiglio federale, riunitosi a Matera in mattinata, hanno dunque annunciato anche le selezioni anche per le altre prove.<\/p>\n<p>\u201cIl ciclismo italiano continua a raccogliere risultati in tutte le specialit\u00e0 &#8211; commenta con soddisfazione Dagnoni &#8211; Con le tre medaglie conquistate nella notte in occasione dei Mondiali di Paraciclismo abbiamo superato quota 100 nel corso di questa stagione, quando mancano ancora diversi appuntamenti importanti. \u00c8 un dato significativo, anche perch\u00e9 non comprende i successi ottenuti dai nostri atleti nelle prove di Coppa del Mondo e quelli conquistati con le rispettive societ\u00e0 di appartenenza. Penso, per esempio, ai risultati ottenuti dai nostri professionisti in questa stagione e alla crescita di una nuova generazione che si sta imponendo all&#8217;attenzione internazionale. Abbiamo raccolto successi che mancavano da tempo, come gli straordinari risultati della velocit\u00e0 su pista e, per quanto riguarda la strada, alla doppietta di Lorenzo Mark Finn, vincitore prima del Giro Next Gen e poi del Tour de l&#8217;Avenir.\u00a0Arriviamo quindi al Mondiale di Montr\u00e9al con fiducia, consapevoli del valore dei nostri atleti in tutte le categorie. Ringrazio la Regione Basilicata per l\u2019ospitalit\u00e0 e per aver voluto intraprendere insieme a noi un percorso volto alla promozione del ciclismo e dell\u2019uso della bicicletta. Questo momento istituzionale mi auguro che possa diventare il primo di una lunga serie.\u201d<\/p>\n<p>Tra le pi\u00f9 attese indubbiamente ci sar\u00e0 Elisa Longo Borghini, stella del movimento azzurro che prender\u00e0 parte sia alla crono, assieme a Vittoria Guazzini, che, soprattutto, alla prova in linea. Entrambe saranno poi, assieme a Monica Trinca Colonel, nel terzetto femminile che affiancher\u00e0 Mattia Cattaneo, Filippo Ganna e Matteo Sobrero (i tre convocati maschili per la crono) nella CronoStaffetta Mista, a cui gli azzurri tengono molto e si presentano tra le squadre pi\u00f9 attese.<\/p>\n<div class=\"el-16426423226606800e8e8e8 ss-element gusta-post-content \">\n<h2>Convocati Italia Mondiali Montr\u00e9al 2026<\/h2>\n<p><strong>CRONOMETRO<\/strong><\/p>\n<p><strong>Donne Elite \u2013 domenica 20 settembre<\/strong><br \/>\nVittoria Guazzini<br \/>\nElisa Longo Borghini<\/p>\n<p><strong>Uomini Elite \u2013 domenica 20 settembre<\/strong><br \/>\nMattia Cattaneo<br \/>\nFilippo Ganna<br \/>\nMatteo Sobrero<\/p>\n<p><strong>Uomini Under 23 \u2013 luned\u00ec 21 settembre (2 corridori)<\/strong><br \/>\nAlessandro Cattani<br \/>\nNicolas Milesi<\/p>\n<p><strong>Uomini Juniores \u2013 marted\u00ec 22 settembre (2 corridori)<\/strong><br \/>\nEnrico Balliana<br \/>\nPatrick Pezzo Rosola<br \/>\nAndrea Tarallo<\/p>\n<p><strong>Donne Juniores \u2013 marted\u00ec 22 settembre (2 atlete)<\/strong><br \/>\nMaria Acuti<br \/>\nAzzurra Ballan<br \/>\nMatilde Rossignoli<\/p>\n<p><strong>TEAM RELAY \u2013 marted\u00ec 22 settembre<\/strong><\/p>\n<p><strong>Uomini<\/strong><br \/>\nMattia Cattaneo<br \/>\nFilippo Ganna<br \/>\nMatteo Sobrero<\/p>\n<p><strong>Donne<\/strong><br \/>\nVittoria Guazzini<br \/>\nElisa Longo Borghini<br \/>\nMonica Trinca Colonel<\/p>\n<p><strong>PROVE IN LINEA<\/strong><\/p>\n<p><strong>Donne Under 23 \u2013 gioved\u00ec 24 settembre<\/strong><br \/>\nEleonora Ciabocco<br \/>\nGaia Segato<br \/>\nGiada Silo<\/p>\n<p><strong>Uomini Juniores \u2013 gioved\u00ec 24 settembre (5 corridori)<\/strong><br \/>\nEnrico Balliana<br \/>\nAlessandro Battistoni<br \/>\nBrandon Fedrizzi<br \/>\nLuca Gugnino<br \/>\nNicola Padovan<br \/>\nPatrick Pezzo Rosola<br \/>\nAndrea Pierotto<br \/>\nGuido Viero<br \/>\nMarco Zoco<\/p>\n<p><strong>Donne Juniores \u2013 venerd\u00ec 25 settembre<\/strong><br \/>\nMaria Acuti<br \/>\nAzzurra Ballan<br \/>\nGiorgia Pellizzotti<br \/>\nMatilde Rossignoli<\/p>\n<p><strong>Uomini Under 23 \u2013 venerd\u00ec 25 settembre (6 corridori)<\/strong><br \/>\nRoberto Capello<br \/>\nAlessandro Cattani<br \/>\nDavide Frigo<br \/>\nFederico Lorello<br \/>\nMattia Negrente<br \/>\nMattia Proietti Gagliardoni<br \/>\nEnea Sambinello<br \/>\nMatteo Scalco<br \/>\nSimone Zanini<br \/>\nNicolas Milesi<\/p>\n<p><strong>Donne Elite \u2013 sabato 26 settembre<\/strong><br \/>\nFrancesca Barale<br \/>\nSara Casasola<br \/>\nEleonora Gasparrini<br \/>\nElisa Longo Borghini<br \/>\nErica Magnaldi<br \/>\nSilvia Persico<br \/>\nMonica Trinca Colonel<\/p>\n<p><strong>Uomini Elite \u2013 domenica 27 settembre (8 corridori)<\/strong><br \/>\nAlberto Bettiol<br \/>\nMattia Cattaneo<br \/>\nGiulio Ciccone<br \/>\nLorenzo Mark Finn<br \/>\nGiulio Pellizzari<br \/>\nDavide Piganzoli<br \/>\nCristian Scaroni<br \/>\nMatteo Sobrero<br \/>\nMatteo Trentin<br \/>\nDiego Ulissi<\/p>\n<\/div>\n","protected":false},"excerpt":{"rendered":"<p>Sono 47 al momento i nomi per la spedizione azzurra ai Mondiali di Montr\u00e9al 2026<\/p>\n","protected":false},"author":2,"featured_media":311178,"comment_status":"open","ping_status":"closed","sticky":false,"template":"","format":"standard","meta":{"footnotes":"","_members_access_role":[],"_members_access_error":""},"categories":[5356],"tags":[4770],"class_list":["post-393939","post","type-post","status-publish","format-standard","has-post-thumbnail","hentry","category-montreal-2026","tag-mondiali-montreal-2026"],"yoast_head":"<!-- This site is optimized with the Yoast SEO plugin v28.4 - https:\/\/yoast.com\/product\/yoast-seo-wordpress\/ -->\n<title>Mondiali Ciclismo Montr\u00e9al 2026, tutti i convocati e le convocate: Elisa Longo Borghini, Filippo Ganna, Lorenzo Finn i pi\u00f9 attesi - SpazioCiclismo<\/title>\n<meta name=\"robots\" content=\"index, follow, max-snippet:-1, max-image-preview:large, max-video-preview:-1\" \/>\n<link rel=\"canonical\" href=\"https:\/\/cyclingpro.net\/spaziociclismo\/montreal-2026\/mondiali-montreal-2026-tutti-i-convocati-e-le-convocate-per-la-rassegna-iridata\/\" \/>\n<meta property=\"og:locale\" content=\"it_IT\" \/>\n<meta property=\"og:type\" content=\"article\" \/>\n<meta property=\"og:title\" content=\"Mondiali Ciclismo Montr\u00e9al 2026, tutti i convocati e le convocate: Elisa Longo Borghini, Filippo Ganna, Lorenzo Finn i pi\u00f9 attesi - SpazioCiclismo\" \/>\n<meta property=\"og:description\" content=\"Sono 47 al momento i nomi per la spedizione azzurra ai Mondiali di Montr\u00e9al 2026\" \/>\n<meta property=\"og:url\" content=\"https:\/\/cyclingpro.net\/spaziociclismo\/montreal-2026\/mondiali-montreal-2026-tutti-i-convocati-e-le-convocate-per-la-rassegna-iridata\/\" \/>\n<meta property=\"og:site_name\" content=\"SpazioCiclismo\" \/>\n<meta property=\"article:publisher\" content=\"https:\/\/www.facebook.com\/SpazioCiclismo\/\" \/>\n<meta property=\"article:published_time\" content=\"2026-09-05T19:01:38+00:00\" \/>\n<meta property=\"article:modified_time\" content=\"2026-09-05T21:15:59+00:00\" \/>\n<meta property=\"og:image\" content=\"https:\/\/cyclingpro.net\/spaziociclismo\/wp-content\/uploads\/2024\/09\/Italia-ricognizione-Mondiali-Zurigo-2024.jpg\" \/>\n\t<meta property=\"og:image:width\" content=\"1200\" \/>\n\t<meta property=\"og:image:height\" content=\"800\" \/>\n\t<meta property=\"og:image:type\" content=\"image\/jpeg\" \/>\n<meta name=\"author\" content=\"Redazione SpazioCiclismo\" \/>\n<meta name=\"twitter:card\" content=\"summary_large_image\" \/>\n<meta name=\"twitter:creator\" content=\"@spaziociclismo\" \/>\n<meta name=\"twitter:site\" content=\"@spaziociclismo\" \/>\n<meta name=\"twitter:label1\" content=\"Scritto da\" \/>\n\t<meta name=\"twitter:data1\" content=\"Redazione SpazioCiclismo\" \/>\n\t<meta name=\"twitter:label2\" content=\"Tempo di lettura stimato\" \/>\n\t<meta name=\"twitter:data2\" content=\"4 minuti\" \/>\n<script type=\"application\/ld+json\" class=\"yoast-schema-graph\">{\"@context\":\"https:\\\/\\\/schema.org\",\"@graph\":[{\"@type\":\"Article\",\"@id\":\"https:\\\/\\\/cyclingpro.net\\\/spaziociclismo\\\/montreal-2026\\\/mondiali-montreal-2026-tutti-i-convocati-e-le-convocate-per-la-rassegna-iridata\\\/#article\",\"isPartOf\":{\"@id\":\"https:\\\/\\\/cyclingpro.net\\\/spaziociclismo\\\/montreal-2026\\\/mondiali-montreal-2026-tutti-i-convocati-e-le-convocate-per-la-rassegna-iridata\\\/\"},\"author\":{\"name\":\"Redazione SpazioCiclismo\",\"@id\":\"https:\\\/\\\/cyclingpro.net\\\/spaziociclismo\\\/#\\\/schema\\\/person\\\/f104b5d2588ef53ce9f1b43295c352e1\"},\"headline\":\"Mondiali Montr\u00e9al 2026, tutti i convocati e le convocate per la rassegna iridata\",\"datePublished\":\"2026-09-05T19:01:38+00:00\",\"dateModified\":\"2026-09-05T21:15:59+00:00\",\"mainEntityOfPage\":{\"@id\":\"https:\\\/\\\/cyclingpro.net\\\/spaziociclismo\\\/montreal-2026\\\/mondiali-montreal-2026-tutti-i-convocati-e-le-convocate-per-la-rassegna-iridata\\\/\"},\"wordCount\":601,\"commentCount\":0,\"publisher\":{\"@id\":\"https:\\\/\\\/cyclingpro.net\\\/spaziociclismo\\\/#organization\"},\"image\":{\"@id\":\"https:\\\/\\\/cyclingpro.net\\\/spaziociclismo\\\/montreal-2026\\\/mondiali-montreal-2026-tutti-i-convocati-e-le-convocate-per-la-rassegna-iridata\\\/#primaryimage\"},\"thumbnailUrl\":\"https:\\\/\\\/cyclingpro.net\\\/spaziociclismo\\\/wp-content\\\/uploads\\\/2024\\\/09\\\/Italia-ricognizione-Mondiali-Zurigo-2024.jpg\",\"keywords\":[\"Mondiali Montr\u00e9al 2026\"],\"articleSection\":[\"Montr\u00e9al 2026\"],\"inLanguage\":\"it-IT\",\"potentialAction\":[{\"@type\":\"CommentAction\",\"name\":\"Comment\",\"target\":[\"https:\\\/\\\/cyclingpro.net\\\/spaziociclismo\\\/montreal-2026\\\/mondiali-montreal-2026-tutti-i-convocati-e-le-convocate-per-la-rassegna-iridata\\\/#respond\"]}]},{\"@type\":\"WebPage\",\"@id\":\"https:\\\/\\\/cyclingpro.net\\\/spaziociclismo\\\/montreal-2026\\\/mondiali-montreal-2026-tutti-i-convocati-e-le-convocate-per-la-rassegna-iridata\\\/\",\"url\":\"https:\\\/\\\/cyclingpro.net\\\/spaziociclismo\\\/montreal-2026\\\/mondiali-montreal-2026-tutti-i-convocati-e-le-convocate-per-la-rassegna-iridata\\\/\",\"name\":\"Mondiali Ciclismo Montr\u00e9al 2026, tutti i convocati e le convocate: Elisa Longo Borghini, Filippo Ganna, Lorenzo Finn i pi\u00f9 attesi - SpazioCiclismo\",\"isPartOf\":{\"@id\":\"https:\\\/\\\/cyclingpro.net\\\/spaziociclismo\\\/#website\"},\"primaryImageOfPage\":{\"@id\":\"https:\\\/\\\/cyclingpro.net\\\/spaziociclismo\\\/montreal-2026\\\/mondiali-montreal-2026-tutti-i-convocati-e-le-convocate-per-la-rassegna-iridata\\\/#primaryimage\"},\"image\":{\"@id\":\"https:\\\/\\\/cyclingpro.net\\\/spaziociclismo\\\/montreal-2026\\\/mondiali-montreal-2026-tutti-i-convocati-e-le-convocate-per-la-rassegna-iridata\\\/#primaryimage\"},\"thumbnailUrl\":\"https:\\\/\\\/cyclingpro.net\\\/spaziociclismo\\\/wp-content\\\/uploads\\\/2024\\\/09\\\/Italia-ricognizione-Mondiali-Zurigo-2024.jpg\",\"datePublished\":\"2026-09-05T19:01:38+00:00\",\"dateModified\":\"2026-09-05T21:15:59+00:00\",\"breadcrumb\":{\"@id\":\"https:\\\/\\\/cyclingpro.net\\\/spaziociclismo\\\/montreal-2026\\\/mondiali-montreal-2026-tutti-i-convocati-e-le-convocate-per-la-rassegna-iridata\\\/#breadcrumb\"},\"inLanguage\":\"it-IT\",\"potentialAction\":[{\"@type\":\"ReadAction\",\"target\":[\"https:\\\/\\\/cyclingpro.net\\\/spaziociclismo\\\/montreal-2026\\\/mondiali-montreal-2026-tutti-i-convocati-e-le-convocate-per-la-rassegna-iridata\\\/\"]}]},{\"@type\":\"ImageObject\",\"inLanguage\":\"it-IT\",\"@id\":\"https:\\\/\\\/cyclingpro.net\\\/spaziociclismo\\\/montreal-2026\\\/mondiali-montreal-2026-tutti-i-convocati-e-le-convocate-per-la-rassegna-iridata\\\/#primaryimage\",\"url\":\"https:\\\/\\\/cyclingpro.net\\\/spaziociclismo\\\/wp-content\\\/uploads\\\/2024\\\/09\\\/Italia-ricognizione-Mondiali-Zurigo-2024.jpg\",\"contentUrl\":\"https:\\\/\\\/cyclingpro.net\\\/spaziociclismo\\\/wp-content\\\/uploads\\\/2024\\\/09\\\/Italia-ricognizione-Mondiali-Zurigo-2024.jpg\",\"width\":1200,\"height\":800,\"caption\":\"\u00a9 FCI\"},{\"@type\":\"BreadcrumbList\",\"@id\":\"https:\\\/\\\/cyclingpro.net\\\/spaziociclismo\\\/montreal-2026\\\/mondiali-montreal-2026-tutti-i-convocati-e-le-convocate-per-la-rassegna-iridata\\\/#breadcrumb\",\"itemListElement\":[{\"@type\":\"ListItem\",\"position\":1,\"name\":\"Home\",\"item\":\"https:\\\/\\\/cyclingpro.net\\\/spaziociclismo\\\/\"},{\"@type\":\"ListItem\",\"position\":2,\"name\":\"Mondiali Montr\u00e9al 2026, tutti i convocati e le convocate per la rassegna iridata\"}]},{\"@type\":\"WebSite\",\"@id\":\"https:\\\/\\\/cyclingpro.net\\\/spaziociclismo\\\/#website\",\"url\":\"https:\\\/\\\/cyclingpro.net\\\/spaziociclismo\\\/\",\"name\":\"SpazioCiclismo\",\"description\":\"Tutto il ciclismo minuto per minuto\",\"publisher\":{\"@id\":\"https:\\\/\\\/cyclingpro.net\\\/spaziociclismo\\\/#organization\"},\"potentialAction\":[{\"@type\":\"SearchAction\",\"target\":{\"@type\":\"EntryPoint\",\"urlTemplate\":\"https:\\\/\\\/cyclingpro.net\\\/spaziociclismo\\\/?s={search_term_string}\"},\"query-input\":{\"@type\":\"PropertyValueSpecification\",\"valueRequired\":true,\"valueName\":\"search_term_string\"}}],\"inLanguage\":\"it-IT\"},{\"@type\":\"Organization\",\"@id\":\"https:\\\/\\\/cyclingpro.net\\\/spaziociclismo\\\/#organization\",\"name\":\"SpazioCiclismo\",\"url\":\"https:\\\/\\\/cyclingpro.net\\\/spaziociclismo\\\/\",\"logo\":{\"@type\":\"ImageObject\",\"inLanguage\":\"it-IT\",\"@id\":\"https:\\\/\\\/cyclingpro.net\\\/spaziociclismo\\\/#\\\/schema\\\/logo\\\/image\\\/\",\"url\":\"https:\\\/\\\/cyclingpro.net\\\/spaziociclismo\\\/wp-content\\\/uploads\\\/2017\\\/02\\\/SpazioCiclismo-Logo-Quadrato.png\",\"contentUrl\":\"https:\\\/\\\/cyclingpro.net\\\/spaziociclismo\\\/wp-content\\\/uploads\\\/2017\\\/02\\\/SpazioCiclismo-Logo-Quadrato.png\",\"width\":450,\"height\":450,\"caption\":\"SpazioCiclismo\"},\"image\":{\"@id\":\"https:\\\/\\\/cyclingpro.net\\\/spaziociclismo\\\/#\\\/schema\\\/logo\\\/image\\\/\"},\"sameAs\":[\"https:\\\/\\\/www.facebook.com\\\/SpazioCiclismo\\\/\",\"https:\\\/\\\/x.com\\\/spaziociclismo\",\"https:\\\/\\\/www.instagram.com\\\/spaziociclismo\\\/\"]},{\"@type\":\"Person\",\"@id\":\"https:\\\/\\\/cyclingpro.net\\\/spaziociclismo\\\/#\\\/schema\\\/person\\\/f104b5d2588ef53ce9f1b43295c352e1\",\"name\":\"Redazione SpazioCiclismo\",\"image\":{\"@type\":\"ImageObject\",\"inLanguage\":\"it-IT\",\"@id\":\"https:\\\/\\\/secure.gravatar.com\\\/avatar\\\/f1cae17b9ecd38864463422521239d4a656d6b657478a63e445df7b8ebc2b81c?s=96&d=mm&r=g\",\"url\":\"https:\\\/\\\/secure.gravatar.com\\\/avatar\\\/f1cae17b9ecd38864463422521239d4a656d6b657478a63e445df7b8ebc2b81c?s=96&d=mm&r=g\",\"contentUrl\":\"https:\\\/\\\/secure.gravatar.com\\\/avatar\\\/f1cae17b9ecd38864463422521239d4a656d6b657478a63e445df7b8ebc2b81c?s=96&d=mm&r=g\",\"caption\":\"Redazione SpazioCiclismo\"},\"url\":\"https:\\\/\\\/cyclingpro.net\\\/spaziociclismo\\\/author\\\/wptstmssc\\\/\"}]}<\/script>\n<!-- \/ Yoast SEO plugin. -->","yoast_head_json":{"title":"Mondiali Ciclismo Montr\u00e9al 2026, tutti i convocati e le convocate: Elisa Longo Borghini, Filippo Ganna, Lorenzo Finn i pi\u00f9 attesi - SpazioCiclismo","robots":{"index":"index","follow":"follow","max-snippet":"max-snippet:-1","max-image-preview":"max-image-preview:large","max-video-preview":"max-video-preview:-1"},"canonical":"https:\/\/cyclingpro.net\/spaziociclismo\/montreal-2026\/mondiali-montreal-2026-tutti-i-convocati-e-le-convocate-per-la-rassegna-iridata\/","og_locale":"it_IT","og_type":"article","og_title":"Mondiali Ciclismo Montr\u00e9al 2026, tutti i convocati e le convocate: Elisa Longo Borghini, Filippo Ganna, Lorenzo Finn i pi\u00f9 attesi - SpazioCiclismo","og_description":"Sono 47 al momento i nomi per la spedizione azzurra ai Mondiali di Montr\u00e9al 2026","og_url":"https:\/\/cyclingpro.net\/spaziociclismo\/montreal-2026\/mondiali-montreal-2026-tutti-i-convocati-e-le-convocate-per-la-rassegna-iridata\/","og_site_name":"SpazioCiclismo","article_publisher":"https:\/\/www.facebook.com\/SpazioCiclismo\/","article_published_time":"2026-09-05T19:01:38+00:00","article_modified_time":"2026-09-05T21:15:59+00:00","og_image":[{"width":1200,"height":800,"url":"https:\/\/cyclingpro.net\/spaziociclismo\/wp-content\/uploads\/2024\/09\/Italia-ricognizione-Mondiali-Zurigo-2024.jpg","type":"image\/jpeg"}],"author":"Redazione SpazioCiclismo","twitter_card":"summary_large_image","twitter_creator":"@spaziociclismo","twitter_site":"@spaziociclismo","twitter_misc":{"Scritto da":"Redazione SpazioCiclismo","Tempo di lettura stimato":"4 minuti"},"schema":{"@context":"https:\/\/schema.org","@graph":[{"@type":"Article","@id":"https:\/\/cyclingpro.net\/spaziociclismo\/montreal-2026\/mondiali-montreal-2026-tutti-i-convocati-e-le-convocate-per-la-rassegna-iridata\/#article","isPartOf":{"@id":"https:\/\/cyclingpro.net\/spaziociclismo\/montreal-2026\/mondiali-montreal-2026-tutti-i-convocati-e-le-convocate-per-la-rassegna-iridata\/"},"author":{"name":"Redazione SpazioCiclismo","@id":"https:\/\/cyclingpro.net\/spaziociclismo\/#\/schema\/person\/f104b5d2588ef53ce9f1b43295c352e1"},"headline":"Mondiali Montr\u00e9al 2026, tutti i convocati e le convocate per la rassegna iridata","datePublished":"2026-09-05T19:01:38+00:00","dateModified":"2026-09-05T21:15:59+00:00","mainEntityOfPage":{"@id":"https:\/\/cyclingpro.net\/spaziociclismo\/montreal-2026\/mondiali-montreal-2026-tutti-i-convocati-e-le-convocate-per-la-rassegna-iridata\/"},"wordCount":601,"commentCount":0,"publisher":{"@id":"https:\/\/cyclingpro.net\/spaziociclismo\/#organization"},"image":{"@id":"https:\/\/cyclingpro.net\/spaziociclismo\/montreal-2026\/mondiali-montreal-2026-tutti-i-convocati-e-le-convocate-per-la-rassegna-iridata\/#primaryimage"},"thumbnailUrl":"https:\/\/cyclingpro.net\/spaziociclismo\/wp-content\/uploads\/2024\/09\/Italia-ricognizione-Mondiali-Zurigo-2024.jpg","keywords":["Mondiali Montr\u00e9al 2026"],"articleSection":["Montr\u00e9al 2026"],"inLanguage":"it-IT","potentialAction":[{"@type":"CommentAction","name":"Comment","target":["https:\/\/cyclingpro.net\/spaziociclismo\/montreal-2026\/mondiali-montreal-2026-tutti-i-convocati-e-le-convocate-per-la-rassegna-iridata\/#respond"]}]},{"@type":"WebPage","@id":"https:\/\/cyclingpro.net\/spaziociclismo\/montreal-2026\/mondiali-montreal-2026-tutti-i-convocati-e-le-convocate-per-la-rassegna-iridata\/","url":"https:\/\/cyclingpro.net\/spaziociclismo\/montreal-2026\/mondiali-montreal-2026-tutti-i-convocati-e-le-convocate-per-la-rassegna-iridata\/","name":"Mondiali Ciclismo Montr\u00e9al 2026, tutti i convocati e le convocate: Elisa Longo Borghini, Filippo Ganna, Lorenzo Finn i pi\u00f9 attesi - SpazioCiclismo","isPartOf":{"@id":"https:\/\/cyclingpro.net\/spaziociclismo\/#website"},"primaryImageOfPage":{"@id":"https:\/\/cyclingpro.net\/spaziociclismo\/montreal-2026\/mondiali-montreal-2026-tutti-i-convocati-e-le-convocate-per-la-rassegna-iridata\/#primaryimage"},"image":{"@id":"https:\/\/cyclingpro.net\/spaziociclismo\/montreal-2026\/mondiali-montreal-2026-tutti-i-convocati-e-le-convocate-per-la-rassegna-iridata\/#primaryimage"},"thumbnailUrl":"https:\/\/cyclingpro.net\/spaziociclismo\/wp-content\/uploads\/2024\/09\/Italia-ricognizione-Mondiali-Zurigo-2024.jpg","datePublished":"2026-09-05T19:01:38+00:00","dateModified":"2026-09-05T21:15:59+00:00","breadcrumb":{"@id":"https:\/\/cyclingpro.net\/spaziociclismo\/montreal-2026\/mondiali-montreal-2026-tutti-i-convocati-e-le-convocate-per-la-rassegna-iridata\/#breadcrumb"},"inLanguage":"it-IT","potentialAction":[{"@type":"ReadAction","target":["https:\/\/cyclingpro.net\/spaziociclismo\/montreal-2026\/mondiali-montreal-2026-tutti-i-convocati-e-le-convocate-per-la-rassegna-iridata\/"]}]},{"@type":"ImageObject","inLanguage":"it-IT","@id":"https:\/\/cyclingpro.net\/spaziociclismo\/montreal-2026\/mondiali-montreal-2026-tutti-i-convocati-e-le-convocate-per-la-rassegna-iridata\/#primaryimage","url":"https:\/\/cyclingpro.net\/spaziociclismo\/wp-content\/uploads\/2024\/09\/Italia-ricognizione-Mondiali-Zurigo-2024.jpg","contentUrl":"https:\/\/cyclingpro.net\/spaziociclismo\/wp-content\/uploads\/2024\/09\/Italia-ricognizione-Mondiali-Zurigo-2024.jpg","width":1200,"height":800,"caption":"\u00a9 FCI"},{"@type":"BreadcrumbList","@id":"https:\/\/cyclingpro.net\/spaziociclismo\/montreal-2026\/mondiali-montreal-2026-tutti-i-convocati-e-le-convocate-per-la-rassegna-iridata\/#breadcrumb","itemListElement":[{"@type":"ListItem","position":1,"name":"Home","item":"https:\/\/cyclingpro.net\/spaziociclismo\/"},{"@type":"ListItem","position":2,"name":"Mondiali Montr\u00e9al 2026, tutti i convocati e le convocate per la rassegna iridata"}]},{"@type":"WebSite","@id":"https:\/\/cyclingpro.net\/spaziociclismo\/#website","url":"https:\/\/cyclingpro.net\/spaziociclismo\/","name":"SpazioCiclismo","description":"Tutto il ciclismo minuto per minuto","publisher":{"@id":"https:\/\/cyclingpro.net\/spaziociclismo\/#organization"},"potentialAction":[{"@type":"SearchAction","target":{"@type":"EntryPoint","urlTemplate":"https:\/\/cyclingpro.net\/spaziociclismo\/?s={search_term_string}"},"query-input":{"@type":"PropertyValueSpecification","valueRequired":true,"valueName":"search_term_string"}}],"inLanguage":"it-IT"},{"@type":"Organization","@id":"https:\/\/cyclingpro.net\/spaziociclismo\/#organization","name":"SpazioCiclismo","url":"https:\/\/cyclingpro.net\/spaziociclismo\/","logo":{"@type":"ImageObject","inLanguage":"it-IT","@id":"https:\/\/cyclingpro.net\/spaziociclismo\/#\/schema\/logo\/image\/","url":"https:\/\/cyclingpro.net\/spaziociclismo\/wp-content\/uploads\/2017\/02\/SpazioCiclismo-Logo-Quadrato.png","contentUrl":"https:\/\/cyclingpro.net\/spaziociclismo\/wp-content\/uploads\/2017\/02\/SpazioCiclismo-Logo-Quadrato.png","width":450,"height":450,"caption":"SpazioCiclismo"},"image":{"@id":"https:\/\/cyclingpro.net\/spaziociclismo\/#\/schema\/logo\/image\/"},"sameAs":["https:\/\/www.facebook.com\/SpazioCiclismo\/","https:\/\/x.com\/spaziociclismo","https:\/\/www.instagram.com\/spaziociclismo\/"]},{"@type":"Person","@id":"https:\/\/cyclingpro.net\/spaziociclismo\/#\/schema\/person\/f104b5d2588ef53ce9f1b43295c352e1","name":"Redazione SpazioCiclismo","image":{"@type":"ImageObject","inLanguage":"it-IT","@id":"https:\/\/secure.gravatar.com\/avatar\/f1cae17b9ecd38864463422521239d4a656d6b657478a63e445df7b8ebc2b81c?s=96&d=mm&r=g","url":"https:\/\/secure.gravatar.com\/avatar\/f1cae17b9ecd38864463422521239d4a656d6b657478a63e445df7b8ebc2b81c?s=96&d=mm&r=g","contentUrl":"https:\/\/secure.gravatar.com\/avatar\/f1cae17b9ecd38864463422521239d4a656d6b657478a63e445df7b8ebc2b81c?s=96&d=mm&r=g","caption":"Redazione SpazioCiclismo"},"url":"https:\/\/cyclingpro.net\/spaziociclismo\/author\/wptstmssc\/"}]}},"_links":{"self":[{"href":"https:\/\/cyclingpro.net\/spaziociclismo\/wp-json\/wp\/v2\/posts\/393939","targetHints":{"allow":["GET"]}}],"collection":[{"href":"https:\/\/cyclingpro.net\/spaziociclismo\/wp-json\/wp\/v2\/posts"}],"about":[{"href":"https:\/\/cyclingpro.net\/spaziociclismo\/wp-json\/wp\/v2\/types\/post"}],"author":[{"embeddable":true,"href":"https:\/\/cyclingpro.net\/spaziociclismo\/wp-json\/wp\/v2\/users\/2"}],"replies":[{"embeddable":true,"href":"https:\/\/cyclingpro.net\/spaziociclismo\/wp-json\/wp\/v2\/comments?post=393939"}],"version-history":[{"count":1,"href":"https:\/\/cyclingpro.net\/spaziociclismo\/wp-json\/wp\/v2\/posts\/393939\/revisions"}],"predecessor-version":[{"id":393940,"href":"https:\/\/cyclingpro.net\/spaziociclismo\/wp-json\/wp\/v2\/posts\/393939\/revisions\/393940"}],"wp:featuredmedia":[{"embeddable":true,"href":"https:\/\/cyclingpro.net\/spaziociclismo\/wp-json\/wp\/v2\/media\/311178"}],"wp:attachment":[{"href":"https:\/\/cyclingpro.net\/spaziociclismo\/wp-json\/wp\/v2\/media?parent=393939"}],"wp:term":[{"taxonomy":"category","embeddable":true,"href":"https:\/\/cyclingpro.net\/spaziociclismo\/wp-json\/wp\/v2\/categories?post=393939"},{"taxonomy":"post_tag","embeddable":true,"href":"https:\/\/cyclingpro.net\/spaziociclismo\/wp-json\/wp\/v2\/tags?post=393939"}],"curies":[{"name":"wp","href":"https:\/\/api.w.org\/{rel}","templated":true}]}}