{"id":393930,"date":"2026-09-05T21:00:45","date_gmt":"2026-09-05T19:00:45","guid":{"rendered":"https:\/\/cyclingpro.net\/spaziociclismo\/?p=393930"},"modified":"2026-09-05T21:21:32","modified_gmt":"2026-09-05T19:21:32","slug":"vuelta-a-espana-2026-top-flop-del-giorno-14","status":"publish","type":"post","link":"https:\/\/cyclingpro.net\/spaziociclismo\/topflop\/vuelta-a-espana-2026-top-flop-del-giorno-14\/","title":{"rendered":"Vuelta a Espa\u00f1a 2026, Top\/Flop del giorno"},"content":{"rendered":"<p>La nostra consueta rubrica che traccia il bilancio della giornata appena conclusasi alla <strong>Vuelta a Espa\u00f1a 2026<\/strong>.<\/p>\n\n\t\t<div class=\"thumbup tie-list-shortcode\">\n<ul>\n<li><b>Marco Brenner (Tudor Pro Cycling Team):<\/b> Vittoria di peso per il 24enne tedesco, che era arrivato a questa Vuelta forte di quella che fino a ora era la sua affermazione pi\u00f9 importante, la conquista della classifica finale del Giro di Polonia. Oggi fa un ulteriore step e, nonostante anche un avvio complicato a causa di una caduta, riesce ad avere la meglio in un arrivo in salita su un forte scalatore quale Buitrago, facendo la giusta scelta di salire regolare e senza strappi, gestendosi bene e con lucidit\u00e0 per poi battere il colombiano allo sprint e imporsi meritatamente.<\/li>\n<li><b>Iv\u00e1n Ramiro Sosa (Equipo Kern Pharma):\u00a0<\/b>Il quarto posto odierno rappresenta il miglior risultato in un Grande Giro per il 28enne colombiano, che dopo diverse annate difficili per via di problemi fisici si sta pian piano ritrovando. Fino all&#8217;ultimo chilometro ha anche sognato di poter fare il colpo grosso, coronando cos\u00ec al meglio una giornata trascorsa all&#8217;attacco, ma resta comunque un piazzamento importantissimo per lui e anche per la sua squadra, che sta lottando per la sopravvivenze e che, anche con risultati come questo, pu\u00f2 sperare di attrarre nuovi sponsor.<\/li>\n<li><b>Felix Gall (Decathlon CMA CGM):<\/b> Se negli scorsi arrivi in salita era stato un po&#8217; meno brillante, quest&#8217;oggi l&#8217;austriaco sembra invece aver ritrovato una buona gamba. \u00c8 infatti soprattutto lui a provarci con decisione tra i big, accelerando in pi\u00f9 occasioni fino a restare da solo con Mas, e pur non riuscendo a staccare lo spagnolo guadagna comunque terreno su tutti gli altri, soprattutto su Rogli\u010d, sul quale opera il sorpasso in classifica generale. Per restargli davanti dovr\u00e0 per\u00f2 attaccare ancora, ma intanto non \u00e8 una soddisfazione da poco.<\/li>\n<\/ul>\n\n\t\t<\/div>\n\t\n\n\t\t<div class=\"thumbdown tie-list-shortcode\">\n<ul>\n<li><b>Primo\u017e Rogli\u010d (Red Bull-Bora-hansgrohe): <\/b>Tutto sommato si difende anche piuttosto bene, ma anche oggi deve appunto difendersi, concedendo un altro mezzo minuto circa alla Maglia Rossa Mas e, questa volta, anche a Gall, che lo supera al secondo posto della generale. Molto probabilmente sta aspettando la cronometro della terza settimana per dare una svolta alla Vuelta, ma fino ad allora dovr\u00e0 limitare i danni.<\/li>\n<li><strong>Oscar Onley (Netcompay Ineos): <\/strong>Altra giornata complicata per lo scalatore britannico, che probabilmente risente ancora un po&#8217; della caduta di due giorni fa. Nel finale non ne ha per seguire i pi\u00f9 forti e al traguardo paga un ritardo di 1&#8217;15&#8221; da Mas e Gall, vedendo cos\u00ec allontanarsi sempre di pi\u00f9 la possibilit\u00e0 di salire sul podio finale. Unica nota positiva \u00e8 che assieme a lui arriva anche Omrzel, sul quale mantiene quindi la posizione e 30&#8243; di vantaggio nella classifica della Maglia Bianca.<\/li>\n<li><strong>Mattias Skjelmose (Lidl-Trek):<\/strong> Di sicuro, le tante energie spese ieri in fuga sono mancate quest&#8217;oggi, ma in ogni caso il danese conferma ancora una volta che, quando la strada sale, non ne ha per riuscire a seguire gli altri uomini di classifica. Riesce comunque a difendere il settimo posto nella generale dalla rimonta dei fuggitivi Rodriguez e Berthet, ma se non riuscir\u00e0 a invertire il trend negativo sar\u00e0 difficile per lui mantenere il piazzamento.<\/li>\n<\/ul>\n\n\t\t<\/div>\n\t\n","protected":false},"excerpt":{"rendered":"<p>Promossi e bocciati della quattordicesima tappa de #LaVuelta26<\/p>\n","protected":false},"author":27,"featured_media":393935,"comment_status":"open","ping_status":"closed","sticky":false,"template":"","format":"standard","meta":{"footnotes":"","_members_access_role":[],"_members_access_error":""},"categories":[19,21,6589],"tags":[5752],"class_list":["post-393930","post","type-post","status-publish","format-standard","has-post-thumbnail","hentry","category-topflop","category-vetrina","category-vuelta-2026","tag-vuelta-a-espana-2026"],"yoast_head":"<!-- This site is optimized with the Yoast SEO plugin v28.4 - https:\/\/yoast.com\/product\/yoast-seo-wordpress\/ -->\n<title>Vuelta a Espa\u00f1a 2026, Top\/Flop del giorno - SpazioCiclismo<\/title>\n<meta name=\"robots\" content=\"index, follow, max-snippet:-1, max-image-preview:large, max-video-preview:-1\" \/>\n<link rel=\"canonical\" href=\"https:\/\/cyclingpro.net\/spaziociclismo\/topflop\/vuelta-a-espana-2026-top-flop-del-giorno-14\/\" \/>\n<meta property=\"og:locale\" content=\"it_IT\" \/>\n<meta property=\"og:type\" content=\"article\" \/>\n<meta property=\"og:title\" content=\"Vuelta a Espa\u00f1a 2026, Top\/Flop del giorno - SpazioCiclismo\" \/>\n<meta property=\"og:description\" content=\"Promossi e bocciati della quattordicesima tappa de #LaVuelta26\" \/>\n<meta property=\"og:url\" content=\"https:\/\/cyclingpro.net\/spaziociclismo\/topflop\/vuelta-a-espana-2026-top-flop-del-giorno-14\/\" \/>\n<meta property=\"og:site_name\" content=\"SpazioCiclismo\" \/>\n<meta property=\"article:publisher\" content=\"https:\/\/www.facebook.com\/SpazioCiclismo\/\" \/>\n<meta property=\"article:published_time\" content=\"2026-09-05T19:00:45+00:00\" \/>\n<meta property=\"article:modified_time\" content=\"2026-09-05T19:21:32+00:00\" \/>\n<meta property=\"og:image\" content=\"https:\/\/cyclingpro.net\/spaziociclismo\/wp-content\/uploads\/2026\/09\/Vuelta-a-Espana-2026-Tappa-14-Gruppo.jpg\" \/>\n\t<meta property=\"og:image:width\" content=\"1200\" \/>\n\t<meta property=\"og:image:height\" content=\"800\" \/>\n\t<meta property=\"og:image:type\" content=\"image\/jpeg\" \/>\n<meta name=\"author\" content=\"Davide Filippi\" \/>\n<meta name=\"twitter:card\" content=\"summary_large_image\" \/>\n<meta name=\"twitter:creator\" content=\"@spaziociclismo\" \/>\n<meta name=\"twitter:site\" content=\"@spaziociclismo\" \/>\n<meta name=\"twitter:label1\" content=\"Scritto da\" \/>\n\t<meta name=\"twitter:data1\" content=\"Davide Filippi\" \/>\n\t<meta name=\"twitter:label2\" content=\"Tempo di lettura stimato\" \/>\n\t<meta name=\"twitter:data2\" content=\"3 minuti\" \/>\n<script type=\"application\/ld+json\" class=\"yoast-schema-graph\">{\"@context\":\"https:\\\/\\\/schema.org\",\"@graph\":[{\"@type\":\"Article\",\"@id\":\"https:\\\/\\\/cyclingpro.net\\\/spaziociclismo\\\/topflop\\\/vuelta-a-espana-2026-top-flop-del-giorno-14\\\/#article\",\"isPartOf\":{\"@id\":\"https:\\\/\\\/cyclingpro.net\\\/spaziociclismo\\\/topflop\\\/vuelta-a-espana-2026-top-flop-del-giorno-14\\\/\"},\"author\":{\"name\":\"Davide Filippi\",\"@id\":\"https:\\\/\\\/cyclingpro.net\\\/spaziociclismo\\\/#\\\/schema\\\/person\\\/5b11f525424bc937dcd939655cae5de3\"},\"headline\":\"Vuelta a Espa\u00f1a 2026, Top\\\/Flop del giorno\",\"datePublished\":\"2026-09-05T19:00:45+00:00\",\"dateModified\":\"2026-09-05T19:21:32+00:00\",\"mainEntityOfPage\":{\"@id\":\"https:\\\/\\\/cyclingpro.net\\\/spaziociclismo\\\/topflop\\\/vuelta-a-espana-2026-top-flop-del-giorno-14\\\/\"},\"wordCount\":537,\"commentCount\":0,\"publisher\":{\"@id\":\"https:\\\/\\\/cyclingpro.net\\\/spaziociclismo\\\/#organization\"},\"image\":{\"@id\":\"https:\\\/\\\/cyclingpro.net\\\/spaziociclismo\\\/topflop\\\/vuelta-a-espana-2026-top-flop-del-giorno-14\\\/#primaryimage\"},\"thumbnailUrl\":\"https:\\\/\\\/cyclingpro.net\\\/spaziociclismo\\\/wp-content\\\/uploads\\\/2026\\\/09\\\/Vuelta-a-Espana-2026-Tappa-14-Gruppo.jpg\",\"keywords\":[\"Vuelta a Espa\u00f1a 2026\"],\"articleSection\":[\"Top\\\/Flop\",\"Vetrina\",\"Vuelta 2026\"],\"inLanguage\":\"it-IT\",\"potentialAction\":[{\"@type\":\"CommentAction\",\"name\":\"Comment\",\"target\":[\"https:\\\/\\\/cyclingpro.net\\\/spaziociclismo\\\/topflop\\\/vuelta-a-espana-2026-top-flop-del-giorno-14\\\/#respond\"]}]},{\"@type\":\"WebPage\",\"@id\":\"https:\\\/\\\/cyclingpro.net\\\/spaziociclismo\\\/topflop\\\/vuelta-a-espana-2026-top-flop-del-giorno-14\\\/\",\"url\":\"https:\\\/\\\/cyclingpro.net\\\/spaziociclismo\\\/topflop\\\/vuelta-a-espana-2026-top-flop-del-giorno-14\\\/\",\"name\":\"Vuelta a Espa\u00f1a 2026, Top\\\/Flop del giorno - SpazioCiclismo\",\"isPartOf\":{\"@id\":\"https:\\\/\\\/cyclingpro.net\\\/spaziociclismo\\\/#website\"},\"primaryImageOfPage\":{\"@id\":\"https:\\\/\\\/cyclingpro.net\\\/spaziociclismo\\\/topflop\\\/vuelta-a-espana-2026-top-flop-del-giorno-14\\\/#primaryimage\"},\"image\":{\"@id\":\"https:\\\/\\\/cyclingpro.net\\\/spaziociclismo\\\/topflop\\\/vuelta-a-espana-2026-top-flop-del-giorno-14\\\/#primaryimage\"},\"thumbnailUrl\":\"https:\\\/\\\/cyclingpro.net\\\/spaziociclismo\\\/wp-content\\\/uploads\\\/2026\\\/09\\\/Vuelta-a-Espana-2026-Tappa-14-Gruppo.jpg\",\"datePublished\":\"2026-09-05T19:00:45+00:00\",\"dateModified\":\"2026-09-05T19:21:32+00:00\",\"breadcrumb\":{\"@id\":\"https:\\\/\\\/cyclingpro.net\\\/spaziociclismo\\\/topflop\\\/vuelta-a-espana-2026-top-flop-del-giorno-14\\\/#breadcrumb\"},\"inLanguage\":\"it-IT\",\"potentialAction\":[{\"@type\":\"ReadAction\",\"target\":[\"https:\\\/\\\/cyclingpro.net\\\/spaziociclismo\\\/topflop\\\/vuelta-a-espana-2026-top-flop-del-giorno-14\\\/\"]}]},{\"@type\":\"ImageObject\",\"inLanguage\":\"it-IT\",\"@id\":\"https:\\\/\\\/cyclingpro.net\\\/spaziociclismo\\\/topflop\\\/vuelta-a-espana-2026-top-flop-del-giorno-14\\\/#primaryimage\",\"url\":\"https:\\\/\\\/cyclingpro.net\\\/spaziociclismo\\\/wp-content\\\/uploads\\\/2026\\\/09\\\/Vuelta-a-Espana-2026-Tappa-14-Gruppo.jpg\",\"contentUrl\":\"https:\\\/\\\/cyclingpro.net\\\/spaziociclismo\\\/wp-content\\\/uploads\\\/2026\\\/09\\\/Vuelta-a-Espana-2026-Tappa-14-Gruppo.jpg\",\"width\":1200,\"height\":800,\"caption\":\"\u00a9 Sirotti\"},{\"@type\":\"BreadcrumbList\",\"@id\":\"https:\\\/\\\/cyclingpro.net\\\/spaziociclismo\\\/topflop\\\/vuelta-a-espana-2026-top-flop-del-giorno-14\\\/#breadcrumb\",\"itemListElement\":[{\"@type\":\"ListItem\",\"position\":1,\"name\":\"Home\",\"item\":\"https:\\\/\\\/cyclingpro.net\\\/spaziociclismo\\\/\"},{\"@type\":\"ListItem\",\"position\":2,\"name\":\"Vuelta a Espa\u00f1a 2026, Top\\\/Flop del giorno\"}]},{\"@type\":\"WebSite\",\"@id\":\"https:\\\/\\\/cyclingpro.net\\\/spaziociclismo\\\/#website\",\"url\":\"https:\\\/\\\/cyclingpro.net\\\/spaziociclismo\\\/\",\"name\":\"SpazioCiclismo\",\"description\":\"Tutto il ciclismo minuto per minuto\",\"publisher\":{\"@id\":\"https:\\\/\\\/cyclingpro.net\\\/spaziociclismo\\\/#organization\"},\"potentialAction\":[{\"@type\":\"SearchAction\",\"target\":{\"@type\":\"EntryPoint\",\"urlTemplate\":\"https:\\\/\\\/cyclingpro.net\\\/spaziociclismo\\\/?s={search_term_string}\"},\"query-input\":{\"@type\":\"PropertyValueSpecification\",\"valueRequired\":true,\"valueName\":\"search_term_string\"}}],\"inLanguage\":\"it-IT\"},{\"@type\":\"Organization\",\"@id\":\"https:\\\/\\\/cyclingpro.net\\\/spaziociclismo\\\/#organization\",\"name\":\"SpazioCiclismo\",\"url\":\"https:\\\/\\\/cyclingpro.net\\\/spaziociclismo\\\/\",\"logo\":{\"@type\":\"ImageObject\",\"inLanguage\":\"it-IT\",\"@id\":\"https:\\\/\\\/cyclingpro.net\\\/spaziociclismo\\\/#\\\/schema\\\/logo\\\/image\\\/\",\"url\":\"https:\\\/\\\/cyclingpro.net\\\/spaziociclismo\\\/wp-content\\\/uploads\\\/2017\\\/02\\\/SpazioCiclismo-Logo-Quadrato.png\",\"contentUrl\":\"https:\\\/\\\/cyclingpro.net\\\/spaziociclismo\\\/wp-content\\\/uploads\\\/2017\\\/02\\\/SpazioCiclismo-Logo-Quadrato.png\",\"width\":450,\"height\":450,\"caption\":\"SpazioCiclismo\"},\"image\":{\"@id\":\"https:\\\/\\\/cyclingpro.net\\\/spaziociclismo\\\/#\\\/schema\\\/logo\\\/image\\\/\"},\"sameAs\":[\"https:\\\/\\\/www.facebook.com\\\/SpazioCiclismo\\\/\",\"https:\\\/\\\/x.com\\\/spaziociclismo\",\"https:\\\/\\\/www.instagram.com\\\/spaziociclismo\\\/\"]},{\"@type\":\"Person\",\"@id\":\"https:\\\/\\\/cyclingpro.net\\\/spaziociclismo\\\/#\\\/schema\\\/person\\\/5b11f525424bc937dcd939655cae5de3\",\"name\":\"Davide Filippi\",\"image\":{\"@type\":\"ImageObject\",\"inLanguage\":\"it-IT\",\"@id\":\"https:\\\/\\\/secure.gravatar.com\\\/avatar\\\/acf38569376402ef43c46c36ea62f8a431f13c39fac703a2ed157f3bbfa5c1ab?s=96&d=mm&r=g\",\"url\":\"https:\\\/\\\/secure.gravatar.com\\\/avatar\\\/acf38569376402ef43c46c36ea62f8a431f13c39fac703a2ed157f3bbfa5c1ab?s=96&d=mm&r=g\",\"contentUrl\":\"https:\\\/\\\/secure.gravatar.com\\\/avatar\\\/acf38569376402ef43c46c36ea62f8a431f13c39fac703a2ed157f3bbfa5c1ab?s=96&d=mm&r=g\",\"caption\":\"Davide Filippi\"},\"url\":\"https:\\\/\\\/cyclingpro.net\\\/spaziociclismo\\\/author\\\/dfilippi\\\/\"}]}<\/script>\n<!-- \/ Yoast SEO plugin. -->","yoast_head_json":{"title":"Vuelta a Espa\u00f1a 2026, Top\/Flop del giorno - SpazioCiclismo","robots":{"index":"index","follow":"follow","max-snippet":"max-snippet:-1","max-image-preview":"max-image-preview:large","max-video-preview":"max-video-preview:-1"},"canonical":"https:\/\/cyclingpro.net\/spaziociclismo\/topflop\/vuelta-a-espana-2026-top-flop-del-giorno-14\/","og_locale":"it_IT","og_type":"article","og_title":"Vuelta a Espa\u00f1a 2026, Top\/Flop del giorno - SpazioCiclismo","og_description":"Promossi e bocciati della quattordicesima tappa de #LaVuelta26","og_url":"https:\/\/cyclingpro.net\/spaziociclismo\/topflop\/vuelta-a-espana-2026-top-flop-del-giorno-14\/","og_site_name":"SpazioCiclismo","article_publisher":"https:\/\/www.facebook.com\/SpazioCiclismo\/","article_published_time":"2026-09-05T19:00:45+00:00","article_modified_time":"2026-09-05T19:21:32+00:00","og_image":[{"width":1200,"height":800,"url":"https:\/\/cyclingpro.net\/spaziociclismo\/wp-content\/uploads\/2026\/09\/Vuelta-a-Espana-2026-Tappa-14-Gruppo.jpg","type":"image\/jpeg"}],"author":"Davide Filippi","twitter_card":"summary_large_image","twitter_creator":"@spaziociclismo","twitter_site":"@spaziociclismo","twitter_misc":{"Scritto da":"Davide Filippi","Tempo di lettura stimato":"3 minuti"},"schema":{"@context":"https:\/\/schema.org","@graph":[{"@type":"Article","@id":"https:\/\/cyclingpro.net\/spaziociclismo\/topflop\/vuelta-a-espana-2026-top-flop-del-giorno-14\/#article","isPartOf":{"@id":"https:\/\/cyclingpro.net\/spaziociclismo\/topflop\/vuelta-a-espana-2026-top-flop-del-giorno-14\/"},"author":{"name":"Davide Filippi","@id":"https:\/\/cyclingpro.net\/spaziociclismo\/#\/schema\/person\/5b11f525424bc937dcd939655cae5de3"},"headline":"Vuelta a Espa\u00f1a 2026, Top\/Flop del giorno","datePublished":"2026-09-05T19:00:45+00:00","dateModified":"2026-09-05T19:21:32+00:00","mainEntityOfPage":{"@id":"https:\/\/cyclingpro.net\/spaziociclismo\/topflop\/vuelta-a-espana-2026-top-flop-del-giorno-14\/"},"wordCount":537,"commentCount":0,"publisher":{"@id":"https:\/\/cyclingpro.net\/spaziociclismo\/#organization"},"image":{"@id":"https:\/\/cyclingpro.net\/spaziociclismo\/topflop\/vuelta-a-espana-2026-top-flop-del-giorno-14\/#primaryimage"},"thumbnailUrl":"https:\/\/cyclingpro.net\/spaziociclismo\/wp-content\/uploads\/2026\/09\/Vuelta-a-Espana-2026-Tappa-14-Gruppo.jpg","keywords":["Vuelta a Espa\u00f1a 2026"],"articleSection":["Top\/Flop","Vetrina","Vuelta 2026"],"inLanguage":"it-IT","potentialAction":[{"@type":"CommentAction","name":"Comment","target":["https:\/\/cyclingpro.net\/spaziociclismo\/topflop\/vuelta-a-espana-2026-top-flop-del-giorno-14\/#respond"]}]},{"@type":"WebPage","@id":"https:\/\/cyclingpro.net\/spaziociclismo\/topflop\/vuelta-a-espana-2026-top-flop-del-giorno-14\/","url":"https:\/\/cyclingpro.net\/spaziociclismo\/topflop\/vuelta-a-espana-2026-top-flop-del-giorno-14\/","name":"Vuelta a Espa\u00f1a 2026, Top\/Flop del giorno - SpazioCiclismo","isPartOf":{"@id":"https:\/\/cyclingpro.net\/spaziociclismo\/#website"},"primaryImageOfPage":{"@id":"https:\/\/cyclingpro.net\/spaziociclismo\/topflop\/vuelta-a-espana-2026-top-flop-del-giorno-14\/#primaryimage"},"image":{"@id":"https:\/\/cyclingpro.net\/spaziociclismo\/topflop\/vuelta-a-espana-2026-top-flop-del-giorno-14\/#primaryimage"},"thumbnailUrl":"https:\/\/cyclingpro.net\/spaziociclismo\/wp-content\/uploads\/2026\/09\/Vuelta-a-Espana-2026-Tappa-14-Gruppo.jpg","datePublished":"2026-09-05T19:00:45+00:00","dateModified":"2026-09-05T19:21:32+00:00","breadcrumb":{"@id":"https:\/\/cyclingpro.net\/spaziociclismo\/topflop\/vuelta-a-espana-2026-top-flop-del-giorno-14\/#breadcrumb"},"inLanguage":"it-IT","potentialAction":[{"@type":"ReadAction","target":["https:\/\/cyclingpro.net\/spaziociclismo\/topflop\/vuelta-a-espana-2026-top-flop-del-giorno-14\/"]}]},{"@type":"ImageObject","inLanguage":"it-IT","@id":"https:\/\/cyclingpro.net\/spaziociclismo\/topflop\/vuelta-a-espana-2026-top-flop-del-giorno-14\/#primaryimage","url":"https:\/\/cyclingpro.net\/spaziociclismo\/wp-content\/uploads\/2026\/09\/Vuelta-a-Espana-2026-Tappa-14-Gruppo.jpg","contentUrl":"https:\/\/cyclingpro.net\/spaziociclismo\/wp-content\/uploads\/2026\/09\/Vuelta-a-Espana-2026-Tappa-14-Gruppo.jpg","width":1200,"height":800,"caption":"\u00a9 Sirotti"},{"@type":"BreadcrumbList","@id":"https:\/\/cyclingpro.net\/spaziociclismo\/topflop\/vuelta-a-espana-2026-top-flop-del-giorno-14\/#breadcrumb","itemListElement":[{"@type":"ListItem","position":1,"name":"Home","item":"https:\/\/cyclingpro.net\/spaziociclismo\/"},{"@type":"ListItem","position":2,"name":"Vuelta a Espa\u00f1a 2026, Top\/Flop del giorno"}]},{"@type":"WebSite","@id":"https:\/\/cyclingpro.net\/spaziociclismo\/#website","url":"https:\/\/cyclingpro.net\/spaziociclismo\/","name":"SpazioCiclismo","description":"Tutto il ciclismo minuto per minuto","publisher":{"@id":"https:\/\/cyclingpro.net\/spaziociclismo\/#organization"},"potentialAction":[{"@type":"SearchAction","target":{"@type":"EntryPoint","urlTemplate":"https:\/\/cyclingpro.net\/spaziociclismo\/?s={search_term_string}"},"query-input":{"@type":"PropertyValueSpecification","valueRequired":true,"valueName":"search_term_string"}}],"inLanguage":"it-IT"},{"@type":"Organization","@id":"https:\/\/cyclingpro.net\/spaziociclismo\/#organization","name":"SpazioCiclismo","url":"https:\/\/cyclingpro.net\/spaziociclismo\/","logo":{"@type":"ImageObject","inLanguage":"it-IT","@id":"https:\/\/cyclingpro.net\/spaziociclismo\/#\/schema\/logo\/image\/","url":"https:\/\/cyclingpro.net\/spaziociclismo\/wp-content\/uploads\/2017\/02\/SpazioCiclismo-Logo-Quadrato.png","contentUrl":"https:\/\/cyclingpro.net\/spaziociclismo\/wp-content\/uploads\/2017\/02\/SpazioCiclismo-Logo-Quadrato.png","width":450,"height":450,"caption":"SpazioCiclismo"},"image":{"@id":"https:\/\/cyclingpro.net\/spaziociclismo\/#\/schema\/logo\/image\/"},"sameAs":["https:\/\/www.facebook.com\/SpazioCiclismo\/","https:\/\/x.com\/spaziociclismo","https:\/\/www.instagram.com\/spaziociclismo\/"]},{"@type":"Person","@id":"https:\/\/cyclingpro.net\/spaziociclismo\/#\/schema\/person\/5b11f525424bc937dcd939655cae5de3","name":"Davide Filippi","image":{"@type":"ImageObject","inLanguage":"it-IT","@id":"https:\/\/secure.gravatar.com\/avatar\/acf38569376402ef43c46c36ea62f8a431f13c39fac703a2ed157f3bbfa5c1ab?s=96&d=mm&r=g","url":"https:\/\/secure.gravatar.com\/avatar\/acf38569376402ef43c46c36ea62f8a431f13c39fac703a2ed157f3bbfa5c1ab?s=96&d=mm&r=g","contentUrl":"https:\/\/secure.gravatar.com\/avatar\/acf38569376402ef43c46c36ea62f8a431f13c39fac703a2ed157f3bbfa5c1ab?s=96&d=mm&r=g","caption":"Davide Filippi"},"url":"https:\/\/cyclingpro.net\/spaziociclismo\/author\/dfilippi\/"}]}},"_links":{"self":[{"href":"https:\/\/cyclingpro.net\/spaziociclismo\/wp-json\/wp\/v2\/posts\/393930","targetHints":{"allow":["GET"]}}],"collection":[{"href":"https:\/\/cyclingpro.net\/spaziociclismo\/wp-json\/wp\/v2\/posts"}],"about":[{"href":"https:\/\/cyclingpro.net\/spaziociclismo\/wp-json\/wp\/v2\/types\/post"}],"author":[{"embeddable":true,"href":"https:\/\/cyclingpro.net\/spaziociclismo\/wp-json\/wp\/v2\/users\/27"}],"replies":[{"embeddable":true,"href":"https:\/\/cyclingpro.net\/spaziociclismo\/wp-json\/wp\/v2\/comments?post=393930"}],"version-history":[{"count":1,"href":"https:\/\/cyclingpro.net\/spaziociclismo\/wp-json\/wp\/v2\/posts\/393930\/revisions"}],"predecessor-version":[{"id":393937,"href":"https:\/\/cyclingpro.net\/spaziociclismo\/wp-json\/wp\/v2\/posts\/393930\/revisions\/393937"}],"wp:featuredmedia":[{"embeddable":true,"href":"https:\/\/cyclingpro.net\/spaziociclismo\/wp-json\/wp\/v2\/media\/393935"}],"wp:attachment":[{"href":"https:\/\/cyclingpro.net\/spaziociclismo\/wp-json\/wp\/v2\/media?parent=393930"}],"wp:term":[{"taxonomy":"category","embeddable":true,"href":"https:\/\/cyclingpro.net\/spaziociclismo\/wp-json\/wp\/v2\/categories?post=393930"},{"taxonomy":"post_tag","embeddable":true,"href":"https:\/\/cyclingpro.net\/spaziociclismo\/wp-json\/wp\/v2\/tags?post=393930"}],"curies":[{"name":"wp","href":"https:\/\/api.w.org\/{rel}","templated":true}]}}