{"id":393922,"date":"2026-09-05T20:20:56","date_gmt":"2026-09-05T18:20:56","guid":{"rendered":"https:\/\/cyclingpro.net\/spaziociclismo\/?p=393922"},"modified":"2026-09-05T20:35:32","modified_gmt":"2026-09-05T18:35:32","slug":"vuelta-a-espana-2026-enric-mas-sempre-piu-in-maglia-rossa-a-poco-a-poco-stiamo-guadagnando-terreno-oggi-e-andato-tutto-alla-perfezione","status":"publish","type":"post","link":"https:\/\/cyclingpro.net\/spaziociclismo\/vuelta-2026\/vuelta-a-espana-2026-enric-mas-sempre-piu-in-maglia-rossa-a-poco-a-poco-stiamo-guadagnando-terreno-oggi-e-andato-tutto-alla-perfezione\/","title":{"rendered":"Vuelta a Espa\u00f1a 2026, Enric Mas sempre pi\u00f9 in Maglia Rossa: &#8220;A poco a poco, stiamo guadagnando terreno. Oggi \u00e8 andato tutto alla perfezione&#8221;"},"content":{"rendered":"<p><strong>Enric Mas<\/strong> guadagna ancora terreno su quasi tutti i rivali nella quattordicesima tappa della <strong>Vuelta a Espa\u00f1a 2026<\/strong>. Sull&#8217;ascesa finale di <strong>Sierra de la Pandera<\/strong>, il capitano della <strong>Movistar<\/strong> \u00e8 infatti riuscito a fare nuovamente la differenza e a staccare gli altri big con l&#8217;eccezione di un propositivo <strong>Felix Gall<\/strong> (Decathlon CMA CGM), rafforzando dunque ulteriormente la Maglia Rossa in vista della decisiva terza e ultima settimana. Il 31enne ha rifilato altri 25&#8243; a <strong>Primo\u017e Rogli\u010d<\/strong> (Red Bull-Bora-hansgrohe) e ora ha un margine di pi\u00f9 di due minuti sia sullo sloveno che sull&#8217;austriaco, cosa che gli permette di guardare con pi\u00f9 fiducia alle prossime tappe considerando anche la forza dimostrata dai suoi compagni di squadra, che anche oggi l&#8217;hanno supportato al meglio e hanno eseguito alla perfezione il piano pre-tappa.<\/p>\n<p>&#8220;<strong>Il piano era quello di cui avevamo discusso sul bus<\/strong> &#8211; ha dichiarato Mas ai microfoni di <em>Eurosport<\/em> &#8211; Ci sono sempre diversi piani, vista la possibilit\u00e0 che si verifichino imprevisti durante la gara, ma <strong>questo era il piano A ed \u00e8 stato semplicemente perfetto<\/strong>&#8220;. Per lo scalatore iberico \u00e8 anche arrivato una sorta di riscatto sulla salita finale odierna: &#8220;<strong>Onestamente, avevo brutti ricordi di questa salita<\/strong> perch\u00e9 credo fosse nel 2022 quando Primo\u017e mi ha staccato di oltre 30 secondi, 38 credo. <strong>Oggi \u00e8 stato diverso. Fortunatamente, \u00e8 andata al contrario. A poco a poco, stiamo guadagnando terreno<\/strong>&#8220;.<\/p>\n<p>Se in chiave classifica tutto \u00e8 andato per il meglio, il 31enne e la sua squadra si sono invece disinteressati alla vittoria di tappa, lasciando spazio alla fuga: &#8220;<strong>La verit\u00e0 \u00e8 che voglio vincere la Vuelta<\/strong>&#8220;, ha enfatizzato Mas, che ora guarda alle prossime giornate: &#8220;Domani sar\u00e0 un\u2019altra giornata cruciale, in cui far\u00e0 un caldo estremo, pi\u00f9 di oggi e, credo, anche pi\u00f9 di ieri. <strong>Dopodich\u00e9 avremo una giornata di riposo che, a mio avviso, sar\u00e0 importante per recuperare le forze e affrontare l\u2019ultima settimana<\/strong>&#8220;. Terza settimana che avr\u00e0 diverse tappe impegnative, ma lo spagnolo \u00e8 fiducioso considerando la forma dimostrata: &#8220;<strong>\u00c8 difficile quando non hai n\u00e9 il giusto livello n\u00e9 le gambe. Adesso \u00e8 tutto molto pi\u00f9 facile&#8221;<\/strong>.<\/p>\n","protected":false},"excerpt":{"rendered":"<p>Enric Mas guadagna ancora terreno su quasi tutti i rivali nella quattordicesima tappa de #LaVuelta26<\/p>\n","protected":false},"author":27,"featured_media":393918,"comment_status":"open","ping_status":"closed","sticky":false,"template":"","format":"standard","meta":{"footnotes":"","_members_access_role":[],"_members_access_error":""},"categories":[6589],"tags":[1279,6625,5752],"class_list":["post-393922","post","type-post","status-publish","format-standard","has-post-thumbnail","hentry","category-vuelta-2026","tag-enric-mas","tag-movistar-team-2026","tag-vuelta-a-espana-2026"],"yoast_head":"<!-- This site is optimized with the Yoast SEO plugin v28.4 - https:\/\/yoast.com\/product\/yoast-seo-wordpress\/ -->\n<title>Vuelta a Espa\u00f1a 2026, Enric Mas sempre pi\u00f9 in Maglia Rossa: &quot;A poco a poco, stiamo guadagnando terreno. Oggi \u00e8 andato tutto alla perfezione&quot; - SpazioCiclismo<\/title>\n<meta name=\"robots\" content=\"index, follow, max-snippet:-1, max-image-preview:large, max-video-preview:-1\" \/>\n<link rel=\"canonical\" href=\"https:\/\/cyclingpro.net\/spaziociclismo\/vuelta-2026\/vuelta-a-espana-2026-enric-mas-sempre-piu-in-maglia-rossa-a-poco-a-poco-stiamo-guadagnando-terreno-oggi-e-andato-tutto-alla-perfezione\/\" \/>\n<meta property=\"og:locale\" content=\"it_IT\" \/>\n<meta property=\"og:type\" content=\"article\" \/>\n<meta property=\"og:title\" content=\"Vuelta a Espa\u00f1a 2026, Enric Mas sempre pi\u00f9 in Maglia Rossa: &quot;A poco a poco, stiamo guadagnando terreno. Oggi \u00e8 andato tutto alla perfezione&quot; - SpazioCiclismo\" \/>\n<meta property=\"og:description\" content=\"Enric Mas guadagna ancora terreno su quasi tutti i rivali nella quattordicesima tappa de #LaVuelta26\" \/>\n<meta property=\"og:url\" content=\"https:\/\/cyclingpro.net\/spaziociclismo\/vuelta-2026\/vuelta-a-espana-2026-enric-mas-sempre-piu-in-maglia-rossa-a-poco-a-poco-stiamo-guadagnando-terreno-oggi-e-andato-tutto-alla-perfezione\/\" \/>\n<meta property=\"og:site_name\" content=\"SpazioCiclismo\" \/>\n<meta property=\"article:publisher\" content=\"https:\/\/www.facebook.com\/SpazioCiclismo\/\" \/>\n<meta property=\"article:published_time\" content=\"2026-09-05T18:20:56+00:00\" \/>\n<meta property=\"article:modified_time\" content=\"2026-09-05T18:35:32+00:00\" \/>\n<meta property=\"og:image\" content=\"https:\/\/cyclingpro.net\/spaziociclismo\/wp-content\/uploads\/2026\/09\/Enric-Mas-Podio-Maglia-Rossa-Tappa-14-Vuelta-a-Espana-2026.jpg\" \/>\n\t<meta property=\"og:image:width\" content=\"1200\" \/>\n\t<meta property=\"og:image:height\" content=\"800\" \/>\n\t<meta property=\"og:image:type\" content=\"image\/jpeg\" \/>\n<meta name=\"author\" content=\"Davide Filippi\" \/>\n<meta name=\"twitter:card\" content=\"summary_large_image\" \/>\n<meta name=\"twitter:creator\" content=\"@spaziociclismo\" \/>\n<meta name=\"twitter:site\" content=\"@spaziociclismo\" \/>\n<meta name=\"twitter:label1\" content=\"Scritto da\" \/>\n\t<meta name=\"twitter:data1\" content=\"Davide Filippi\" \/>\n\t<meta name=\"twitter:label2\" content=\"Tempo di lettura stimato\" \/>\n\t<meta name=\"twitter:data2\" content=\"3 minuti\" \/>\n<script type=\"application\/ld+json\" class=\"yoast-schema-graph\">{\"@context\":\"https:\\\/\\\/schema.org\",\"@graph\":[{\"@type\":\"Article\",\"@id\":\"https:\\\/\\\/cyclingpro.net\\\/spaziociclismo\\\/vuelta-2026\\\/vuelta-a-espana-2026-enric-mas-sempre-piu-in-maglia-rossa-a-poco-a-poco-stiamo-guadagnando-terreno-oggi-e-andato-tutto-alla-perfezione\\\/#article\",\"isPartOf\":{\"@id\":\"https:\\\/\\\/cyclingpro.net\\\/spaziociclismo\\\/vuelta-2026\\\/vuelta-a-espana-2026-enric-mas-sempre-piu-in-maglia-rossa-a-poco-a-poco-stiamo-guadagnando-terreno-oggi-e-andato-tutto-alla-perfezione\\\/\"},\"author\":{\"name\":\"Davide Filippi\",\"@id\":\"https:\\\/\\\/cyclingpro.net\\\/spaziociclismo\\\/#\\\/schema\\\/person\\\/5b11f525424bc937dcd939655cae5de3\"},\"headline\":\"Vuelta a Espa\u00f1a 2026, Enric Mas sempre pi\u00f9 in Maglia Rossa: &#8220;A poco a poco, stiamo guadagnando terreno. Oggi \u00e8 andato tutto alla perfezione&#8221;\",\"datePublished\":\"2026-09-05T18:20:56+00:00\",\"dateModified\":\"2026-09-05T18:35:32+00:00\",\"mainEntityOfPage\":{\"@id\":\"https:\\\/\\\/cyclingpro.net\\\/spaziociclismo\\\/vuelta-2026\\\/vuelta-a-espana-2026-enric-mas-sempre-piu-in-maglia-rossa-a-poco-a-poco-stiamo-guadagnando-terreno-oggi-e-andato-tutto-alla-perfezione\\\/\"},\"wordCount\":363,\"commentCount\":0,\"publisher\":{\"@id\":\"https:\\\/\\\/cyclingpro.net\\\/spaziociclismo\\\/#organization\"},\"image\":{\"@id\":\"https:\\\/\\\/cyclingpro.net\\\/spaziociclismo\\\/vuelta-2026\\\/vuelta-a-espana-2026-enric-mas-sempre-piu-in-maglia-rossa-a-poco-a-poco-stiamo-guadagnando-terreno-oggi-e-andato-tutto-alla-perfezione\\\/#primaryimage\"},\"thumbnailUrl\":\"https:\\\/\\\/cyclingpro.net\\\/spaziociclismo\\\/wp-content\\\/uploads\\\/2026\\\/09\\\/Enric-Mas-Podio-Maglia-Rossa-Tappa-14-Vuelta-a-Espana-2026.jpg\",\"keywords\":[\"Enric Mas\",\"Movistar Team 2026\",\"Vuelta a Espa\u00f1a 2026\"],\"articleSection\":[\"Vuelta 2026\"],\"inLanguage\":\"it-IT\",\"potentialAction\":[{\"@type\":\"CommentAction\",\"name\":\"Comment\",\"target\":[\"https:\\\/\\\/cyclingpro.net\\\/spaziociclismo\\\/vuelta-2026\\\/vuelta-a-espana-2026-enric-mas-sempre-piu-in-maglia-rossa-a-poco-a-poco-stiamo-guadagnando-terreno-oggi-e-andato-tutto-alla-perfezione\\\/#respond\"]}]},{\"@type\":\"WebPage\",\"@id\":\"https:\\\/\\\/cyclingpro.net\\\/spaziociclismo\\\/vuelta-2026\\\/vuelta-a-espana-2026-enric-mas-sempre-piu-in-maglia-rossa-a-poco-a-poco-stiamo-guadagnando-terreno-oggi-e-andato-tutto-alla-perfezione\\\/\",\"url\":\"https:\\\/\\\/cyclingpro.net\\\/spaziociclismo\\\/vuelta-2026\\\/vuelta-a-espana-2026-enric-mas-sempre-piu-in-maglia-rossa-a-poco-a-poco-stiamo-guadagnando-terreno-oggi-e-andato-tutto-alla-perfezione\\\/\",\"name\":\"Vuelta a Espa\u00f1a 2026, Enric Mas sempre pi\u00f9 in Maglia Rossa: \\\"A poco a poco, stiamo guadagnando terreno. Oggi \u00e8 andato tutto alla perfezione\\\" - SpazioCiclismo\",\"isPartOf\":{\"@id\":\"https:\\\/\\\/cyclingpro.net\\\/spaziociclismo\\\/#website\"},\"primaryImageOfPage\":{\"@id\":\"https:\\\/\\\/cyclingpro.net\\\/spaziociclismo\\\/vuelta-2026\\\/vuelta-a-espana-2026-enric-mas-sempre-piu-in-maglia-rossa-a-poco-a-poco-stiamo-guadagnando-terreno-oggi-e-andato-tutto-alla-perfezione\\\/#primaryimage\"},\"image\":{\"@id\":\"https:\\\/\\\/cyclingpro.net\\\/spaziociclismo\\\/vuelta-2026\\\/vuelta-a-espana-2026-enric-mas-sempre-piu-in-maglia-rossa-a-poco-a-poco-stiamo-guadagnando-terreno-oggi-e-andato-tutto-alla-perfezione\\\/#primaryimage\"},\"thumbnailUrl\":\"https:\\\/\\\/cyclingpro.net\\\/spaziociclismo\\\/wp-content\\\/uploads\\\/2026\\\/09\\\/Enric-Mas-Podio-Maglia-Rossa-Tappa-14-Vuelta-a-Espana-2026.jpg\",\"datePublished\":\"2026-09-05T18:20:56+00:00\",\"dateModified\":\"2026-09-05T18:35:32+00:00\",\"breadcrumb\":{\"@id\":\"https:\\\/\\\/cyclingpro.net\\\/spaziociclismo\\\/vuelta-2026\\\/vuelta-a-espana-2026-enric-mas-sempre-piu-in-maglia-rossa-a-poco-a-poco-stiamo-guadagnando-terreno-oggi-e-andato-tutto-alla-perfezione\\\/#breadcrumb\"},\"inLanguage\":\"it-IT\",\"potentialAction\":[{\"@type\":\"ReadAction\",\"target\":[\"https:\\\/\\\/cyclingpro.net\\\/spaziociclismo\\\/vuelta-2026\\\/vuelta-a-espana-2026-enric-mas-sempre-piu-in-maglia-rossa-a-poco-a-poco-stiamo-guadagnando-terreno-oggi-e-andato-tutto-alla-perfezione\\\/\"]}]},{\"@type\":\"ImageObject\",\"inLanguage\":\"it-IT\",\"@id\":\"https:\\\/\\\/cyclingpro.net\\\/spaziociclismo\\\/vuelta-2026\\\/vuelta-a-espana-2026-enric-mas-sempre-piu-in-maglia-rossa-a-poco-a-poco-stiamo-guadagnando-terreno-oggi-e-andato-tutto-alla-perfezione\\\/#primaryimage\",\"url\":\"https:\\\/\\\/cyclingpro.net\\\/spaziociclismo\\\/wp-content\\\/uploads\\\/2026\\\/09\\\/Enric-Mas-Podio-Maglia-Rossa-Tappa-14-Vuelta-a-Espana-2026.jpg\",\"contentUrl\":\"https:\\\/\\\/cyclingpro.net\\\/spaziociclismo\\\/wp-content\\\/uploads\\\/2026\\\/09\\\/Enric-Mas-Podio-Maglia-Rossa-Tappa-14-Vuelta-a-Espana-2026.jpg\",\"width\":1200,\"height\":800,\"caption\":\"\u00a9 Sirotti\"},{\"@type\":\"BreadcrumbList\",\"@id\":\"https:\\\/\\\/cyclingpro.net\\\/spaziociclismo\\\/vuelta-2026\\\/vuelta-a-espana-2026-enric-mas-sempre-piu-in-maglia-rossa-a-poco-a-poco-stiamo-guadagnando-terreno-oggi-e-andato-tutto-alla-perfezione\\\/#breadcrumb\",\"itemListElement\":[{\"@type\":\"ListItem\",\"position\":1,\"name\":\"Home\",\"item\":\"https:\\\/\\\/cyclingpro.net\\\/spaziociclismo\\\/\"},{\"@type\":\"ListItem\",\"position\":2,\"name\":\"Vuelta a Espa\u00f1a 2026, Enric Mas sempre pi\u00f9 in Maglia Rossa: &#8220;A poco a poco, stiamo guadagnando terreno. Oggi \u00e8 andato tutto alla perfezione&#8221;\"}]},{\"@type\":\"WebSite\",\"@id\":\"https:\\\/\\\/cyclingpro.net\\\/spaziociclismo\\\/#website\",\"url\":\"https:\\\/\\\/cyclingpro.net\\\/spaziociclismo\\\/\",\"name\":\"SpazioCiclismo\",\"description\":\"Tutto il ciclismo minuto per minuto\",\"publisher\":{\"@id\":\"https:\\\/\\\/cyclingpro.net\\\/spaziociclismo\\\/#organization\"},\"potentialAction\":[{\"@type\":\"SearchAction\",\"target\":{\"@type\":\"EntryPoint\",\"urlTemplate\":\"https:\\\/\\\/cyclingpro.net\\\/spaziociclismo\\\/?s={search_term_string}\"},\"query-input\":{\"@type\":\"PropertyValueSpecification\",\"valueRequired\":true,\"valueName\":\"search_term_string\"}}],\"inLanguage\":\"it-IT\"},{\"@type\":\"Organization\",\"@id\":\"https:\\\/\\\/cyclingpro.net\\\/spaziociclismo\\\/#organization\",\"name\":\"SpazioCiclismo\",\"url\":\"https:\\\/\\\/cyclingpro.net\\\/spaziociclismo\\\/\",\"logo\":{\"@type\":\"ImageObject\",\"inLanguage\":\"it-IT\",\"@id\":\"https:\\\/\\\/cyclingpro.net\\\/spaziociclismo\\\/#\\\/schema\\\/logo\\\/image\\\/\",\"url\":\"https:\\\/\\\/cyclingpro.net\\\/spaziociclismo\\\/wp-content\\\/uploads\\\/2017\\\/02\\\/SpazioCiclismo-Logo-Quadrato.png\",\"contentUrl\":\"https:\\\/\\\/cyclingpro.net\\\/spaziociclismo\\\/wp-content\\\/uploads\\\/2017\\\/02\\\/SpazioCiclismo-Logo-Quadrato.png\",\"width\":450,\"height\":450,\"caption\":\"SpazioCiclismo\"},\"image\":{\"@id\":\"https:\\\/\\\/cyclingpro.net\\\/spaziociclismo\\\/#\\\/schema\\\/logo\\\/image\\\/\"},\"sameAs\":[\"https:\\\/\\\/www.facebook.com\\\/SpazioCiclismo\\\/\",\"https:\\\/\\\/x.com\\\/spaziociclismo\",\"https:\\\/\\\/www.instagram.com\\\/spaziociclismo\\\/\"]},{\"@type\":\"Person\",\"@id\":\"https:\\\/\\\/cyclingpro.net\\\/spaziociclismo\\\/#\\\/schema\\\/person\\\/5b11f525424bc937dcd939655cae5de3\",\"name\":\"Davide Filippi\",\"image\":{\"@type\":\"ImageObject\",\"inLanguage\":\"it-IT\",\"@id\":\"https:\\\/\\\/secure.gravatar.com\\\/avatar\\\/acf38569376402ef43c46c36ea62f8a431f13c39fac703a2ed157f3bbfa5c1ab?s=96&d=mm&r=g\",\"url\":\"https:\\\/\\\/secure.gravatar.com\\\/avatar\\\/acf38569376402ef43c46c36ea62f8a431f13c39fac703a2ed157f3bbfa5c1ab?s=96&d=mm&r=g\",\"contentUrl\":\"https:\\\/\\\/secure.gravatar.com\\\/avatar\\\/acf38569376402ef43c46c36ea62f8a431f13c39fac703a2ed157f3bbfa5c1ab?s=96&d=mm&r=g\",\"caption\":\"Davide Filippi\"},\"url\":\"https:\\\/\\\/cyclingpro.net\\\/spaziociclismo\\\/author\\\/dfilippi\\\/\"}]}<\/script>\n<!-- \/ Yoast SEO plugin. -->","yoast_head_json":{"title":"Vuelta a Espa\u00f1a 2026, Enric Mas sempre pi\u00f9 in Maglia Rossa: \"A poco a poco, stiamo guadagnando terreno. Oggi \u00e8 andato tutto alla perfezione\" - SpazioCiclismo","robots":{"index":"index","follow":"follow","max-snippet":"max-snippet:-1","max-image-preview":"max-image-preview:large","max-video-preview":"max-video-preview:-1"},"canonical":"https:\/\/cyclingpro.net\/spaziociclismo\/vuelta-2026\/vuelta-a-espana-2026-enric-mas-sempre-piu-in-maglia-rossa-a-poco-a-poco-stiamo-guadagnando-terreno-oggi-e-andato-tutto-alla-perfezione\/","og_locale":"it_IT","og_type":"article","og_title":"Vuelta a Espa\u00f1a 2026, Enric Mas sempre pi\u00f9 in Maglia Rossa: \"A poco a poco, stiamo guadagnando terreno. Oggi \u00e8 andato tutto alla perfezione\" - SpazioCiclismo","og_description":"Enric Mas guadagna ancora terreno su quasi tutti i rivali nella quattordicesima tappa de #LaVuelta26","og_url":"https:\/\/cyclingpro.net\/spaziociclismo\/vuelta-2026\/vuelta-a-espana-2026-enric-mas-sempre-piu-in-maglia-rossa-a-poco-a-poco-stiamo-guadagnando-terreno-oggi-e-andato-tutto-alla-perfezione\/","og_site_name":"SpazioCiclismo","article_publisher":"https:\/\/www.facebook.com\/SpazioCiclismo\/","article_published_time":"2026-09-05T18:20:56+00:00","article_modified_time":"2026-09-05T18:35:32+00:00","og_image":[{"width":1200,"height":800,"url":"https:\/\/cyclingpro.net\/spaziociclismo\/wp-content\/uploads\/2026\/09\/Enric-Mas-Podio-Maglia-Rossa-Tappa-14-Vuelta-a-Espana-2026.jpg","type":"image\/jpeg"}],"author":"Davide Filippi","twitter_card":"summary_large_image","twitter_creator":"@spaziociclismo","twitter_site":"@spaziociclismo","twitter_misc":{"Scritto da":"Davide Filippi","Tempo di lettura stimato":"3 minuti"},"schema":{"@context":"https:\/\/schema.org","@graph":[{"@type":"Article","@id":"https:\/\/cyclingpro.net\/spaziociclismo\/vuelta-2026\/vuelta-a-espana-2026-enric-mas-sempre-piu-in-maglia-rossa-a-poco-a-poco-stiamo-guadagnando-terreno-oggi-e-andato-tutto-alla-perfezione\/#article","isPartOf":{"@id":"https:\/\/cyclingpro.net\/spaziociclismo\/vuelta-2026\/vuelta-a-espana-2026-enric-mas-sempre-piu-in-maglia-rossa-a-poco-a-poco-stiamo-guadagnando-terreno-oggi-e-andato-tutto-alla-perfezione\/"},"author":{"name":"Davide Filippi","@id":"https:\/\/cyclingpro.net\/spaziociclismo\/#\/schema\/person\/5b11f525424bc937dcd939655cae5de3"},"headline":"Vuelta a Espa\u00f1a 2026, Enric Mas sempre pi\u00f9 in Maglia Rossa: &#8220;A poco a poco, stiamo guadagnando terreno. Oggi \u00e8 andato tutto alla perfezione&#8221;","datePublished":"2026-09-05T18:20:56+00:00","dateModified":"2026-09-05T18:35:32+00:00","mainEntityOfPage":{"@id":"https:\/\/cyclingpro.net\/spaziociclismo\/vuelta-2026\/vuelta-a-espana-2026-enric-mas-sempre-piu-in-maglia-rossa-a-poco-a-poco-stiamo-guadagnando-terreno-oggi-e-andato-tutto-alla-perfezione\/"},"wordCount":363,"commentCount":0,"publisher":{"@id":"https:\/\/cyclingpro.net\/spaziociclismo\/#organization"},"image":{"@id":"https:\/\/cyclingpro.net\/spaziociclismo\/vuelta-2026\/vuelta-a-espana-2026-enric-mas-sempre-piu-in-maglia-rossa-a-poco-a-poco-stiamo-guadagnando-terreno-oggi-e-andato-tutto-alla-perfezione\/#primaryimage"},"thumbnailUrl":"https:\/\/cyclingpro.net\/spaziociclismo\/wp-content\/uploads\/2026\/09\/Enric-Mas-Podio-Maglia-Rossa-Tappa-14-Vuelta-a-Espana-2026.jpg","keywords":["Enric Mas","Movistar Team 2026","Vuelta a Espa\u00f1a 2026"],"articleSection":["Vuelta 2026"],"inLanguage":"it-IT","potentialAction":[{"@type":"CommentAction","name":"Comment","target":["https:\/\/cyclingpro.net\/spaziociclismo\/vuelta-2026\/vuelta-a-espana-2026-enric-mas-sempre-piu-in-maglia-rossa-a-poco-a-poco-stiamo-guadagnando-terreno-oggi-e-andato-tutto-alla-perfezione\/#respond"]}]},{"@type":"WebPage","@id":"https:\/\/cyclingpro.net\/spaziociclismo\/vuelta-2026\/vuelta-a-espana-2026-enric-mas-sempre-piu-in-maglia-rossa-a-poco-a-poco-stiamo-guadagnando-terreno-oggi-e-andato-tutto-alla-perfezione\/","url":"https:\/\/cyclingpro.net\/spaziociclismo\/vuelta-2026\/vuelta-a-espana-2026-enric-mas-sempre-piu-in-maglia-rossa-a-poco-a-poco-stiamo-guadagnando-terreno-oggi-e-andato-tutto-alla-perfezione\/","name":"Vuelta a Espa\u00f1a 2026, Enric Mas sempre pi\u00f9 in Maglia Rossa: \"A poco a poco, stiamo guadagnando terreno. Oggi \u00e8 andato tutto alla perfezione\" - SpazioCiclismo","isPartOf":{"@id":"https:\/\/cyclingpro.net\/spaziociclismo\/#website"},"primaryImageOfPage":{"@id":"https:\/\/cyclingpro.net\/spaziociclismo\/vuelta-2026\/vuelta-a-espana-2026-enric-mas-sempre-piu-in-maglia-rossa-a-poco-a-poco-stiamo-guadagnando-terreno-oggi-e-andato-tutto-alla-perfezione\/#primaryimage"},"image":{"@id":"https:\/\/cyclingpro.net\/spaziociclismo\/vuelta-2026\/vuelta-a-espana-2026-enric-mas-sempre-piu-in-maglia-rossa-a-poco-a-poco-stiamo-guadagnando-terreno-oggi-e-andato-tutto-alla-perfezione\/#primaryimage"},"thumbnailUrl":"https:\/\/cyclingpro.net\/spaziociclismo\/wp-content\/uploads\/2026\/09\/Enric-Mas-Podio-Maglia-Rossa-Tappa-14-Vuelta-a-Espana-2026.jpg","datePublished":"2026-09-05T18:20:56+00:00","dateModified":"2026-09-05T18:35:32+00:00","breadcrumb":{"@id":"https:\/\/cyclingpro.net\/spaziociclismo\/vuelta-2026\/vuelta-a-espana-2026-enric-mas-sempre-piu-in-maglia-rossa-a-poco-a-poco-stiamo-guadagnando-terreno-oggi-e-andato-tutto-alla-perfezione\/#breadcrumb"},"inLanguage":"it-IT","potentialAction":[{"@type":"ReadAction","target":["https:\/\/cyclingpro.net\/spaziociclismo\/vuelta-2026\/vuelta-a-espana-2026-enric-mas-sempre-piu-in-maglia-rossa-a-poco-a-poco-stiamo-guadagnando-terreno-oggi-e-andato-tutto-alla-perfezione\/"]}]},{"@type":"ImageObject","inLanguage":"it-IT","@id":"https:\/\/cyclingpro.net\/spaziociclismo\/vuelta-2026\/vuelta-a-espana-2026-enric-mas-sempre-piu-in-maglia-rossa-a-poco-a-poco-stiamo-guadagnando-terreno-oggi-e-andato-tutto-alla-perfezione\/#primaryimage","url":"https:\/\/cyclingpro.net\/spaziociclismo\/wp-content\/uploads\/2026\/09\/Enric-Mas-Podio-Maglia-Rossa-Tappa-14-Vuelta-a-Espana-2026.jpg","contentUrl":"https:\/\/cyclingpro.net\/spaziociclismo\/wp-content\/uploads\/2026\/09\/Enric-Mas-Podio-Maglia-Rossa-Tappa-14-Vuelta-a-Espana-2026.jpg","width":1200,"height":800,"caption":"\u00a9 Sirotti"},{"@type":"BreadcrumbList","@id":"https:\/\/cyclingpro.net\/spaziociclismo\/vuelta-2026\/vuelta-a-espana-2026-enric-mas-sempre-piu-in-maglia-rossa-a-poco-a-poco-stiamo-guadagnando-terreno-oggi-e-andato-tutto-alla-perfezione\/#breadcrumb","itemListElement":[{"@type":"ListItem","position":1,"name":"Home","item":"https:\/\/cyclingpro.net\/spaziociclismo\/"},{"@type":"ListItem","position":2,"name":"Vuelta a Espa\u00f1a 2026, Enric Mas sempre pi\u00f9 in Maglia Rossa: &#8220;A poco a poco, stiamo guadagnando terreno. Oggi \u00e8 andato tutto alla perfezione&#8221;"}]},{"@type":"WebSite","@id":"https:\/\/cyclingpro.net\/spaziociclismo\/#website","url":"https:\/\/cyclingpro.net\/spaziociclismo\/","name":"SpazioCiclismo","description":"Tutto il ciclismo minuto per minuto","publisher":{"@id":"https:\/\/cyclingpro.net\/spaziociclismo\/#organization"},"potentialAction":[{"@type":"SearchAction","target":{"@type":"EntryPoint","urlTemplate":"https:\/\/cyclingpro.net\/spaziociclismo\/?s={search_term_string}"},"query-input":{"@type":"PropertyValueSpecification","valueRequired":true,"valueName":"search_term_string"}}],"inLanguage":"it-IT"},{"@type":"Organization","@id":"https:\/\/cyclingpro.net\/spaziociclismo\/#organization","name":"SpazioCiclismo","url":"https:\/\/cyclingpro.net\/spaziociclismo\/","logo":{"@type":"ImageObject","inLanguage":"it-IT","@id":"https:\/\/cyclingpro.net\/spaziociclismo\/#\/schema\/logo\/image\/","url":"https:\/\/cyclingpro.net\/spaziociclismo\/wp-content\/uploads\/2017\/02\/SpazioCiclismo-Logo-Quadrato.png","contentUrl":"https:\/\/cyclingpro.net\/spaziociclismo\/wp-content\/uploads\/2017\/02\/SpazioCiclismo-Logo-Quadrato.png","width":450,"height":450,"caption":"SpazioCiclismo"},"image":{"@id":"https:\/\/cyclingpro.net\/spaziociclismo\/#\/schema\/logo\/image\/"},"sameAs":["https:\/\/www.facebook.com\/SpazioCiclismo\/","https:\/\/x.com\/spaziociclismo","https:\/\/www.instagram.com\/spaziociclismo\/"]},{"@type":"Person","@id":"https:\/\/cyclingpro.net\/spaziociclismo\/#\/schema\/person\/5b11f525424bc937dcd939655cae5de3","name":"Davide Filippi","image":{"@type":"ImageObject","inLanguage":"it-IT","@id":"https:\/\/secure.gravatar.com\/avatar\/acf38569376402ef43c46c36ea62f8a431f13c39fac703a2ed157f3bbfa5c1ab?s=96&d=mm&r=g","url":"https:\/\/secure.gravatar.com\/avatar\/acf38569376402ef43c46c36ea62f8a431f13c39fac703a2ed157f3bbfa5c1ab?s=96&d=mm&r=g","contentUrl":"https:\/\/secure.gravatar.com\/avatar\/acf38569376402ef43c46c36ea62f8a431f13c39fac703a2ed157f3bbfa5c1ab?s=96&d=mm&r=g","caption":"Davide Filippi"},"url":"https:\/\/cyclingpro.net\/spaziociclismo\/author\/dfilippi\/"}]}},"_links":{"self":[{"href":"https:\/\/cyclingpro.net\/spaziociclismo\/wp-json\/wp\/v2\/posts\/393922","targetHints":{"allow":["GET"]}}],"collection":[{"href":"https:\/\/cyclingpro.net\/spaziociclismo\/wp-json\/wp\/v2\/posts"}],"about":[{"href":"https:\/\/cyclingpro.net\/spaziociclismo\/wp-json\/wp\/v2\/types\/post"}],"author":[{"embeddable":true,"href":"https:\/\/cyclingpro.net\/spaziociclismo\/wp-json\/wp\/v2\/users\/27"}],"replies":[{"embeddable":true,"href":"https:\/\/cyclingpro.net\/spaziociclismo\/wp-json\/wp\/v2\/comments?post=393922"}],"version-history":[{"count":2,"href":"https:\/\/cyclingpro.net\/spaziociclismo\/wp-json\/wp\/v2\/posts\/393922\/revisions"}],"predecessor-version":[{"id":393934,"href":"https:\/\/cyclingpro.net\/spaziociclismo\/wp-json\/wp\/v2\/posts\/393922\/revisions\/393934"}],"wp:featuredmedia":[{"embeddable":true,"href":"https:\/\/cyclingpro.net\/spaziociclismo\/wp-json\/wp\/v2\/media\/393918"}],"wp:attachment":[{"href":"https:\/\/cyclingpro.net\/spaziociclismo\/wp-json\/wp\/v2\/media?parent=393922"}],"wp:term":[{"taxonomy":"category","embeddable":true,"href":"https:\/\/cyclingpro.net\/spaziociclismo\/wp-json\/wp\/v2\/categories?post=393922"},{"taxonomy":"post_tag","embeddable":true,"href":"https:\/\/cyclingpro.net\/spaziociclismo\/wp-json\/wp\/v2\/tags?post=393922"}],"curies":[{"name":"wp","href":"https:\/\/api.w.org\/{rel}","templated":true}]}}