{"id":393914,"date":"2026-09-05T19:12:25","date_gmt":"2026-09-05T17:12:25","guid":{"rendered":"https:\/\/cyclingpro.net\/spaziociclismo\/?p=393914"},"modified":"2026-09-05T19:36:10","modified_gmt":"2026-09-05T17:36:10","slug":"vuelta-a-espana-2026-la-gioia-di-marco-brenner-penso-che-sia-il-giorno-piu-bello-della-mia-carriera-volevo-dimostrare-a-me-stesso-e-ai-miei-compagni-che-posso-stare-tra-i-primi","status":"publish","type":"post","link":"https:\/\/cyclingpro.net\/spaziociclismo\/vuelta-2026\/vuelta-a-espana-2026-la-gioia-di-marco-brenner-penso-che-sia-il-giorno-piu-bello-della-mia-carriera-volevo-dimostrare-a-me-stesso-e-ai-miei-compagni-che-posso-stare-tra-i-primi\/","title":{"rendered":"Vuelta a Espa\u00f1a 2026, la gioia di Marco Brenner: &#8220;Penso che sia il giorno pi\u00f9 bello della mia carriera. Volevo dimostrare a me stesso e ai miei compagni che posso stare tra i primi&#8221;"},"content":{"rendered":"<p><strong>Marco Brenner<\/strong> ha colto la vittoria pi\u00f9 importante della sua carriera nella quattordicesima tappa della<strong> Vuelta a Espa\u00f1a 2026<\/strong>. Andato in fuga da lontano assieme a un&#8217;altra quarantina di corridori, il portacolori della <strong>Tudor Pro Cycling<\/strong> ha poi avuto la meglio sul traguardo in salita di <strong>Sierra de la Pandera<\/strong> riuscendo a rispondere agli attacchi di <strong>Santiago Buitrago<\/strong> (Bahrain Victorious) per poi batterlo allo sprint. Mentre il colombiano tentava di fare la differenza scattando nei tratti pi\u00f9 duri, il 24enne tedesco \u00e8 stato autore di una scalata pi\u00f9 regolare e alla fine ha trovato lo spunto per imporsi, nonostante una giornata che per lui non era iniziata nel modo migliore.<\/p>\n<p>&#8220;Non mi sentivo al meglio, <strong>all\u2019inizio della tappa ho avuto qualche problema di salute e sono anche caduto<\/strong> &#8211; ha dichiarato Brenner dopo il traguardo &#8211; <strong>Ma volevo davvero dimostrare a me stesso e anche ai miei compagni di squadra, che hanno lavorato duramente per me per tutto il tempo, che posso stare l\u00e0 davanti.<\/strong> Anche oggi avevo due compagni con me nella fuga che hanno fatto un ottimo lavoro. <strong>Penso che sia il giorno pi\u00f9 bello della mia carriera, non riesco ancora a crederci davvero<\/strong>&#8220;.<\/p>\n<p>&#8220;Sulla salita finale ho davvero sentito di avere lo scatto giusto oggi &#8211; ha proseguito il 24enne &#8211; <strong>Mi sono sentito sempre meglio nel corso della giornata. E poi ho iniziato a crederci<\/strong>. Ho provato a muovermi e Santiago mi ha superato, ma sono riuscito a riprenderlo e, alla fine, sono riuscito a batterlo allo sprint&#8221;.<\/p>\n<p>Per il corridore tedesco si tratta dell&#8217;ottavo successo in carriera, il secondo stagionale dopo la conquista della classifica finale del Giro di Polonia: &#8220;Si vive per giornate come questa, immagino. <strong>Non sono molti i ciclisti che riescono a conquistare una vittoria di tappa in un Grande Giro, e poter aggiungere questo risultato al mio palmares \u00e8 davvero straordinario<\/strong>&#8220;.<\/p>\n","protected":false},"excerpt":{"rendered":"<p>Marco Brenner ha colto la vittoria pi\u00f9 importante della sua carriera nella quattordicesima tappa de #LaVuelta26<\/p>\n","protected":false},"author":27,"featured_media":393919,"comment_status":"open","ping_status":"closed","sticky":false,"template":"","format":"standard","meta":{"footnotes":"","_members_access_role":[],"_members_access_error":""},"categories":[6589],"tags":[1372,6614,5752],"class_list":["post-393914","post","type-post","status-publish","format-standard","has-post-thumbnail","hentry","category-vuelta-2026","tag-michael-storer","tag-tudor-pro-cycling-team-2026","tag-vuelta-a-espana-2026"],"yoast_head":"<!-- This site is optimized with the Yoast SEO plugin v28.4 - https:\/\/yoast.com\/product\/yoast-seo-wordpress\/ -->\n<title>Vuelta a Espa\u00f1a 2026, la gioia di Marco Brenner: &quot;Penso che sia il giorno pi\u00f9 bello della mia carriera. Volevo dimostrare a me stesso e ai miei compagni che posso stare tra i primi&quot; - SpazioCiclismo<\/title>\n<meta name=\"robots\" content=\"index, follow, max-snippet:-1, max-image-preview:large, max-video-preview:-1\" \/>\n<link rel=\"canonical\" href=\"https:\/\/cyclingpro.net\/spaziociclismo\/vuelta-2026\/vuelta-a-espana-2026-la-gioia-di-marco-brenner-penso-che-sia-il-giorno-piu-bello-della-mia-carriera-volevo-dimostrare-a-me-stesso-e-ai-miei-compagni-che-posso-stare-tra-i-primi\/\" \/>\n<meta property=\"og:locale\" content=\"it_IT\" \/>\n<meta property=\"og:type\" content=\"article\" \/>\n<meta property=\"og:title\" content=\"Vuelta a Espa\u00f1a 2026, la gioia di Marco Brenner: &quot;Penso che sia il giorno pi\u00f9 bello della mia carriera. Volevo dimostrare a me stesso e ai miei compagni che posso stare tra i primi&quot; - SpazioCiclismo\" \/>\n<meta property=\"og:description\" content=\"Marco Brenner ha colto la vittoria pi\u00f9 importante della sua carriera nella quattordicesima tappa de #LaVuelta26\" \/>\n<meta property=\"og:url\" content=\"https:\/\/cyclingpro.net\/spaziociclismo\/vuelta-2026\/vuelta-a-espana-2026-la-gioia-di-marco-brenner-penso-che-sia-il-giorno-piu-bello-della-mia-carriera-volevo-dimostrare-a-me-stesso-e-ai-miei-compagni-che-posso-stare-tra-i-primi\/\" \/>\n<meta property=\"og:site_name\" content=\"SpazioCiclismo\" \/>\n<meta property=\"article:publisher\" content=\"https:\/\/www.facebook.com\/SpazioCiclismo\/\" \/>\n<meta property=\"article:published_time\" content=\"2026-09-05T17:12:25+00:00\" \/>\n<meta property=\"article:modified_time\" content=\"2026-09-05T17:36:10+00:00\" \/>\n<meta property=\"og:image\" content=\"https:\/\/cyclingpro.net\/spaziociclismo\/wp-content\/uploads\/2026\/09\/Michael-Storer-Podio-Tappa-14-Vuelta-a-Espana-2026.jpg\" \/>\n\t<meta property=\"og:image:width\" content=\"1200\" \/>\n\t<meta property=\"og:image:height\" content=\"800\" \/>\n\t<meta property=\"og:image:type\" content=\"image\/jpeg\" \/>\n<meta name=\"author\" content=\"Davide Filippi\" \/>\n<meta name=\"twitter:card\" content=\"summary_large_image\" \/>\n<meta name=\"twitter:creator\" content=\"@spaziociclismo\" \/>\n<meta name=\"twitter:site\" content=\"@spaziociclismo\" \/>\n<meta name=\"twitter:label1\" content=\"Scritto da\" \/>\n\t<meta name=\"twitter:data1\" content=\"Davide Filippi\" \/>\n\t<meta name=\"twitter:label2\" content=\"Tempo di lettura stimato\" \/>\n\t<meta name=\"twitter:data2\" content=\"2 minuti\" \/>\n<script type=\"application\/ld+json\" class=\"yoast-schema-graph\">{\"@context\":\"https:\\\/\\\/schema.org\",\"@graph\":[{\"@type\":\"Article\",\"@id\":\"https:\\\/\\\/cyclingpro.net\\\/spaziociclismo\\\/vuelta-2026\\\/vuelta-a-espana-2026-la-gioia-di-marco-brenner-penso-che-sia-il-giorno-piu-bello-della-mia-carriera-volevo-dimostrare-a-me-stesso-e-ai-miei-compagni-che-posso-stare-tra-i-primi\\\/#article\",\"isPartOf\":{\"@id\":\"https:\\\/\\\/cyclingpro.net\\\/spaziociclismo\\\/vuelta-2026\\\/vuelta-a-espana-2026-la-gioia-di-marco-brenner-penso-che-sia-il-giorno-piu-bello-della-mia-carriera-volevo-dimostrare-a-me-stesso-e-ai-miei-compagni-che-posso-stare-tra-i-primi\\\/\"},\"author\":{\"name\":\"Davide Filippi\",\"@id\":\"https:\\\/\\\/cyclingpro.net\\\/spaziociclismo\\\/#\\\/schema\\\/person\\\/5b11f525424bc937dcd939655cae5de3\"},\"headline\":\"Vuelta a Espa\u00f1a 2026, la gioia di Marco Brenner: &#8220;Penso che sia il giorno pi\u00f9 bello della mia carriera. Volevo dimostrare a me stesso e ai miei compagni che posso stare tra i primi&#8221;\",\"datePublished\":\"2026-09-05T17:12:25+00:00\",\"dateModified\":\"2026-09-05T17:36:10+00:00\",\"mainEntityOfPage\":{\"@id\":\"https:\\\/\\\/cyclingpro.net\\\/spaziociclismo\\\/vuelta-2026\\\/vuelta-a-espana-2026-la-gioia-di-marco-brenner-penso-che-sia-il-giorno-piu-bello-della-mia-carriera-volevo-dimostrare-a-me-stesso-e-ai-miei-compagni-che-posso-stare-tra-i-primi\\\/\"},\"wordCount\":345,\"commentCount\":0,\"publisher\":{\"@id\":\"https:\\\/\\\/cyclingpro.net\\\/spaziociclismo\\\/#organization\"},\"image\":{\"@id\":\"https:\\\/\\\/cyclingpro.net\\\/spaziociclismo\\\/vuelta-2026\\\/vuelta-a-espana-2026-la-gioia-di-marco-brenner-penso-che-sia-il-giorno-piu-bello-della-mia-carriera-volevo-dimostrare-a-me-stesso-e-ai-miei-compagni-che-posso-stare-tra-i-primi\\\/#primaryimage\"},\"thumbnailUrl\":\"https:\\\/\\\/cyclingpro.net\\\/spaziociclismo\\\/wp-content\\\/uploads\\\/2026\\\/09\\\/Michael-Storer-Podio-Tappa-14-Vuelta-a-Espana-2026.jpg\",\"keywords\":[\"Michael Storer\",\"Tudor Pro Cycling Team 2026\",\"Vuelta a Espa\u00f1a 2026\"],\"articleSection\":[\"Vuelta 2026\"],\"inLanguage\":\"it-IT\",\"potentialAction\":[{\"@type\":\"CommentAction\",\"name\":\"Comment\",\"target\":[\"https:\\\/\\\/cyclingpro.net\\\/spaziociclismo\\\/vuelta-2026\\\/vuelta-a-espana-2026-la-gioia-di-marco-brenner-penso-che-sia-il-giorno-piu-bello-della-mia-carriera-volevo-dimostrare-a-me-stesso-e-ai-miei-compagni-che-posso-stare-tra-i-primi\\\/#respond\"]}]},{\"@type\":\"WebPage\",\"@id\":\"https:\\\/\\\/cyclingpro.net\\\/spaziociclismo\\\/vuelta-2026\\\/vuelta-a-espana-2026-la-gioia-di-marco-brenner-penso-che-sia-il-giorno-piu-bello-della-mia-carriera-volevo-dimostrare-a-me-stesso-e-ai-miei-compagni-che-posso-stare-tra-i-primi\\\/\",\"url\":\"https:\\\/\\\/cyclingpro.net\\\/spaziociclismo\\\/vuelta-2026\\\/vuelta-a-espana-2026-la-gioia-di-marco-brenner-penso-che-sia-il-giorno-piu-bello-della-mia-carriera-volevo-dimostrare-a-me-stesso-e-ai-miei-compagni-che-posso-stare-tra-i-primi\\\/\",\"name\":\"Vuelta a Espa\u00f1a 2026, la gioia di Marco Brenner: \\\"Penso che sia il giorno pi\u00f9 bello della mia carriera. Volevo dimostrare a me stesso e ai miei compagni che posso stare tra i primi\\\" - SpazioCiclismo\",\"isPartOf\":{\"@id\":\"https:\\\/\\\/cyclingpro.net\\\/spaziociclismo\\\/#website\"},\"primaryImageOfPage\":{\"@id\":\"https:\\\/\\\/cyclingpro.net\\\/spaziociclismo\\\/vuelta-2026\\\/vuelta-a-espana-2026-la-gioia-di-marco-brenner-penso-che-sia-il-giorno-piu-bello-della-mia-carriera-volevo-dimostrare-a-me-stesso-e-ai-miei-compagni-che-posso-stare-tra-i-primi\\\/#primaryimage\"},\"image\":{\"@id\":\"https:\\\/\\\/cyclingpro.net\\\/spaziociclismo\\\/vuelta-2026\\\/vuelta-a-espana-2026-la-gioia-di-marco-brenner-penso-che-sia-il-giorno-piu-bello-della-mia-carriera-volevo-dimostrare-a-me-stesso-e-ai-miei-compagni-che-posso-stare-tra-i-primi\\\/#primaryimage\"},\"thumbnailUrl\":\"https:\\\/\\\/cyclingpro.net\\\/spaziociclismo\\\/wp-content\\\/uploads\\\/2026\\\/09\\\/Michael-Storer-Podio-Tappa-14-Vuelta-a-Espana-2026.jpg\",\"datePublished\":\"2026-09-05T17:12:25+00:00\",\"dateModified\":\"2026-09-05T17:36:10+00:00\",\"breadcrumb\":{\"@id\":\"https:\\\/\\\/cyclingpro.net\\\/spaziociclismo\\\/vuelta-2026\\\/vuelta-a-espana-2026-la-gioia-di-marco-brenner-penso-che-sia-il-giorno-piu-bello-della-mia-carriera-volevo-dimostrare-a-me-stesso-e-ai-miei-compagni-che-posso-stare-tra-i-primi\\\/#breadcrumb\"},\"inLanguage\":\"it-IT\",\"potentialAction\":[{\"@type\":\"ReadAction\",\"target\":[\"https:\\\/\\\/cyclingpro.net\\\/spaziociclismo\\\/vuelta-2026\\\/vuelta-a-espana-2026-la-gioia-di-marco-brenner-penso-che-sia-il-giorno-piu-bello-della-mia-carriera-volevo-dimostrare-a-me-stesso-e-ai-miei-compagni-che-posso-stare-tra-i-primi\\\/\"]}]},{\"@type\":\"ImageObject\",\"inLanguage\":\"it-IT\",\"@id\":\"https:\\\/\\\/cyclingpro.net\\\/spaziociclismo\\\/vuelta-2026\\\/vuelta-a-espana-2026-la-gioia-di-marco-brenner-penso-che-sia-il-giorno-piu-bello-della-mia-carriera-volevo-dimostrare-a-me-stesso-e-ai-miei-compagni-che-posso-stare-tra-i-primi\\\/#primaryimage\",\"url\":\"https:\\\/\\\/cyclingpro.net\\\/spaziociclismo\\\/wp-content\\\/uploads\\\/2026\\\/09\\\/Michael-Storer-Podio-Tappa-14-Vuelta-a-Espana-2026.jpg\",\"contentUrl\":\"https:\\\/\\\/cyclingpro.net\\\/spaziociclismo\\\/wp-content\\\/uploads\\\/2026\\\/09\\\/Michael-Storer-Podio-Tappa-14-Vuelta-a-Espana-2026.jpg\",\"width\":1200,\"height\":800,\"caption\":\"\u00a9 Sirotti\"},{\"@type\":\"BreadcrumbList\",\"@id\":\"https:\\\/\\\/cyclingpro.net\\\/spaziociclismo\\\/vuelta-2026\\\/vuelta-a-espana-2026-la-gioia-di-marco-brenner-penso-che-sia-il-giorno-piu-bello-della-mia-carriera-volevo-dimostrare-a-me-stesso-e-ai-miei-compagni-che-posso-stare-tra-i-primi\\\/#breadcrumb\",\"itemListElement\":[{\"@type\":\"ListItem\",\"position\":1,\"name\":\"Home\",\"item\":\"https:\\\/\\\/cyclingpro.net\\\/spaziociclismo\\\/\"},{\"@type\":\"ListItem\",\"position\":2,\"name\":\"Vuelta a Espa\u00f1a 2026, la gioia di Marco Brenner: &#8220;Penso che sia il giorno pi\u00f9 bello della mia carriera. Volevo dimostrare a me stesso e ai miei compagni che posso stare tra i primi&#8221;\"}]},{\"@type\":\"WebSite\",\"@id\":\"https:\\\/\\\/cyclingpro.net\\\/spaziociclismo\\\/#website\",\"url\":\"https:\\\/\\\/cyclingpro.net\\\/spaziociclismo\\\/\",\"name\":\"SpazioCiclismo\",\"description\":\"Tutto il ciclismo minuto per minuto\",\"publisher\":{\"@id\":\"https:\\\/\\\/cyclingpro.net\\\/spaziociclismo\\\/#organization\"},\"potentialAction\":[{\"@type\":\"SearchAction\",\"target\":{\"@type\":\"EntryPoint\",\"urlTemplate\":\"https:\\\/\\\/cyclingpro.net\\\/spaziociclismo\\\/?s={search_term_string}\"},\"query-input\":{\"@type\":\"PropertyValueSpecification\",\"valueRequired\":true,\"valueName\":\"search_term_string\"}}],\"inLanguage\":\"it-IT\"},{\"@type\":\"Organization\",\"@id\":\"https:\\\/\\\/cyclingpro.net\\\/spaziociclismo\\\/#organization\",\"name\":\"SpazioCiclismo\",\"url\":\"https:\\\/\\\/cyclingpro.net\\\/spaziociclismo\\\/\",\"logo\":{\"@type\":\"ImageObject\",\"inLanguage\":\"it-IT\",\"@id\":\"https:\\\/\\\/cyclingpro.net\\\/spaziociclismo\\\/#\\\/schema\\\/logo\\\/image\\\/\",\"url\":\"https:\\\/\\\/cyclingpro.net\\\/spaziociclismo\\\/wp-content\\\/uploads\\\/2017\\\/02\\\/SpazioCiclismo-Logo-Quadrato.png\",\"contentUrl\":\"https:\\\/\\\/cyclingpro.net\\\/spaziociclismo\\\/wp-content\\\/uploads\\\/2017\\\/02\\\/SpazioCiclismo-Logo-Quadrato.png\",\"width\":450,\"height\":450,\"caption\":\"SpazioCiclismo\"},\"image\":{\"@id\":\"https:\\\/\\\/cyclingpro.net\\\/spaziociclismo\\\/#\\\/schema\\\/logo\\\/image\\\/\"},\"sameAs\":[\"https:\\\/\\\/www.facebook.com\\\/SpazioCiclismo\\\/\",\"https:\\\/\\\/x.com\\\/spaziociclismo\",\"https:\\\/\\\/www.instagram.com\\\/spaziociclismo\\\/\"]},{\"@type\":\"Person\",\"@id\":\"https:\\\/\\\/cyclingpro.net\\\/spaziociclismo\\\/#\\\/schema\\\/person\\\/5b11f525424bc937dcd939655cae5de3\",\"name\":\"Davide Filippi\",\"image\":{\"@type\":\"ImageObject\",\"inLanguage\":\"it-IT\",\"@id\":\"https:\\\/\\\/secure.gravatar.com\\\/avatar\\\/acf38569376402ef43c46c36ea62f8a431f13c39fac703a2ed157f3bbfa5c1ab?s=96&d=mm&r=g\",\"url\":\"https:\\\/\\\/secure.gravatar.com\\\/avatar\\\/acf38569376402ef43c46c36ea62f8a431f13c39fac703a2ed157f3bbfa5c1ab?s=96&d=mm&r=g\",\"contentUrl\":\"https:\\\/\\\/secure.gravatar.com\\\/avatar\\\/acf38569376402ef43c46c36ea62f8a431f13c39fac703a2ed157f3bbfa5c1ab?s=96&d=mm&r=g\",\"caption\":\"Davide Filippi\"},\"url\":\"https:\\\/\\\/cyclingpro.net\\\/spaziociclismo\\\/author\\\/dfilippi\\\/\"}]}<\/script>\n<!-- \/ Yoast SEO plugin. -->","yoast_head_json":{"title":"Vuelta a Espa\u00f1a 2026, la gioia di Marco Brenner: \"Penso che sia il giorno pi\u00f9 bello della mia carriera. Volevo dimostrare a me stesso e ai miei compagni che posso stare tra i primi\" - SpazioCiclismo","robots":{"index":"index","follow":"follow","max-snippet":"max-snippet:-1","max-image-preview":"max-image-preview:large","max-video-preview":"max-video-preview:-1"},"canonical":"https:\/\/cyclingpro.net\/spaziociclismo\/vuelta-2026\/vuelta-a-espana-2026-la-gioia-di-marco-brenner-penso-che-sia-il-giorno-piu-bello-della-mia-carriera-volevo-dimostrare-a-me-stesso-e-ai-miei-compagni-che-posso-stare-tra-i-primi\/","og_locale":"it_IT","og_type":"article","og_title":"Vuelta a Espa\u00f1a 2026, la gioia di Marco Brenner: \"Penso che sia il giorno pi\u00f9 bello della mia carriera. Volevo dimostrare a me stesso e ai miei compagni che posso stare tra i primi\" - SpazioCiclismo","og_description":"Marco Brenner ha colto la vittoria pi\u00f9 importante della sua carriera nella quattordicesima tappa de #LaVuelta26","og_url":"https:\/\/cyclingpro.net\/spaziociclismo\/vuelta-2026\/vuelta-a-espana-2026-la-gioia-di-marco-brenner-penso-che-sia-il-giorno-piu-bello-della-mia-carriera-volevo-dimostrare-a-me-stesso-e-ai-miei-compagni-che-posso-stare-tra-i-primi\/","og_site_name":"SpazioCiclismo","article_publisher":"https:\/\/www.facebook.com\/SpazioCiclismo\/","article_published_time":"2026-09-05T17:12:25+00:00","article_modified_time":"2026-09-05T17:36:10+00:00","og_image":[{"width":1200,"height":800,"url":"https:\/\/cyclingpro.net\/spaziociclismo\/wp-content\/uploads\/2026\/09\/Michael-Storer-Podio-Tappa-14-Vuelta-a-Espana-2026.jpg","type":"image\/jpeg"}],"author":"Davide Filippi","twitter_card":"summary_large_image","twitter_creator":"@spaziociclismo","twitter_site":"@spaziociclismo","twitter_misc":{"Scritto da":"Davide Filippi","Tempo di lettura stimato":"2 minuti"},"schema":{"@context":"https:\/\/schema.org","@graph":[{"@type":"Article","@id":"https:\/\/cyclingpro.net\/spaziociclismo\/vuelta-2026\/vuelta-a-espana-2026-la-gioia-di-marco-brenner-penso-che-sia-il-giorno-piu-bello-della-mia-carriera-volevo-dimostrare-a-me-stesso-e-ai-miei-compagni-che-posso-stare-tra-i-primi\/#article","isPartOf":{"@id":"https:\/\/cyclingpro.net\/spaziociclismo\/vuelta-2026\/vuelta-a-espana-2026-la-gioia-di-marco-brenner-penso-che-sia-il-giorno-piu-bello-della-mia-carriera-volevo-dimostrare-a-me-stesso-e-ai-miei-compagni-che-posso-stare-tra-i-primi\/"},"author":{"name":"Davide Filippi","@id":"https:\/\/cyclingpro.net\/spaziociclismo\/#\/schema\/person\/5b11f525424bc937dcd939655cae5de3"},"headline":"Vuelta a Espa\u00f1a 2026, la gioia di Marco Brenner: &#8220;Penso che sia il giorno pi\u00f9 bello della mia carriera. Volevo dimostrare a me stesso e ai miei compagni che posso stare tra i primi&#8221;","datePublished":"2026-09-05T17:12:25+00:00","dateModified":"2026-09-05T17:36:10+00:00","mainEntityOfPage":{"@id":"https:\/\/cyclingpro.net\/spaziociclismo\/vuelta-2026\/vuelta-a-espana-2026-la-gioia-di-marco-brenner-penso-che-sia-il-giorno-piu-bello-della-mia-carriera-volevo-dimostrare-a-me-stesso-e-ai-miei-compagni-che-posso-stare-tra-i-primi\/"},"wordCount":345,"commentCount":0,"publisher":{"@id":"https:\/\/cyclingpro.net\/spaziociclismo\/#organization"},"image":{"@id":"https:\/\/cyclingpro.net\/spaziociclismo\/vuelta-2026\/vuelta-a-espana-2026-la-gioia-di-marco-brenner-penso-che-sia-il-giorno-piu-bello-della-mia-carriera-volevo-dimostrare-a-me-stesso-e-ai-miei-compagni-che-posso-stare-tra-i-primi\/#primaryimage"},"thumbnailUrl":"https:\/\/cyclingpro.net\/spaziociclismo\/wp-content\/uploads\/2026\/09\/Michael-Storer-Podio-Tappa-14-Vuelta-a-Espana-2026.jpg","keywords":["Michael Storer","Tudor Pro Cycling Team 2026","Vuelta a Espa\u00f1a 2026"],"articleSection":["Vuelta 2026"],"inLanguage":"it-IT","potentialAction":[{"@type":"CommentAction","name":"Comment","target":["https:\/\/cyclingpro.net\/spaziociclismo\/vuelta-2026\/vuelta-a-espana-2026-la-gioia-di-marco-brenner-penso-che-sia-il-giorno-piu-bello-della-mia-carriera-volevo-dimostrare-a-me-stesso-e-ai-miei-compagni-che-posso-stare-tra-i-primi\/#respond"]}]},{"@type":"WebPage","@id":"https:\/\/cyclingpro.net\/spaziociclismo\/vuelta-2026\/vuelta-a-espana-2026-la-gioia-di-marco-brenner-penso-che-sia-il-giorno-piu-bello-della-mia-carriera-volevo-dimostrare-a-me-stesso-e-ai-miei-compagni-che-posso-stare-tra-i-primi\/","url":"https:\/\/cyclingpro.net\/spaziociclismo\/vuelta-2026\/vuelta-a-espana-2026-la-gioia-di-marco-brenner-penso-che-sia-il-giorno-piu-bello-della-mia-carriera-volevo-dimostrare-a-me-stesso-e-ai-miei-compagni-che-posso-stare-tra-i-primi\/","name":"Vuelta a Espa\u00f1a 2026, la gioia di Marco Brenner: \"Penso che sia il giorno pi\u00f9 bello della mia carriera. Volevo dimostrare a me stesso e ai miei compagni che posso stare tra i primi\" - SpazioCiclismo","isPartOf":{"@id":"https:\/\/cyclingpro.net\/spaziociclismo\/#website"},"primaryImageOfPage":{"@id":"https:\/\/cyclingpro.net\/spaziociclismo\/vuelta-2026\/vuelta-a-espana-2026-la-gioia-di-marco-brenner-penso-che-sia-il-giorno-piu-bello-della-mia-carriera-volevo-dimostrare-a-me-stesso-e-ai-miei-compagni-che-posso-stare-tra-i-primi\/#primaryimage"},"image":{"@id":"https:\/\/cyclingpro.net\/spaziociclismo\/vuelta-2026\/vuelta-a-espana-2026-la-gioia-di-marco-brenner-penso-che-sia-il-giorno-piu-bello-della-mia-carriera-volevo-dimostrare-a-me-stesso-e-ai-miei-compagni-che-posso-stare-tra-i-primi\/#primaryimage"},"thumbnailUrl":"https:\/\/cyclingpro.net\/spaziociclismo\/wp-content\/uploads\/2026\/09\/Michael-Storer-Podio-Tappa-14-Vuelta-a-Espana-2026.jpg","datePublished":"2026-09-05T17:12:25+00:00","dateModified":"2026-09-05T17:36:10+00:00","breadcrumb":{"@id":"https:\/\/cyclingpro.net\/spaziociclismo\/vuelta-2026\/vuelta-a-espana-2026-la-gioia-di-marco-brenner-penso-che-sia-il-giorno-piu-bello-della-mia-carriera-volevo-dimostrare-a-me-stesso-e-ai-miei-compagni-che-posso-stare-tra-i-primi\/#breadcrumb"},"inLanguage":"it-IT","potentialAction":[{"@type":"ReadAction","target":["https:\/\/cyclingpro.net\/spaziociclismo\/vuelta-2026\/vuelta-a-espana-2026-la-gioia-di-marco-brenner-penso-che-sia-il-giorno-piu-bello-della-mia-carriera-volevo-dimostrare-a-me-stesso-e-ai-miei-compagni-che-posso-stare-tra-i-primi\/"]}]},{"@type":"ImageObject","inLanguage":"it-IT","@id":"https:\/\/cyclingpro.net\/spaziociclismo\/vuelta-2026\/vuelta-a-espana-2026-la-gioia-di-marco-brenner-penso-che-sia-il-giorno-piu-bello-della-mia-carriera-volevo-dimostrare-a-me-stesso-e-ai-miei-compagni-che-posso-stare-tra-i-primi\/#primaryimage","url":"https:\/\/cyclingpro.net\/spaziociclismo\/wp-content\/uploads\/2026\/09\/Michael-Storer-Podio-Tappa-14-Vuelta-a-Espana-2026.jpg","contentUrl":"https:\/\/cyclingpro.net\/spaziociclismo\/wp-content\/uploads\/2026\/09\/Michael-Storer-Podio-Tappa-14-Vuelta-a-Espana-2026.jpg","width":1200,"height":800,"caption":"\u00a9 Sirotti"},{"@type":"BreadcrumbList","@id":"https:\/\/cyclingpro.net\/spaziociclismo\/vuelta-2026\/vuelta-a-espana-2026-la-gioia-di-marco-brenner-penso-che-sia-il-giorno-piu-bello-della-mia-carriera-volevo-dimostrare-a-me-stesso-e-ai-miei-compagni-che-posso-stare-tra-i-primi\/#breadcrumb","itemListElement":[{"@type":"ListItem","position":1,"name":"Home","item":"https:\/\/cyclingpro.net\/spaziociclismo\/"},{"@type":"ListItem","position":2,"name":"Vuelta a Espa\u00f1a 2026, la gioia di Marco Brenner: &#8220;Penso che sia il giorno pi\u00f9 bello della mia carriera. Volevo dimostrare a me stesso e ai miei compagni che posso stare tra i primi&#8221;"}]},{"@type":"WebSite","@id":"https:\/\/cyclingpro.net\/spaziociclismo\/#website","url":"https:\/\/cyclingpro.net\/spaziociclismo\/","name":"SpazioCiclismo","description":"Tutto il ciclismo minuto per minuto","publisher":{"@id":"https:\/\/cyclingpro.net\/spaziociclismo\/#organization"},"potentialAction":[{"@type":"SearchAction","target":{"@type":"EntryPoint","urlTemplate":"https:\/\/cyclingpro.net\/spaziociclismo\/?s={search_term_string}"},"query-input":{"@type":"PropertyValueSpecification","valueRequired":true,"valueName":"search_term_string"}}],"inLanguage":"it-IT"},{"@type":"Organization","@id":"https:\/\/cyclingpro.net\/spaziociclismo\/#organization","name":"SpazioCiclismo","url":"https:\/\/cyclingpro.net\/spaziociclismo\/","logo":{"@type":"ImageObject","inLanguage":"it-IT","@id":"https:\/\/cyclingpro.net\/spaziociclismo\/#\/schema\/logo\/image\/","url":"https:\/\/cyclingpro.net\/spaziociclismo\/wp-content\/uploads\/2017\/02\/SpazioCiclismo-Logo-Quadrato.png","contentUrl":"https:\/\/cyclingpro.net\/spaziociclismo\/wp-content\/uploads\/2017\/02\/SpazioCiclismo-Logo-Quadrato.png","width":450,"height":450,"caption":"SpazioCiclismo"},"image":{"@id":"https:\/\/cyclingpro.net\/spaziociclismo\/#\/schema\/logo\/image\/"},"sameAs":["https:\/\/www.facebook.com\/SpazioCiclismo\/","https:\/\/x.com\/spaziociclismo","https:\/\/www.instagram.com\/spaziociclismo\/"]},{"@type":"Person","@id":"https:\/\/cyclingpro.net\/spaziociclismo\/#\/schema\/person\/5b11f525424bc937dcd939655cae5de3","name":"Davide Filippi","image":{"@type":"ImageObject","inLanguage":"it-IT","@id":"https:\/\/secure.gravatar.com\/avatar\/acf38569376402ef43c46c36ea62f8a431f13c39fac703a2ed157f3bbfa5c1ab?s=96&d=mm&r=g","url":"https:\/\/secure.gravatar.com\/avatar\/acf38569376402ef43c46c36ea62f8a431f13c39fac703a2ed157f3bbfa5c1ab?s=96&d=mm&r=g","contentUrl":"https:\/\/secure.gravatar.com\/avatar\/acf38569376402ef43c46c36ea62f8a431f13c39fac703a2ed157f3bbfa5c1ab?s=96&d=mm&r=g","caption":"Davide Filippi"},"url":"https:\/\/cyclingpro.net\/spaziociclismo\/author\/dfilippi\/"}]}},"_links":{"self":[{"href":"https:\/\/cyclingpro.net\/spaziociclismo\/wp-json\/wp\/v2\/posts\/393914","targetHints":{"allow":["GET"]}}],"collection":[{"href":"https:\/\/cyclingpro.net\/spaziociclismo\/wp-json\/wp\/v2\/posts"}],"about":[{"href":"https:\/\/cyclingpro.net\/spaziociclismo\/wp-json\/wp\/v2\/types\/post"}],"author":[{"embeddable":true,"href":"https:\/\/cyclingpro.net\/spaziociclismo\/wp-json\/wp\/v2\/users\/27"}],"replies":[{"embeddable":true,"href":"https:\/\/cyclingpro.net\/spaziociclismo\/wp-json\/wp\/v2\/comments?post=393914"}],"version-history":[{"count":1,"href":"https:\/\/cyclingpro.net\/spaziociclismo\/wp-json\/wp\/v2\/posts\/393914\/revisions"}],"predecessor-version":[{"id":393916,"href":"https:\/\/cyclingpro.net\/spaziociclismo\/wp-json\/wp\/v2\/posts\/393914\/revisions\/393916"}],"wp:featuredmedia":[{"embeddable":true,"href":"https:\/\/cyclingpro.net\/spaziociclismo\/wp-json\/wp\/v2\/media\/393919"}],"wp:attachment":[{"href":"https:\/\/cyclingpro.net\/spaziociclismo\/wp-json\/wp\/v2\/media?parent=393914"}],"wp:term":[{"taxonomy":"category","embeddable":true,"href":"https:\/\/cyclingpro.net\/spaziociclismo\/wp-json\/wp\/v2\/categories?post=393914"},{"taxonomy":"post_tag","embeddable":true,"href":"https:\/\/cyclingpro.net\/spaziociclismo\/wp-json\/wp\/v2\/tags?post=393914"}],"curies":[{"name":"wp","href":"https:\/\/api.w.org\/{rel}","templated":true}]}}