{"id":393889,"date":"2026-09-05T17:55:59","date_gmt":"2026-09-05T15:55:59","guid":{"rendered":"https:\/\/cyclingpro.net\/spaziociclismo\/?p=393889"},"modified":"2026-09-05T18:22:14","modified_gmt":"2026-09-05T16:22:14","slug":"vuelta-a-espana-2026-ancora-fuga-e-questa-volta-tocca-a-marco-brenner-enric-mas-guadagna-ancora-su-primoz-roglic","status":"publish","type":"post","link":"https:\/\/cyclingpro.net\/spaziociclismo\/sintesi-gare\/vuelta-a-espana-2026-ancora-fuga-e-questa-volta-tocca-a-marco-brenner-enric-mas-guadagna-ancora-su-primoz-roglic\/","title":{"rendered":"Vuelta a Espa\u00f1a 2026, ancora fuga e questa volta tocca a Marco Brenner! Enric Mas guadagna ancora su Primo\u017e Rogli\u010d"},"content":{"rendered":"<p>Successo di <strong>Marco Brenner<\/strong> nella quattordicesima tappa della <strong>Vuelta a Espa\u00f1a 2026<\/strong>. Parte della maxi-fuga che ha caratterizzato la giornata, il tedesco della <strong>Tudor Pro Cycling<\/strong> si \u00e8 imposto nell&#8217;arrivo in salita di <strong>Sierra de la Pandera<\/strong> regolando allo sprint <strong>Santiago Buitrago<\/strong> (Bahrain Victorious), che nel finale ha provato pi\u00f9 volte a fare la differenza. Terzo posto per <strong>Cristian Rodriguez<\/strong> (XDS Astana), staccato di 11&#8243;, mentre pi\u00f9 dietro c&#8217;\u00e8 spazio nella top-10 anche per due italiani, <strong>Filippo Zana<\/strong> (Soudal Quick-Step) e <strong>Walter Calzoni<\/strong> (Pinarello Q36.5 Pro Cycling Team), rispettivamente ottavo a 43&#8243; e nono a 1&#8217;06&#8221;.<\/p>\n<p>Per quanto riguarda i big, l&#8217;ascesa finale ha prodotto nuovi distacchi e ha visto <strong>Enric Mas<\/strong> (Movistar) e<strong> Felix Gall<\/strong> (Decathlon CMA CGM) giungere assieme al traguardo con un ritardo di 4&#8217;12&#8221;, staccando per\u00f2 di 25&#8243;<strong> Primo\u017e Rogli\u010d<\/strong> (Red Bull-Bora-hansgrohe). Nella generale, lo sloveno viene cos\u00ec superato per soli quattro secondi dall&#8217;austriaco, ora secondo a 2&#8217;06&#8221; dalla Maglia Rossa.<\/p>\n<h2>Il video dell&#8217;arrivo<\/h2>\n<p><span class=\"RXp6qFgjMrE4vVyZBOJw9oLbnH0DasPcTm8dlYtCi\"><iframe loading=\"lazy\" title=\"WHAT A CLIMB! \ud83d\ude33 | 2026 Men&amp;apos;s La Vuelta Stage 14 Final KM&amp;apos;s | TNT Sports Cyclin\" width=\"500\" height=\"281\" src=\"https:\/\/www.youtube.com\/embed\/Zp5mNKPkKPI?feature=oembed\" frameborder=\"0\" allow=\"accelerometer; autoplay; clipboard-write; encrypted-media; gyroscope; picture-in-picture; web-share\" referrerpolicy=\"strict-origin-when-cross-origin\" allowfullscreen><\/iframe><\/span><\/p>\n<h2>Il racconto della corsa<\/h2>\n<p data-prosemirror-content-type=\"node\" data-prosemirror-node-name=\"paragraph\" data-prosemirror-node-block=\"true\" data-pm-slice=\"0 0 []\">Come prevedibile, la fuga di giornata fa gola a molti corridori e gli scatti si susseguono fin dai primissimi chilometri. Appena dopo l\u2019avvio, il forte ritmo spezza il gruppo in due tronconi, di cui il primo pu\u00f2 contare su una trentina di uomini, tra cui la maglia a pois azzurri <strong data-prosemirror-content-type=\"mark\" data-prosemirror-mark-name=\"strong\">Santiago Buitrago<\/strong> (Bahrain Victorious). La seconda parte, per\u00f2, non tarda a ricucire con un\u2019azione combinata.<\/p>\n<p data-prosemirror-content-type=\"node\" data-prosemirror-node-name=\"paragraph\" data-prosemirror-node-block=\"true\">Dopo 25 km di scatti e controscatti si forma una maxi fuga di ben 45 corridori, che prende subito un margine importante. Ne fanno parte <strong data-prosemirror-content-type=\"mark\" data-prosemirror-mark-name=\"strong\">Jo\u00e3o Almeida<\/strong>, <strong data-prosemirror-content-type=\"mark\" data-prosemirror-mark-name=\"strong\">Ivo Oliveira<\/strong> e <strong data-prosemirror-content-type=\"mark\" data-prosemirror-mark-name=\"strong\">Kevin Vermaerke<\/strong> (UAE Team Emirates &#8211; XRG), <strong data-prosemirror-content-type=\"mark\" data-prosemirror-mark-name=\"strong\">Pablo Castrillo<\/strong> e <strong data-prosemirror-content-type=\"mark\" data-prosemirror-mark-name=\"strong\">Ra\u00fal Garc\u00eda Pierna<\/strong> (Movistar Team), Steven Kruijswijk e <strong data-prosemirror-content-type=\"mark\" data-prosemirror-mark-name=\"strong\">J\u00f8rgen Nordhagen<\/strong> (Team Visma | Lease a Bike), <strong data-prosemirror-content-type=\"mark\" data-prosemirror-mark-name=\"strong\">Oscar Chamberlain<\/strong> (Decathlon CMA CGM), <strong data-prosemirror-content-type=\"mark\" data-prosemirror-mark-name=\"strong\">David De La Cruz<\/strong>, <strong data-prosemirror-content-type=\"mark\" data-prosemirror-mark-name=\"strong\">Xabier Azparren<\/strong>, <strong data-prosemirror-content-type=\"mark\" data-prosemirror-mark-name=\"strong\">Walter Calzoni<\/strong> e <strong data-prosemirror-content-type=\"mark\" data-prosemirror-mark-name=\"strong\">Milan Vader<\/strong> (Pinarello Q36.5 Pro Cycling Team), <strong data-prosemirror-content-type=\"mark\" data-prosemirror-mark-name=\"strong\">Embret Svestad-B\u00e5rdseng<\/strong> (Netcompany INEOS), <strong data-prosemirror-content-type=\"mark\" data-prosemirror-mark-name=\"strong\">Pello Bilbao<\/strong> e <strong data-prosemirror-content-type=\"mark\" data-prosemirror-mark-name=\"strong\">Santiago Buitrago<\/strong> (Bahrain Victorious), <strong data-prosemirror-content-type=\"mark\" data-prosemirror-mark-name=\"strong\">Julien Bernard<\/strong> e <strong data-prosemirror-content-type=\"mark\" data-prosemirror-mark-name=\"strong\">Patrick Konrad<\/strong> (Lidl-Trek), <strong data-prosemirror-content-type=\"mark\" data-prosemirror-mark-name=\"strong\">Cl\u00e9ment Berthet<\/strong> e <strong data-prosemirror-content-type=\"mark\" data-prosemirror-mark-name=\"strong\">Guillaume Martin<\/strong> (Groupama FDJ United), <strong data-prosemirror-content-type=\"mark\" data-prosemirror-mark-name=\"strong\">Pau Marti<\/strong> (NSN Cycling Team), <strong data-prosemirror-content-type=\"mark\" data-prosemirror-mark-name=\"strong\">Alberto Dainese<\/strong>, <strong data-prosemirror-content-type=\"mark\" data-prosemirror-mark-name=\"strong\">Valentin Paret-Peintre<\/strong> e <strong data-prosemirror-content-type=\"mark\" data-prosemirror-mark-name=\"strong\">Filippo Zana<\/strong> (Soudal Quick-Step), <strong data-prosemirror-content-type=\"mark\" data-prosemirror-mark-name=\"strong\">Paul Ourselin<\/strong> (Cofidis), <strong data-prosemirror-content-type=\"mark\" data-prosemirror-mark-name=\"strong\">Koen Bouwman<\/strong>, <strong data-prosemirror-content-type=\"mark\" data-prosemirror-mark-name=\"strong\">Asbj\u00f8rn Hellemose<\/strong>, <strong data-prosemirror-content-type=\"mark\" data-prosemirror-mark-name=\"strong\">Finlay Pickering<\/strong> e <strong data-prosemirror-content-type=\"mark\" data-prosemirror-mark-name=\"strong\">Jasha S\u00fctterlin<\/strong> (Jayco AlUla), <strong data-prosemirror-content-type=\"mark\" data-prosemirror-mark-name=\"strong\">Vincenzo Albanese<\/strong>, <strong data-prosemirror-content-type=\"mark\" data-prosemirror-mark-name=\"strong\">Darren Rafferty<\/strong> e <strong data-prosemirror-content-type=\"mark\" data-prosemirror-mark-name=\"strong\">Georg Steinhauser<\/strong> (EF Education &#8211; EasyPost), <strong data-prosemirror-content-type=\"mark\" data-prosemirror-mark-name=\"strong\">Marco Brenner<\/strong>, <strong data-prosemirror-content-type=\"mark\" data-prosemirror-mark-name=\"strong\">William Barta<\/strong>, <strong data-prosemirror-content-type=\"mark\" data-prosemirror-mark-name=\"strong\">Roland Thalmann<\/strong> e <strong data-prosemirror-content-type=\"mark\" data-prosemirror-mark-name=\"strong\">Lawrence Warbasse<\/strong> (Tudor Pro Cycling Team), <strong data-prosemirror-content-type=\"mark\" data-prosemirror-mark-name=\"strong\">Lorenzo Fortunato<\/strong>, <strong data-prosemirror-content-type=\"mark\" data-prosemirror-mark-name=\"strong\">Cristi\u00e1n Rodr\u00edguez<\/strong> e <strong data-prosemirror-content-type=\"mark\" data-prosemirror-mark-name=\"strong\">Alessandro Romele<\/strong> (XDS Astana Team), <strong data-prosemirror-content-type=\"mark\" data-prosemirror-mark-name=\"strong\">Clement Alleno<\/strong>, <strong data-prosemirror-content-type=\"mark\" data-prosemirror-mark-name=\"strong\">Mario Aparicio<\/strong>, <strong data-prosemirror-content-type=\"mark\" data-prosemirror-mark-name=\"strong\">Jose Manuel Diaz<\/strong> e <strong data-prosemirror-content-type=\"mark\" data-prosemirror-mark-name=\"strong\">Sinuhe Fernandez<\/strong> (Burgos BH Burpellet), <strong data-prosemirror-content-type=\"mark\" data-prosemirror-mark-name=\"strong\">Reuben Thompson<\/strong> (Lotto &#8211; Intermarch\u00e9), <strong data-prosemirror-content-type=\"mark\" data-prosemirror-mark-name=\"strong\">Guillermo Martinez<\/strong> (Team Picnic PostNL) e <strong data-prosemirror-content-type=\"mark\" data-prosemirror-mark-name=\"strong\">Ivan Sosa<\/strong> (Equipo Kern Pharma).<\/p>\n<p data-prosemirror-content-type=\"node\" data-prosemirror-node-name=\"paragraph\" data-prosemirror-node-block=\"true\">Questo gruppone arriva a guadagnare un vantaggio di 3\u201940\u201d intorno ai 100 chilometri dalla conclusione, prima che il <strong data-prosemirror-content-type=\"mark\" data-prosemirror-mark-name=\"strong\">Movistar Team<\/strong> si metta davanti a tirare e ad abbassare progressivamente il distacco per evitare che questo lieviti, nonostante il meglio piazzato della generale sia <strong data-prosemirror-content-type=\"mark\" data-prosemirror-mark-name=\"strong\">Berthet<\/strong>, a 11\u201906\u201d dalla maglia rossa.\u00a0Nell&#8217;approccio al primo GPM di giornata il gruppo lascia andare gli attaccanti, concedendo cos\u00ec 4&#8217;45&#8221; ai piedi del Puerto de Los Villares, mentre in cima il gap scende sotto i quattro, prima di tornare impietosamente a salire in discesa, dove <strong>Kevin Vermaerke<\/strong> decide di partire da solo al comando. Lo statunitense guadagna rapidamente terreno, fino a guadagnare 1&#8217;45&#8221; sugli inseguitori e 7&#8217;05&#8221; dal gruppo ai piedi del successivo Puerto de Locub\u00edn. Qui alle sue spalle cominciano alcune accelerazioni ma \u00e8 solo dopo la discesa nello strappo che precede l&#8217;ascesa conclusiva, che viene ripreso e staccato da <strong>Georg Steinhauser<\/strong> (EF Education-EasyPost), sul quale poi rientra anche <strong>Guillaume Martin<\/strong> (Groupama-FDJ United), una volta iniziata la salita verso il traguardo, che vede ancora il gruppo lontanissimo, a ormai 7&#8217;20&#8221;.<\/p>\n<p>Chiaro dunque che a giocarsi la vittoria saranno i fuggitivi, tra i quali cominciano ad emergere gli scalatori con un nuovo tentativo di Vermaerke che fa da rampa di lancio a <strong>Mario Aparicio<\/strong> (Burgos Burpellet BH). Dietor di lui iniziano gli scatti degli uomini pi\u00f9 attesi, con Valentin Paret-Peintre (Soudal Quick-Step) che porta via una azione seguito da <strong>Santiago Buitrago<\/strong> (Bahrain Victorious), Marco Brenner (Tudor Pro Cycling Team), Filippo Zana (Soudal Quick-Step) e <strong>Cristi\u00e1n Rodr\u00edguez<\/strong> (XDS Astana Team), ai quali si aggiunge poi anche Ivan Sosa (Equipo Kern Pharma). Questi uomini rientrano cos\u00ec sulla testa della corsa, creando un rallentamento che concede ad Aparicio di allungare di nuovo, prima di essere poi ripreso e staccato definitivamente dal forcing di Buitrago, seguito dal solo Brenner.<\/p>\n<p>Il tedesco sale regolare mentre il colombiano procede a strappi, ma i due emergono nettamente sugli altri, permettendosi cos\u00ec il lusso di studiarsi. Provvisoriamente ripresi da Rodriguez e Sosa, sono cos\u00ec loro due a giocarsi la vittoria con un nuovo scatto secco di Buitrago all&#8217;ultimo chilometro, al quale Brenner reagisce prontamente andandolo a riprendere per poi lanciare una lunga volata vincente.<\/p>\n<p>Nel frattempo in gruppo \u00e8 <strong>Richard Carapaz<\/strong> (EF Education &#8211; EasyPost) a lanciare nuovamente le ostilit\u00e0, dopo aver chiesto ai compagni di fare la selezione finale. Su di lui rientra salendo regolare <strong>Felix Gall<\/strong> (Decathlon CMA CGM), seguito da un <strong>Enric Mas<\/strong> (Movistar) in pieno controllo, mentre <strong>Primoz Roglic<\/strong> (Red Bull &#8211; Bora &#8211; hansgrohe) si muove del suo ritmo. Lo sloveno tuttavia non riesce a seguire gl scatti successivi di Gall, rientrando solo quando l&#8217;austriaco rallenta vedendo che Mas \u00e8 sempre alla sua ruota. Quando tuttavia questi uomini ritrovano sulla loro strada <strong>Raul Garcia Pierna<\/strong>, che si mette subito al servizio del suo capitano in Maglia Rossa si crea il gap che non verr\u00e0 pi\u00f9 colmato, aumentando ulteriormente nell&#8217;ultimo chilometro, quando Gall riprova un ulteriore forcing vedendo la possibilit\u00e0 di prendersi la seconda posizione, quantomeno. Il leader della Decathlon CMA CGM, sempre seguito da Mas mai in difficolt\u00e0, guadagna infatti 25 secondi sullo sloveno, che scivola cos\u00ec sul gradino basso del podio nella generale, a 2&#8217;10&#8221; da Enric Mas, contro i 2&#8217;06&#8221; di Gall.<\/p>\n<h2>Risultato e Classifiche Tappa 14 Vuelta a Espa\u00f1a 2026<\/h2>\n<p><iframe loading=\"lazy\" src=\"https:\/\/secure.cyclingprodata.com\/widgets\/latest\/widgets.html?type=results&amp;tour_id=1072&amp;stage_number=14&amp;use_icons_for_one_column=true&amp;reflow_mode=true\" width=\"100%\" height=\"1000px\" data-mce-fragment=\"1\"><span data-mce-type=\"bookmark\" style=\"display: inline-block; width: 0px; overflow: hidden; line-height: 0;\" class=\"mce_SELRES_start\">\ufeff<\/span><span data-mce-type=\"bookmark\" style=\"display: inline-block; width: 0px; overflow: hidden; line-height: 0;\" class=\"mce_SELRES_start\">\ufeff<\/span><span data-mce-type=\"bookmark\" style=\"display: inline-block; width: 0px; overflow: hidden; line-height: 0;\" class=\"mce_SELRES_start\">\ufeff<\/span><span data-mce-type=\"bookmark\" style=\"display: inline-block; width: 0px; overflow: hidden; line-height: 0;\" class=\"mce_SELRES_start\">\ufeff<\/span><span data-mce-type=\"bookmark\" style=\"display: inline-block; width: 0px; overflow: hidden; line-height: 0;\" class=\"mce_SELRES_start\">\ufeff<\/span><span style=\"display: inline-block; width: 0px; overflow: hidden; line-height: 0;\" data-mce-type=\"bookmark\" class=\"mce_SELRES_start\">\ufeff<\/span><span data-mce-type=\"bookmark\" style=\"display: inline-block; width: 0px; overflow: hidden; line-height: 0;\" class=\"mce_SELRES_start\">\ufeff<\/span><span style=\"display: inline-block; width: 0px; overflow: hidden; line-height: 0;\" data-mce-type=\"bookmark\" class=\"mce_SELRES_start\">\ufeff<\/span><span data-mce-type=\"bookmark\" style=\"display: inline-block; width: 0px; overflow: hidden; line-height: 0;\" class=\"mce_SELRES_start\">\ufeff<\/span><span style=\"display: inline-block; width: 0px; overflow: hidden; line-height: 0;\" data-mce-type=\"bookmark\" class=\"mce_SELRES_start\"><span data-mce-type=\"bookmark\" style=\"display: inline-block; width: 0px; overflow: hidden; line-height: 0;\" class=\"mce_SELRES_start\">\ufeff<\/span>\ufeff<\/span><span data-mce-type=\"bookmark\" style=\"display: inline-block; width: 0px; overflow: hidden; line-height: 0;\" class=\"mce_SELRES_start\">\ufeff<\/span><span style=\"display: inline-block; width: 0px; overflow: hidden; line-height: 0;\" data-mce-type=\"bookmark\" class=\"mce_SELRES_start\">\ufeff<\/span><span style=\"display: inline-block; width: 0px; overflow: hidden; line-height: 0;\" data-mce-type=\"bookmark\" class=\"mce_SELRES_start\">\ufeff<\/span><span style=\"display: inline-block; width: 0px; overflow: hidden; line-height: 0;\" data-mce-type=\"bookmark\" class=\"mce_SELRES_start\">\ufeff<\/span><span data-mce-type=\"bookmark\" style=\"display: inline-block; width: 0px; overflow: hidden; line-height: 0;\" class=\"mce_SELRES_start\">\ufeff<\/span><span data-mce-type=\"bookmark\" style=\"display: inline-block; width: 0px; overflow: hidden; line-height: 0;\" class=\"mce_SELRES_start\">\ufeff<\/span><span data-mce-type=\"bookmark\" style=\"display: inline-block; width: 0px; overflow: hidden; line-height: 0;\" class=\"mce_SELRES_start\">\ufeff<\/span><span data-mce-type=\"bookmark\" style=\"display: inline-block; width: 0px; overflow: hidden; line-height: 0;\" class=\"mce_SELRES_start\">\ufeff<\/span><span data-mce-type=\"bookmark\" style=\"display: inline-block; width: 0px; overflow: hidden; line-height: 0;\" class=\"mce_SELRES_start\">\ufeff<\/span><span data-mce-type=\"bookmark\" style=\"display: inline-block; width: 0px; overflow: hidden; line-height: 0;\" class=\"mce_SELRES_start\">\ufeff<\/span><span data-mce-type=\"bookmark\" style=\"display: inline-block; width: 0px; overflow: hidden; line-height: 0;\" class=\"mce_SELRES_start\">\ufeff<\/span><span data-mce-type=\"bookmark\" style=\"display: inline-block; width: 0px; overflow: hidden; line-height: 0;\" class=\"mce_SELRES_start\">\ufeff<\/span><span data-mce-type=\"bookmark\" style=\"display: inline-block; width: 0px; overflow: hidden; line-height: 0;\" class=\"mce_SELRES_start\">\ufeff<\/span><span data-mce-type=\"bookmark\" style=\"display: inline-block; width: 0px; overflow: hidden; line-height: 0;\" class=\"mce_SELRES_start\">\ufeff<\/span><span data-mce-type=\"bookmark\" style=\"display: inline-block; width: 0px; overflow: hidden; line-height: 0;\" class=\"mce_SELRES_start\">\ufeff<\/span><span data-mce-type=\"bookmark\" style=\"display: inline-block; width: 0px; overflow: hidden; line-height: 0;\" class=\"mce_SELRES_start\">\ufeff<\/span><span data-mce-type=\"bookmark\" style=\"display: inline-block; width: 0px; overflow: hidden; line-height: 0;\" class=\"mce_SELRES_start\">\ufeff<\/span><span data-mce-type=\"bookmark\" style=\"display: inline-block; width: 0px; overflow: hidden; line-height: 0;\" class=\"mce_SELRES_start\">\ufeff<\/span><span data-mce-type=\"bookmark\" style=\"display: inline-block; width: 0px; overflow: hidden; line-height: 0;\" class=\"mce_SELRES_start\">\ufeff<\/span><span data-mce-type=\"bookmark\" style=\"display: inline-block; width: 0px; overflow: hidden; line-height: 0;\" class=\"mce_SELRES_start\">\ufeff<\/span><span data-mce-type=\"bookmark\" style=\"display: inline-block; width: 0px; overflow: hidden; line-height: 0;\" class=\"mce_SELRES_start\">\ufeff<\/span><span data-mce-type=\"bookmark\" style=\"display: inline-block; width: 0px; overflow: hidden; line-height: 0;\" class=\"mce_SELRES_start\">\ufeff<\/span><span data-mce-type=\"bookmark\" style=\"display: inline-block; width: 0px; overflow: hidden; line-height: 0;\" class=\"mce_SELRES_start\">\ufeff<\/span><span data-mce-type=\"bookmark\" style=\"display: inline-block; width: 0px; overflow: hidden; line-height: 0;\" class=\"mce_SELRES_start\">\ufeff<\/span><span data-mce-type=\"bookmark\" style=\"display: inline-block; width: 0px; overflow: hidden; line-height: 0;\" class=\"mce_SELRES_start\">\ufeff<\/span><span data-mce-type=\"bookmark\" style=\"display: inline-block; width: 0px; overflow: hidden; line-height: 0;\" class=\"mce_SELRES_start\">\ufeff<\/span><span data-mce-type=\"bookmark\" style=\"display: inline-block; width: 0px; overflow: hidden; line-height: 0;\" class=\"mce_SELRES_start\">\ufeff<\/span><span data-mce-type=\"bookmark\" style=\"display: inline-block; width: 0px; overflow: hidden; line-height: 0;\" class=\"mce_SELRES_start\">\ufeff<\/span><span style=\"display: inline-block; width: 0px; overflow: hidden; line-height: 0;\" data-mce-type=\"bookmark\" class=\"mce_SELRES_start\">\ufeff<\/span><span style=\"display: inline-block; width: 0px; overflow: hidden; line-height: 0;\" data-mce-type=\"bookmark\" class=\"mce_SELRES_start\">\ufeff<\/span><span style=\"display: inline-block; width: 0px; overflow: hidden; line-height: 0;\" data-mce-type=\"bookmark\" class=\"mce_SELRES_start\">\ufeff<\/span><span style=\"display: inline-block; width: 0px; overflow: hidden; line-height: 0;\" data-mce-type=\"bookmark\" class=\"mce_SELRES_start\">\ufeff<\/span><span data-mce-type=\"bookmark\" style=\"display: inline-block; width: 0px; overflow: hidden; line-height: 0;\" class=\"mce_SELRES_start\">\ufeff<\/span><span style=\"display: inline-block; width: 0px; overflow: hidden; line-height: 0;\" data-mce-type=\"bookmark\" class=\"mce_SELRES_start\">\ufeff<\/span><span style=\"display: inline-block; width: 0px; overflow: hidden; line-height: 0;\" data-mce-type=\"bookmark\" class=\"mce_SELRES_start\">\ufeff<\/span><span style=\"display: inline-block; width: 0px; overflow: hidden; line-height: 0;\" data-mce-type=\"bookmark\" class=\"mce_SELRES_start\">\ufeff<\/span><span data-mce-type=\"bookmark\" style=\"display: inline-block; width: 0px; overflow: hidden; line-height: 0;\" class=\"mce_SELRES_start\">\ufeff<\/span><span data-mce-type=\"bookmark\" style=\"display: inline-block; width: 0px; overflow: hidden; line-height: 0;\" class=\"mce_SELRES_start\">\ufeff<\/span><span data-mce-type=\"bookmark\" style=\"display: inline-block; width: 0px; overflow: hidden; line-height: 0;\" class=\"mce_SELRES_start\">\ufeff<\/span><span data-mce-type=\"bookmark\" style=\"display: inline-block; width: 0px; overflow: hidden; line-height: 0;\" class=\"mce_SELRES_start\">\ufeff<\/span><span data-mce-type=\"bookmark\" style=\"display: inline-block; width: 0px; overflow: hidden; line-height: 0;\" class=\"mce_SELRES_start\">\ufeff<\/span><span style=\"display: inline-block; width: 0px; overflow: hidden; line-height: 0;\" data-mce-type=\"bookmark\" class=\"mce_SELRES_start\">\ufeff<\/span><span data-mce-type=\"bookmark\" style=\"display: inline-block; width: 0px; overflow: hidden; line-height: 0;\" class=\"mce_SELRES_start\">\ufeff<\/span><span data-mce-type=\"bookmark\" style=\"display: inline-block; width: 0px; overflow: hidden; line-height: 0;\" class=\"mce_SELRES_start\"><\/span><span data-mce-type=\"bookmark\" style=\"display: inline-block; width: 0px; overflow: hidden; line-height: 0;\" class=\"mce_SELRES_start\"><\/span><span data-mce-type=\"bookmark\" style=\"display: inline-block; width: 0px; overflow: hidden; line-height: 0;\" class=\"mce_SELRES_start\"><\/span><\/iframe><\/p>\n","protected":false},"excerpt":{"rendered":"<p>Il fuggitivo Marco Brenner si impone nell&#8217;arrivo in salita di Sierra de la Pandera, Enric Mas sempre pi\u00f9 in Maglia Rossa #LaVuelta26<\/p>\n","protected":false},"author":27,"featured_media":393895,"comment_status":"open","ping_status":"closed","sticky":false,"template":"","format":"standard","meta":{"footnotes":"","_members_access_role":[],"_members_access_error":""},"categories":[17,21,6589],"tags":[3427,6614,5752],"class_list":["post-393889","post","type-post","status-publish","format-standard","has-post-thumbnail","hentry","category-sintesi-gare","category-vetrina","category-vuelta-2026","tag-marco-brenner","tag-tudor-pro-cycling-team-2026","tag-vuelta-a-espana-2026"],"yoast_head":"<!-- This site is optimized with the Yoast SEO plugin v28.4 - https:\/\/yoast.com\/product\/yoast-seo-wordpress\/ -->\n<title>Vuelta a Espa\u00f1a 2026, ancora fuga e questa volta tocca a Marco Brenner! Enric Mas guadagna ancora su Primo\u017e Rogli\u010d - SpazioCiclismo<\/title>\n<meta name=\"robots\" content=\"index, follow, max-snippet:-1, max-image-preview:large, max-video-preview:-1\" \/>\n<link rel=\"canonical\" href=\"https:\/\/cyclingpro.net\/spaziociclismo\/sintesi-gare\/vuelta-a-espana-2026-ancora-fuga-e-questa-volta-tocca-a-marco-brenner-enric-mas-guadagna-ancora-su-primoz-roglic\/\" \/>\n<meta property=\"og:locale\" content=\"it_IT\" \/>\n<meta property=\"og:type\" content=\"article\" \/>\n<meta property=\"og:title\" content=\"Vuelta a Espa\u00f1a 2026, ancora fuga e questa volta tocca a Marco Brenner! Enric Mas guadagna ancora su Primo\u017e Rogli\u010d - SpazioCiclismo\" \/>\n<meta property=\"og:description\" content=\"Il fuggitivo Marco Brenner si impone nell&#039;arrivo in salita di Sierra de la Pandera, Enric Mas sempre pi\u00f9 in Maglia Rossa #LaVuelta26\" \/>\n<meta property=\"og:url\" content=\"https:\/\/cyclingpro.net\/spaziociclismo\/sintesi-gare\/vuelta-a-espana-2026-ancora-fuga-e-questa-volta-tocca-a-marco-brenner-enric-mas-guadagna-ancora-su-primoz-roglic\/\" \/>\n<meta property=\"og:site_name\" content=\"SpazioCiclismo\" \/>\n<meta property=\"article:publisher\" content=\"https:\/\/www.facebook.com\/SpazioCiclismo\/\" \/>\n<meta property=\"article:published_time\" content=\"2026-09-05T15:55:59+00:00\" \/>\n<meta property=\"article:modified_time\" content=\"2026-09-05T16:22:14+00:00\" \/>\n<meta property=\"og:image\" content=\"https:\/\/cyclingpro.net\/spaziociclismo\/wp-content\/uploads\/2026\/09\/Brenner-Tappa-14-Vuelta-a-Espana-2026.jpg\" \/>\n\t<meta property=\"og:image:width\" content=\"1200\" \/>\n\t<meta property=\"og:image:height\" content=\"674\" \/>\n\t<meta property=\"og:image:type\" content=\"image\/jpeg\" \/>\n<meta name=\"author\" content=\"Davide Filippi\" \/>\n<meta name=\"twitter:card\" content=\"summary_large_image\" \/>\n<meta name=\"twitter:creator\" content=\"@spaziociclismo\" \/>\n<meta name=\"twitter:site\" content=\"@spaziociclismo\" \/>\n<meta name=\"twitter:label1\" content=\"Scritto da\" \/>\n\t<meta name=\"twitter:data1\" content=\"Davide Filippi\" \/>\n\t<meta name=\"twitter:label2\" content=\"Tempo di lettura stimato\" \/>\n\t<meta name=\"twitter:data2\" content=\"6 minuti\" \/>\n<script type=\"application\/ld+json\" class=\"yoast-schema-graph\">{\"@context\":\"https:\\\/\\\/schema.org\",\"@graph\":[{\"@type\":\"Article\",\"@id\":\"https:\\\/\\\/cyclingpro.net\\\/spaziociclismo\\\/sintesi-gare\\\/vuelta-a-espana-2026-ancora-fuga-e-questa-volta-tocca-a-marco-brenner-enric-mas-guadagna-ancora-su-primoz-roglic\\\/#article\",\"isPartOf\":{\"@id\":\"https:\\\/\\\/cyclingpro.net\\\/spaziociclismo\\\/sintesi-gare\\\/vuelta-a-espana-2026-ancora-fuga-e-questa-volta-tocca-a-marco-brenner-enric-mas-guadagna-ancora-su-primoz-roglic\\\/\"},\"author\":{\"name\":\"Davide Filippi\",\"@id\":\"https:\\\/\\\/cyclingpro.net\\\/spaziociclismo\\\/#\\\/schema\\\/person\\\/5b11f525424bc937dcd939655cae5de3\"},\"headline\":\"Vuelta a Espa\u00f1a 2026, ancora fuga e questa volta tocca a Marco Brenner! Enric Mas guadagna ancora su Primo\u017e Rogli\u010d\",\"datePublished\":\"2026-09-05T15:55:59+00:00\",\"dateModified\":\"2026-09-05T16:22:14+00:00\",\"mainEntityOfPage\":{\"@id\":\"https:\\\/\\\/cyclingpro.net\\\/spaziociclismo\\\/sintesi-gare\\\/vuelta-a-espana-2026-ancora-fuga-e-questa-volta-tocca-a-marco-brenner-enric-mas-guadagna-ancora-su-primoz-roglic\\\/\"},\"wordCount\":994,\"commentCount\":0,\"publisher\":{\"@id\":\"https:\\\/\\\/cyclingpro.net\\\/spaziociclismo\\\/#organization\"},\"image\":{\"@id\":\"https:\\\/\\\/cyclingpro.net\\\/spaziociclismo\\\/sintesi-gare\\\/vuelta-a-espana-2026-ancora-fuga-e-questa-volta-tocca-a-marco-brenner-enric-mas-guadagna-ancora-su-primoz-roglic\\\/#primaryimage\"},\"thumbnailUrl\":\"https:\\\/\\\/cyclingpro.net\\\/spaziociclismo\\\/wp-content\\\/uploads\\\/2026\\\/09\\\/Brenner-Tappa-14-Vuelta-a-Espana-2026.jpg\",\"keywords\":[\"Marco Brenner\",\"Tudor Pro Cycling Team 2026\",\"Vuelta a Espa\u00f1a 2026\"],\"articleSection\":[\"Sintesi Gare\",\"Vetrina\",\"Vuelta 2026\"],\"inLanguage\":\"it-IT\",\"potentialAction\":[{\"@type\":\"CommentAction\",\"name\":\"Comment\",\"target\":[\"https:\\\/\\\/cyclingpro.net\\\/spaziociclismo\\\/sintesi-gare\\\/vuelta-a-espana-2026-ancora-fuga-e-questa-volta-tocca-a-marco-brenner-enric-mas-guadagna-ancora-su-primoz-roglic\\\/#respond\"]}]},{\"@type\":\"WebPage\",\"@id\":\"https:\\\/\\\/cyclingpro.net\\\/spaziociclismo\\\/sintesi-gare\\\/vuelta-a-espana-2026-ancora-fuga-e-questa-volta-tocca-a-marco-brenner-enric-mas-guadagna-ancora-su-primoz-roglic\\\/\",\"url\":\"https:\\\/\\\/cyclingpro.net\\\/spaziociclismo\\\/sintesi-gare\\\/vuelta-a-espana-2026-ancora-fuga-e-questa-volta-tocca-a-marco-brenner-enric-mas-guadagna-ancora-su-primoz-roglic\\\/\",\"name\":\"Vuelta a Espa\u00f1a 2026, ancora fuga e questa volta tocca a Marco Brenner! Enric Mas guadagna ancora su Primo\u017e Rogli\u010d - SpazioCiclismo\",\"isPartOf\":{\"@id\":\"https:\\\/\\\/cyclingpro.net\\\/spaziociclismo\\\/#website\"},\"primaryImageOfPage\":{\"@id\":\"https:\\\/\\\/cyclingpro.net\\\/spaziociclismo\\\/sintesi-gare\\\/vuelta-a-espana-2026-ancora-fuga-e-questa-volta-tocca-a-marco-brenner-enric-mas-guadagna-ancora-su-primoz-roglic\\\/#primaryimage\"},\"image\":{\"@id\":\"https:\\\/\\\/cyclingpro.net\\\/spaziociclismo\\\/sintesi-gare\\\/vuelta-a-espana-2026-ancora-fuga-e-questa-volta-tocca-a-marco-brenner-enric-mas-guadagna-ancora-su-primoz-roglic\\\/#primaryimage\"},\"thumbnailUrl\":\"https:\\\/\\\/cyclingpro.net\\\/spaziociclismo\\\/wp-content\\\/uploads\\\/2026\\\/09\\\/Brenner-Tappa-14-Vuelta-a-Espana-2026.jpg\",\"datePublished\":\"2026-09-05T15:55:59+00:00\",\"dateModified\":\"2026-09-05T16:22:14+00:00\",\"breadcrumb\":{\"@id\":\"https:\\\/\\\/cyclingpro.net\\\/spaziociclismo\\\/sintesi-gare\\\/vuelta-a-espana-2026-ancora-fuga-e-questa-volta-tocca-a-marco-brenner-enric-mas-guadagna-ancora-su-primoz-roglic\\\/#breadcrumb\"},\"inLanguage\":\"it-IT\",\"potentialAction\":[{\"@type\":\"ReadAction\",\"target\":[\"https:\\\/\\\/cyclingpro.net\\\/spaziociclismo\\\/sintesi-gare\\\/vuelta-a-espana-2026-ancora-fuga-e-questa-volta-tocca-a-marco-brenner-enric-mas-guadagna-ancora-su-primoz-roglic\\\/\"]}]},{\"@type\":\"ImageObject\",\"inLanguage\":\"it-IT\",\"@id\":\"https:\\\/\\\/cyclingpro.net\\\/spaziociclismo\\\/sintesi-gare\\\/vuelta-a-espana-2026-ancora-fuga-e-questa-volta-tocca-a-marco-brenner-enric-mas-guadagna-ancora-su-primoz-roglic\\\/#primaryimage\",\"url\":\"https:\\\/\\\/cyclingpro.net\\\/spaziociclismo\\\/wp-content\\\/uploads\\\/2026\\\/09\\\/Brenner-Tappa-14-Vuelta-a-Espana-2026.jpg\",\"contentUrl\":\"https:\\\/\\\/cyclingpro.net\\\/spaziociclismo\\\/wp-content\\\/uploads\\\/2026\\\/09\\\/Brenner-Tappa-14-Vuelta-a-Espana-2026.jpg\",\"width\":1200,\"height\":674},{\"@type\":\"BreadcrumbList\",\"@id\":\"https:\\\/\\\/cyclingpro.net\\\/spaziociclismo\\\/sintesi-gare\\\/vuelta-a-espana-2026-ancora-fuga-e-questa-volta-tocca-a-marco-brenner-enric-mas-guadagna-ancora-su-primoz-roglic\\\/#breadcrumb\",\"itemListElement\":[{\"@type\":\"ListItem\",\"position\":1,\"name\":\"Home\",\"item\":\"https:\\\/\\\/cyclingpro.net\\\/spaziociclismo\\\/\"},{\"@type\":\"ListItem\",\"position\":2,\"name\":\"Vuelta a Espa\u00f1a 2026, ancora fuga e questa volta tocca a Marco Brenner! Enric Mas guadagna ancora su Primo\u017e Rogli\u010d\"}]},{\"@type\":\"WebSite\",\"@id\":\"https:\\\/\\\/cyclingpro.net\\\/spaziociclismo\\\/#website\",\"url\":\"https:\\\/\\\/cyclingpro.net\\\/spaziociclismo\\\/\",\"name\":\"SpazioCiclismo\",\"description\":\"Tutto il ciclismo minuto per minuto\",\"publisher\":{\"@id\":\"https:\\\/\\\/cyclingpro.net\\\/spaziociclismo\\\/#organization\"},\"potentialAction\":[{\"@type\":\"SearchAction\",\"target\":{\"@type\":\"EntryPoint\",\"urlTemplate\":\"https:\\\/\\\/cyclingpro.net\\\/spaziociclismo\\\/?s={search_term_string}\"},\"query-input\":{\"@type\":\"PropertyValueSpecification\",\"valueRequired\":true,\"valueName\":\"search_term_string\"}}],\"inLanguage\":\"it-IT\"},{\"@type\":\"Organization\",\"@id\":\"https:\\\/\\\/cyclingpro.net\\\/spaziociclismo\\\/#organization\",\"name\":\"SpazioCiclismo\",\"url\":\"https:\\\/\\\/cyclingpro.net\\\/spaziociclismo\\\/\",\"logo\":{\"@type\":\"ImageObject\",\"inLanguage\":\"it-IT\",\"@id\":\"https:\\\/\\\/cyclingpro.net\\\/spaziociclismo\\\/#\\\/schema\\\/logo\\\/image\\\/\",\"url\":\"https:\\\/\\\/cyclingpro.net\\\/spaziociclismo\\\/wp-content\\\/uploads\\\/2017\\\/02\\\/SpazioCiclismo-Logo-Quadrato.png\",\"contentUrl\":\"https:\\\/\\\/cyclingpro.net\\\/spaziociclismo\\\/wp-content\\\/uploads\\\/2017\\\/02\\\/SpazioCiclismo-Logo-Quadrato.png\",\"width\":450,\"height\":450,\"caption\":\"SpazioCiclismo\"},\"image\":{\"@id\":\"https:\\\/\\\/cyclingpro.net\\\/spaziociclismo\\\/#\\\/schema\\\/logo\\\/image\\\/\"},\"sameAs\":[\"https:\\\/\\\/www.facebook.com\\\/SpazioCiclismo\\\/\",\"https:\\\/\\\/x.com\\\/spaziociclismo\",\"https:\\\/\\\/www.instagram.com\\\/spaziociclismo\\\/\"]},{\"@type\":\"Person\",\"@id\":\"https:\\\/\\\/cyclingpro.net\\\/spaziociclismo\\\/#\\\/schema\\\/person\\\/5b11f525424bc937dcd939655cae5de3\",\"name\":\"Davide Filippi\",\"image\":{\"@type\":\"ImageObject\",\"inLanguage\":\"it-IT\",\"@id\":\"https:\\\/\\\/secure.gravatar.com\\\/avatar\\\/acf38569376402ef43c46c36ea62f8a431f13c39fac703a2ed157f3bbfa5c1ab?s=96&d=mm&r=g\",\"url\":\"https:\\\/\\\/secure.gravatar.com\\\/avatar\\\/acf38569376402ef43c46c36ea62f8a431f13c39fac703a2ed157f3bbfa5c1ab?s=96&d=mm&r=g\",\"contentUrl\":\"https:\\\/\\\/secure.gravatar.com\\\/avatar\\\/acf38569376402ef43c46c36ea62f8a431f13c39fac703a2ed157f3bbfa5c1ab?s=96&d=mm&r=g\",\"caption\":\"Davide Filippi\"},\"url\":\"https:\\\/\\\/cyclingpro.net\\\/spaziociclismo\\\/author\\\/dfilippi\\\/\"}]}<\/script>\n<!-- \/ Yoast SEO plugin. -->","yoast_head_json":{"title":"Vuelta a Espa\u00f1a 2026, ancora fuga e questa volta tocca a Marco Brenner! Enric Mas guadagna ancora su Primo\u017e Rogli\u010d - SpazioCiclismo","robots":{"index":"index","follow":"follow","max-snippet":"max-snippet:-1","max-image-preview":"max-image-preview:large","max-video-preview":"max-video-preview:-1"},"canonical":"https:\/\/cyclingpro.net\/spaziociclismo\/sintesi-gare\/vuelta-a-espana-2026-ancora-fuga-e-questa-volta-tocca-a-marco-brenner-enric-mas-guadagna-ancora-su-primoz-roglic\/","og_locale":"it_IT","og_type":"article","og_title":"Vuelta a Espa\u00f1a 2026, ancora fuga e questa volta tocca a Marco Brenner! Enric Mas guadagna ancora su Primo\u017e Rogli\u010d - SpazioCiclismo","og_description":"Il fuggitivo Marco Brenner si impone nell'arrivo in salita di Sierra de la Pandera, Enric Mas sempre pi\u00f9 in Maglia Rossa #LaVuelta26","og_url":"https:\/\/cyclingpro.net\/spaziociclismo\/sintesi-gare\/vuelta-a-espana-2026-ancora-fuga-e-questa-volta-tocca-a-marco-brenner-enric-mas-guadagna-ancora-su-primoz-roglic\/","og_site_name":"SpazioCiclismo","article_publisher":"https:\/\/www.facebook.com\/SpazioCiclismo\/","article_published_time":"2026-09-05T15:55:59+00:00","article_modified_time":"2026-09-05T16:22:14+00:00","og_image":[{"width":1200,"height":674,"url":"https:\/\/cyclingpro.net\/spaziociclismo\/wp-content\/uploads\/2026\/09\/Brenner-Tappa-14-Vuelta-a-Espana-2026.jpg","type":"image\/jpeg"}],"author":"Davide Filippi","twitter_card":"summary_large_image","twitter_creator":"@spaziociclismo","twitter_site":"@spaziociclismo","twitter_misc":{"Scritto da":"Davide Filippi","Tempo di lettura stimato":"6 minuti"},"schema":{"@context":"https:\/\/schema.org","@graph":[{"@type":"Article","@id":"https:\/\/cyclingpro.net\/spaziociclismo\/sintesi-gare\/vuelta-a-espana-2026-ancora-fuga-e-questa-volta-tocca-a-marco-brenner-enric-mas-guadagna-ancora-su-primoz-roglic\/#article","isPartOf":{"@id":"https:\/\/cyclingpro.net\/spaziociclismo\/sintesi-gare\/vuelta-a-espana-2026-ancora-fuga-e-questa-volta-tocca-a-marco-brenner-enric-mas-guadagna-ancora-su-primoz-roglic\/"},"author":{"name":"Davide Filippi","@id":"https:\/\/cyclingpro.net\/spaziociclismo\/#\/schema\/person\/5b11f525424bc937dcd939655cae5de3"},"headline":"Vuelta a Espa\u00f1a 2026, ancora fuga e questa volta tocca a Marco Brenner! Enric Mas guadagna ancora su Primo\u017e Rogli\u010d","datePublished":"2026-09-05T15:55:59+00:00","dateModified":"2026-09-05T16:22:14+00:00","mainEntityOfPage":{"@id":"https:\/\/cyclingpro.net\/spaziociclismo\/sintesi-gare\/vuelta-a-espana-2026-ancora-fuga-e-questa-volta-tocca-a-marco-brenner-enric-mas-guadagna-ancora-su-primoz-roglic\/"},"wordCount":994,"commentCount":0,"publisher":{"@id":"https:\/\/cyclingpro.net\/spaziociclismo\/#organization"},"image":{"@id":"https:\/\/cyclingpro.net\/spaziociclismo\/sintesi-gare\/vuelta-a-espana-2026-ancora-fuga-e-questa-volta-tocca-a-marco-brenner-enric-mas-guadagna-ancora-su-primoz-roglic\/#primaryimage"},"thumbnailUrl":"https:\/\/cyclingpro.net\/spaziociclismo\/wp-content\/uploads\/2026\/09\/Brenner-Tappa-14-Vuelta-a-Espana-2026.jpg","keywords":["Marco Brenner","Tudor Pro Cycling Team 2026","Vuelta a Espa\u00f1a 2026"],"articleSection":["Sintesi Gare","Vetrina","Vuelta 2026"],"inLanguage":"it-IT","potentialAction":[{"@type":"CommentAction","name":"Comment","target":["https:\/\/cyclingpro.net\/spaziociclismo\/sintesi-gare\/vuelta-a-espana-2026-ancora-fuga-e-questa-volta-tocca-a-marco-brenner-enric-mas-guadagna-ancora-su-primoz-roglic\/#respond"]}]},{"@type":"WebPage","@id":"https:\/\/cyclingpro.net\/spaziociclismo\/sintesi-gare\/vuelta-a-espana-2026-ancora-fuga-e-questa-volta-tocca-a-marco-brenner-enric-mas-guadagna-ancora-su-primoz-roglic\/","url":"https:\/\/cyclingpro.net\/spaziociclismo\/sintesi-gare\/vuelta-a-espana-2026-ancora-fuga-e-questa-volta-tocca-a-marco-brenner-enric-mas-guadagna-ancora-su-primoz-roglic\/","name":"Vuelta a Espa\u00f1a 2026, ancora fuga e questa volta tocca a Marco Brenner! Enric Mas guadagna ancora su Primo\u017e Rogli\u010d - SpazioCiclismo","isPartOf":{"@id":"https:\/\/cyclingpro.net\/spaziociclismo\/#website"},"primaryImageOfPage":{"@id":"https:\/\/cyclingpro.net\/spaziociclismo\/sintesi-gare\/vuelta-a-espana-2026-ancora-fuga-e-questa-volta-tocca-a-marco-brenner-enric-mas-guadagna-ancora-su-primoz-roglic\/#primaryimage"},"image":{"@id":"https:\/\/cyclingpro.net\/spaziociclismo\/sintesi-gare\/vuelta-a-espana-2026-ancora-fuga-e-questa-volta-tocca-a-marco-brenner-enric-mas-guadagna-ancora-su-primoz-roglic\/#primaryimage"},"thumbnailUrl":"https:\/\/cyclingpro.net\/spaziociclismo\/wp-content\/uploads\/2026\/09\/Brenner-Tappa-14-Vuelta-a-Espana-2026.jpg","datePublished":"2026-09-05T15:55:59+00:00","dateModified":"2026-09-05T16:22:14+00:00","breadcrumb":{"@id":"https:\/\/cyclingpro.net\/spaziociclismo\/sintesi-gare\/vuelta-a-espana-2026-ancora-fuga-e-questa-volta-tocca-a-marco-brenner-enric-mas-guadagna-ancora-su-primoz-roglic\/#breadcrumb"},"inLanguage":"it-IT","potentialAction":[{"@type":"ReadAction","target":["https:\/\/cyclingpro.net\/spaziociclismo\/sintesi-gare\/vuelta-a-espana-2026-ancora-fuga-e-questa-volta-tocca-a-marco-brenner-enric-mas-guadagna-ancora-su-primoz-roglic\/"]}]},{"@type":"ImageObject","inLanguage":"it-IT","@id":"https:\/\/cyclingpro.net\/spaziociclismo\/sintesi-gare\/vuelta-a-espana-2026-ancora-fuga-e-questa-volta-tocca-a-marco-brenner-enric-mas-guadagna-ancora-su-primoz-roglic\/#primaryimage","url":"https:\/\/cyclingpro.net\/spaziociclismo\/wp-content\/uploads\/2026\/09\/Brenner-Tappa-14-Vuelta-a-Espana-2026.jpg","contentUrl":"https:\/\/cyclingpro.net\/spaziociclismo\/wp-content\/uploads\/2026\/09\/Brenner-Tappa-14-Vuelta-a-Espana-2026.jpg","width":1200,"height":674},{"@type":"BreadcrumbList","@id":"https:\/\/cyclingpro.net\/spaziociclismo\/sintesi-gare\/vuelta-a-espana-2026-ancora-fuga-e-questa-volta-tocca-a-marco-brenner-enric-mas-guadagna-ancora-su-primoz-roglic\/#breadcrumb","itemListElement":[{"@type":"ListItem","position":1,"name":"Home","item":"https:\/\/cyclingpro.net\/spaziociclismo\/"},{"@type":"ListItem","position":2,"name":"Vuelta a Espa\u00f1a 2026, ancora fuga e questa volta tocca a Marco Brenner! Enric Mas guadagna ancora su Primo\u017e Rogli\u010d"}]},{"@type":"WebSite","@id":"https:\/\/cyclingpro.net\/spaziociclismo\/#website","url":"https:\/\/cyclingpro.net\/spaziociclismo\/","name":"SpazioCiclismo","description":"Tutto il ciclismo minuto per minuto","publisher":{"@id":"https:\/\/cyclingpro.net\/spaziociclismo\/#organization"},"potentialAction":[{"@type":"SearchAction","target":{"@type":"EntryPoint","urlTemplate":"https:\/\/cyclingpro.net\/spaziociclismo\/?s={search_term_string}"},"query-input":{"@type":"PropertyValueSpecification","valueRequired":true,"valueName":"search_term_string"}}],"inLanguage":"it-IT"},{"@type":"Organization","@id":"https:\/\/cyclingpro.net\/spaziociclismo\/#organization","name":"SpazioCiclismo","url":"https:\/\/cyclingpro.net\/spaziociclismo\/","logo":{"@type":"ImageObject","inLanguage":"it-IT","@id":"https:\/\/cyclingpro.net\/spaziociclismo\/#\/schema\/logo\/image\/","url":"https:\/\/cyclingpro.net\/spaziociclismo\/wp-content\/uploads\/2017\/02\/SpazioCiclismo-Logo-Quadrato.png","contentUrl":"https:\/\/cyclingpro.net\/spaziociclismo\/wp-content\/uploads\/2017\/02\/SpazioCiclismo-Logo-Quadrato.png","width":450,"height":450,"caption":"SpazioCiclismo"},"image":{"@id":"https:\/\/cyclingpro.net\/spaziociclismo\/#\/schema\/logo\/image\/"},"sameAs":["https:\/\/www.facebook.com\/SpazioCiclismo\/","https:\/\/x.com\/spaziociclismo","https:\/\/www.instagram.com\/spaziociclismo\/"]},{"@type":"Person","@id":"https:\/\/cyclingpro.net\/spaziociclismo\/#\/schema\/person\/5b11f525424bc937dcd939655cae5de3","name":"Davide Filippi","image":{"@type":"ImageObject","inLanguage":"it-IT","@id":"https:\/\/secure.gravatar.com\/avatar\/acf38569376402ef43c46c36ea62f8a431f13c39fac703a2ed157f3bbfa5c1ab?s=96&d=mm&r=g","url":"https:\/\/secure.gravatar.com\/avatar\/acf38569376402ef43c46c36ea62f8a431f13c39fac703a2ed157f3bbfa5c1ab?s=96&d=mm&r=g","contentUrl":"https:\/\/secure.gravatar.com\/avatar\/acf38569376402ef43c46c36ea62f8a431f13c39fac703a2ed157f3bbfa5c1ab?s=96&d=mm&r=g","caption":"Davide Filippi"},"url":"https:\/\/cyclingpro.net\/spaziociclismo\/author\/dfilippi\/"}]}},"_links":{"self":[{"href":"https:\/\/cyclingpro.net\/spaziociclismo\/wp-json\/wp\/v2\/posts\/393889","targetHints":{"allow":["GET"]}}],"collection":[{"href":"https:\/\/cyclingpro.net\/spaziociclismo\/wp-json\/wp\/v2\/posts"}],"about":[{"href":"https:\/\/cyclingpro.net\/spaziociclismo\/wp-json\/wp\/v2\/types\/post"}],"author":[{"embeddable":true,"href":"https:\/\/cyclingpro.net\/spaziociclismo\/wp-json\/wp\/v2\/users\/27"}],"replies":[{"embeddable":true,"href":"https:\/\/cyclingpro.net\/spaziociclismo\/wp-json\/wp\/v2\/comments?post=393889"}],"version-history":[{"count":5,"href":"https:\/\/cyclingpro.net\/spaziociclismo\/wp-json\/wp\/v2\/posts\/393889\/revisions"}],"predecessor-version":[{"id":393905,"href":"https:\/\/cyclingpro.net\/spaziociclismo\/wp-json\/wp\/v2\/posts\/393889\/revisions\/393905"}],"wp:featuredmedia":[{"embeddable":true,"href":"https:\/\/cyclingpro.net\/spaziociclismo\/wp-json\/wp\/v2\/media\/393895"}],"wp:attachment":[{"href":"https:\/\/cyclingpro.net\/spaziociclismo\/wp-json\/wp\/v2\/media?parent=393889"}],"wp:term":[{"taxonomy":"category","embeddable":true,"href":"https:\/\/cyclingpro.net\/spaziociclismo\/wp-json\/wp\/v2\/categories?post=393889"},{"taxonomy":"post_tag","embeddable":true,"href":"https:\/\/cyclingpro.net\/spaziociclismo\/wp-json\/wp\/v2\/tags?post=393889"}],"curies":[{"name":"wp","href":"https:\/\/api.w.org\/{rel}","templated":true}]}}