{"id":393871,"date":"2026-09-05T16:46:08","date_gmt":"2026-09-05T14:46:08","guid":{"rendered":"https:\/\/cyclingpro.net\/spaziociclismo\/?p=393871"},"modified":"2026-09-05T16:46:08","modified_gmt":"2026-09-05T14:46:08","slug":"coppa-sabatini-2026-annunciate-le-24-squadre-al-via-con-9-worldtour-e-13-professional","status":"publish","type":"post","link":"https:\/\/cyclingpro.net\/spaziociclismo\/continental\/coppa-sabatini-2026-annunciate-le-24-squadre-al-via-con-9-worldtour-e-13-professional\/","title":{"rendered":"Coppa Sabatini 2026, annunciate le 24 squadre al via con 9 WorldTour e 13 Professional"},"content":{"rendered":"<p>La <strong>Coppa Sabatini 2026 <\/strong>avr\u00e0 un parterre di livello internazionale. La corsa di chiusura del Trittico toscano, che apre l&#8217;autunno italiano \u00e8 in programma per <strong>gioved\u00ec 10 settembre<\/strong>, giorno dopo il Giro della Toscana, con cui condivide le squadre iscritte. Anche alla corsa ProSeries saranno dunque 24 le formazioni al via, partendo dalle nove formazioni WorldTour, alle quali si andranno ad aggiungere da 13 team di livello Professional, partendo ovviamente dalle tre italiane, Bardiani CSF 7 Saber, Polti VisitMalta e Solution Tech-Nippo-Rali, oltre alla MBH Bank CST Telecom Fort, la cui licenza \u00e8 ungherese ma la cui anima \u00e8 ovviamente italiana. A completare il gruppo ci saranno infine due compagini Continental italiane.<\/p>\n<h2>Elenco squadre Coppa Sabatini 2026<\/h2>\n<p><strong>WorldTour<\/strong><br \/>\nBahrain Victorious<br \/>\nEF Education-EasyPost<br \/>\nGroupama-FDJ United<br \/>\nMovistar Team<br \/>\nRed Bull-Bora-hansgrohe<br \/>\nTeam Jayco AlUla<br \/>\nUAE Team Emirates XRG<br \/>\nUno-X Mobility<br \/>\nXDS Astana Team<\/p>\n<p><strong>Professional<\/strong><br \/>\nBardiani CSF 7 Saber<br \/>\nBurgos Burpellet BH<br data-prosemirror-content-type=\"node\" data-prosemirror-node-name=\"hardBreak\" data-prosemirror-node-inline=\"true\" \/>Caja Rural &#8211; Seguros RGA<br \/>\nCofidis<br data-prosemirror-content-type=\"node\" data-prosemirror-node-name=\"hardBreak\" data-prosemirror-node-inline=\"true\" \/>Equipo Kern Pharma<br data-prosemirror-content-type=\"node\" data-prosemirror-node-name=\"hardBreak\" data-prosemirror-node-inline=\"true\" \/>Euskaltel &#8211; Euskadi<br \/>\nMBH Bank CST Telecom Fort<br \/>\nPinarello &#8211; Q36.5<br data-prosemirror-content-type=\"node\" data-prosemirror-node-name=\"hardBreak\" data-prosemirror-node-inline=\"true\" \/>Solution Tech &#8211; Nippo &#8211; Rali<br data-prosemirror-content-type=\"node\" data-prosemirror-node-name=\"hardBreak\" data-prosemirror-node-inline=\"true\" \/>Team Polti VisitMalta<br data-prosemirror-content-type=\"node\" data-prosemirror-node-name=\"hardBreak\" data-prosemirror-node-inline=\"true\" \/>TotalEnergies<br data-prosemirror-content-type=\"node\" data-prosemirror-node-name=\"hardBreak\" data-prosemirror-node-inline=\"true\" \/>Tudor Pro Cycling Team<br data-prosemirror-content-type=\"node\" data-prosemirror-node-name=\"hardBreak\" data-prosemirror-node-inline=\"true\" \/>Unibet Rose Rockets<\/p>\n<p><strong>Continental<\/strong><br \/>\nMG.K Vis Costruzioni e Ambiente<br \/>\nVega &#8211; Vitalcare &#8211; Dinatek<\/p>\n","protected":false},"excerpt":{"rendered":"<p>Previsto parterre di livello internazionale in quel di Peccioli #CoppaSabatini<\/p>\n","protected":false},"author":2,"featured_media":309161,"comment_status":"open","ping_status":"closed","sticky":false,"template":"","format":"standard","meta":{"footnotes":"","_members_access_role":[],"_members_access_error":""},"categories":[6],"tags":[7227],"class_list":["post-393871","post","type-post","status-publish","format-standard","has-post-thumbnail","hentry","category-continental","tag-coppa-sabatini-2026"],"yoast_head":"<!-- This site is optimized with the Yoast SEO plugin v28.4 - https:\/\/yoast.com\/product\/yoast-seo-wordpress\/ -->\n<title>Coppa Sabatini 2026, annunciate le 24 squadre al via con 9 WorldTour e 13 Professional - SpazioCiclismo<\/title>\n<meta name=\"robots\" content=\"index, follow, max-snippet:-1, max-image-preview:large, max-video-preview:-1\" \/>\n<link rel=\"canonical\" href=\"https:\/\/cyclingpro.net\/spaziociclismo\/continental\/coppa-sabatini-2026-annunciate-le-24-squadre-al-via-con-9-worldtour-e-13-professional\/\" \/>\n<meta property=\"og:locale\" content=\"it_IT\" \/>\n<meta property=\"og:type\" content=\"article\" \/>\n<meta property=\"og:title\" content=\"Coppa Sabatini 2026, annunciate le 24 squadre al via con 9 WorldTour e 13 Professional - SpazioCiclismo\" \/>\n<meta property=\"og:description\" content=\"Previsto parterre di livello internazionale in quel di Peccioli #CoppaSabatini\" \/>\n<meta property=\"og:url\" content=\"https:\/\/cyclingpro.net\/spaziociclismo\/continental\/coppa-sabatini-2026-annunciate-le-24-squadre-al-via-con-9-worldtour-e-13-professional\/\" \/>\n<meta property=\"og:site_name\" content=\"SpazioCiclismo\" \/>\n<meta property=\"article:publisher\" content=\"https:\/\/www.facebook.com\/SpazioCiclismo\/\" \/>\n<meta property=\"article:published_time\" content=\"2026-09-05T14:46:08+00:00\" \/>\n<meta property=\"og:image\" content=\"https:\/\/cyclingpro.net\/spaziociclismo\/wp-content\/uploads\/2024\/09\/Gruppo-Coppa-Sabatini-2022.jpg\" \/>\n\t<meta property=\"og:image:width\" content=\"1200\" \/>\n\t<meta property=\"og:image:height\" content=\"800\" \/>\n\t<meta property=\"og:image:type\" content=\"image\/jpeg\" \/>\n<meta name=\"author\" content=\"Redazione SpazioCiclismo\" \/>\n<meta name=\"twitter:card\" content=\"summary_large_image\" \/>\n<meta name=\"twitter:creator\" content=\"@spaziociclismo\" \/>\n<meta name=\"twitter:site\" content=\"@spaziociclismo\" \/>\n<meta name=\"twitter:label1\" content=\"Scritto da\" \/>\n\t<meta name=\"twitter:data1\" content=\"Redazione SpazioCiclismo\" \/>\n\t<meta name=\"twitter:label2\" content=\"Tempo di lettura stimato\" \/>\n\t<meta name=\"twitter:data2\" content=\"2 minuti\" \/>\n<script type=\"application\/ld+json\" class=\"yoast-schema-graph\">{\"@context\":\"https:\\\/\\\/schema.org\",\"@graph\":[{\"@type\":\"Article\",\"@id\":\"https:\\\/\\\/cyclingpro.net\\\/spaziociclismo\\\/continental\\\/coppa-sabatini-2026-annunciate-le-24-squadre-al-via-con-9-worldtour-e-13-professional\\\/#article\",\"isPartOf\":{\"@id\":\"https:\\\/\\\/cyclingpro.net\\\/spaziociclismo\\\/continental\\\/coppa-sabatini-2026-annunciate-le-24-squadre-al-via-con-9-worldtour-e-13-professional\\\/\"},\"author\":{\"name\":\"Redazione SpazioCiclismo\",\"@id\":\"https:\\\/\\\/cyclingpro.net\\\/spaziociclismo\\\/#\\\/schema\\\/person\\\/f104b5d2588ef53ce9f1b43295c352e1\"},\"headline\":\"Coppa Sabatini 2026, annunciate le 24 squadre al via con 9 WorldTour e 13 Professional\",\"datePublished\":\"2026-09-05T14:46:08+00:00\",\"mainEntityOfPage\":{\"@id\":\"https:\\\/\\\/cyclingpro.net\\\/spaziociclismo\\\/continental\\\/coppa-sabatini-2026-annunciate-le-24-squadre-al-via-con-9-worldtour-e-13-professional\\\/\"},\"wordCount\":192,\"commentCount\":0,\"publisher\":{\"@id\":\"https:\\\/\\\/cyclingpro.net\\\/spaziociclismo\\\/#organization\"},\"image\":{\"@id\":\"https:\\\/\\\/cyclingpro.net\\\/spaziociclismo\\\/continental\\\/coppa-sabatini-2026-annunciate-le-24-squadre-al-via-con-9-worldtour-e-13-professional\\\/#primaryimage\"},\"thumbnailUrl\":\"https:\\\/\\\/cyclingpro.net\\\/spaziociclismo\\\/wp-content\\\/uploads\\\/2024\\\/09\\\/Gruppo-Coppa-Sabatini-2022.jpg\",\"keywords\":[\"Coppa Sabatini 2026\"],\"articleSection\":[\"Continental\"],\"inLanguage\":\"it-IT\",\"potentialAction\":[{\"@type\":\"CommentAction\",\"name\":\"Comment\",\"target\":[\"https:\\\/\\\/cyclingpro.net\\\/spaziociclismo\\\/continental\\\/coppa-sabatini-2026-annunciate-le-24-squadre-al-via-con-9-worldtour-e-13-professional\\\/#respond\"]}]},{\"@type\":\"WebPage\",\"@id\":\"https:\\\/\\\/cyclingpro.net\\\/spaziociclismo\\\/continental\\\/coppa-sabatini-2026-annunciate-le-24-squadre-al-via-con-9-worldtour-e-13-professional\\\/\",\"url\":\"https:\\\/\\\/cyclingpro.net\\\/spaziociclismo\\\/continental\\\/coppa-sabatini-2026-annunciate-le-24-squadre-al-via-con-9-worldtour-e-13-professional\\\/\",\"name\":\"Coppa Sabatini 2026, annunciate le 24 squadre al via con 9 WorldTour e 13 Professional - SpazioCiclismo\",\"isPartOf\":{\"@id\":\"https:\\\/\\\/cyclingpro.net\\\/spaziociclismo\\\/#website\"},\"primaryImageOfPage\":{\"@id\":\"https:\\\/\\\/cyclingpro.net\\\/spaziociclismo\\\/continental\\\/coppa-sabatini-2026-annunciate-le-24-squadre-al-via-con-9-worldtour-e-13-professional\\\/#primaryimage\"},\"image\":{\"@id\":\"https:\\\/\\\/cyclingpro.net\\\/spaziociclismo\\\/continental\\\/coppa-sabatini-2026-annunciate-le-24-squadre-al-via-con-9-worldtour-e-13-professional\\\/#primaryimage\"},\"thumbnailUrl\":\"https:\\\/\\\/cyclingpro.net\\\/spaziociclismo\\\/wp-content\\\/uploads\\\/2024\\\/09\\\/Gruppo-Coppa-Sabatini-2022.jpg\",\"datePublished\":\"2026-09-05T14:46:08+00:00\",\"breadcrumb\":{\"@id\":\"https:\\\/\\\/cyclingpro.net\\\/spaziociclismo\\\/continental\\\/coppa-sabatini-2026-annunciate-le-24-squadre-al-via-con-9-worldtour-e-13-professional\\\/#breadcrumb\"},\"inLanguage\":\"it-IT\",\"potentialAction\":[{\"@type\":\"ReadAction\",\"target\":[\"https:\\\/\\\/cyclingpro.net\\\/spaziociclismo\\\/continental\\\/coppa-sabatini-2026-annunciate-le-24-squadre-al-via-con-9-worldtour-e-13-professional\\\/\"]}]},{\"@type\":\"ImageObject\",\"inLanguage\":\"it-IT\",\"@id\":\"https:\\\/\\\/cyclingpro.net\\\/spaziociclismo\\\/continental\\\/coppa-sabatini-2026-annunciate-le-24-squadre-al-via-con-9-worldtour-e-13-professional\\\/#primaryimage\",\"url\":\"https:\\\/\\\/cyclingpro.net\\\/spaziociclismo\\\/wp-content\\\/uploads\\\/2024\\\/09\\\/Gruppo-Coppa-Sabatini-2022.jpg\",\"contentUrl\":\"https:\\\/\\\/cyclingpro.net\\\/spaziociclismo\\\/wp-content\\\/uploads\\\/2024\\\/09\\\/Gruppo-Coppa-Sabatini-2022.jpg\",\"width\":1200,\"height\":800,\"caption\":\"\u00a9 Sirotti\"},{\"@type\":\"BreadcrumbList\",\"@id\":\"https:\\\/\\\/cyclingpro.net\\\/spaziociclismo\\\/continental\\\/coppa-sabatini-2026-annunciate-le-24-squadre-al-via-con-9-worldtour-e-13-professional\\\/#breadcrumb\",\"itemListElement\":[{\"@type\":\"ListItem\",\"position\":1,\"name\":\"Home\",\"item\":\"https:\\\/\\\/cyclingpro.net\\\/spaziociclismo\\\/\"},{\"@type\":\"ListItem\",\"position\":2,\"name\":\"Coppa Sabatini 2026, annunciate le 24 squadre al via con 9 WorldTour e 13 Professional\"}]},{\"@type\":\"WebSite\",\"@id\":\"https:\\\/\\\/cyclingpro.net\\\/spaziociclismo\\\/#website\",\"url\":\"https:\\\/\\\/cyclingpro.net\\\/spaziociclismo\\\/\",\"name\":\"SpazioCiclismo\",\"description\":\"Tutto il ciclismo minuto per minuto\",\"publisher\":{\"@id\":\"https:\\\/\\\/cyclingpro.net\\\/spaziociclismo\\\/#organization\"},\"potentialAction\":[{\"@type\":\"SearchAction\",\"target\":{\"@type\":\"EntryPoint\",\"urlTemplate\":\"https:\\\/\\\/cyclingpro.net\\\/spaziociclismo\\\/?s={search_term_string}\"},\"query-input\":{\"@type\":\"PropertyValueSpecification\",\"valueRequired\":true,\"valueName\":\"search_term_string\"}}],\"inLanguage\":\"it-IT\"},{\"@type\":\"Organization\",\"@id\":\"https:\\\/\\\/cyclingpro.net\\\/spaziociclismo\\\/#organization\",\"name\":\"SpazioCiclismo\",\"url\":\"https:\\\/\\\/cyclingpro.net\\\/spaziociclismo\\\/\",\"logo\":{\"@type\":\"ImageObject\",\"inLanguage\":\"it-IT\",\"@id\":\"https:\\\/\\\/cyclingpro.net\\\/spaziociclismo\\\/#\\\/schema\\\/logo\\\/image\\\/\",\"url\":\"https:\\\/\\\/cyclingpro.net\\\/spaziociclismo\\\/wp-content\\\/uploads\\\/2017\\\/02\\\/SpazioCiclismo-Logo-Quadrato.png\",\"contentUrl\":\"https:\\\/\\\/cyclingpro.net\\\/spaziociclismo\\\/wp-content\\\/uploads\\\/2017\\\/02\\\/SpazioCiclismo-Logo-Quadrato.png\",\"width\":450,\"height\":450,\"caption\":\"SpazioCiclismo\"},\"image\":{\"@id\":\"https:\\\/\\\/cyclingpro.net\\\/spaziociclismo\\\/#\\\/schema\\\/logo\\\/image\\\/\"},\"sameAs\":[\"https:\\\/\\\/www.facebook.com\\\/SpazioCiclismo\\\/\",\"https:\\\/\\\/x.com\\\/spaziociclismo\",\"https:\\\/\\\/www.instagram.com\\\/spaziociclismo\\\/\"]},{\"@type\":\"Person\",\"@id\":\"https:\\\/\\\/cyclingpro.net\\\/spaziociclismo\\\/#\\\/schema\\\/person\\\/f104b5d2588ef53ce9f1b43295c352e1\",\"name\":\"Redazione SpazioCiclismo\",\"image\":{\"@type\":\"ImageObject\",\"inLanguage\":\"it-IT\",\"@id\":\"https:\\\/\\\/secure.gravatar.com\\\/avatar\\\/f1cae17b9ecd38864463422521239d4a656d6b657478a63e445df7b8ebc2b81c?s=96&d=mm&r=g\",\"url\":\"https:\\\/\\\/secure.gravatar.com\\\/avatar\\\/f1cae17b9ecd38864463422521239d4a656d6b657478a63e445df7b8ebc2b81c?s=96&d=mm&r=g\",\"contentUrl\":\"https:\\\/\\\/secure.gravatar.com\\\/avatar\\\/f1cae17b9ecd38864463422521239d4a656d6b657478a63e445df7b8ebc2b81c?s=96&d=mm&r=g\",\"caption\":\"Redazione SpazioCiclismo\"},\"url\":\"https:\\\/\\\/cyclingpro.net\\\/spaziociclismo\\\/author\\\/wptstmssc\\\/\"}]}<\/script>\n<!-- \/ Yoast SEO plugin. -->","yoast_head_json":{"title":"Coppa Sabatini 2026, annunciate le 24 squadre al via con 9 WorldTour e 13 Professional - SpazioCiclismo","robots":{"index":"index","follow":"follow","max-snippet":"max-snippet:-1","max-image-preview":"max-image-preview:large","max-video-preview":"max-video-preview:-1"},"canonical":"https:\/\/cyclingpro.net\/spaziociclismo\/continental\/coppa-sabatini-2026-annunciate-le-24-squadre-al-via-con-9-worldtour-e-13-professional\/","og_locale":"it_IT","og_type":"article","og_title":"Coppa Sabatini 2026, annunciate le 24 squadre al via con 9 WorldTour e 13 Professional - SpazioCiclismo","og_description":"Previsto parterre di livello internazionale in quel di Peccioli #CoppaSabatini","og_url":"https:\/\/cyclingpro.net\/spaziociclismo\/continental\/coppa-sabatini-2026-annunciate-le-24-squadre-al-via-con-9-worldtour-e-13-professional\/","og_site_name":"SpazioCiclismo","article_publisher":"https:\/\/www.facebook.com\/SpazioCiclismo\/","article_published_time":"2026-09-05T14:46:08+00:00","og_image":[{"width":1200,"height":800,"url":"https:\/\/cyclingpro.net\/spaziociclismo\/wp-content\/uploads\/2024\/09\/Gruppo-Coppa-Sabatini-2022.jpg","type":"image\/jpeg"}],"author":"Redazione SpazioCiclismo","twitter_card":"summary_large_image","twitter_creator":"@spaziociclismo","twitter_site":"@spaziociclismo","twitter_misc":{"Scritto da":"Redazione SpazioCiclismo","Tempo di lettura stimato":"2 minuti"},"schema":{"@context":"https:\/\/schema.org","@graph":[{"@type":"Article","@id":"https:\/\/cyclingpro.net\/spaziociclismo\/continental\/coppa-sabatini-2026-annunciate-le-24-squadre-al-via-con-9-worldtour-e-13-professional\/#article","isPartOf":{"@id":"https:\/\/cyclingpro.net\/spaziociclismo\/continental\/coppa-sabatini-2026-annunciate-le-24-squadre-al-via-con-9-worldtour-e-13-professional\/"},"author":{"name":"Redazione SpazioCiclismo","@id":"https:\/\/cyclingpro.net\/spaziociclismo\/#\/schema\/person\/f104b5d2588ef53ce9f1b43295c352e1"},"headline":"Coppa Sabatini 2026, annunciate le 24 squadre al via con 9 WorldTour e 13 Professional","datePublished":"2026-09-05T14:46:08+00:00","mainEntityOfPage":{"@id":"https:\/\/cyclingpro.net\/spaziociclismo\/continental\/coppa-sabatini-2026-annunciate-le-24-squadre-al-via-con-9-worldtour-e-13-professional\/"},"wordCount":192,"commentCount":0,"publisher":{"@id":"https:\/\/cyclingpro.net\/spaziociclismo\/#organization"},"image":{"@id":"https:\/\/cyclingpro.net\/spaziociclismo\/continental\/coppa-sabatini-2026-annunciate-le-24-squadre-al-via-con-9-worldtour-e-13-professional\/#primaryimage"},"thumbnailUrl":"https:\/\/cyclingpro.net\/spaziociclismo\/wp-content\/uploads\/2024\/09\/Gruppo-Coppa-Sabatini-2022.jpg","keywords":["Coppa Sabatini 2026"],"articleSection":["Continental"],"inLanguage":"it-IT","potentialAction":[{"@type":"CommentAction","name":"Comment","target":["https:\/\/cyclingpro.net\/spaziociclismo\/continental\/coppa-sabatini-2026-annunciate-le-24-squadre-al-via-con-9-worldtour-e-13-professional\/#respond"]}]},{"@type":"WebPage","@id":"https:\/\/cyclingpro.net\/spaziociclismo\/continental\/coppa-sabatini-2026-annunciate-le-24-squadre-al-via-con-9-worldtour-e-13-professional\/","url":"https:\/\/cyclingpro.net\/spaziociclismo\/continental\/coppa-sabatini-2026-annunciate-le-24-squadre-al-via-con-9-worldtour-e-13-professional\/","name":"Coppa Sabatini 2026, annunciate le 24 squadre al via con 9 WorldTour e 13 Professional - SpazioCiclismo","isPartOf":{"@id":"https:\/\/cyclingpro.net\/spaziociclismo\/#website"},"primaryImageOfPage":{"@id":"https:\/\/cyclingpro.net\/spaziociclismo\/continental\/coppa-sabatini-2026-annunciate-le-24-squadre-al-via-con-9-worldtour-e-13-professional\/#primaryimage"},"image":{"@id":"https:\/\/cyclingpro.net\/spaziociclismo\/continental\/coppa-sabatini-2026-annunciate-le-24-squadre-al-via-con-9-worldtour-e-13-professional\/#primaryimage"},"thumbnailUrl":"https:\/\/cyclingpro.net\/spaziociclismo\/wp-content\/uploads\/2024\/09\/Gruppo-Coppa-Sabatini-2022.jpg","datePublished":"2026-09-05T14:46:08+00:00","breadcrumb":{"@id":"https:\/\/cyclingpro.net\/spaziociclismo\/continental\/coppa-sabatini-2026-annunciate-le-24-squadre-al-via-con-9-worldtour-e-13-professional\/#breadcrumb"},"inLanguage":"it-IT","potentialAction":[{"@type":"ReadAction","target":["https:\/\/cyclingpro.net\/spaziociclismo\/continental\/coppa-sabatini-2026-annunciate-le-24-squadre-al-via-con-9-worldtour-e-13-professional\/"]}]},{"@type":"ImageObject","inLanguage":"it-IT","@id":"https:\/\/cyclingpro.net\/spaziociclismo\/continental\/coppa-sabatini-2026-annunciate-le-24-squadre-al-via-con-9-worldtour-e-13-professional\/#primaryimage","url":"https:\/\/cyclingpro.net\/spaziociclismo\/wp-content\/uploads\/2024\/09\/Gruppo-Coppa-Sabatini-2022.jpg","contentUrl":"https:\/\/cyclingpro.net\/spaziociclismo\/wp-content\/uploads\/2024\/09\/Gruppo-Coppa-Sabatini-2022.jpg","width":1200,"height":800,"caption":"\u00a9 Sirotti"},{"@type":"BreadcrumbList","@id":"https:\/\/cyclingpro.net\/spaziociclismo\/continental\/coppa-sabatini-2026-annunciate-le-24-squadre-al-via-con-9-worldtour-e-13-professional\/#breadcrumb","itemListElement":[{"@type":"ListItem","position":1,"name":"Home","item":"https:\/\/cyclingpro.net\/spaziociclismo\/"},{"@type":"ListItem","position":2,"name":"Coppa Sabatini 2026, annunciate le 24 squadre al via con 9 WorldTour e 13 Professional"}]},{"@type":"WebSite","@id":"https:\/\/cyclingpro.net\/spaziociclismo\/#website","url":"https:\/\/cyclingpro.net\/spaziociclismo\/","name":"SpazioCiclismo","description":"Tutto il ciclismo minuto per minuto","publisher":{"@id":"https:\/\/cyclingpro.net\/spaziociclismo\/#organization"},"potentialAction":[{"@type":"SearchAction","target":{"@type":"EntryPoint","urlTemplate":"https:\/\/cyclingpro.net\/spaziociclismo\/?s={search_term_string}"},"query-input":{"@type":"PropertyValueSpecification","valueRequired":true,"valueName":"search_term_string"}}],"inLanguage":"it-IT"},{"@type":"Organization","@id":"https:\/\/cyclingpro.net\/spaziociclismo\/#organization","name":"SpazioCiclismo","url":"https:\/\/cyclingpro.net\/spaziociclismo\/","logo":{"@type":"ImageObject","inLanguage":"it-IT","@id":"https:\/\/cyclingpro.net\/spaziociclismo\/#\/schema\/logo\/image\/","url":"https:\/\/cyclingpro.net\/spaziociclismo\/wp-content\/uploads\/2017\/02\/SpazioCiclismo-Logo-Quadrato.png","contentUrl":"https:\/\/cyclingpro.net\/spaziociclismo\/wp-content\/uploads\/2017\/02\/SpazioCiclismo-Logo-Quadrato.png","width":450,"height":450,"caption":"SpazioCiclismo"},"image":{"@id":"https:\/\/cyclingpro.net\/spaziociclismo\/#\/schema\/logo\/image\/"},"sameAs":["https:\/\/www.facebook.com\/SpazioCiclismo\/","https:\/\/x.com\/spaziociclismo","https:\/\/www.instagram.com\/spaziociclismo\/"]},{"@type":"Person","@id":"https:\/\/cyclingpro.net\/spaziociclismo\/#\/schema\/person\/f104b5d2588ef53ce9f1b43295c352e1","name":"Redazione SpazioCiclismo","image":{"@type":"ImageObject","inLanguage":"it-IT","@id":"https:\/\/secure.gravatar.com\/avatar\/f1cae17b9ecd38864463422521239d4a656d6b657478a63e445df7b8ebc2b81c?s=96&d=mm&r=g","url":"https:\/\/secure.gravatar.com\/avatar\/f1cae17b9ecd38864463422521239d4a656d6b657478a63e445df7b8ebc2b81c?s=96&d=mm&r=g","contentUrl":"https:\/\/secure.gravatar.com\/avatar\/f1cae17b9ecd38864463422521239d4a656d6b657478a63e445df7b8ebc2b81c?s=96&d=mm&r=g","caption":"Redazione SpazioCiclismo"},"url":"https:\/\/cyclingpro.net\/spaziociclismo\/author\/wptstmssc\/"}]}},"_links":{"self":[{"href":"https:\/\/cyclingpro.net\/spaziociclismo\/wp-json\/wp\/v2\/posts\/393871","targetHints":{"allow":["GET"]}}],"collection":[{"href":"https:\/\/cyclingpro.net\/spaziociclismo\/wp-json\/wp\/v2\/posts"}],"about":[{"href":"https:\/\/cyclingpro.net\/spaziociclismo\/wp-json\/wp\/v2\/types\/post"}],"author":[{"embeddable":true,"href":"https:\/\/cyclingpro.net\/spaziociclismo\/wp-json\/wp\/v2\/users\/2"}],"replies":[{"embeddable":true,"href":"https:\/\/cyclingpro.net\/spaziociclismo\/wp-json\/wp\/v2\/comments?post=393871"}],"version-history":[{"count":1,"href":"https:\/\/cyclingpro.net\/spaziociclismo\/wp-json\/wp\/v2\/posts\/393871\/revisions"}],"predecessor-version":[{"id":393877,"href":"https:\/\/cyclingpro.net\/spaziociclismo\/wp-json\/wp\/v2\/posts\/393871\/revisions\/393877"}],"wp:featuredmedia":[{"embeddable":true,"href":"https:\/\/cyclingpro.net\/spaziociclismo\/wp-json\/wp\/v2\/media\/309161"}],"wp:attachment":[{"href":"https:\/\/cyclingpro.net\/spaziociclismo\/wp-json\/wp\/v2\/media?parent=393871"}],"wp:term":[{"taxonomy":"category","embeddable":true,"href":"https:\/\/cyclingpro.net\/spaziociclismo\/wp-json\/wp\/v2\/categories?post=393871"},{"taxonomy":"post_tag","embeddable":true,"href":"https:\/\/cyclingpro.net\/spaziociclismo\/wp-json\/wp\/v2\/tags?post=393871"}],"curies":[{"name":"wp","href":"https:\/\/api.w.org\/{rel}","templated":true}]}}