{"id":393847,"date":"2026-09-05T15:51:29","date_gmt":"2026-09-05T13:51:29","guid":{"rendered":"https:\/\/cyclingpro.net\/spaziociclismo\/?p=393847"},"modified":"2026-09-05T16:27:14","modified_gmt":"2026-09-05T14:27:14","slug":"bardiani-csf-7-saber-le-selezioni-per-larciano-toscana-e-sabatini","status":"publish","type":"post","link":"https:\/\/cyclingpro.net\/spaziociclismo\/continental\/bardiani-csf-7-saber-le-selezioni-per-larciano-toscana-e-sabatini\/","title":{"rendered":"Bardiani-CSF 7 Saber, le selezioni per Larciano, Toscana e Sabatini"},"content":{"rendered":"<p>La Bardiani &#8211; CSF 7 Saber ha scelto i suoi uomini per le corse di rientro del calendario italiano. La compagine dei Reveberi sar\u00e0 infatti chiaramente al via di GP Larciano, Giro della Toscana e Coppa Sabatini, corse che riaprono la stagione del calendario nazionale, dove chiaramente le professional nostrane si giocano molto, essendo anche tutte in lotta per rientrare nelle prime 30 squadre della classifica annuale, piazzamento che permette la possibilit\u00e0 di accedere alle WildCard per i GT nella prossima stagione. Primo appuntameno \u00e8 il tradizionale GP Industria &amp; Artigianato che si svolge domenica 6 settembre su un tracciato costruito attorno al San Baronto. Al via ci saranno Luca Covili, Edward Cruz, Martin Herre\u00f1o, Luca Paletti, Vicente Rojas, Alex Tolio e Filippo Turconi.<\/p>\n<p>Mercoled\u00ec 9 settembre si correr\u00e0 invece quello che ormai \u00e8 il Memorial Alfredo Martini, con partenza e arrivo a Pontedera. Confermati Paletti, Rojas, Tolio e Turconi, a completare la squadra saranno Edward Cruz, Martin Herre\u00f1o e Alessio Martinelli. A completare il trittico toscano sar\u00e0 il GP Peccioli, che gioved\u00ec 10 settembre vedr\u00e0 al via Luca Colnaghi, Lorenzo Conforti, Filippo Magli, Martin Marcellusi, Luca Paletti, Filippo Turconi e Nikita Tsvetkov.<\/p>\n","protected":false},"excerpt":{"rendered":"<p>La Bardiani &#8211; CSF 7 Saber ha scelto i suoi uomini per le corse di rientro del calendario italiano #GpLarciano #GirodellaToscana #CoppaSabatini<\/p>\n","protected":false},"author":2,"featured_media":367420,"comment_status":"open","ping_status":"closed","sticky":false,"template":"","format":"standard","meta":{"footnotes":"","_members_access_role":[],"_members_access_error":""},"categories":[6],"tags":[6789,7227,7228,7219],"class_list":["post-393847","post","type-post","status-publish","format-standard","has-post-thumbnail","hentry","category-continental","tag-bardiani-csf-7-saber-2026","tag-coppa-sabatini-2026","tag-giro-della-toscana-2026","tag-gp-larciano-2026"],"yoast_head":"<!-- This site is optimized with the Yoast SEO plugin v28.4 - https:\/\/yoast.com\/product\/yoast-seo-wordpress\/ -->\n<title>Bardiani-CSF 7 Saber, le selezioni per Larciano, Toscana e Sabatini - SpazioCiclismo<\/title>\n<meta name=\"robots\" content=\"index, follow, max-snippet:-1, max-image-preview:large, max-video-preview:-1\" \/>\n<link rel=\"canonical\" href=\"https:\/\/cyclingpro.net\/spaziociclismo\/continental\/bardiani-csf-7-saber-le-selezioni-per-larciano-toscana-e-sabatini\/\" \/>\n<meta property=\"og:locale\" content=\"it_IT\" \/>\n<meta property=\"og:type\" content=\"article\" \/>\n<meta property=\"og:title\" content=\"Bardiani-CSF 7 Saber, le selezioni per Larciano, Toscana e Sabatini - SpazioCiclismo\" \/>\n<meta property=\"og:description\" content=\"La Bardiani - CSF 7 Saber ha scelto i suoi uomini per le corse di rientro del calendario italiano #GpLarciano #GirodellaToscana #CoppaSabatini\" \/>\n<meta property=\"og:url\" content=\"https:\/\/cyclingpro.net\/spaziociclismo\/continental\/bardiani-csf-7-saber-le-selezioni-per-larciano-toscana-e-sabatini\/\" \/>\n<meta property=\"og:site_name\" content=\"SpazioCiclismo\" \/>\n<meta property=\"article:publisher\" content=\"https:\/\/www.facebook.com\/SpazioCiclismo\/\" \/>\n<meta property=\"article:published_time\" content=\"2026-09-05T13:51:29+00:00\" \/>\n<meta property=\"article:modified_time\" content=\"2026-09-05T14:27:14+00:00\" \/>\n<meta property=\"og:image\" content=\"https:\/\/cyclingpro.net\/spaziociclismo\/wp-content\/uploads\/2026\/03\/1254946521-scaled.jpg\" \/>\n\t<meta property=\"og:image:width\" content=\"2560\" \/>\n\t<meta property=\"og:image:height\" content=\"1707\" \/>\n\t<meta property=\"og:image:type\" content=\"image\/jpeg\" \/>\n<meta name=\"author\" content=\"Redazione SpazioCiclismo\" \/>\n<meta name=\"twitter:card\" content=\"summary_large_image\" \/>\n<meta name=\"twitter:creator\" content=\"@spaziociclismo\" \/>\n<meta name=\"twitter:site\" content=\"@spaziociclismo\" \/>\n<meta name=\"twitter:label1\" content=\"Scritto da\" \/>\n\t<meta name=\"twitter:data1\" content=\"Redazione SpazioCiclismo\" \/>\n\t<meta name=\"twitter:label2\" content=\"Tempo di lettura stimato\" \/>\n\t<meta name=\"twitter:data2\" content=\"2 minuti\" \/>\n<script type=\"application\/ld+json\" class=\"yoast-schema-graph\">{\"@context\":\"https:\\\/\\\/schema.org\",\"@graph\":[{\"@type\":\"Article\",\"@id\":\"https:\\\/\\\/cyclingpro.net\\\/spaziociclismo\\\/continental\\\/bardiani-csf-7-saber-le-selezioni-per-larciano-toscana-e-sabatini\\\/#article\",\"isPartOf\":{\"@id\":\"https:\\\/\\\/cyclingpro.net\\\/spaziociclismo\\\/continental\\\/bardiani-csf-7-saber-le-selezioni-per-larciano-toscana-e-sabatini\\\/\"},\"author\":{\"name\":\"Redazione SpazioCiclismo\",\"@id\":\"https:\\\/\\\/cyclingpro.net\\\/spaziociclismo\\\/#\\\/schema\\\/person\\\/f104b5d2588ef53ce9f1b43295c352e1\"},\"headline\":\"Bardiani-CSF 7 Saber, le selezioni per Larciano, Toscana e Sabatini\",\"datePublished\":\"2026-09-05T13:51:29+00:00\",\"dateModified\":\"2026-09-05T14:27:14+00:00\",\"mainEntityOfPage\":{\"@id\":\"https:\\\/\\\/cyclingpro.net\\\/spaziociclismo\\\/continental\\\/bardiani-csf-7-saber-le-selezioni-per-larciano-toscana-e-sabatini\\\/\"},\"wordCount\":197,\"commentCount\":0,\"publisher\":{\"@id\":\"https:\\\/\\\/cyclingpro.net\\\/spaziociclismo\\\/#organization\"},\"image\":{\"@id\":\"https:\\\/\\\/cyclingpro.net\\\/spaziociclismo\\\/continental\\\/bardiani-csf-7-saber-le-selezioni-per-larciano-toscana-e-sabatini\\\/#primaryimage\"},\"thumbnailUrl\":\"https:\\\/\\\/cyclingpro.net\\\/spaziociclismo\\\/wp-content\\\/uploads\\\/2026\\\/03\\\/1254946521-scaled.jpg\",\"keywords\":[\"Bardiani CSF 7 Saber 2026\",\"Coppa Sabatini 2026\",\"Giro della Toscana 2026\",\"GP Larciano 2026\"],\"articleSection\":[\"Continental\"],\"inLanguage\":\"it-IT\",\"potentialAction\":[{\"@type\":\"CommentAction\",\"name\":\"Comment\",\"target\":[\"https:\\\/\\\/cyclingpro.net\\\/spaziociclismo\\\/continental\\\/bardiani-csf-7-saber-le-selezioni-per-larciano-toscana-e-sabatini\\\/#respond\"]}]},{\"@type\":\"WebPage\",\"@id\":\"https:\\\/\\\/cyclingpro.net\\\/spaziociclismo\\\/continental\\\/bardiani-csf-7-saber-le-selezioni-per-larciano-toscana-e-sabatini\\\/\",\"url\":\"https:\\\/\\\/cyclingpro.net\\\/spaziociclismo\\\/continental\\\/bardiani-csf-7-saber-le-selezioni-per-larciano-toscana-e-sabatini\\\/\",\"name\":\"Bardiani-CSF 7 Saber, le selezioni per Larciano, Toscana e Sabatini - SpazioCiclismo\",\"isPartOf\":{\"@id\":\"https:\\\/\\\/cyclingpro.net\\\/spaziociclismo\\\/#website\"},\"primaryImageOfPage\":{\"@id\":\"https:\\\/\\\/cyclingpro.net\\\/spaziociclismo\\\/continental\\\/bardiani-csf-7-saber-le-selezioni-per-larciano-toscana-e-sabatini\\\/#primaryimage\"},\"image\":{\"@id\":\"https:\\\/\\\/cyclingpro.net\\\/spaziociclismo\\\/continental\\\/bardiani-csf-7-saber-le-selezioni-per-larciano-toscana-e-sabatini\\\/#primaryimage\"},\"thumbnailUrl\":\"https:\\\/\\\/cyclingpro.net\\\/spaziociclismo\\\/wp-content\\\/uploads\\\/2026\\\/03\\\/1254946521-scaled.jpg\",\"datePublished\":\"2026-09-05T13:51:29+00:00\",\"dateModified\":\"2026-09-05T14:27:14+00:00\",\"breadcrumb\":{\"@id\":\"https:\\\/\\\/cyclingpro.net\\\/spaziociclismo\\\/continental\\\/bardiani-csf-7-saber-le-selezioni-per-larciano-toscana-e-sabatini\\\/#breadcrumb\"},\"inLanguage\":\"it-IT\",\"potentialAction\":[{\"@type\":\"ReadAction\",\"target\":[\"https:\\\/\\\/cyclingpro.net\\\/spaziociclismo\\\/continental\\\/bardiani-csf-7-saber-le-selezioni-per-larciano-toscana-e-sabatini\\\/\"]}]},{\"@type\":\"ImageObject\",\"inLanguage\":\"it-IT\",\"@id\":\"https:\\\/\\\/cyclingpro.net\\\/spaziociclismo\\\/continental\\\/bardiani-csf-7-saber-le-selezioni-per-larciano-toscana-e-sabatini\\\/#primaryimage\",\"url\":\"https:\\\/\\\/cyclingpro.net\\\/spaziociclismo\\\/wp-content\\\/uploads\\\/2026\\\/03\\\/1254946521-scaled.jpg\",\"contentUrl\":\"https:\\\/\\\/cyclingpro.net\\\/spaziociclismo\\\/wp-content\\\/uploads\\\/2026\\\/03\\\/1254946521-scaled.jpg\",\"width\":2560,\"height\":1707,\"caption\":\"\u00a9 Sirotti\"},{\"@type\":\"BreadcrumbList\",\"@id\":\"https:\\\/\\\/cyclingpro.net\\\/spaziociclismo\\\/continental\\\/bardiani-csf-7-saber-le-selezioni-per-larciano-toscana-e-sabatini\\\/#breadcrumb\",\"itemListElement\":[{\"@type\":\"ListItem\",\"position\":1,\"name\":\"Home\",\"item\":\"https:\\\/\\\/cyclingpro.net\\\/spaziociclismo\\\/\"},{\"@type\":\"ListItem\",\"position\":2,\"name\":\"Bardiani-CSF 7 Saber, le selezioni per Larciano, Toscana e Sabatini\"}]},{\"@type\":\"WebSite\",\"@id\":\"https:\\\/\\\/cyclingpro.net\\\/spaziociclismo\\\/#website\",\"url\":\"https:\\\/\\\/cyclingpro.net\\\/spaziociclismo\\\/\",\"name\":\"SpazioCiclismo\",\"description\":\"Tutto il ciclismo minuto per minuto\",\"publisher\":{\"@id\":\"https:\\\/\\\/cyclingpro.net\\\/spaziociclismo\\\/#organization\"},\"potentialAction\":[{\"@type\":\"SearchAction\",\"target\":{\"@type\":\"EntryPoint\",\"urlTemplate\":\"https:\\\/\\\/cyclingpro.net\\\/spaziociclismo\\\/?s={search_term_string}\"},\"query-input\":{\"@type\":\"PropertyValueSpecification\",\"valueRequired\":true,\"valueName\":\"search_term_string\"}}],\"inLanguage\":\"it-IT\"},{\"@type\":\"Organization\",\"@id\":\"https:\\\/\\\/cyclingpro.net\\\/spaziociclismo\\\/#organization\",\"name\":\"SpazioCiclismo\",\"url\":\"https:\\\/\\\/cyclingpro.net\\\/spaziociclismo\\\/\",\"logo\":{\"@type\":\"ImageObject\",\"inLanguage\":\"it-IT\",\"@id\":\"https:\\\/\\\/cyclingpro.net\\\/spaziociclismo\\\/#\\\/schema\\\/logo\\\/image\\\/\",\"url\":\"https:\\\/\\\/cyclingpro.net\\\/spaziociclismo\\\/wp-content\\\/uploads\\\/2017\\\/02\\\/SpazioCiclismo-Logo-Quadrato.png\",\"contentUrl\":\"https:\\\/\\\/cyclingpro.net\\\/spaziociclismo\\\/wp-content\\\/uploads\\\/2017\\\/02\\\/SpazioCiclismo-Logo-Quadrato.png\",\"width\":450,\"height\":450,\"caption\":\"SpazioCiclismo\"},\"image\":{\"@id\":\"https:\\\/\\\/cyclingpro.net\\\/spaziociclismo\\\/#\\\/schema\\\/logo\\\/image\\\/\"},\"sameAs\":[\"https:\\\/\\\/www.facebook.com\\\/SpazioCiclismo\\\/\",\"https:\\\/\\\/x.com\\\/spaziociclismo\",\"https:\\\/\\\/www.instagram.com\\\/spaziociclismo\\\/\"]},{\"@type\":\"Person\",\"@id\":\"https:\\\/\\\/cyclingpro.net\\\/spaziociclismo\\\/#\\\/schema\\\/person\\\/f104b5d2588ef53ce9f1b43295c352e1\",\"name\":\"Redazione SpazioCiclismo\",\"image\":{\"@type\":\"ImageObject\",\"inLanguage\":\"it-IT\",\"@id\":\"https:\\\/\\\/secure.gravatar.com\\\/avatar\\\/f1cae17b9ecd38864463422521239d4a656d6b657478a63e445df7b8ebc2b81c?s=96&d=mm&r=g\",\"url\":\"https:\\\/\\\/secure.gravatar.com\\\/avatar\\\/f1cae17b9ecd38864463422521239d4a656d6b657478a63e445df7b8ebc2b81c?s=96&d=mm&r=g\",\"contentUrl\":\"https:\\\/\\\/secure.gravatar.com\\\/avatar\\\/f1cae17b9ecd38864463422521239d4a656d6b657478a63e445df7b8ebc2b81c?s=96&d=mm&r=g\",\"caption\":\"Redazione SpazioCiclismo\"},\"url\":\"https:\\\/\\\/cyclingpro.net\\\/spaziociclismo\\\/author\\\/wptstmssc\\\/\"}]}<\/script>\n<!-- \/ Yoast SEO plugin. -->","yoast_head_json":{"title":"Bardiani-CSF 7 Saber, le selezioni per Larciano, Toscana e Sabatini - SpazioCiclismo","robots":{"index":"index","follow":"follow","max-snippet":"max-snippet:-1","max-image-preview":"max-image-preview:large","max-video-preview":"max-video-preview:-1"},"canonical":"https:\/\/cyclingpro.net\/spaziociclismo\/continental\/bardiani-csf-7-saber-le-selezioni-per-larciano-toscana-e-sabatini\/","og_locale":"it_IT","og_type":"article","og_title":"Bardiani-CSF 7 Saber, le selezioni per Larciano, Toscana e Sabatini - SpazioCiclismo","og_description":"La Bardiani - CSF 7 Saber ha scelto i suoi uomini per le corse di rientro del calendario italiano #GpLarciano #GirodellaToscana #CoppaSabatini","og_url":"https:\/\/cyclingpro.net\/spaziociclismo\/continental\/bardiani-csf-7-saber-le-selezioni-per-larciano-toscana-e-sabatini\/","og_site_name":"SpazioCiclismo","article_publisher":"https:\/\/www.facebook.com\/SpazioCiclismo\/","article_published_time":"2026-09-05T13:51:29+00:00","article_modified_time":"2026-09-05T14:27:14+00:00","og_image":[{"width":2560,"height":1707,"url":"https:\/\/cyclingpro.net\/spaziociclismo\/wp-content\/uploads\/2026\/03\/1254946521-scaled.jpg","type":"image\/jpeg"}],"author":"Redazione SpazioCiclismo","twitter_card":"summary_large_image","twitter_creator":"@spaziociclismo","twitter_site":"@spaziociclismo","twitter_misc":{"Scritto da":"Redazione SpazioCiclismo","Tempo di lettura stimato":"2 minuti"},"schema":{"@context":"https:\/\/schema.org","@graph":[{"@type":"Article","@id":"https:\/\/cyclingpro.net\/spaziociclismo\/continental\/bardiani-csf-7-saber-le-selezioni-per-larciano-toscana-e-sabatini\/#article","isPartOf":{"@id":"https:\/\/cyclingpro.net\/spaziociclismo\/continental\/bardiani-csf-7-saber-le-selezioni-per-larciano-toscana-e-sabatini\/"},"author":{"name":"Redazione SpazioCiclismo","@id":"https:\/\/cyclingpro.net\/spaziociclismo\/#\/schema\/person\/f104b5d2588ef53ce9f1b43295c352e1"},"headline":"Bardiani-CSF 7 Saber, le selezioni per Larciano, Toscana e Sabatini","datePublished":"2026-09-05T13:51:29+00:00","dateModified":"2026-09-05T14:27:14+00:00","mainEntityOfPage":{"@id":"https:\/\/cyclingpro.net\/spaziociclismo\/continental\/bardiani-csf-7-saber-le-selezioni-per-larciano-toscana-e-sabatini\/"},"wordCount":197,"commentCount":0,"publisher":{"@id":"https:\/\/cyclingpro.net\/spaziociclismo\/#organization"},"image":{"@id":"https:\/\/cyclingpro.net\/spaziociclismo\/continental\/bardiani-csf-7-saber-le-selezioni-per-larciano-toscana-e-sabatini\/#primaryimage"},"thumbnailUrl":"https:\/\/cyclingpro.net\/spaziociclismo\/wp-content\/uploads\/2026\/03\/1254946521-scaled.jpg","keywords":["Bardiani CSF 7 Saber 2026","Coppa Sabatini 2026","Giro della Toscana 2026","GP Larciano 2026"],"articleSection":["Continental"],"inLanguage":"it-IT","potentialAction":[{"@type":"CommentAction","name":"Comment","target":["https:\/\/cyclingpro.net\/spaziociclismo\/continental\/bardiani-csf-7-saber-le-selezioni-per-larciano-toscana-e-sabatini\/#respond"]}]},{"@type":"WebPage","@id":"https:\/\/cyclingpro.net\/spaziociclismo\/continental\/bardiani-csf-7-saber-le-selezioni-per-larciano-toscana-e-sabatini\/","url":"https:\/\/cyclingpro.net\/spaziociclismo\/continental\/bardiani-csf-7-saber-le-selezioni-per-larciano-toscana-e-sabatini\/","name":"Bardiani-CSF 7 Saber, le selezioni per Larciano, Toscana e Sabatini - SpazioCiclismo","isPartOf":{"@id":"https:\/\/cyclingpro.net\/spaziociclismo\/#website"},"primaryImageOfPage":{"@id":"https:\/\/cyclingpro.net\/spaziociclismo\/continental\/bardiani-csf-7-saber-le-selezioni-per-larciano-toscana-e-sabatini\/#primaryimage"},"image":{"@id":"https:\/\/cyclingpro.net\/spaziociclismo\/continental\/bardiani-csf-7-saber-le-selezioni-per-larciano-toscana-e-sabatini\/#primaryimage"},"thumbnailUrl":"https:\/\/cyclingpro.net\/spaziociclismo\/wp-content\/uploads\/2026\/03\/1254946521-scaled.jpg","datePublished":"2026-09-05T13:51:29+00:00","dateModified":"2026-09-05T14:27:14+00:00","breadcrumb":{"@id":"https:\/\/cyclingpro.net\/spaziociclismo\/continental\/bardiani-csf-7-saber-le-selezioni-per-larciano-toscana-e-sabatini\/#breadcrumb"},"inLanguage":"it-IT","potentialAction":[{"@type":"ReadAction","target":["https:\/\/cyclingpro.net\/spaziociclismo\/continental\/bardiani-csf-7-saber-le-selezioni-per-larciano-toscana-e-sabatini\/"]}]},{"@type":"ImageObject","inLanguage":"it-IT","@id":"https:\/\/cyclingpro.net\/spaziociclismo\/continental\/bardiani-csf-7-saber-le-selezioni-per-larciano-toscana-e-sabatini\/#primaryimage","url":"https:\/\/cyclingpro.net\/spaziociclismo\/wp-content\/uploads\/2026\/03\/1254946521-scaled.jpg","contentUrl":"https:\/\/cyclingpro.net\/spaziociclismo\/wp-content\/uploads\/2026\/03\/1254946521-scaled.jpg","width":2560,"height":1707,"caption":"\u00a9 Sirotti"},{"@type":"BreadcrumbList","@id":"https:\/\/cyclingpro.net\/spaziociclismo\/continental\/bardiani-csf-7-saber-le-selezioni-per-larciano-toscana-e-sabatini\/#breadcrumb","itemListElement":[{"@type":"ListItem","position":1,"name":"Home","item":"https:\/\/cyclingpro.net\/spaziociclismo\/"},{"@type":"ListItem","position":2,"name":"Bardiani-CSF 7 Saber, le selezioni per Larciano, Toscana e Sabatini"}]},{"@type":"WebSite","@id":"https:\/\/cyclingpro.net\/spaziociclismo\/#website","url":"https:\/\/cyclingpro.net\/spaziociclismo\/","name":"SpazioCiclismo","description":"Tutto il ciclismo minuto per minuto","publisher":{"@id":"https:\/\/cyclingpro.net\/spaziociclismo\/#organization"},"potentialAction":[{"@type":"SearchAction","target":{"@type":"EntryPoint","urlTemplate":"https:\/\/cyclingpro.net\/spaziociclismo\/?s={search_term_string}"},"query-input":{"@type":"PropertyValueSpecification","valueRequired":true,"valueName":"search_term_string"}}],"inLanguage":"it-IT"},{"@type":"Organization","@id":"https:\/\/cyclingpro.net\/spaziociclismo\/#organization","name":"SpazioCiclismo","url":"https:\/\/cyclingpro.net\/spaziociclismo\/","logo":{"@type":"ImageObject","inLanguage":"it-IT","@id":"https:\/\/cyclingpro.net\/spaziociclismo\/#\/schema\/logo\/image\/","url":"https:\/\/cyclingpro.net\/spaziociclismo\/wp-content\/uploads\/2017\/02\/SpazioCiclismo-Logo-Quadrato.png","contentUrl":"https:\/\/cyclingpro.net\/spaziociclismo\/wp-content\/uploads\/2017\/02\/SpazioCiclismo-Logo-Quadrato.png","width":450,"height":450,"caption":"SpazioCiclismo"},"image":{"@id":"https:\/\/cyclingpro.net\/spaziociclismo\/#\/schema\/logo\/image\/"},"sameAs":["https:\/\/www.facebook.com\/SpazioCiclismo\/","https:\/\/x.com\/spaziociclismo","https:\/\/www.instagram.com\/spaziociclismo\/"]},{"@type":"Person","@id":"https:\/\/cyclingpro.net\/spaziociclismo\/#\/schema\/person\/f104b5d2588ef53ce9f1b43295c352e1","name":"Redazione SpazioCiclismo","image":{"@type":"ImageObject","inLanguage":"it-IT","@id":"https:\/\/secure.gravatar.com\/avatar\/f1cae17b9ecd38864463422521239d4a656d6b657478a63e445df7b8ebc2b81c?s=96&d=mm&r=g","url":"https:\/\/secure.gravatar.com\/avatar\/f1cae17b9ecd38864463422521239d4a656d6b657478a63e445df7b8ebc2b81c?s=96&d=mm&r=g","contentUrl":"https:\/\/secure.gravatar.com\/avatar\/f1cae17b9ecd38864463422521239d4a656d6b657478a63e445df7b8ebc2b81c?s=96&d=mm&r=g","caption":"Redazione SpazioCiclismo"},"url":"https:\/\/cyclingpro.net\/spaziociclismo\/author\/wptstmssc\/"}]}},"_links":{"self":[{"href":"https:\/\/cyclingpro.net\/spaziociclismo\/wp-json\/wp\/v2\/posts\/393847","targetHints":{"allow":["GET"]}}],"collection":[{"href":"https:\/\/cyclingpro.net\/spaziociclismo\/wp-json\/wp\/v2\/posts"}],"about":[{"href":"https:\/\/cyclingpro.net\/spaziociclismo\/wp-json\/wp\/v2\/types\/post"}],"author":[{"embeddable":true,"href":"https:\/\/cyclingpro.net\/spaziociclismo\/wp-json\/wp\/v2\/users\/2"}],"replies":[{"embeddable":true,"href":"https:\/\/cyclingpro.net\/spaziociclismo\/wp-json\/wp\/v2\/comments?post=393847"}],"version-history":[{"count":1,"href":"https:\/\/cyclingpro.net\/spaziociclismo\/wp-json\/wp\/v2\/posts\/393847\/revisions"}],"predecessor-version":[{"id":393848,"href":"https:\/\/cyclingpro.net\/spaziociclismo\/wp-json\/wp\/v2\/posts\/393847\/revisions\/393848"}],"wp:featuredmedia":[{"embeddable":true,"href":"https:\/\/cyclingpro.net\/spaziociclismo\/wp-json\/wp\/v2\/media\/367420"}],"wp:attachment":[{"href":"https:\/\/cyclingpro.net\/spaziociclismo\/wp-json\/wp\/v2\/media?parent=393847"}],"wp:term":[{"taxonomy":"category","embeddable":true,"href":"https:\/\/cyclingpro.net\/spaziociclismo\/wp-json\/wp\/v2\/categories?post=393847"},{"taxonomy":"post_tag","embeddable":true,"href":"https:\/\/cyclingpro.net\/spaziociclismo\/wp-json\/wp\/v2\/tags?post=393847"}],"curies":[{"name":"wp","href":"https:\/\/api.w.org\/{rel}","templated":true}]}}