{"id":393820,"date":"2026-09-05T13:57:06","date_gmt":"2026-09-05T11:57:06","guid":{"rendered":"https:\/\/cyclingpro.net\/spaziociclismo\/?p=393820"},"modified":"2026-09-05T13:57:06","modified_gmt":"2026-09-05T11:57:06","slug":"vuelta-a-espana-2026-mattias-skjelmose-andare-in-fuga-ieri-non-era-il-piano-ma-e-successo-ed-e-andata-bene","status":"publish","type":"post","link":"https:\/\/cyclingpro.net\/spaziociclismo\/vuelta-2026\/vuelta-a-espana-2026-mattias-skjelmose-andare-in-fuga-ieri-non-era-il-piano-ma-e-successo-ed-e-andata-bene\/","title":{"rendered":"Vuelta a Espa\u00f1a 2026, Mattias Skjelmose: &#8220;Andare in fuga ieri non era il piano, ma \u00e8 successo ed \u00e8 andata bene&#8221;"},"content":{"rendered":"<p><strong>Mattias Skjelmose\u00a0<\/strong>\u00e8 stato uno dei grandi protagonisti della <a href=\"https:\/\/cyclingpro.net\/spaziociclismo\/sintesi-gare\/vuelta-a-espana-2026-finalmente-wout-van-aert-successo-a-loja-su-valentin-paret-peintre-5-vincenzo-albanese-10-filippo-zana\/\" target=\"_blank\" rel=\"noopener\">tredicesima tappa della <strong>Vuelta a Espa\u00f1a 2026<\/strong><\/a>. Il corridore della\u00a0<strong>Lidl-Trek\u00a0<\/strong>\u00e8 riuscito a infilarsi nella fuga di giornata, che comprendeva una trentina di corridori, e ha presto guadagnato terreno sugli altri contendenti della classifica generale. Il danese \u00e8 arrivato a rosicchiare circa 5 minuti sul gruppo maglia rossa, prima che mancasse l&#8217;accordo nel suo gruppo in fuga e l&#8217;azione combinata di\u00a0<strong>Netcompany INEOS\u00a0<\/strong>e\u00a0<strong>Movistar Team\u00a0<\/strong>riportasse il distacco a meno di tre minuti. Alla fine, il classe 2000 ha guadagnato 2&#8217;10&#8221; sul gruppo maglia rossa, un bottino sicuramente buono in una giornata non necessariamente adatta alle sue caratteristiche.<\/p>\n<p>Intervistato ai nostri microfoni alla partenza della quattordicesima frazione, <a href=\"https:\/\/cyclingpro.net\/spaziociclismo\/vuelta-2026\/vuelta-a-espana-2026-enric-mas-abbiamo-controllato-il-gap-da-skjelmose-e-altri-team-sono-venuti-ad-aiutarci-sono-motivato-per-domani-a-sierra-de-la-pandera\/\" target=\"_blank\" rel=\"noopener\"><strong>Mattias Skjelmose <\/strong><\/a>ha ammesso di essere trovato per caso nell&#8217;azione decisiva, ma di averne approfittato per guadagnare terreno: &#8220;<strong>Andare in fuga non era il piano. \u00c8 semplicemente successo, ma \u00e8 andata bene<\/strong>. Abbiamo avuto un vantaggio massimo di circa 4 minuti, che per me era molto buono. Poi era una giornata calda ed essere in fuga permetteva di rinfrescarsi molto pi\u00f9 facilmente. Il giorno prima avevo avuto una pessima giornata, quindi ieri ho provato a recuperare un po&#8217; di terreno ed \u00e8 andata bene. <strong>Magari oggi pagher\u00f2 lo sforzo, magari no. Solo il tempo lo dir\u00e0&#8221;<\/strong>.<\/p>\n<p>In classifica generale, il capitano della\u00a0<strong>Lidl-Trek<\/strong> ha mantenuto la settima posizione, ma ha ridotto a 5&#8217;32&#8221; il distacco dalla maglia rossa\u00a0<strong>Enric Mas\u00a0<\/strong>(Movistar Team), avvicinandosi anche alla top 5, che ora dista poco pi\u00f9 di un minuto. Con ancora tutta la terza settimana da affrontare, il 26enne pu\u00f2 sicuramente cercare di migliorare la propria situazione e, un mese e mezzo dopo il sesto posto al\u00a0<strong>Tour de France 2026<\/strong>, ripetere la top 5 ottenuta alla<strong> Vuelta a Espa\u00f1a 2024<\/strong>, quando chiuse proprio in quinta posizione. La strada verso Granada \u00e8 ancora lunga e ricca di possibilit\u00e0, a cominciare da oggi.<\/p>\n","protected":false},"excerpt":{"rendered":"<p>Il corridore danese racconta la fuga nella giornata di ieri a #LaVuelta26<\/p>\n","protected":false},"author":15,"featured_media":380693,"comment_status":"open","ping_status":"closed","sticky":false,"template":"","format":"standard","meta":{"footnotes":"","_members_access_role":[],"_members_access_error":""},"categories":[6589],"tags":[6546,3687,5752],"class_list":["post-393820","post","type-post","status-publish","format-standard","has-post-thumbnail","hentry","category-vuelta-2026","tag-lidl-trek-2026","tag-mattias-skjelmose-jensen","tag-vuelta-a-espana-2026"],"yoast_head":"<!-- This site is optimized with the Yoast SEO plugin v28.4 - https:\/\/yoast.com\/product\/yoast-seo-wordpress\/ -->\n<title>Vuelta a Espa\u00f1a 2026, Mattias Skjelmose: &quot;Andare in fuga ieri non era il piano, ma \u00e8 successo ed \u00e8 andata bene&quot; - SpazioCiclismo<\/title>\n<meta name=\"robots\" content=\"index, follow, max-snippet:-1, max-image-preview:large, max-video-preview:-1\" \/>\n<link rel=\"canonical\" href=\"https:\/\/cyclingpro.net\/spaziociclismo\/vuelta-2026\/vuelta-a-espana-2026-mattias-skjelmose-andare-in-fuga-ieri-non-era-il-piano-ma-e-successo-ed-e-andata-bene\/\" \/>\n<meta property=\"og:locale\" content=\"it_IT\" \/>\n<meta property=\"og:type\" content=\"article\" \/>\n<meta property=\"og:title\" content=\"Vuelta a Espa\u00f1a 2026, Mattias Skjelmose: &quot;Andare in fuga ieri non era il piano, ma \u00e8 successo ed \u00e8 andata bene&quot; - SpazioCiclismo\" \/>\n<meta property=\"og:description\" content=\"Il corridore danese racconta la fuga nella giornata di ieri a #LaVuelta26\" \/>\n<meta property=\"og:url\" content=\"https:\/\/cyclingpro.net\/spaziociclismo\/vuelta-2026\/vuelta-a-espana-2026-mattias-skjelmose-andare-in-fuga-ieri-non-era-il-piano-ma-e-successo-ed-e-andata-bene\/\" \/>\n<meta property=\"og:site_name\" content=\"SpazioCiclismo\" \/>\n<meta property=\"article:publisher\" content=\"https:\/\/www.facebook.com\/SpazioCiclismo\/\" \/>\n<meta property=\"article:published_time\" content=\"2026-09-05T11:57:06+00:00\" \/>\n<meta property=\"og:image\" content=\"https:\/\/cyclingpro.net\/spaziociclismo\/wp-content\/uploads\/2026\/06\/Gall-Skjelmose.webp\" \/>\n\t<meta property=\"og:image:width\" content=\"1200\" \/>\n\t<meta property=\"og:image:height\" content=\"800\" \/>\n\t<meta property=\"og:image:type\" content=\"image\/webp\" \/>\n<meta name=\"author\" content=\"Davide Terraneo\" \/>\n<meta name=\"twitter:card\" content=\"summary_large_image\" \/>\n<meta name=\"twitter:creator\" content=\"@spaziociclismo\" \/>\n<meta name=\"twitter:site\" content=\"@spaziociclismo\" \/>\n<meta name=\"twitter:label1\" content=\"Scritto da\" \/>\n\t<meta name=\"twitter:data1\" content=\"Davide Terraneo\" \/>\n\t<meta name=\"twitter:label2\" content=\"Tempo di lettura stimato\" \/>\n\t<meta name=\"twitter:data2\" content=\"2 minuti\" \/>\n<script type=\"application\/ld+json\" class=\"yoast-schema-graph\">{\"@context\":\"https:\\\/\\\/schema.org\",\"@graph\":[{\"@type\":\"Article\",\"@id\":\"https:\\\/\\\/cyclingpro.net\\\/spaziociclismo\\\/vuelta-2026\\\/vuelta-a-espana-2026-mattias-skjelmose-andare-in-fuga-ieri-non-era-il-piano-ma-e-successo-ed-e-andata-bene\\\/#article\",\"isPartOf\":{\"@id\":\"https:\\\/\\\/cyclingpro.net\\\/spaziociclismo\\\/vuelta-2026\\\/vuelta-a-espana-2026-mattias-skjelmose-andare-in-fuga-ieri-non-era-il-piano-ma-e-successo-ed-e-andata-bene\\\/\"},\"author\":{\"name\":\"Davide Terraneo\",\"@id\":\"https:\\\/\\\/cyclingpro.net\\\/spaziociclismo\\\/#\\\/schema\\\/person\\\/7e1a937a7dba4e684209b697ab87796a\"},\"headline\":\"Vuelta a Espa\u00f1a 2026, Mattias Skjelmose: &#8220;Andare in fuga ieri non era il piano, ma \u00e8 successo ed \u00e8 andata bene&#8221;\",\"datePublished\":\"2026-09-05T11:57:06+00:00\",\"mainEntityOfPage\":{\"@id\":\"https:\\\/\\\/cyclingpro.net\\\/spaziociclismo\\\/vuelta-2026\\\/vuelta-a-espana-2026-mattias-skjelmose-andare-in-fuga-ieri-non-era-il-piano-ma-e-successo-ed-e-andata-bene\\\/\"},\"wordCount\":323,\"commentCount\":0,\"publisher\":{\"@id\":\"https:\\\/\\\/cyclingpro.net\\\/spaziociclismo\\\/#organization\"},\"image\":{\"@id\":\"https:\\\/\\\/cyclingpro.net\\\/spaziociclismo\\\/vuelta-2026\\\/vuelta-a-espana-2026-mattias-skjelmose-andare-in-fuga-ieri-non-era-il-piano-ma-e-successo-ed-e-andata-bene\\\/#primaryimage\"},\"thumbnailUrl\":\"https:\\\/\\\/cyclingpro.net\\\/spaziociclismo\\\/wp-content\\\/uploads\\\/2026\\\/06\\\/Gall-Skjelmose.webp\",\"keywords\":[\"Lidl - Trek 2026\",\"Mattias Skjelmose Jensen\",\"Vuelta a Espa\u00f1a 2026\"],\"articleSection\":[\"Vuelta 2026\"],\"inLanguage\":\"it-IT\",\"potentialAction\":[{\"@type\":\"CommentAction\",\"name\":\"Comment\",\"target\":[\"https:\\\/\\\/cyclingpro.net\\\/spaziociclismo\\\/vuelta-2026\\\/vuelta-a-espana-2026-mattias-skjelmose-andare-in-fuga-ieri-non-era-il-piano-ma-e-successo-ed-e-andata-bene\\\/#respond\"]}]},{\"@type\":\"WebPage\",\"@id\":\"https:\\\/\\\/cyclingpro.net\\\/spaziociclismo\\\/vuelta-2026\\\/vuelta-a-espana-2026-mattias-skjelmose-andare-in-fuga-ieri-non-era-il-piano-ma-e-successo-ed-e-andata-bene\\\/\",\"url\":\"https:\\\/\\\/cyclingpro.net\\\/spaziociclismo\\\/vuelta-2026\\\/vuelta-a-espana-2026-mattias-skjelmose-andare-in-fuga-ieri-non-era-il-piano-ma-e-successo-ed-e-andata-bene\\\/\",\"name\":\"Vuelta a Espa\u00f1a 2026, Mattias Skjelmose: \\\"Andare in fuga ieri non era il piano, ma \u00e8 successo ed \u00e8 andata bene\\\" - SpazioCiclismo\",\"isPartOf\":{\"@id\":\"https:\\\/\\\/cyclingpro.net\\\/spaziociclismo\\\/#website\"},\"primaryImageOfPage\":{\"@id\":\"https:\\\/\\\/cyclingpro.net\\\/spaziociclismo\\\/vuelta-2026\\\/vuelta-a-espana-2026-mattias-skjelmose-andare-in-fuga-ieri-non-era-il-piano-ma-e-successo-ed-e-andata-bene\\\/#primaryimage\"},\"image\":{\"@id\":\"https:\\\/\\\/cyclingpro.net\\\/spaziociclismo\\\/vuelta-2026\\\/vuelta-a-espana-2026-mattias-skjelmose-andare-in-fuga-ieri-non-era-il-piano-ma-e-successo-ed-e-andata-bene\\\/#primaryimage\"},\"thumbnailUrl\":\"https:\\\/\\\/cyclingpro.net\\\/spaziociclismo\\\/wp-content\\\/uploads\\\/2026\\\/06\\\/Gall-Skjelmose.webp\",\"datePublished\":\"2026-09-05T11:57:06+00:00\",\"breadcrumb\":{\"@id\":\"https:\\\/\\\/cyclingpro.net\\\/spaziociclismo\\\/vuelta-2026\\\/vuelta-a-espana-2026-mattias-skjelmose-andare-in-fuga-ieri-non-era-il-piano-ma-e-successo-ed-e-andata-bene\\\/#breadcrumb\"},\"inLanguage\":\"it-IT\",\"potentialAction\":[{\"@type\":\"ReadAction\",\"target\":[\"https:\\\/\\\/cyclingpro.net\\\/spaziociclismo\\\/vuelta-2026\\\/vuelta-a-espana-2026-mattias-skjelmose-andare-in-fuga-ieri-non-era-il-piano-ma-e-successo-ed-e-andata-bene\\\/\"]}]},{\"@type\":\"ImageObject\",\"inLanguage\":\"it-IT\",\"@id\":\"https:\\\/\\\/cyclingpro.net\\\/spaziociclismo\\\/vuelta-2026\\\/vuelta-a-espana-2026-mattias-skjelmose-andare-in-fuga-ieri-non-era-il-piano-ma-e-successo-ed-e-andata-bene\\\/#primaryimage\",\"url\":\"https:\\\/\\\/cyclingpro.net\\\/spaziociclismo\\\/wp-content\\\/uploads\\\/2026\\\/06\\\/Gall-Skjelmose.webp\",\"contentUrl\":\"https:\\\/\\\/cyclingpro.net\\\/spaziociclismo\\\/wp-content\\\/uploads\\\/2026\\\/06\\\/Gall-Skjelmose.webp\",\"width\":1200,\"height\":800,\"caption\":\"\u00a9 Sirotti\"},{\"@type\":\"BreadcrumbList\",\"@id\":\"https:\\\/\\\/cyclingpro.net\\\/spaziociclismo\\\/vuelta-2026\\\/vuelta-a-espana-2026-mattias-skjelmose-andare-in-fuga-ieri-non-era-il-piano-ma-e-successo-ed-e-andata-bene\\\/#breadcrumb\",\"itemListElement\":[{\"@type\":\"ListItem\",\"position\":1,\"name\":\"Home\",\"item\":\"https:\\\/\\\/cyclingpro.net\\\/spaziociclismo\\\/\"},{\"@type\":\"ListItem\",\"position\":2,\"name\":\"Vuelta a Espa\u00f1a 2026, Mattias Skjelmose: &#8220;Andare in fuga ieri non era il piano, ma \u00e8 successo ed \u00e8 andata bene&#8221;\"}]},{\"@type\":\"WebSite\",\"@id\":\"https:\\\/\\\/cyclingpro.net\\\/spaziociclismo\\\/#website\",\"url\":\"https:\\\/\\\/cyclingpro.net\\\/spaziociclismo\\\/\",\"name\":\"SpazioCiclismo\",\"description\":\"Tutto il ciclismo minuto per minuto\",\"publisher\":{\"@id\":\"https:\\\/\\\/cyclingpro.net\\\/spaziociclismo\\\/#organization\"},\"potentialAction\":[{\"@type\":\"SearchAction\",\"target\":{\"@type\":\"EntryPoint\",\"urlTemplate\":\"https:\\\/\\\/cyclingpro.net\\\/spaziociclismo\\\/?s={search_term_string}\"},\"query-input\":{\"@type\":\"PropertyValueSpecification\",\"valueRequired\":true,\"valueName\":\"search_term_string\"}}],\"inLanguage\":\"it-IT\"},{\"@type\":\"Organization\",\"@id\":\"https:\\\/\\\/cyclingpro.net\\\/spaziociclismo\\\/#organization\",\"name\":\"SpazioCiclismo\",\"url\":\"https:\\\/\\\/cyclingpro.net\\\/spaziociclismo\\\/\",\"logo\":{\"@type\":\"ImageObject\",\"inLanguage\":\"it-IT\",\"@id\":\"https:\\\/\\\/cyclingpro.net\\\/spaziociclismo\\\/#\\\/schema\\\/logo\\\/image\\\/\",\"url\":\"https:\\\/\\\/cyclingpro.net\\\/spaziociclismo\\\/wp-content\\\/uploads\\\/2017\\\/02\\\/SpazioCiclismo-Logo-Quadrato.png\",\"contentUrl\":\"https:\\\/\\\/cyclingpro.net\\\/spaziociclismo\\\/wp-content\\\/uploads\\\/2017\\\/02\\\/SpazioCiclismo-Logo-Quadrato.png\",\"width\":450,\"height\":450,\"caption\":\"SpazioCiclismo\"},\"image\":{\"@id\":\"https:\\\/\\\/cyclingpro.net\\\/spaziociclismo\\\/#\\\/schema\\\/logo\\\/image\\\/\"},\"sameAs\":[\"https:\\\/\\\/www.facebook.com\\\/SpazioCiclismo\\\/\",\"https:\\\/\\\/x.com\\\/spaziociclismo\",\"https:\\\/\\\/www.instagram.com\\\/spaziociclismo\\\/\"]},{\"@type\":\"Person\",\"@id\":\"https:\\\/\\\/cyclingpro.net\\\/spaziociclismo\\\/#\\\/schema\\\/person\\\/7e1a937a7dba4e684209b697ab87796a\",\"name\":\"Davide Terraneo\",\"image\":{\"@type\":\"ImageObject\",\"inLanguage\":\"it-IT\",\"@id\":\"https:\\\/\\\/secure.gravatar.com\\\/avatar\\\/ff8491b63094864b9d94b44d6465d0050c0872ad4112e51a3cee77d0500a47c5?s=96&d=mm&r=g\",\"url\":\"https:\\\/\\\/secure.gravatar.com\\\/avatar\\\/ff8491b63094864b9d94b44d6465d0050c0872ad4112e51a3cee77d0500a47c5?s=96&d=mm&r=g\",\"contentUrl\":\"https:\\\/\\\/secure.gravatar.com\\\/avatar\\\/ff8491b63094864b9d94b44d6465d0050c0872ad4112e51a3cee77d0500a47c5?s=96&d=mm&r=g\",\"caption\":\"Davide Terraneo\"},\"url\":\"https:\\\/\\\/cyclingpro.net\\\/spaziociclismo\\\/author\\\/dterraneo\\\/\"}]}<\/script>\n<!-- \/ Yoast SEO plugin. -->","yoast_head_json":{"title":"Vuelta a Espa\u00f1a 2026, Mattias Skjelmose: \"Andare in fuga ieri non era il piano, ma \u00e8 successo ed \u00e8 andata bene\" - SpazioCiclismo","robots":{"index":"index","follow":"follow","max-snippet":"max-snippet:-1","max-image-preview":"max-image-preview:large","max-video-preview":"max-video-preview:-1"},"canonical":"https:\/\/cyclingpro.net\/spaziociclismo\/vuelta-2026\/vuelta-a-espana-2026-mattias-skjelmose-andare-in-fuga-ieri-non-era-il-piano-ma-e-successo-ed-e-andata-bene\/","og_locale":"it_IT","og_type":"article","og_title":"Vuelta a Espa\u00f1a 2026, Mattias Skjelmose: \"Andare in fuga ieri non era il piano, ma \u00e8 successo ed \u00e8 andata bene\" - SpazioCiclismo","og_description":"Il corridore danese racconta la fuga nella giornata di ieri a #LaVuelta26","og_url":"https:\/\/cyclingpro.net\/spaziociclismo\/vuelta-2026\/vuelta-a-espana-2026-mattias-skjelmose-andare-in-fuga-ieri-non-era-il-piano-ma-e-successo-ed-e-andata-bene\/","og_site_name":"SpazioCiclismo","article_publisher":"https:\/\/www.facebook.com\/SpazioCiclismo\/","article_published_time":"2026-09-05T11:57:06+00:00","og_image":[{"width":1200,"height":800,"url":"https:\/\/cyclingpro.net\/spaziociclismo\/wp-content\/uploads\/2026\/06\/Gall-Skjelmose.webp","type":"image\/webp"}],"author":"Davide Terraneo","twitter_card":"summary_large_image","twitter_creator":"@spaziociclismo","twitter_site":"@spaziociclismo","twitter_misc":{"Scritto da":"Davide Terraneo","Tempo di lettura stimato":"2 minuti"},"schema":{"@context":"https:\/\/schema.org","@graph":[{"@type":"Article","@id":"https:\/\/cyclingpro.net\/spaziociclismo\/vuelta-2026\/vuelta-a-espana-2026-mattias-skjelmose-andare-in-fuga-ieri-non-era-il-piano-ma-e-successo-ed-e-andata-bene\/#article","isPartOf":{"@id":"https:\/\/cyclingpro.net\/spaziociclismo\/vuelta-2026\/vuelta-a-espana-2026-mattias-skjelmose-andare-in-fuga-ieri-non-era-il-piano-ma-e-successo-ed-e-andata-bene\/"},"author":{"name":"Davide Terraneo","@id":"https:\/\/cyclingpro.net\/spaziociclismo\/#\/schema\/person\/7e1a937a7dba4e684209b697ab87796a"},"headline":"Vuelta a Espa\u00f1a 2026, Mattias Skjelmose: &#8220;Andare in fuga ieri non era il piano, ma \u00e8 successo ed \u00e8 andata bene&#8221;","datePublished":"2026-09-05T11:57:06+00:00","mainEntityOfPage":{"@id":"https:\/\/cyclingpro.net\/spaziociclismo\/vuelta-2026\/vuelta-a-espana-2026-mattias-skjelmose-andare-in-fuga-ieri-non-era-il-piano-ma-e-successo-ed-e-andata-bene\/"},"wordCount":323,"commentCount":0,"publisher":{"@id":"https:\/\/cyclingpro.net\/spaziociclismo\/#organization"},"image":{"@id":"https:\/\/cyclingpro.net\/spaziociclismo\/vuelta-2026\/vuelta-a-espana-2026-mattias-skjelmose-andare-in-fuga-ieri-non-era-il-piano-ma-e-successo-ed-e-andata-bene\/#primaryimage"},"thumbnailUrl":"https:\/\/cyclingpro.net\/spaziociclismo\/wp-content\/uploads\/2026\/06\/Gall-Skjelmose.webp","keywords":["Lidl - Trek 2026","Mattias Skjelmose Jensen","Vuelta a Espa\u00f1a 2026"],"articleSection":["Vuelta 2026"],"inLanguage":"it-IT","potentialAction":[{"@type":"CommentAction","name":"Comment","target":["https:\/\/cyclingpro.net\/spaziociclismo\/vuelta-2026\/vuelta-a-espana-2026-mattias-skjelmose-andare-in-fuga-ieri-non-era-il-piano-ma-e-successo-ed-e-andata-bene\/#respond"]}]},{"@type":"WebPage","@id":"https:\/\/cyclingpro.net\/spaziociclismo\/vuelta-2026\/vuelta-a-espana-2026-mattias-skjelmose-andare-in-fuga-ieri-non-era-il-piano-ma-e-successo-ed-e-andata-bene\/","url":"https:\/\/cyclingpro.net\/spaziociclismo\/vuelta-2026\/vuelta-a-espana-2026-mattias-skjelmose-andare-in-fuga-ieri-non-era-il-piano-ma-e-successo-ed-e-andata-bene\/","name":"Vuelta a Espa\u00f1a 2026, Mattias Skjelmose: \"Andare in fuga ieri non era il piano, ma \u00e8 successo ed \u00e8 andata bene\" - SpazioCiclismo","isPartOf":{"@id":"https:\/\/cyclingpro.net\/spaziociclismo\/#website"},"primaryImageOfPage":{"@id":"https:\/\/cyclingpro.net\/spaziociclismo\/vuelta-2026\/vuelta-a-espana-2026-mattias-skjelmose-andare-in-fuga-ieri-non-era-il-piano-ma-e-successo-ed-e-andata-bene\/#primaryimage"},"image":{"@id":"https:\/\/cyclingpro.net\/spaziociclismo\/vuelta-2026\/vuelta-a-espana-2026-mattias-skjelmose-andare-in-fuga-ieri-non-era-il-piano-ma-e-successo-ed-e-andata-bene\/#primaryimage"},"thumbnailUrl":"https:\/\/cyclingpro.net\/spaziociclismo\/wp-content\/uploads\/2026\/06\/Gall-Skjelmose.webp","datePublished":"2026-09-05T11:57:06+00:00","breadcrumb":{"@id":"https:\/\/cyclingpro.net\/spaziociclismo\/vuelta-2026\/vuelta-a-espana-2026-mattias-skjelmose-andare-in-fuga-ieri-non-era-il-piano-ma-e-successo-ed-e-andata-bene\/#breadcrumb"},"inLanguage":"it-IT","potentialAction":[{"@type":"ReadAction","target":["https:\/\/cyclingpro.net\/spaziociclismo\/vuelta-2026\/vuelta-a-espana-2026-mattias-skjelmose-andare-in-fuga-ieri-non-era-il-piano-ma-e-successo-ed-e-andata-bene\/"]}]},{"@type":"ImageObject","inLanguage":"it-IT","@id":"https:\/\/cyclingpro.net\/spaziociclismo\/vuelta-2026\/vuelta-a-espana-2026-mattias-skjelmose-andare-in-fuga-ieri-non-era-il-piano-ma-e-successo-ed-e-andata-bene\/#primaryimage","url":"https:\/\/cyclingpro.net\/spaziociclismo\/wp-content\/uploads\/2026\/06\/Gall-Skjelmose.webp","contentUrl":"https:\/\/cyclingpro.net\/spaziociclismo\/wp-content\/uploads\/2026\/06\/Gall-Skjelmose.webp","width":1200,"height":800,"caption":"\u00a9 Sirotti"},{"@type":"BreadcrumbList","@id":"https:\/\/cyclingpro.net\/spaziociclismo\/vuelta-2026\/vuelta-a-espana-2026-mattias-skjelmose-andare-in-fuga-ieri-non-era-il-piano-ma-e-successo-ed-e-andata-bene\/#breadcrumb","itemListElement":[{"@type":"ListItem","position":1,"name":"Home","item":"https:\/\/cyclingpro.net\/spaziociclismo\/"},{"@type":"ListItem","position":2,"name":"Vuelta a Espa\u00f1a 2026, Mattias Skjelmose: &#8220;Andare in fuga ieri non era il piano, ma \u00e8 successo ed \u00e8 andata bene&#8221;"}]},{"@type":"WebSite","@id":"https:\/\/cyclingpro.net\/spaziociclismo\/#website","url":"https:\/\/cyclingpro.net\/spaziociclismo\/","name":"SpazioCiclismo","description":"Tutto il ciclismo minuto per minuto","publisher":{"@id":"https:\/\/cyclingpro.net\/spaziociclismo\/#organization"},"potentialAction":[{"@type":"SearchAction","target":{"@type":"EntryPoint","urlTemplate":"https:\/\/cyclingpro.net\/spaziociclismo\/?s={search_term_string}"},"query-input":{"@type":"PropertyValueSpecification","valueRequired":true,"valueName":"search_term_string"}}],"inLanguage":"it-IT"},{"@type":"Organization","@id":"https:\/\/cyclingpro.net\/spaziociclismo\/#organization","name":"SpazioCiclismo","url":"https:\/\/cyclingpro.net\/spaziociclismo\/","logo":{"@type":"ImageObject","inLanguage":"it-IT","@id":"https:\/\/cyclingpro.net\/spaziociclismo\/#\/schema\/logo\/image\/","url":"https:\/\/cyclingpro.net\/spaziociclismo\/wp-content\/uploads\/2017\/02\/SpazioCiclismo-Logo-Quadrato.png","contentUrl":"https:\/\/cyclingpro.net\/spaziociclismo\/wp-content\/uploads\/2017\/02\/SpazioCiclismo-Logo-Quadrato.png","width":450,"height":450,"caption":"SpazioCiclismo"},"image":{"@id":"https:\/\/cyclingpro.net\/spaziociclismo\/#\/schema\/logo\/image\/"},"sameAs":["https:\/\/www.facebook.com\/SpazioCiclismo\/","https:\/\/x.com\/spaziociclismo","https:\/\/www.instagram.com\/spaziociclismo\/"]},{"@type":"Person","@id":"https:\/\/cyclingpro.net\/spaziociclismo\/#\/schema\/person\/7e1a937a7dba4e684209b697ab87796a","name":"Davide Terraneo","image":{"@type":"ImageObject","inLanguage":"it-IT","@id":"https:\/\/secure.gravatar.com\/avatar\/ff8491b63094864b9d94b44d6465d0050c0872ad4112e51a3cee77d0500a47c5?s=96&d=mm&r=g","url":"https:\/\/secure.gravatar.com\/avatar\/ff8491b63094864b9d94b44d6465d0050c0872ad4112e51a3cee77d0500a47c5?s=96&d=mm&r=g","contentUrl":"https:\/\/secure.gravatar.com\/avatar\/ff8491b63094864b9d94b44d6465d0050c0872ad4112e51a3cee77d0500a47c5?s=96&d=mm&r=g","caption":"Davide Terraneo"},"url":"https:\/\/cyclingpro.net\/spaziociclismo\/author\/dterraneo\/"}]}},"_links":{"self":[{"href":"https:\/\/cyclingpro.net\/spaziociclismo\/wp-json\/wp\/v2\/posts\/393820","targetHints":{"allow":["GET"]}}],"collection":[{"href":"https:\/\/cyclingpro.net\/spaziociclismo\/wp-json\/wp\/v2\/posts"}],"about":[{"href":"https:\/\/cyclingpro.net\/spaziociclismo\/wp-json\/wp\/v2\/types\/post"}],"author":[{"embeddable":true,"href":"https:\/\/cyclingpro.net\/spaziociclismo\/wp-json\/wp\/v2\/users\/15"}],"replies":[{"embeddable":true,"href":"https:\/\/cyclingpro.net\/spaziociclismo\/wp-json\/wp\/v2\/comments?post=393820"}],"version-history":[{"count":5,"href":"https:\/\/cyclingpro.net\/spaziociclismo\/wp-json\/wp\/v2\/posts\/393820\/revisions"}],"predecessor-version":[{"id":393825,"href":"https:\/\/cyclingpro.net\/spaziociclismo\/wp-json\/wp\/v2\/posts\/393820\/revisions\/393825"}],"wp:featuredmedia":[{"embeddable":true,"href":"https:\/\/cyclingpro.net\/spaziociclismo\/wp-json\/wp\/v2\/media\/380693"}],"wp:attachment":[{"href":"https:\/\/cyclingpro.net\/spaziociclismo\/wp-json\/wp\/v2\/media?parent=393820"}],"wp:term":[{"taxonomy":"category","embeddable":true,"href":"https:\/\/cyclingpro.net\/spaziociclismo\/wp-json\/wp\/v2\/categories?post=393820"},{"taxonomy":"post_tag","embeddable":true,"href":"https:\/\/cyclingpro.net\/spaziociclismo\/wp-json\/wp\/v2\/tags?post=393820"}],"curies":[{"name":"wp","href":"https:\/\/api.w.org\/{rel}","templated":true}]}}