{"id":393814,"date":"2026-09-05T12:55:08","date_gmt":"2026-09-05T10:55:08","guid":{"rendered":"https:\/\/cyclingpro.net\/spaziociclismo\/?p=393814"},"modified":"2026-09-05T12:55:08","modified_gmt":"2026-09-05T10:55:08","slug":"uae-team-emirates-xrg-il-dr-rotunno-aggiorna-sulle-condizioni-di-tadej-pogacar-la-combinazione-delle-fratture-richiede-un-periodo-strutturato-di-riabilitazione","status":"publish","type":"post","link":"https:\/\/cyclingpro.net\/spaziociclismo\/worldtour\/uae-team-emirates-xrg-il-dr-rotunno-aggiorna-sulle-condizioni-di-tadej-pogacar-la-combinazione-delle-fratture-richiede-un-periodo-strutturato-di-riabilitazione\/","title":{"rendered":"UAE Team Emirates-XRG, il dr. Rotunno aggiorna sulle condizioni di Tadej Poga\u010dar: \u201cLa combinazione delle fratture richiede un periodo strutturato di riabilitazione\u201d"},"content":{"rendered":"<p><strong>Tadej Poga\u010dar<\/strong> assieme allo staff medico della <strong>UAE Team Emirates-XRG<\/strong> ha deciso di non tornare a correre in questa stagione. Il team emiratino ha <a href=\"https:\/\/cyclingpro.net\/spaziociclismo\/worldtour\/uae-team-emirates-xrg-la-decisione-sarebbe-stata-presa-stagione-finita-per-tadej-pogacar\/\">comunicato ufficialmente che il ritorno in corsa sar\u00e0 solo nel 2027<\/a>, dando massima priorit\u00e0 al recupero e alla riabilitazione dopo le conseguenze della caduta alla Vuelta a Espa\u00f1a 2026. Una decisione che \u00e8 stata presa valutando con attenzione la situazione clinica attuale, con la combinazione delle fratture, in particolare alla clavicola sinistra e alla vertebra cervicale, che richiedono un periodo strutturato e un percorso preciso di riabilitazione, per cui non era possibile affrettare i tempi del rientro.<\/p>\n<p>A spiegare nel dettaglio l\u2019attuale situazione dello sloveno \u00e8 stato il direttore medico del team, il dottor Adrian Rotunno: \u201c<strong>Tadej sta procedendo bene dopo l\u2019intervento<\/strong> chirurgico e siamo molto soddisfatti del suo recupero fino a questo momento. Tuttavia, data la combinazione delle sue lesioni \u2013 la commozione cerebrale, la frattura stabile della vertebra cervicale C7 e la frattura esposta della clavicola \u2013 abbiamo deciso, insieme a Tadej, che non torner\u00e0 a gareggiare in questa stagione\u201d.<\/p>\n<p>La priorit\u00e0 \u00e8 quindi quella di concentrarsi totalmente sul recupero: \u201cDa un punto di vista medico, la sua salute \u00e8 fondamentale e la priorit\u00e0 ora \u00e8 consentire a ciascuna di queste lesioni di guarire completamente e procedere con la riabilitazione in modo controllato. <strong>Sia la frattura della clavicola che quella cervicale richiederanno un periodo strutturato di riabilitazione<\/strong>. Altrettanto importante \u00e8 la necessit\u00e0 che segua con cautela un protocollo graduale di recupero dalla commozione cerebrale, con un monitoraggio neurologico costante. Solo quando sar\u00e0 guarito dal punto di vista medico e si sentir\u00e0 pronto potr\u00e0 ricevere l\u2019autorizzazione ad aumentare gradualmente il carico di allenamento\u201d.<\/p>\n<p>Per questo motivo forzare il rientro in corsa per correre il Mondiale di Montr\u00e9al o l\u2019Europeo di Ljubljana sarebbe stato un azzardo, mentre lo sloveno ha bisogno di tutto il tempo necessario per tornare ad allenarsi: \u201c<strong>Non c\u2019\u00e8 alcun vantaggio nell\u2019accelerare questo processo semplicemente per rispettare una scadenza agonistica<\/strong>. Eliminare la pressione permette a Tadej di concentrarsi interamente sul suo recupero, con l\u2019obiettivo di tornare all\u2019allenamento completo e alle competizioni quando sar\u00e0 completamente pronto.\u201d<\/p>\n","protected":false},"excerpt":{"rendered":"<p>La spiegazione del medico UAE dopo la decisione di finire la stagione per Tadej Poga\u010dar<\/p>\n","protected":false},"author":52,"featured_media":392719,"comment_status":"open","ping_status":"closed","sticky":false,"template":"","format":"standard","meta":{"footnotes":"","_members_access_role":[],"_members_access_error":""},"categories":[25],"tags":[2166,6779],"class_list":["post-393814","post","type-post","status-publish","format-standard","has-post-thumbnail","hentry","category-worldtour","tag-tadej-pogacar","tag-uae-team-emirates-xrg-2026"],"yoast_head":"<!-- This site is optimized with the Yoast SEO plugin v28.4 - https:\/\/yoast.com\/product\/yoast-seo-wordpress\/ -->\n<title>UAE Team Emirates-XRG, il dr. Rotunno aggiorna sulle condizioni di Tadej Poga\u010dar: \u201cLa combinazione delle fratture richiede un periodo strutturato di riabilitazione\u201d - SpazioCiclismo<\/title>\n<meta name=\"robots\" content=\"index, follow, max-snippet:-1, max-image-preview:large, max-video-preview:-1\" \/>\n<link rel=\"canonical\" href=\"https:\/\/cyclingpro.net\/spaziociclismo\/worldtour\/uae-team-emirates-xrg-il-dr-rotunno-aggiorna-sulle-condizioni-di-tadej-pogacar-la-combinazione-delle-fratture-richiede-un-periodo-strutturato-di-riabilitazione\/\" \/>\n<meta property=\"og:locale\" content=\"it_IT\" \/>\n<meta property=\"og:type\" content=\"article\" \/>\n<meta property=\"og:title\" content=\"UAE Team Emirates-XRG, il dr. Rotunno aggiorna sulle condizioni di Tadej Poga\u010dar: \u201cLa combinazione delle fratture richiede un periodo strutturato di riabilitazione\u201d - SpazioCiclismo\" \/>\n<meta property=\"og:description\" content=\"La spiegazione del medico UAE dopo la decisione di finire la stagione per Tadej Poga\u010dar\" \/>\n<meta property=\"og:url\" content=\"https:\/\/cyclingpro.net\/spaziociclismo\/worldtour\/uae-team-emirates-xrg-il-dr-rotunno-aggiorna-sulle-condizioni-di-tadej-pogacar-la-combinazione-delle-fratture-richiede-un-periodo-strutturato-di-riabilitazione\/\" \/>\n<meta property=\"og:site_name\" content=\"SpazioCiclismo\" \/>\n<meta property=\"article:publisher\" content=\"https:\/\/www.facebook.com\/SpazioCiclismo\/\" \/>\n<meta property=\"article:published_time\" content=\"2026-09-05T10:55:08+00:00\" \/>\n<meta property=\"og:image\" content=\"https:\/\/cyclingpro.net\/spaziociclismo\/wp-content\/uploads\/2026\/08\/Ritiro-Pogacar-Vuelta-2026.png\" \/>\n\t<meta property=\"og:image:width\" content=\"1022\" \/>\n\t<meta property=\"og:image:height\" content=\"581\" \/>\n\t<meta property=\"og:image:type\" content=\"image\/png\" \/>\n<meta name=\"author\" content=\"Alessandro Farina\" \/>\n<meta name=\"twitter:card\" content=\"summary_large_image\" \/>\n<meta name=\"twitter:creator\" content=\"@spaziociclismo\" \/>\n<meta name=\"twitter:site\" content=\"@spaziociclismo\" \/>\n<meta name=\"twitter:label1\" content=\"Scritto da\" \/>\n\t<meta name=\"twitter:data1\" content=\"Alessandro Farina\" \/>\n\t<meta name=\"twitter:label2\" content=\"Tempo di lettura stimato\" \/>\n\t<meta name=\"twitter:data2\" content=\"3 minuti\" \/>\n<script type=\"application\/ld+json\" class=\"yoast-schema-graph\">{\"@context\":\"https:\\\/\\\/schema.org\",\"@graph\":[{\"@type\":\"Article\",\"@id\":\"https:\\\/\\\/cyclingpro.net\\\/spaziociclismo\\\/worldtour\\\/uae-team-emirates-xrg-il-dr-rotunno-aggiorna-sulle-condizioni-di-tadej-pogacar-la-combinazione-delle-fratture-richiede-un-periodo-strutturato-di-riabilitazione\\\/#article\",\"isPartOf\":{\"@id\":\"https:\\\/\\\/cyclingpro.net\\\/spaziociclismo\\\/worldtour\\\/uae-team-emirates-xrg-il-dr-rotunno-aggiorna-sulle-condizioni-di-tadej-pogacar-la-combinazione-delle-fratture-richiede-un-periodo-strutturato-di-riabilitazione\\\/\"},\"author\":{\"name\":\"Alessandro Farina\",\"@id\":\"https:\\\/\\\/cyclingpro.net\\\/spaziociclismo\\\/#\\\/schema\\\/person\\\/fda4d079a95104c2764f9c3ffa3fc26f\"},\"headline\":\"UAE Team Emirates-XRG, il dr. Rotunno aggiorna sulle condizioni di Tadej Poga\u010dar: \u201cLa combinazione delle fratture richiede un periodo strutturato di riabilitazione\u201d\",\"datePublished\":\"2026-09-05T10:55:08+00:00\",\"mainEntityOfPage\":{\"@id\":\"https:\\\/\\\/cyclingpro.net\\\/spaziociclismo\\\/worldtour\\\/uae-team-emirates-xrg-il-dr-rotunno-aggiorna-sulle-condizioni-di-tadej-pogacar-la-combinazione-delle-fratture-richiede-un-periodo-strutturato-di-riabilitazione\\\/\"},\"wordCount\":375,\"commentCount\":0,\"publisher\":{\"@id\":\"https:\\\/\\\/cyclingpro.net\\\/spaziociclismo\\\/#organization\"},\"image\":{\"@id\":\"https:\\\/\\\/cyclingpro.net\\\/spaziociclismo\\\/worldtour\\\/uae-team-emirates-xrg-il-dr-rotunno-aggiorna-sulle-condizioni-di-tadej-pogacar-la-combinazione-delle-fratture-richiede-un-periodo-strutturato-di-riabilitazione\\\/#primaryimage\"},\"thumbnailUrl\":\"https:\\\/\\\/cyclingpro.net\\\/spaziociclismo\\\/wp-content\\\/uploads\\\/2026\\\/08\\\/Ritiro-Pogacar-Vuelta-2026.png\",\"keywords\":[\"Tadej Poga\u010dar\",\"UAE Team Emirates XRG 2026\"],\"articleSection\":[\"WorldTour\"],\"inLanguage\":\"it-IT\",\"potentialAction\":[{\"@type\":\"CommentAction\",\"name\":\"Comment\",\"target\":[\"https:\\\/\\\/cyclingpro.net\\\/spaziociclismo\\\/worldtour\\\/uae-team-emirates-xrg-il-dr-rotunno-aggiorna-sulle-condizioni-di-tadej-pogacar-la-combinazione-delle-fratture-richiede-un-periodo-strutturato-di-riabilitazione\\\/#respond\"]}]},{\"@type\":\"WebPage\",\"@id\":\"https:\\\/\\\/cyclingpro.net\\\/spaziociclismo\\\/worldtour\\\/uae-team-emirates-xrg-il-dr-rotunno-aggiorna-sulle-condizioni-di-tadej-pogacar-la-combinazione-delle-fratture-richiede-un-periodo-strutturato-di-riabilitazione\\\/\",\"url\":\"https:\\\/\\\/cyclingpro.net\\\/spaziociclismo\\\/worldtour\\\/uae-team-emirates-xrg-il-dr-rotunno-aggiorna-sulle-condizioni-di-tadej-pogacar-la-combinazione-delle-fratture-richiede-un-periodo-strutturato-di-riabilitazione\\\/\",\"name\":\"UAE Team Emirates-XRG, il dr. Rotunno aggiorna sulle condizioni di Tadej Poga\u010dar: \u201cLa combinazione delle fratture richiede un periodo strutturato di riabilitazione\u201d - SpazioCiclismo\",\"isPartOf\":{\"@id\":\"https:\\\/\\\/cyclingpro.net\\\/spaziociclismo\\\/#website\"},\"primaryImageOfPage\":{\"@id\":\"https:\\\/\\\/cyclingpro.net\\\/spaziociclismo\\\/worldtour\\\/uae-team-emirates-xrg-il-dr-rotunno-aggiorna-sulle-condizioni-di-tadej-pogacar-la-combinazione-delle-fratture-richiede-un-periodo-strutturato-di-riabilitazione\\\/#primaryimage\"},\"image\":{\"@id\":\"https:\\\/\\\/cyclingpro.net\\\/spaziociclismo\\\/worldtour\\\/uae-team-emirates-xrg-il-dr-rotunno-aggiorna-sulle-condizioni-di-tadej-pogacar-la-combinazione-delle-fratture-richiede-un-periodo-strutturato-di-riabilitazione\\\/#primaryimage\"},\"thumbnailUrl\":\"https:\\\/\\\/cyclingpro.net\\\/spaziociclismo\\\/wp-content\\\/uploads\\\/2026\\\/08\\\/Ritiro-Pogacar-Vuelta-2026.png\",\"datePublished\":\"2026-09-05T10:55:08+00:00\",\"breadcrumb\":{\"@id\":\"https:\\\/\\\/cyclingpro.net\\\/spaziociclismo\\\/worldtour\\\/uae-team-emirates-xrg-il-dr-rotunno-aggiorna-sulle-condizioni-di-tadej-pogacar-la-combinazione-delle-fratture-richiede-un-periodo-strutturato-di-riabilitazione\\\/#breadcrumb\"},\"inLanguage\":\"it-IT\",\"potentialAction\":[{\"@type\":\"ReadAction\",\"target\":[\"https:\\\/\\\/cyclingpro.net\\\/spaziociclismo\\\/worldtour\\\/uae-team-emirates-xrg-il-dr-rotunno-aggiorna-sulle-condizioni-di-tadej-pogacar-la-combinazione-delle-fratture-richiede-un-periodo-strutturato-di-riabilitazione\\\/\"]}]},{\"@type\":\"ImageObject\",\"inLanguage\":\"it-IT\",\"@id\":\"https:\\\/\\\/cyclingpro.net\\\/spaziociclismo\\\/worldtour\\\/uae-team-emirates-xrg-il-dr-rotunno-aggiorna-sulle-condizioni-di-tadej-pogacar-la-combinazione-delle-fratture-richiede-un-periodo-strutturato-di-riabilitazione\\\/#primaryimage\",\"url\":\"https:\\\/\\\/cyclingpro.net\\\/spaziociclismo\\\/wp-content\\\/uploads\\\/2026\\\/08\\\/Ritiro-Pogacar-Vuelta-2026.png\",\"contentUrl\":\"https:\\\/\\\/cyclingpro.net\\\/spaziociclismo\\\/wp-content\\\/uploads\\\/2026\\\/08\\\/Ritiro-Pogacar-Vuelta-2026.png\",\"width\":1022,\"height\":581},{\"@type\":\"BreadcrumbList\",\"@id\":\"https:\\\/\\\/cyclingpro.net\\\/spaziociclismo\\\/worldtour\\\/uae-team-emirates-xrg-il-dr-rotunno-aggiorna-sulle-condizioni-di-tadej-pogacar-la-combinazione-delle-fratture-richiede-un-periodo-strutturato-di-riabilitazione\\\/#breadcrumb\",\"itemListElement\":[{\"@type\":\"ListItem\",\"position\":1,\"name\":\"Home\",\"item\":\"https:\\\/\\\/cyclingpro.net\\\/spaziociclismo\\\/\"},{\"@type\":\"ListItem\",\"position\":2,\"name\":\"UAE Team Emirates-XRG, il dr. Rotunno aggiorna sulle condizioni di Tadej Poga\u010dar: \u201cLa combinazione delle fratture richiede un periodo strutturato di riabilitazione\u201d\"}]},{\"@type\":\"WebSite\",\"@id\":\"https:\\\/\\\/cyclingpro.net\\\/spaziociclismo\\\/#website\",\"url\":\"https:\\\/\\\/cyclingpro.net\\\/spaziociclismo\\\/\",\"name\":\"SpazioCiclismo\",\"description\":\"Tutto il ciclismo minuto per minuto\",\"publisher\":{\"@id\":\"https:\\\/\\\/cyclingpro.net\\\/spaziociclismo\\\/#organization\"},\"potentialAction\":[{\"@type\":\"SearchAction\",\"target\":{\"@type\":\"EntryPoint\",\"urlTemplate\":\"https:\\\/\\\/cyclingpro.net\\\/spaziociclismo\\\/?s={search_term_string}\"},\"query-input\":{\"@type\":\"PropertyValueSpecification\",\"valueRequired\":true,\"valueName\":\"search_term_string\"}}],\"inLanguage\":\"it-IT\"},{\"@type\":\"Organization\",\"@id\":\"https:\\\/\\\/cyclingpro.net\\\/spaziociclismo\\\/#organization\",\"name\":\"SpazioCiclismo\",\"url\":\"https:\\\/\\\/cyclingpro.net\\\/spaziociclismo\\\/\",\"logo\":{\"@type\":\"ImageObject\",\"inLanguage\":\"it-IT\",\"@id\":\"https:\\\/\\\/cyclingpro.net\\\/spaziociclismo\\\/#\\\/schema\\\/logo\\\/image\\\/\",\"url\":\"https:\\\/\\\/cyclingpro.net\\\/spaziociclismo\\\/wp-content\\\/uploads\\\/2017\\\/02\\\/SpazioCiclismo-Logo-Quadrato.png\",\"contentUrl\":\"https:\\\/\\\/cyclingpro.net\\\/spaziociclismo\\\/wp-content\\\/uploads\\\/2017\\\/02\\\/SpazioCiclismo-Logo-Quadrato.png\",\"width\":450,\"height\":450,\"caption\":\"SpazioCiclismo\"},\"image\":{\"@id\":\"https:\\\/\\\/cyclingpro.net\\\/spaziociclismo\\\/#\\\/schema\\\/logo\\\/image\\\/\"},\"sameAs\":[\"https:\\\/\\\/www.facebook.com\\\/SpazioCiclismo\\\/\",\"https:\\\/\\\/x.com\\\/spaziociclismo\",\"https:\\\/\\\/www.instagram.com\\\/spaziociclismo\\\/\"]},{\"@type\":\"Person\",\"@id\":\"https:\\\/\\\/cyclingpro.net\\\/spaziociclismo\\\/#\\\/schema\\\/person\\\/fda4d079a95104c2764f9c3ffa3fc26f\",\"name\":\"Alessandro Farina\",\"image\":{\"@type\":\"ImageObject\",\"inLanguage\":\"it-IT\",\"@id\":\"https:\\\/\\\/secure.gravatar.com\\\/avatar\\\/a15b660280727ff1737611bc5349040155e2609201d613ef2611905cdc7a122a?s=96&d=mm&r=g\",\"url\":\"https:\\\/\\\/secure.gravatar.com\\\/avatar\\\/a15b660280727ff1737611bc5349040155e2609201d613ef2611905cdc7a122a?s=96&d=mm&r=g\",\"contentUrl\":\"https:\\\/\\\/secure.gravatar.com\\\/avatar\\\/a15b660280727ff1737611bc5349040155e2609201d613ef2611905cdc7a122a?s=96&d=mm&r=g\",\"caption\":\"Alessandro Farina\"},\"url\":\"https:\\\/\\\/cyclingpro.net\\\/spaziociclismo\\\/author\\\/afarina\\\/\"}]}<\/script>\n<!-- \/ Yoast SEO plugin. -->","yoast_head_json":{"title":"UAE Team Emirates-XRG, il dr. Rotunno aggiorna sulle condizioni di Tadej Poga\u010dar: \u201cLa combinazione delle fratture richiede un periodo strutturato di riabilitazione\u201d - SpazioCiclismo","robots":{"index":"index","follow":"follow","max-snippet":"max-snippet:-1","max-image-preview":"max-image-preview:large","max-video-preview":"max-video-preview:-1"},"canonical":"https:\/\/cyclingpro.net\/spaziociclismo\/worldtour\/uae-team-emirates-xrg-il-dr-rotunno-aggiorna-sulle-condizioni-di-tadej-pogacar-la-combinazione-delle-fratture-richiede-un-periodo-strutturato-di-riabilitazione\/","og_locale":"it_IT","og_type":"article","og_title":"UAE Team Emirates-XRG, il dr. Rotunno aggiorna sulle condizioni di Tadej Poga\u010dar: \u201cLa combinazione delle fratture richiede un periodo strutturato di riabilitazione\u201d - SpazioCiclismo","og_description":"La spiegazione del medico UAE dopo la decisione di finire la stagione per Tadej Poga\u010dar","og_url":"https:\/\/cyclingpro.net\/spaziociclismo\/worldtour\/uae-team-emirates-xrg-il-dr-rotunno-aggiorna-sulle-condizioni-di-tadej-pogacar-la-combinazione-delle-fratture-richiede-un-periodo-strutturato-di-riabilitazione\/","og_site_name":"SpazioCiclismo","article_publisher":"https:\/\/www.facebook.com\/SpazioCiclismo\/","article_published_time":"2026-09-05T10:55:08+00:00","og_image":[{"width":1022,"height":581,"url":"https:\/\/cyclingpro.net\/spaziociclismo\/wp-content\/uploads\/2026\/08\/Ritiro-Pogacar-Vuelta-2026.png","type":"image\/png"}],"author":"Alessandro Farina","twitter_card":"summary_large_image","twitter_creator":"@spaziociclismo","twitter_site":"@spaziociclismo","twitter_misc":{"Scritto da":"Alessandro Farina","Tempo di lettura stimato":"3 minuti"},"schema":{"@context":"https:\/\/schema.org","@graph":[{"@type":"Article","@id":"https:\/\/cyclingpro.net\/spaziociclismo\/worldtour\/uae-team-emirates-xrg-il-dr-rotunno-aggiorna-sulle-condizioni-di-tadej-pogacar-la-combinazione-delle-fratture-richiede-un-periodo-strutturato-di-riabilitazione\/#article","isPartOf":{"@id":"https:\/\/cyclingpro.net\/spaziociclismo\/worldtour\/uae-team-emirates-xrg-il-dr-rotunno-aggiorna-sulle-condizioni-di-tadej-pogacar-la-combinazione-delle-fratture-richiede-un-periodo-strutturato-di-riabilitazione\/"},"author":{"name":"Alessandro Farina","@id":"https:\/\/cyclingpro.net\/spaziociclismo\/#\/schema\/person\/fda4d079a95104c2764f9c3ffa3fc26f"},"headline":"UAE Team Emirates-XRG, il dr. Rotunno aggiorna sulle condizioni di Tadej Poga\u010dar: \u201cLa combinazione delle fratture richiede un periodo strutturato di riabilitazione\u201d","datePublished":"2026-09-05T10:55:08+00:00","mainEntityOfPage":{"@id":"https:\/\/cyclingpro.net\/spaziociclismo\/worldtour\/uae-team-emirates-xrg-il-dr-rotunno-aggiorna-sulle-condizioni-di-tadej-pogacar-la-combinazione-delle-fratture-richiede-un-periodo-strutturato-di-riabilitazione\/"},"wordCount":375,"commentCount":0,"publisher":{"@id":"https:\/\/cyclingpro.net\/spaziociclismo\/#organization"},"image":{"@id":"https:\/\/cyclingpro.net\/spaziociclismo\/worldtour\/uae-team-emirates-xrg-il-dr-rotunno-aggiorna-sulle-condizioni-di-tadej-pogacar-la-combinazione-delle-fratture-richiede-un-periodo-strutturato-di-riabilitazione\/#primaryimage"},"thumbnailUrl":"https:\/\/cyclingpro.net\/spaziociclismo\/wp-content\/uploads\/2026\/08\/Ritiro-Pogacar-Vuelta-2026.png","keywords":["Tadej Poga\u010dar","UAE Team Emirates XRG 2026"],"articleSection":["WorldTour"],"inLanguage":"it-IT","potentialAction":[{"@type":"CommentAction","name":"Comment","target":["https:\/\/cyclingpro.net\/spaziociclismo\/worldtour\/uae-team-emirates-xrg-il-dr-rotunno-aggiorna-sulle-condizioni-di-tadej-pogacar-la-combinazione-delle-fratture-richiede-un-periodo-strutturato-di-riabilitazione\/#respond"]}]},{"@type":"WebPage","@id":"https:\/\/cyclingpro.net\/spaziociclismo\/worldtour\/uae-team-emirates-xrg-il-dr-rotunno-aggiorna-sulle-condizioni-di-tadej-pogacar-la-combinazione-delle-fratture-richiede-un-periodo-strutturato-di-riabilitazione\/","url":"https:\/\/cyclingpro.net\/spaziociclismo\/worldtour\/uae-team-emirates-xrg-il-dr-rotunno-aggiorna-sulle-condizioni-di-tadej-pogacar-la-combinazione-delle-fratture-richiede-un-periodo-strutturato-di-riabilitazione\/","name":"UAE Team Emirates-XRG, il dr. Rotunno aggiorna sulle condizioni di Tadej Poga\u010dar: \u201cLa combinazione delle fratture richiede un periodo strutturato di riabilitazione\u201d - SpazioCiclismo","isPartOf":{"@id":"https:\/\/cyclingpro.net\/spaziociclismo\/#website"},"primaryImageOfPage":{"@id":"https:\/\/cyclingpro.net\/spaziociclismo\/worldtour\/uae-team-emirates-xrg-il-dr-rotunno-aggiorna-sulle-condizioni-di-tadej-pogacar-la-combinazione-delle-fratture-richiede-un-periodo-strutturato-di-riabilitazione\/#primaryimage"},"image":{"@id":"https:\/\/cyclingpro.net\/spaziociclismo\/worldtour\/uae-team-emirates-xrg-il-dr-rotunno-aggiorna-sulle-condizioni-di-tadej-pogacar-la-combinazione-delle-fratture-richiede-un-periodo-strutturato-di-riabilitazione\/#primaryimage"},"thumbnailUrl":"https:\/\/cyclingpro.net\/spaziociclismo\/wp-content\/uploads\/2026\/08\/Ritiro-Pogacar-Vuelta-2026.png","datePublished":"2026-09-05T10:55:08+00:00","breadcrumb":{"@id":"https:\/\/cyclingpro.net\/spaziociclismo\/worldtour\/uae-team-emirates-xrg-il-dr-rotunno-aggiorna-sulle-condizioni-di-tadej-pogacar-la-combinazione-delle-fratture-richiede-un-periodo-strutturato-di-riabilitazione\/#breadcrumb"},"inLanguage":"it-IT","potentialAction":[{"@type":"ReadAction","target":["https:\/\/cyclingpro.net\/spaziociclismo\/worldtour\/uae-team-emirates-xrg-il-dr-rotunno-aggiorna-sulle-condizioni-di-tadej-pogacar-la-combinazione-delle-fratture-richiede-un-periodo-strutturato-di-riabilitazione\/"]}]},{"@type":"ImageObject","inLanguage":"it-IT","@id":"https:\/\/cyclingpro.net\/spaziociclismo\/worldtour\/uae-team-emirates-xrg-il-dr-rotunno-aggiorna-sulle-condizioni-di-tadej-pogacar-la-combinazione-delle-fratture-richiede-un-periodo-strutturato-di-riabilitazione\/#primaryimage","url":"https:\/\/cyclingpro.net\/spaziociclismo\/wp-content\/uploads\/2026\/08\/Ritiro-Pogacar-Vuelta-2026.png","contentUrl":"https:\/\/cyclingpro.net\/spaziociclismo\/wp-content\/uploads\/2026\/08\/Ritiro-Pogacar-Vuelta-2026.png","width":1022,"height":581},{"@type":"BreadcrumbList","@id":"https:\/\/cyclingpro.net\/spaziociclismo\/worldtour\/uae-team-emirates-xrg-il-dr-rotunno-aggiorna-sulle-condizioni-di-tadej-pogacar-la-combinazione-delle-fratture-richiede-un-periodo-strutturato-di-riabilitazione\/#breadcrumb","itemListElement":[{"@type":"ListItem","position":1,"name":"Home","item":"https:\/\/cyclingpro.net\/spaziociclismo\/"},{"@type":"ListItem","position":2,"name":"UAE Team Emirates-XRG, il dr. Rotunno aggiorna sulle condizioni di Tadej Poga\u010dar: \u201cLa combinazione delle fratture richiede un periodo strutturato di riabilitazione\u201d"}]},{"@type":"WebSite","@id":"https:\/\/cyclingpro.net\/spaziociclismo\/#website","url":"https:\/\/cyclingpro.net\/spaziociclismo\/","name":"SpazioCiclismo","description":"Tutto il ciclismo minuto per minuto","publisher":{"@id":"https:\/\/cyclingpro.net\/spaziociclismo\/#organization"},"potentialAction":[{"@type":"SearchAction","target":{"@type":"EntryPoint","urlTemplate":"https:\/\/cyclingpro.net\/spaziociclismo\/?s={search_term_string}"},"query-input":{"@type":"PropertyValueSpecification","valueRequired":true,"valueName":"search_term_string"}}],"inLanguage":"it-IT"},{"@type":"Organization","@id":"https:\/\/cyclingpro.net\/spaziociclismo\/#organization","name":"SpazioCiclismo","url":"https:\/\/cyclingpro.net\/spaziociclismo\/","logo":{"@type":"ImageObject","inLanguage":"it-IT","@id":"https:\/\/cyclingpro.net\/spaziociclismo\/#\/schema\/logo\/image\/","url":"https:\/\/cyclingpro.net\/spaziociclismo\/wp-content\/uploads\/2017\/02\/SpazioCiclismo-Logo-Quadrato.png","contentUrl":"https:\/\/cyclingpro.net\/spaziociclismo\/wp-content\/uploads\/2017\/02\/SpazioCiclismo-Logo-Quadrato.png","width":450,"height":450,"caption":"SpazioCiclismo"},"image":{"@id":"https:\/\/cyclingpro.net\/spaziociclismo\/#\/schema\/logo\/image\/"},"sameAs":["https:\/\/www.facebook.com\/SpazioCiclismo\/","https:\/\/x.com\/spaziociclismo","https:\/\/www.instagram.com\/spaziociclismo\/"]},{"@type":"Person","@id":"https:\/\/cyclingpro.net\/spaziociclismo\/#\/schema\/person\/fda4d079a95104c2764f9c3ffa3fc26f","name":"Alessandro Farina","image":{"@type":"ImageObject","inLanguage":"it-IT","@id":"https:\/\/secure.gravatar.com\/avatar\/a15b660280727ff1737611bc5349040155e2609201d613ef2611905cdc7a122a?s=96&d=mm&r=g","url":"https:\/\/secure.gravatar.com\/avatar\/a15b660280727ff1737611bc5349040155e2609201d613ef2611905cdc7a122a?s=96&d=mm&r=g","contentUrl":"https:\/\/secure.gravatar.com\/avatar\/a15b660280727ff1737611bc5349040155e2609201d613ef2611905cdc7a122a?s=96&d=mm&r=g","caption":"Alessandro Farina"},"url":"https:\/\/cyclingpro.net\/spaziociclismo\/author\/afarina\/"}]}},"_links":{"self":[{"href":"https:\/\/cyclingpro.net\/spaziociclismo\/wp-json\/wp\/v2\/posts\/393814","targetHints":{"allow":["GET"]}}],"collection":[{"href":"https:\/\/cyclingpro.net\/spaziociclismo\/wp-json\/wp\/v2\/posts"}],"about":[{"href":"https:\/\/cyclingpro.net\/spaziociclismo\/wp-json\/wp\/v2\/types\/post"}],"author":[{"embeddable":true,"href":"https:\/\/cyclingpro.net\/spaziociclismo\/wp-json\/wp\/v2\/users\/52"}],"replies":[{"embeddable":true,"href":"https:\/\/cyclingpro.net\/spaziociclismo\/wp-json\/wp\/v2\/comments?post=393814"}],"version-history":[{"count":3,"href":"https:\/\/cyclingpro.net\/spaziociclismo\/wp-json\/wp\/v2\/posts\/393814\/revisions"}],"predecessor-version":[{"id":393817,"href":"https:\/\/cyclingpro.net\/spaziociclismo\/wp-json\/wp\/v2\/posts\/393814\/revisions\/393817"}],"wp:featuredmedia":[{"embeddable":true,"href":"https:\/\/cyclingpro.net\/spaziociclismo\/wp-json\/wp\/v2\/media\/392719"}],"wp:attachment":[{"href":"https:\/\/cyclingpro.net\/spaziociclismo\/wp-json\/wp\/v2\/media?parent=393814"}],"wp:term":[{"taxonomy":"category","embeddable":true,"href":"https:\/\/cyclingpro.net\/spaziociclismo\/wp-json\/wp\/v2\/categories?post=393814"},{"taxonomy":"post_tag","embeddable":true,"href":"https:\/\/cyclingpro.net\/spaziociclismo\/wp-json\/wp\/v2\/tags?post=393814"}],"curies":[{"name":"wp","href":"https:\/\/api.w.org\/{rel}","templated":true}]}}