{"id":393760,"date":"2026-09-05T20:30:16","date_gmt":"2026-09-05T18:30:16","guid":{"rendered":"https:\/\/cyclingpro.net\/spaziociclismo\/?p=393760"},"modified":"2026-09-05T18:35:13","modified_gmt":"2026-09-05T16:35:13","slug":"presentazione-percorso-e-favoriti-gp-larciano-2026","status":"publish","type":"post","link":"https:\/\/cyclingpro.net\/spaziociclismo\/presentazione-corse\/presentazione-percorso-e-favoriti-gp-larciano-2026\/","title":{"rendered":"Presentazione Percorso e Favoriti GP Larciano 2026"},"content":{"rendered":"<p>Il calendario italiano riparte dopo pi\u00f9 di due mesi di stop con il <strong>GP Larciano 2026<\/strong>. In programma <strong>domenica 6 settembre<\/strong>, il Gran Premio Industria &amp; Artigianato (questa la denominazione ufficiale) dar\u00e0 il via all&#8217;intenso finale di stagione che, da qui fino a met\u00e0 ottobre, vedr\u00e0 svolgersi sulle nostre strade ben sedici altre gare, rappresentando inoltre l&#8217;ottavo appuntamento della Coppa Italia delle Regioni. Per questa edizione, la numero 48, la classica toscana si svilupper\u00e0 lungo 196,5 chilometri e, ancora una volta, avr\u00e0 nella scalata del San Baronto la difficolt\u00e0 principale, aggiungendo per\u00f2 una novit\u00e0 nel finale che dovrebbe rendere ancor pi\u00f9 selettiva la corsa, conquistata lo scorso anno da Isaac Del Toro.<\/p>\n<p><strong>ORARIO DI PARTENZA:<\/strong> 10:55<br \/>\n<strong>ORARIO DI ARRIVO (PREVISTO):<\/strong> 15:32-15:57<br \/>\n<strong>DIRETTA TV\/STREAMING:<\/strong> 14:30-16:00 RaiSport \/ 14:30-16:30 Discovery+<br \/>\n<strong>HASHTAG UFFICIALE:<\/strong>\u00a0<span class=\"hash\">#<\/span><span class=\"link-complex-target\">GPLarciano<\/span><\/p>\n<h2>Albo d&#8217;Oro recente GP Larciano<\/h2>\n<p><a href=\"https:\/\/cyclingpro.net\/spaziociclismo\/sintesi-gare\/gp-larciano-2025-isaac-del-toro-ha-la-meglio-su-christian-scaroni-e-davide-piganzoli\/\">2025 DEL TORO Isaac<\/a><br \/>\n<a href=\"https:\/\/cyclingpro.net\/spaziociclismo\/sintesi-gare\/gp-larciano-2024-marc-hirschi-anticipa-tutti-3-diego-ulissi\/\" target=\"_blank\" rel=\"noopener\">2024 HIRSCHI Marc<\/a><br \/>\n<a href=\"https:\/\/cyclingpro.net\/spaziociclismo\/continental\/gp-larciano-2023-ben-healy-stacca-tutti\/\" target=\"_blank\" rel=\"noopener\">2023 HEALY Ben<\/a><br \/>\n<a href=\"https:\/\/cyclingpro.net\/spaziociclismo\/continental\/gp-larciano-2022-sprint-vincente-di-diego-ulissi\/\">2022 ULISSI Diego<\/a><br \/>\n<a href=\"https:\/\/cyclingpro.net\/spaziociclismo\/continental\/gp-larciano-2021-mauri-vansevenant-supera-bauke-mollema\/\">2021 VANSEVENANT Mauri<\/a><br \/>\n<a href=\"https:\/\/cyclingpro.net\/spaziociclismo\/continental\/gp-larciano-2020-questanno-niente-gp-industria-e-artigianato-lorganizzazione-da-appuntamento-al-2021\/\">2020 Non disputato a causa della pandemia di Covid-19<\/a><br \/>\n<a href=\"https:\/\/cyclingpro.net\/spaziociclismo\/continental\/gp-larciano-2019-schachmann-beffa-cattaneo\/\">2019 SCHACHMANN Maximilian<\/a><br \/>\n<a href=\"https:\/\/cyclingpro.net\/spaziociclismo\/sintesi-gare\/gp-larciano-2018-mohoric-soprende-tutti-discesa-secondo-canola\/\">2018 MOHORIC Matej<\/a><br \/>\n<a href=\"https:\/\/cyclingpro.net\/spaziociclismo\/sintesi-gare\/gp-larciano-2017-yates-concede-bis\/\" target=\"_blank\" rel=\"noopener\">2017\u00a0YATES Adam<\/a><br \/>\n2016 CLARKE Simon<\/p>\n<h2><span style=\"font-size: 24px;\">Percorso GP Larciano 2026<\/span><\/h2>\n<p><strong>Larciano &#8211; Larciano (196,5 km)<\/strong><\/p>\n<p>Si partir\u00e0 con un tratto in linea iniziale che vedr\u00e0 il gruppo pedalare da <strong>Larciano<\/strong> a Monsummano Terme e ritorno, percorrendo gi\u00e0, nel tratto di rientro verso la localit\u00e0 di partenza\/arrivo, parte del circuito che dopo il primo passaggio sul traguardo, al chilometro 28,4 di gara, dovr\u00e0 essere ripetuto interamente per tre volte. Lungo 13,7 chilometri, questo anello sar\u00e0 per lo pi\u00f9 pianeggiante e sar\u00e0 utile soprattutto alla formazione della fuga di giornata e come riscaldamento per i corridori in vista del secondo circuito, nel quale si affronter\u00e0 la salita simbolo della corsa, approcciata per la prima volta dopo 81 chilometri dal via.<\/p>\n<p>Si tratta ovviamente del <strong>San Baronto<\/strong>, ascesa di 9,6 chilometri al 3,1% suddivisa in un primo tratto pi\u00f9 regolare e impegnativo di 3600 metri al 5,2% (durante il quale si incontra anche un punto al 14,6%) che si concluder\u00e0 in localit\u00e0 <strong>Fornello<\/strong> e in un secondo pi\u00f9 irregolare e leggero di 6000 metri che porter\u00e0 allo scollinamento. Questo secondo circuito, lungo 27,4 chilometri e comprendente gran parte del primo, dovr\u00e0 essere ripetuto in tutto in quattro occasioni, dando quindi modo di fare un&#8217;importante selezione in gruppo prima di quello che, con buona probabilit\u00e0, sar\u00e0 il momento decisivo della gara.<\/p>\n<p>Dopo l&#8217;ottavo passaggio sulla linea d&#8217;arrivo, a 17,8 chilometri dalla conclusione, si entrer\u00e0 infatti in un terzo circuito, quello di Cecina, novit\u00e0 inserita dagli organizzatori per questa edizione. Qui si dovr\u00e0 affrontare la salita verso <strong>Mungherino<\/strong>, asperit\u00e0 di 7200 metri al 4,8% (abbassata per\u00f2 da un tratto di circa 700 metri dove la strada spiana) e punta del 13,4% che verr\u00e0 scollinata a soli 7,9 chilometri dal traguardo di <strong>Larciano<\/strong>. La successiva discesa si concluder\u00e0 appena all&#8217;interno dell&#8217;ultimo chilometro, con il finale che sar\u00e0 in leggerissimo falsopiano ascendente.<\/p>\n<h2>Favoriti GP Larciano 2026<\/h2>\n<p><a href=\"https:\/\/cyclingpro.net\/spaziociclismo\/startlist\/gp-larciano-2026-la-startlist\/\" target=\"_blank\" rel=\"noopener\">Clicca qui per la startlist<\/a><\/p>\n<p>Anche quest&#8217;anno la corsa \u00e8 riuscita ad attrarre un parterre di ottimo livello, nel quale trovano posto ben otto formazioni WorldTour, ma a spiccare maggiormente \u00e8 il nome di un corridore appartenente a una squadra Professional. Si tratta di <strong>Tom Pidcock<\/strong> (Pinarello Q36.5 Pro Cycling Team), che dopo il nono posto al Tour de France non ha pi\u00f9 corso su strada, scegliendo di preparare i Mondiali di mountain bike (e vincendoli). L&#8217;obiettivo del britannico \u00e8 ora la rassegna iridata di Montr\u00e9al e il suo avvicinamento a tale importante appuntamento inizier\u00e0 proprio con questa gara, il cui percorso sembra ben adattarsi alle sue caratteristiche sia per quel che riguarda le salite, che per le discese, terreno dove il 27enne pu\u00f2 fare la differenza.<\/p>\n<p>Non sar\u00e0 ovviamente da sottovalutare la UAE Team Emirates XRG, vincitrice delle ultime due edizioni, anche se la formazione emiratina non schierer\u00e0 il campione uscente Isaac Del Toro. A guidare la squadra dovrebbe essere <strong>Jan Christen<\/strong>, piuttosto brillante nelle scorse settimane con la conquista di una tappa al Giro di Polonia, ma potrebbero far bene anche <strong>Igor Arrieta<\/strong> e <strong>Ant\u00f3nio Morgado<\/strong>, anche se per quest&#8217;ultimo potrebbe esserci un po&#8217; troppa salita. Molto ben attrezzata \u00e8 anche la XDS Astana, con soprattutto <strong>Christian Scaroni<\/strong> a cercare di migliorare il secondo posto di un anno fa e <strong>Diego Ulissi<\/strong> a puntare al bis dopo il successo del 2022, ma tra le frecce della compagine sino-kazaka ci sono anche <strong>Cl\u00e9ment Champoussin<\/strong>, <strong>Alberto Bettiol<\/strong> e <strong>Sergio Higuita<\/strong>, che potrebbero provare a muoversi in anticipo.<\/p>\n<p>Un paio di opzioni, invece, per la EF Education-EasyPost, che punter\u00e0 soprattutto su un uomo da classiche come <strong>Neilson Powless<\/strong> e su <strong>Lukas Nerurkar<\/strong>, e per la Tudor Pro Cycling, i cui nomi da tenere d&#8217;occhio saranno quelli di <strong>Michael Storer<\/strong> e <strong>Mathys Rondel<\/strong>, che viste le loro caratteristiche cercheranno soprattutto di fare la differenza in salita. Lo stesso dovrebbe valere per la coppia della Bahrain Victorious composta da <strong>Lenny Martinez<\/strong> e <strong>Antonio Tiberi<\/strong>, a caccia di conferme il primo e di riscatto il secondo dopo essere usciti dal Tour de France con sentimenti opposti; soprattutto il francese, che si \u00e8 dimostrato a suo agio anche nelle corse di un giorno, sar\u00e0 da non sottovalutare quando la strada salir\u00e0.<\/p>\n<p>Tra i corridori d&#8217;oltralpe, pu\u00f2 sicuramente puntare a un buon risultato il campione nazionale in carica <strong>Romain Gr\u00e9goire<\/strong> (Groupama-FDJ United), dotato di quell&#8217;esplosivit\u00e0 che potrebbe permettergli di fare la differenza nei tratti pi\u00f9 impegnativi.\u00a0Attenzione poi a una Cofidis molto in forma nelle ultime settimane, a partire dal vincitore della Bretagne Classic<strong> Alex Aranburu<\/strong>, che in caso di arrivo in un drappello ristretto potrebbe sfruttare il suo spunto veloce per avere la meglio. Il basco dovr\u00e0 comunque resistere alle varie salite, dove invece potrebbero andare all&#8217;attacco i compagni di squadra<strong> Ion Izagirre<\/strong>, <strong>Simon Carr<\/strong>, <strong>Jamie Meehan<\/strong> e il redivivo <strong>Dylan Teuns<\/strong>.<\/p>\n<p>Tra le restanti formazioni WorldTour, la Movistar schierer\u00e0 un <strong>Natnael Tesfatsion<\/strong> che vanta gi\u00e0 due quarti posti sul traguardo di Larciano e che \u00e8 reduce da un periodo nel quale ha ottenuto diversi buoni piazzamenti, ma anche <strong>Roger Adri\u00e0<\/strong>, per il quale per\u00f2 le salite potrebbero rivelarsi troppo impegnative. Per il Team Jayco AlUla torner\u00e0 in gara uno scalatore di alto livello come <strong>Ben O&#8217;Connor<\/strong>, ma i punti di riferimento dovrebbero essere<strong> Andrea Vendrame<\/strong> e<strong> Felix Engelhardt<\/strong>, entrambi gi\u00e0 in grado di centrare qui la top-10 nel recente passato, cosa che lo scorso anno \u00e8 riuscito a fare anche <strong>Johannes Kulset<\/strong>, che sar\u00e0 il leader di una Uno-X Mobility che potrebbe anche cercare di smuovere le cose da lontano con un attaccante quale <strong>Anthon Charmig<\/strong>.<\/p>\n<p>Cercheranno poi di inserirsi nella mischia i portacolori delle varie altre squadre Professional al via, provando magari proprio ad anticipare con attacchi dalla media\/lunga distanza, ma anche qua non mancano i corridori che possono giocarsela a viso aperto con i principali favoriti di giornata, come <strong>Alessandro Fancellu<\/strong> (MBH Bank CSB Telecom Fort), vittorioso 20 giorni fa nella tappa finale del Czech Tour, <strong>Quinten Hermans<\/strong>, che potr\u00e0 rappresentare una valida alternativa a Pidcock in casa Pinarello Q36.5 Pro Cycling Team, e <strong>Jordan Jegat<\/strong> (TotalEnergies).<\/p>\n<p>Da non sottovalutare per un buon risultato, comunque, neppure <strong>Ludovico Crescioli<\/strong> e <strong>Thomas Pesenti<\/strong> (Team Polti VisitMalta), <strong>Alessandro Verre<\/strong> (MBH Bank CSB Telecom Fort), <strong>Domenico Pozzovivo<\/strong>, <strong>Santiago Umba<\/strong> e<strong> Kyrylo Tsarenko<\/strong> (Solution Tech Nippo Rali), <strong>Filippo Turconi<\/strong> e <strong>Alex Tolio<\/strong> (Bardiani CSF 7 Saber), <strong>Alexandre Delettre<\/strong>, <strong>Matt\u00e9o Vercher<\/strong> e <strong>Nicolas Breuillard<\/strong> (TotalEnergies), <strong>Wout Poels<\/strong> e <strong>Cedric Bakke Christophersen<\/strong> (Unibet Rose Rockets), <strong>Xabier Berasategi<\/strong> (Euskaltel-Euskadi) <strong>Lorenzo Quartucci<\/strong> ed <strong>Eric Antonio Fag\u00fandez<\/strong> (Burgos Burpellet BH), <strong>Stefano Oldani<\/strong>, <strong>Sebastian Berwick<\/strong>, <strong>Jan Castellon<\/strong> e <strong>Gorka Sorarrain<\/strong> (Caja Rural-Seguros RGA).<\/p>\n<h3>Borsino dei Favoriti GP Larciano 2026<\/h3>\n<p>***** Tom Pidcock<br \/>\n**** Jan Christen, Christian Scaroni<br \/>\n*** Romain Gr\u00e9goire, Lenny Martinez, Natnael Tesfatsion<br \/>\n** Alex Aranburu, Neilson Powless, Michael Storer, Diego Ulissi<br \/>\n* Igor Arrieta, Alessandro Fancellu, Quinten Hermans, Ion Izagirre, Antonio Tiberi<\/p>\n<h2>Meteo previsto GP Larciano 2026<\/h2>\n<p>Soleggiato. Possibilit\u00e0 di precipitazioni: 0%. Umidit\u00e0: 51%. Vento direzione O fino a 6 km\/h. Temperatura prevista: minima 28\u00b0, massima 35\u00b0.<\/p>\n<h2>Altimetria e Planimetria GP Larciano 2026<\/h2>\n<p><iframe loading=\"lazy\" src=\"https:\/\/secure.cyclingprodata.com\/widgets\/latest\/widgets.html?type=profile&amp;language=it&amp;tour_id=1208&amp;show_gradients=true\" width=\"100%\" height=\"420px\" data-mce-fragment=\"1\"><\/iframe> <iframe loading=\"lazy\" src=\"https:\/\/secure.cyclingprodata.com\/widgets\/latest\/widgets.html?type=map&amp;language=it&amp;tour_id=1208&amp;show_gradients=true\" width=\"100%\" height=\"420px\" data-mce-fragment=\"1\"><\/iframe><\/p>\n<h2>Cronotabella GP Larciano 2026<\/h2>\n<div class=\"wp-block-pdfemb-pdf-embedder-viewer\"><a href=\"https:\/\/cyclingpro.net\/spaziociclismo\/wp-content\/uploads\/2026\/09\/GP-Larciano-2026-Cronotabella.pdf\" class=\"pdfemb-viewer\" style=\"\" data-width=\"max\" data-height=\"max\" data-toolbar=\"bottom\" data-toolbar-fixed=\"off\">GP Larciano 2026 Cronotabella<\/a><\/div>\n","protected":false},"excerpt":{"rendered":"<p>Il calendario italiano riparte domani dopo pi\u00f9 di due mesi di stop con il #GPLarciano 2026<\/p>\n","protected":false},"author":27,"featured_media":393775,"comment_status":"open","ping_status":"closed","sticky":false,"template":"","format":"standard","meta":{"footnotes":"","_members_access_role":[],"_members_access_error":""},"categories":[6,14,21],"tags":[7219],"class_list":["post-393760","post","type-post","status-publish","format-standard","has-post-thumbnail","hentry","category-continental","category-presentazione-corse","category-vetrina","tag-gp-larciano-2026"],"yoast_head":"<!-- This site is optimized with the Yoast SEO plugin v28.4 - https:\/\/yoast.com\/product\/yoast-seo-wordpress\/ -->\n<title>Presentazione Percorso e Favoriti GP Larciano 2026 - SpazioCiclismo<\/title>\n<meta name=\"robots\" content=\"index, follow, max-snippet:-1, max-image-preview:large, max-video-preview:-1\" \/>\n<link rel=\"canonical\" href=\"https:\/\/cyclingpro.net\/spaziociclismo\/presentazione-corse\/presentazione-percorso-e-favoriti-gp-larciano-2026\/\" \/>\n<meta property=\"og:locale\" content=\"it_IT\" \/>\n<meta property=\"og:type\" content=\"article\" \/>\n<meta property=\"og:title\" content=\"Presentazione Percorso e Favoriti GP Larciano 2026 - SpazioCiclismo\" \/>\n<meta property=\"og:description\" content=\"Il calendario italiano riparte domani dopo pi\u00f9 di due mesi di stop con il #GPLarciano 2026\" \/>\n<meta property=\"og:url\" content=\"https:\/\/cyclingpro.net\/spaziociclismo\/presentazione-corse\/presentazione-percorso-e-favoriti-gp-larciano-2026\/\" \/>\n<meta property=\"og:site_name\" content=\"SpazioCiclismo\" \/>\n<meta property=\"article:publisher\" content=\"https:\/\/www.facebook.com\/SpazioCiclismo\/\" \/>\n<meta property=\"article:published_time\" content=\"2026-09-05T18:30:16+00:00\" \/>\n<meta property=\"og:image\" content=\"https:\/\/cyclingpro.net\/spaziociclismo\/wp-content\/uploads\/2026\/09\/Del-Toro-Scaroni-Piganzoli-Podio-GP-Larciano-2025.jpg\" \/>\n\t<meta property=\"og:image:width\" content=\"1200\" \/>\n\t<meta property=\"og:image:height\" content=\"800\" \/>\n\t<meta property=\"og:image:type\" content=\"image\/jpeg\" \/>\n<meta name=\"author\" content=\"Davide Filippi\" \/>\n<meta name=\"twitter:card\" content=\"summary_large_image\" \/>\n<meta name=\"twitter:creator\" content=\"@spaziociclismo\" \/>\n<meta name=\"twitter:site\" content=\"@spaziociclismo\" \/>\n<meta name=\"twitter:label1\" content=\"Scritto da\" \/>\n\t<meta name=\"twitter:data1\" content=\"Davide Filippi\" \/>\n\t<meta name=\"twitter:label2\" content=\"Tempo di lettura stimato\" \/>\n\t<meta name=\"twitter:data2\" content=\"8 minuti\" \/>\n<script type=\"application\/ld+json\" class=\"yoast-schema-graph\">{\"@context\":\"https:\\\/\\\/schema.org\",\"@graph\":[{\"@type\":\"Article\",\"@id\":\"https:\\\/\\\/cyclingpro.net\\\/spaziociclismo\\\/presentazione-corse\\\/presentazione-percorso-e-favoriti-gp-larciano-2026\\\/#article\",\"isPartOf\":{\"@id\":\"https:\\\/\\\/cyclingpro.net\\\/spaziociclismo\\\/presentazione-corse\\\/presentazione-percorso-e-favoriti-gp-larciano-2026\\\/\"},\"author\":{\"name\":\"Davide Filippi\",\"@id\":\"https:\\\/\\\/cyclingpro.net\\\/spaziociclismo\\\/#\\\/schema\\\/person\\\/5b11f525424bc937dcd939655cae5de3\"},\"headline\":\"Presentazione Percorso e Favoriti GP Larciano 2026\",\"datePublished\":\"2026-09-05T18:30:16+00:00\",\"mainEntityOfPage\":{\"@id\":\"https:\\\/\\\/cyclingpro.net\\\/spaziociclismo\\\/presentazione-corse\\\/presentazione-percorso-e-favoriti-gp-larciano-2026\\\/\"},\"wordCount\":1311,\"commentCount\":0,\"publisher\":{\"@id\":\"https:\\\/\\\/cyclingpro.net\\\/spaziociclismo\\\/#organization\"},\"image\":{\"@id\":\"https:\\\/\\\/cyclingpro.net\\\/spaziociclismo\\\/presentazione-corse\\\/presentazione-percorso-e-favoriti-gp-larciano-2026\\\/#primaryimage\"},\"thumbnailUrl\":\"https:\\\/\\\/cyclingpro.net\\\/spaziociclismo\\\/wp-content\\\/uploads\\\/2026\\\/09\\\/Del-Toro-Scaroni-Piganzoli-Podio-GP-Larciano-2025.jpg\",\"keywords\":[\"GP Larciano 2026\"],\"articleSection\":[\"Continental\",\"Presentazione Corse\",\"Vetrina\"],\"inLanguage\":\"it-IT\",\"potentialAction\":[{\"@type\":\"CommentAction\",\"name\":\"Comment\",\"target\":[\"https:\\\/\\\/cyclingpro.net\\\/spaziociclismo\\\/presentazione-corse\\\/presentazione-percorso-e-favoriti-gp-larciano-2026\\\/#respond\"]}]},{\"@type\":\"WebPage\",\"@id\":\"https:\\\/\\\/cyclingpro.net\\\/spaziociclismo\\\/presentazione-corse\\\/presentazione-percorso-e-favoriti-gp-larciano-2026\\\/\",\"url\":\"https:\\\/\\\/cyclingpro.net\\\/spaziociclismo\\\/presentazione-corse\\\/presentazione-percorso-e-favoriti-gp-larciano-2026\\\/\",\"name\":\"Presentazione Percorso e Favoriti GP Larciano 2026 - SpazioCiclismo\",\"isPartOf\":{\"@id\":\"https:\\\/\\\/cyclingpro.net\\\/spaziociclismo\\\/#website\"},\"primaryImageOfPage\":{\"@id\":\"https:\\\/\\\/cyclingpro.net\\\/spaziociclismo\\\/presentazione-corse\\\/presentazione-percorso-e-favoriti-gp-larciano-2026\\\/#primaryimage\"},\"image\":{\"@id\":\"https:\\\/\\\/cyclingpro.net\\\/spaziociclismo\\\/presentazione-corse\\\/presentazione-percorso-e-favoriti-gp-larciano-2026\\\/#primaryimage\"},\"thumbnailUrl\":\"https:\\\/\\\/cyclingpro.net\\\/spaziociclismo\\\/wp-content\\\/uploads\\\/2026\\\/09\\\/Del-Toro-Scaroni-Piganzoli-Podio-GP-Larciano-2025.jpg\",\"datePublished\":\"2026-09-05T18:30:16+00:00\",\"breadcrumb\":{\"@id\":\"https:\\\/\\\/cyclingpro.net\\\/spaziociclismo\\\/presentazione-corse\\\/presentazione-percorso-e-favoriti-gp-larciano-2026\\\/#breadcrumb\"},\"inLanguage\":\"it-IT\",\"potentialAction\":[{\"@type\":\"ReadAction\",\"target\":[\"https:\\\/\\\/cyclingpro.net\\\/spaziociclismo\\\/presentazione-corse\\\/presentazione-percorso-e-favoriti-gp-larciano-2026\\\/\"]}]},{\"@type\":\"ImageObject\",\"inLanguage\":\"it-IT\",\"@id\":\"https:\\\/\\\/cyclingpro.net\\\/spaziociclismo\\\/presentazione-corse\\\/presentazione-percorso-e-favoriti-gp-larciano-2026\\\/#primaryimage\",\"url\":\"https:\\\/\\\/cyclingpro.net\\\/spaziociclismo\\\/wp-content\\\/uploads\\\/2026\\\/09\\\/Del-Toro-Scaroni-Piganzoli-Podio-GP-Larciano-2025.jpg\",\"contentUrl\":\"https:\\\/\\\/cyclingpro.net\\\/spaziociclismo\\\/wp-content\\\/uploads\\\/2026\\\/09\\\/Del-Toro-Scaroni-Piganzoli-Podio-GP-Larciano-2025.jpg\",\"width\":1200,\"height\":800,\"caption\":\"\u00a9 Stabbia Le Foto\"},{\"@type\":\"BreadcrumbList\",\"@id\":\"https:\\\/\\\/cyclingpro.net\\\/spaziociclismo\\\/presentazione-corse\\\/presentazione-percorso-e-favoriti-gp-larciano-2026\\\/#breadcrumb\",\"itemListElement\":[{\"@type\":\"ListItem\",\"position\":1,\"name\":\"Home\",\"item\":\"https:\\\/\\\/cyclingpro.net\\\/spaziociclismo\\\/\"},{\"@type\":\"ListItem\",\"position\":2,\"name\":\"Presentazione Percorso e Favoriti GP Larciano 2026\"}]},{\"@type\":\"WebSite\",\"@id\":\"https:\\\/\\\/cyclingpro.net\\\/spaziociclismo\\\/#website\",\"url\":\"https:\\\/\\\/cyclingpro.net\\\/spaziociclismo\\\/\",\"name\":\"SpazioCiclismo\",\"description\":\"Tutto il ciclismo minuto per minuto\",\"publisher\":{\"@id\":\"https:\\\/\\\/cyclingpro.net\\\/spaziociclismo\\\/#organization\"},\"potentialAction\":[{\"@type\":\"SearchAction\",\"target\":{\"@type\":\"EntryPoint\",\"urlTemplate\":\"https:\\\/\\\/cyclingpro.net\\\/spaziociclismo\\\/?s={search_term_string}\"},\"query-input\":{\"@type\":\"PropertyValueSpecification\",\"valueRequired\":true,\"valueName\":\"search_term_string\"}}],\"inLanguage\":\"it-IT\"},{\"@type\":\"Organization\",\"@id\":\"https:\\\/\\\/cyclingpro.net\\\/spaziociclismo\\\/#organization\",\"name\":\"SpazioCiclismo\",\"url\":\"https:\\\/\\\/cyclingpro.net\\\/spaziociclismo\\\/\",\"logo\":{\"@type\":\"ImageObject\",\"inLanguage\":\"it-IT\",\"@id\":\"https:\\\/\\\/cyclingpro.net\\\/spaziociclismo\\\/#\\\/schema\\\/logo\\\/image\\\/\",\"url\":\"https:\\\/\\\/cyclingpro.net\\\/spaziociclismo\\\/wp-content\\\/uploads\\\/2017\\\/02\\\/SpazioCiclismo-Logo-Quadrato.png\",\"contentUrl\":\"https:\\\/\\\/cyclingpro.net\\\/spaziociclismo\\\/wp-content\\\/uploads\\\/2017\\\/02\\\/SpazioCiclismo-Logo-Quadrato.png\",\"width\":450,\"height\":450,\"caption\":\"SpazioCiclismo\"},\"image\":{\"@id\":\"https:\\\/\\\/cyclingpro.net\\\/spaziociclismo\\\/#\\\/schema\\\/logo\\\/image\\\/\"},\"sameAs\":[\"https:\\\/\\\/www.facebook.com\\\/SpazioCiclismo\\\/\",\"https:\\\/\\\/x.com\\\/spaziociclismo\",\"https:\\\/\\\/www.instagram.com\\\/spaziociclismo\\\/\"]},{\"@type\":\"Person\",\"@id\":\"https:\\\/\\\/cyclingpro.net\\\/spaziociclismo\\\/#\\\/schema\\\/person\\\/5b11f525424bc937dcd939655cae5de3\",\"name\":\"Davide Filippi\",\"image\":{\"@type\":\"ImageObject\",\"inLanguage\":\"it-IT\",\"@id\":\"https:\\\/\\\/secure.gravatar.com\\\/avatar\\\/acf38569376402ef43c46c36ea62f8a431f13c39fac703a2ed157f3bbfa5c1ab?s=96&d=mm&r=g\",\"url\":\"https:\\\/\\\/secure.gravatar.com\\\/avatar\\\/acf38569376402ef43c46c36ea62f8a431f13c39fac703a2ed157f3bbfa5c1ab?s=96&d=mm&r=g\",\"contentUrl\":\"https:\\\/\\\/secure.gravatar.com\\\/avatar\\\/acf38569376402ef43c46c36ea62f8a431f13c39fac703a2ed157f3bbfa5c1ab?s=96&d=mm&r=g\",\"caption\":\"Davide Filippi\"},\"url\":\"https:\\\/\\\/cyclingpro.net\\\/spaziociclismo\\\/author\\\/dfilippi\\\/\"}]}<\/script>\n<!-- \/ Yoast SEO plugin. -->","yoast_head_json":{"title":"Presentazione Percorso e Favoriti GP Larciano 2026 - SpazioCiclismo","robots":{"index":"index","follow":"follow","max-snippet":"max-snippet:-1","max-image-preview":"max-image-preview:large","max-video-preview":"max-video-preview:-1"},"canonical":"https:\/\/cyclingpro.net\/spaziociclismo\/presentazione-corse\/presentazione-percorso-e-favoriti-gp-larciano-2026\/","og_locale":"it_IT","og_type":"article","og_title":"Presentazione Percorso e Favoriti GP Larciano 2026 - SpazioCiclismo","og_description":"Il calendario italiano riparte domani dopo pi\u00f9 di due mesi di stop con il #GPLarciano 2026","og_url":"https:\/\/cyclingpro.net\/spaziociclismo\/presentazione-corse\/presentazione-percorso-e-favoriti-gp-larciano-2026\/","og_site_name":"SpazioCiclismo","article_publisher":"https:\/\/www.facebook.com\/SpazioCiclismo\/","article_published_time":"2026-09-05T18:30:16+00:00","og_image":[{"width":1200,"height":800,"url":"https:\/\/cyclingpro.net\/spaziociclismo\/wp-content\/uploads\/2026\/09\/Del-Toro-Scaroni-Piganzoli-Podio-GP-Larciano-2025.jpg","type":"image\/jpeg"}],"author":"Davide Filippi","twitter_card":"summary_large_image","twitter_creator":"@spaziociclismo","twitter_site":"@spaziociclismo","twitter_misc":{"Scritto da":"Davide Filippi","Tempo di lettura stimato":"8 minuti"},"schema":{"@context":"https:\/\/schema.org","@graph":[{"@type":"Article","@id":"https:\/\/cyclingpro.net\/spaziociclismo\/presentazione-corse\/presentazione-percorso-e-favoriti-gp-larciano-2026\/#article","isPartOf":{"@id":"https:\/\/cyclingpro.net\/spaziociclismo\/presentazione-corse\/presentazione-percorso-e-favoriti-gp-larciano-2026\/"},"author":{"name":"Davide Filippi","@id":"https:\/\/cyclingpro.net\/spaziociclismo\/#\/schema\/person\/5b11f525424bc937dcd939655cae5de3"},"headline":"Presentazione Percorso e Favoriti GP Larciano 2026","datePublished":"2026-09-05T18:30:16+00:00","mainEntityOfPage":{"@id":"https:\/\/cyclingpro.net\/spaziociclismo\/presentazione-corse\/presentazione-percorso-e-favoriti-gp-larciano-2026\/"},"wordCount":1311,"commentCount":0,"publisher":{"@id":"https:\/\/cyclingpro.net\/spaziociclismo\/#organization"},"image":{"@id":"https:\/\/cyclingpro.net\/spaziociclismo\/presentazione-corse\/presentazione-percorso-e-favoriti-gp-larciano-2026\/#primaryimage"},"thumbnailUrl":"https:\/\/cyclingpro.net\/spaziociclismo\/wp-content\/uploads\/2026\/09\/Del-Toro-Scaroni-Piganzoli-Podio-GP-Larciano-2025.jpg","keywords":["GP Larciano 2026"],"articleSection":["Continental","Presentazione Corse","Vetrina"],"inLanguage":"it-IT","potentialAction":[{"@type":"CommentAction","name":"Comment","target":["https:\/\/cyclingpro.net\/spaziociclismo\/presentazione-corse\/presentazione-percorso-e-favoriti-gp-larciano-2026\/#respond"]}]},{"@type":"WebPage","@id":"https:\/\/cyclingpro.net\/spaziociclismo\/presentazione-corse\/presentazione-percorso-e-favoriti-gp-larciano-2026\/","url":"https:\/\/cyclingpro.net\/spaziociclismo\/presentazione-corse\/presentazione-percorso-e-favoriti-gp-larciano-2026\/","name":"Presentazione Percorso e Favoriti GP Larciano 2026 - SpazioCiclismo","isPartOf":{"@id":"https:\/\/cyclingpro.net\/spaziociclismo\/#website"},"primaryImageOfPage":{"@id":"https:\/\/cyclingpro.net\/spaziociclismo\/presentazione-corse\/presentazione-percorso-e-favoriti-gp-larciano-2026\/#primaryimage"},"image":{"@id":"https:\/\/cyclingpro.net\/spaziociclismo\/presentazione-corse\/presentazione-percorso-e-favoriti-gp-larciano-2026\/#primaryimage"},"thumbnailUrl":"https:\/\/cyclingpro.net\/spaziociclismo\/wp-content\/uploads\/2026\/09\/Del-Toro-Scaroni-Piganzoli-Podio-GP-Larciano-2025.jpg","datePublished":"2026-09-05T18:30:16+00:00","breadcrumb":{"@id":"https:\/\/cyclingpro.net\/spaziociclismo\/presentazione-corse\/presentazione-percorso-e-favoriti-gp-larciano-2026\/#breadcrumb"},"inLanguage":"it-IT","potentialAction":[{"@type":"ReadAction","target":["https:\/\/cyclingpro.net\/spaziociclismo\/presentazione-corse\/presentazione-percorso-e-favoriti-gp-larciano-2026\/"]}]},{"@type":"ImageObject","inLanguage":"it-IT","@id":"https:\/\/cyclingpro.net\/spaziociclismo\/presentazione-corse\/presentazione-percorso-e-favoriti-gp-larciano-2026\/#primaryimage","url":"https:\/\/cyclingpro.net\/spaziociclismo\/wp-content\/uploads\/2026\/09\/Del-Toro-Scaroni-Piganzoli-Podio-GP-Larciano-2025.jpg","contentUrl":"https:\/\/cyclingpro.net\/spaziociclismo\/wp-content\/uploads\/2026\/09\/Del-Toro-Scaroni-Piganzoli-Podio-GP-Larciano-2025.jpg","width":1200,"height":800,"caption":"\u00a9 Stabbia Le Foto"},{"@type":"BreadcrumbList","@id":"https:\/\/cyclingpro.net\/spaziociclismo\/presentazione-corse\/presentazione-percorso-e-favoriti-gp-larciano-2026\/#breadcrumb","itemListElement":[{"@type":"ListItem","position":1,"name":"Home","item":"https:\/\/cyclingpro.net\/spaziociclismo\/"},{"@type":"ListItem","position":2,"name":"Presentazione Percorso e Favoriti GP Larciano 2026"}]},{"@type":"WebSite","@id":"https:\/\/cyclingpro.net\/spaziociclismo\/#website","url":"https:\/\/cyclingpro.net\/spaziociclismo\/","name":"SpazioCiclismo","description":"Tutto il ciclismo minuto per minuto","publisher":{"@id":"https:\/\/cyclingpro.net\/spaziociclismo\/#organization"},"potentialAction":[{"@type":"SearchAction","target":{"@type":"EntryPoint","urlTemplate":"https:\/\/cyclingpro.net\/spaziociclismo\/?s={search_term_string}"},"query-input":{"@type":"PropertyValueSpecification","valueRequired":true,"valueName":"search_term_string"}}],"inLanguage":"it-IT"},{"@type":"Organization","@id":"https:\/\/cyclingpro.net\/spaziociclismo\/#organization","name":"SpazioCiclismo","url":"https:\/\/cyclingpro.net\/spaziociclismo\/","logo":{"@type":"ImageObject","inLanguage":"it-IT","@id":"https:\/\/cyclingpro.net\/spaziociclismo\/#\/schema\/logo\/image\/","url":"https:\/\/cyclingpro.net\/spaziociclismo\/wp-content\/uploads\/2017\/02\/SpazioCiclismo-Logo-Quadrato.png","contentUrl":"https:\/\/cyclingpro.net\/spaziociclismo\/wp-content\/uploads\/2017\/02\/SpazioCiclismo-Logo-Quadrato.png","width":450,"height":450,"caption":"SpazioCiclismo"},"image":{"@id":"https:\/\/cyclingpro.net\/spaziociclismo\/#\/schema\/logo\/image\/"},"sameAs":["https:\/\/www.facebook.com\/SpazioCiclismo\/","https:\/\/x.com\/spaziociclismo","https:\/\/www.instagram.com\/spaziociclismo\/"]},{"@type":"Person","@id":"https:\/\/cyclingpro.net\/spaziociclismo\/#\/schema\/person\/5b11f525424bc937dcd939655cae5de3","name":"Davide Filippi","image":{"@type":"ImageObject","inLanguage":"it-IT","@id":"https:\/\/secure.gravatar.com\/avatar\/acf38569376402ef43c46c36ea62f8a431f13c39fac703a2ed157f3bbfa5c1ab?s=96&d=mm&r=g","url":"https:\/\/secure.gravatar.com\/avatar\/acf38569376402ef43c46c36ea62f8a431f13c39fac703a2ed157f3bbfa5c1ab?s=96&d=mm&r=g","contentUrl":"https:\/\/secure.gravatar.com\/avatar\/acf38569376402ef43c46c36ea62f8a431f13c39fac703a2ed157f3bbfa5c1ab?s=96&d=mm&r=g","caption":"Davide Filippi"},"url":"https:\/\/cyclingpro.net\/spaziociclismo\/author\/dfilippi\/"}]}},"_links":{"self":[{"href":"https:\/\/cyclingpro.net\/spaziociclismo\/wp-json\/wp\/v2\/posts\/393760","targetHints":{"allow":["GET"]}}],"collection":[{"href":"https:\/\/cyclingpro.net\/spaziociclismo\/wp-json\/wp\/v2\/posts"}],"about":[{"href":"https:\/\/cyclingpro.net\/spaziociclismo\/wp-json\/wp\/v2\/types\/post"}],"author":[{"embeddable":true,"href":"https:\/\/cyclingpro.net\/spaziociclismo\/wp-json\/wp\/v2\/users\/27"}],"replies":[{"embeddable":true,"href":"https:\/\/cyclingpro.net\/spaziociclismo\/wp-json\/wp\/v2\/comments?post=393760"}],"version-history":[{"count":7,"href":"https:\/\/cyclingpro.net\/spaziociclismo\/wp-json\/wp\/v2\/posts\/393760\/revisions"}],"predecessor-version":[{"id":393908,"href":"https:\/\/cyclingpro.net\/spaziociclismo\/wp-json\/wp\/v2\/posts\/393760\/revisions\/393908"}],"wp:featuredmedia":[{"embeddable":true,"href":"https:\/\/cyclingpro.net\/spaziociclismo\/wp-json\/wp\/v2\/media\/393775"}],"wp:attachment":[{"href":"https:\/\/cyclingpro.net\/spaziociclismo\/wp-json\/wp\/v2\/media?parent=393760"}],"wp:term":[{"taxonomy":"category","embeddable":true,"href":"https:\/\/cyclingpro.net\/spaziociclismo\/wp-json\/wp\/v2\/categories?post=393760"},{"taxonomy":"post_tag","embeddable":true,"href":"https:\/\/cyclingpro.net\/spaziociclismo\/wp-json\/wp\/v2\/tags?post=393760"}],"curies":[{"name":"wp","href":"https:\/\/api.w.org\/{rel}","templated":true}]}}