{"id":393759,"date":"2026-09-05T10:26:51","date_gmt":"2026-09-05T08:26:51","guid":{"rendered":"https:\/\/cyclingpro.net\/spaziociclismo\/?p=393759"},"modified":"2026-09-05T10:26:51","modified_gmt":"2026-09-05T08:26:51","slug":"gp-de-fourmies-2026-il-percorso-altimetria-e-planimetria","status":"publish","type":"post","link":"https:\/\/cyclingpro.net\/spaziociclismo\/percorsi\/gp-de-fourmies-2026-il-percorso-altimetria-e-planimetria\/","title":{"rendered":"GP de Fourmies 2026, il percorso (Altimetria e Planimetria)"},"content":{"rendered":"<p>Qualche novit\u00e0 di percorso per il <strong>GP de Fourmies 2026<\/strong>, competizione di un giorno di livello UCI 1.Pro in programma per domenica 13 settembre. La semiclassica francese preveder\u00e0 in tutto\u00a0 200,1 chilometri, spalmati lungo una serie di circuiti che si snoderanno sulle strade Dipartimento del Nord, con <strong>Fourmies<\/strong> sede della partenza e dell&#8217;arrivo della corsa. Un primo anello, dopo un breve tratto in linea, conta circa 17 chilometri, senza particolari difficolt\u00e0. Quello successivo, lungo circa 25 chilometri, preveder\u00e0 invece il triplo passaggio sulla <strong>C\u00f4te du Boquet<\/strong> e sulla <strong>C\u00f4te du Sacr\u00e9 C\u0153ur<\/strong>, asperit\u00e0 tradizionali di questa gara.<\/p>\n<p>Usciti da questo anello si far\u00e0 rotta verso Fourmies, dove i corridori entreranno nel circuito finale, che avr\u00e0 proprio la cittadina come fulco. Il giro, che misura 11 chilometri, sar\u00e0 da percorrere per cinque volte e bisogner\u00e0 mandar gi\u00f9 qualche saliscendi, che metter\u00e0 alla prova la resistenza degli atleti che vorranno puntare sull&#8217;arrivo in volata, probabile ma non scontato.<\/p>\n<h2>Altimetria e Planimetria GP de Fourmies 2026<\/h2>\n<div id='gallery-1' class='gallery galleryid-393759 gallery-columns-1 gallery-size-full'><figure class='gallery-item'>\n\t\t\t<div class='gallery-icon landscape'>\n\t\t\t\t<a href='https:\/\/cyclingpro.net\/spaziociclismo\/wp-content\/uploads\/2026\/09\/Fourmies-2026-altimetria.jpg'><img loading=\"lazy\" decoding=\"async\" width=\"742\" height=\"543\" src=\"https:\/\/cyclingpro.net\/spaziociclismo\/wp-content\/uploads\/2026\/09\/Fourmies-2026-altimetria.jpg\" class=\"attachment-full size-full\" alt=\"\" srcset=\"https:\/\/cyclingpro.net\/spaziociclismo\/wp-content\/uploads\/2026\/09\/Fourmies-2026-altimetria.jpg 742w, https:\/\/cyclingpro.net\/spaziociclismo\/wp-content\/uploads\/2026\/09\/Fourmies-2026-altimetria-300x220.jpg 300w, https:\/\/cyclingpro.net\/spaziociclismo\/wp-content\/uploads\/2026\/09\/Fourmies-2026-altimetria-150x110.jpg 150w\" sizes=\"auto, (max-width: 742px) 100vw, 742px\" \/><\/a>\n\t\t\t<\/div><\/figure><figure class='gallery-item'>\n\t\t\t<div class='gallery-icon portrait'>\n\t\t\t\t<a href='https:\/\/cyclingpro.net\/spaziociclismo\/wp-content\/uploads\/2026\/09\/Fourmies-2026-planimetria.jpg'><img loading=\"lazy\" decoding=\"async\" width=\"618\" height=\"796\" src=\"https:\/\/cyclingpro.net\/spaziociclismo\/wp-content\/uploads\/2026\/09\/Fourmies-2026-planimetria.jpg\" class=\"attachment-full size-full\" alt=\"\" srcset=\"https:\/\/cyclingpro.net\/spaziociclismo\/wp-content\/uploads\/2026\/09\/Fourmies-2026-planimetria.jpg 618w, https:\/\/cyclingpro.net\/spaziociclismo\/wp-content\/uploads\/2026\/09\/Fourmies-2026-planimetria-233x300.jpg 233w, https:\/\/cyclingpro.net\/spaziociclismo\/wp-content\/uploads\/2026\/09\/Fourmies-2026-planimetria-116x150.jpg 116w\" sizes=\"auto, (max-width: 618px) 100vw, 618px\" \/><\/a>\n\t\t\t<\/div><\/figure>\n\t\t<\/div>\n\n","protected":false},"excerpt":{"rendered":"<p>Tracciato ondulato per il #GPdeFourmies, gara UCI 1.Pro in calendario per domenica 13 settembre. <\/p>\n","protected":false},"author":25,"featured_media":393761,"comment_status":"open","ping_status":"closed","sticky":false,"template":"","format":"standard","meta":{"footnotes":"","_members_access_role":[],"_members_access_error":""},"categories":[6,645],"tags":[7243],"class_list":["post-393759","post","type-post","status-publish","format-standard","has-post-thumbnail","hentry","category-continental","category-percorsi","tag-gp-de-fourmies-2026"],"yoast_head":"<!-- This site is optimized with the Yoast SEO plugin v28.4 - https:\/\/yoast.com\/product\/yoast-seo-wordpress\/ -->\n<title>GP de Fourmies 2026, il percorso (Altimetria e Planimetria) - SpazioCiclismo<\/title>\n<meta name=\"robots\" content=\"index, follow, max-snippet:-1, max-image-preview:large, max-video-preview:-1\" \/>\n<link rel=\"canonical\" href=\"https:\/\/cyclingpro.net\/spaziociclismo\/percorsi\/gp-de-fourmies-2026-il-percorso-altimetria-e-planimetria\/\" \/>\n<meta property=\"og:locale\" content=\"it_IT\" \/>\n<meta property=\"og:type\" content=\"article\" \/>\n<meta property=\"og:title\" content=\"GP de Fourmies 2026, il percorso (Altimetria e Planimetria) - SpazioCiclismo\" \/>\n<meta property=\"og:description\" content=\"Tracciato ondulato per il #GPdeFourmies, gara UCI 1.Pro in calendario per domenica 13 settembre.\" \/>\n<meta property=\"og:url\" content=\"https:\/\/cyclingpro.net\/spaziociclismo\/percorsi\/gp-de-fourmies-2026-il-percorso-altimetria-e-planimetria\/\" \/>\n<meta property=\"og:site_name\" content=\"SpazioCiclismo\" \/>\n<meta property=\"article:publisher\" content=\"https:\/\/www.facebook.com\/SpazioCiclismo\/\" \/>\n<meta property=\"article:published_time\" content=\"2026-09-05T08:26:51+00:00\" \/>\n<meta property=\"og:image\" content=\"https:\/\/cyclingpro.net\/spaziociclismo\/wp-content\/uploads\/2026\/09\/Fourmies-2026-altimetria.jpg\" \/>\n\t<meta property=\"og:image:width\" content=\"742\" \/>\n\t<meta property=\"og:image:height\" content=\"543\" \/>\n\t<meta property=\"og:image:type\" content=\"image\/jpeg\" \/>\n<meta name=\"author\" content=\"Francesco Mitola\" \/>\n<meta name=\"twitter:card\" content=\"summary_large_image\" \/>\n<meta name=\"twitter:creator\" content=\"@spaziociclismo\" \/>\n<meta name=\"twitter:site\" content=\"@spaziociclismo\" \/>\n<meta name=\"twitter:label1\" content=\"Scritto da\" \/>\n\t<meta name=\"twitter:data1\" content=\"Francesco Mitola\" \/>\n\t<meta name=\"twitter:label2\" content=\"Tempo di lettura stimato\" \/>\n\t<meta name=\"twitter:data2\" content=\"2 minuti\" \/>\n<script type=\"application\/ld+json\" class=\"yoast-schema-graph\">{\"@context\":\"https:\\\/\\\/schema.org\",\"@graph\":[{\"@type\":\"Article\",\"@id\":\"https:\\\/\\\/cyclingpro.net\\\/spaziociclismo\\\/percorsi\\\/gp-de-fourmies-2026-il-percorso-altimetria-e-planimetria\\\/#article\",\"isPartOf\":{\"@id\":\"https:\\\/\\\/cyclingpro.net\\\/spaziociclismo\\\/percorsi\\\/gp-de-fourmies-2026-il-percorso-altimetria-e-planimetria\\\/\"},\"author\":{\"name\":\"Francesco Mitola\",\"@id\":\"https:\\\/\\\/cyclingpro.net\\\/spaziociclismo\\\/#\\\/schema\\\/person\\\/627dbc08c9712c25304b059bbb765de8\"},\"headline\":\"GP de Fourmies 2026, il percorso (Altimetria e Planimetria)\",\"datePublished\":\"2026-09-05T08:26:51+00:00\",\"mainEntityOfPage\":{\"@id\":\"https:\\\/\\\/cyclingpro.net\\\/spaziociclismo\\\/percorsi\\\/gp-de-fourmies-2026-il-percorso-altimetria-e-planimetria\\\/\"},\"wordCount\":176,\"commentCount\":0,\"publisher\":{\"@id\":\"https:\\\/\\\/cyclingpro.net\\\/spaziociclismo\\\/#organization\"},\"image\":{\"@id\":\"https:\\\/\\\/cyclingpro.net\\\/spaziociclismo\\\/percorsi\\\/gp-de-fourmies-2026-il-percorso-altimetria-e-planimetria\\\/#primaryimage\"},\"thumbnailUrl\":\"https:\\\/\\\/cyclingpro.net\\\/spaziociclismo\\\/wp-content\\\/uploads\\\/2026\\\/09\\\/Fourmies-2026-altimetria.jpg\",\"keywords\":[\"GP de Fourmies 2026\"],\"articleSection\":[\"Continental\",\"Percorsi\"],\"inLanguage\":\"it-IT\",\"potentialAction\":[{\"@type\":\"CommentAction\",\"name\":\"Comment\",\"target\":[\"https:\\\/\\\/cyclingpro.net\\\/spaziociclismo\\\/percorsi\\\/gp-de-fourmies-2026-il-percorso-altimetria-e-planimetria\\\/#respond\"]}]},{\"@type\":\"WebPage\",\"@id\":\"https:\\\/\\\/cyclingpro.net\\\/spaziociclismo\\\/percorsi\\\/gp-de-fourmies-2026-il-percorso-altimetria-e-planimetria\\\/\",\"url\":\"https:\\\/\\\/cyclingpro.net\\\/spaziociclismo\\\/percorsi\\\/gp-de-fourmies-2026-il-percorso-altimetria-e-planimetria\\\/\",\"name\":\"GP de Fourmies 2026, il percorso (Altimetria e Planimetria) - SpazioCiclismo\",\"isPartOf\":{\"@id\":\"https:\\\/\\\/cyclingpro.net\\\/spaziociclismo\\\/#website\"},\"primaryImageOfPage\":{\"@id\":\"https:\\\/\\\/cyclingpro.net\\\/spaziociclismo\\\/percorsi\\\/gp-de-fourmies-2026-il-percorso-altimetria-e-planimetria\\\/#primaryimage\"},\"image\":{\"@id\":\"https:\\\/\\\/cyclingpro.net\\\/spaziociclismo\\\/percorsi\\\/gp-de-fourmies-2026-il-percorso-altimetria-e-planimetria\\\/#primaryimage\"},\"thumbnailUrl\":\"https:\\\/\\\/cyclingpro.net\\\/spaziociclismo\\\/wp-content\\\/uploads\\\/2026\\\/09\\\/Fourmies-2026-altimetria.jpg\",\"datePublished\":\"2026-09-05T08:26:51+00:00\",\"breadcrumb\":{\"@id\":\"https:\\\/\\\/cyclingpro.net\\\/spaziociclismo\\\/percorsi\\\/gp-de-fourmies-2026-il-percorso-altimetria-e-planimetria\\\/#breadcrumb\"},\"inLanguage\":\"it-IT\",\"potentialAction\":[{\"@type\":\"ReadAction\",\"target\":[\"https:\\\/\\\/cyclingpro.net\\\/spaziociclismo\\\/percorsi\\\/gp-de-fourmies-2026-il-percorso-altimetria-e-planimetria\\\/\"]}]},{\"@type\":\"ImageObject\",\"inLanguage\":\"it-IT\",\"@id\":\"https:\\\/\\\/cyclingpro.net\\\/spaziociclismo\\\/percorsi\\\/gp-de-fourmies-2026-il-percorso-altimetria-e-planimetria\\\/#primaryimage\",\"url\":\"https:\\\/\\\/cyclingpro.net\\\/spaziociclismo\\\/wp-content\\\/uploads\\\/2026\\\/09\\\/Fourmies-2026-altimetria.jpg\",\"contentUrl\":\"https:\\\/\\\/cyclingpro.net\\\/spaziociclismo\\\/wp-content\\\/uploads\\\/2026\\\/09\\\/Fourmies-2026-altimetria.jpg\",\"width\":742,\"height\":543},{\"@type\":\"BreadcrumbList\",\"@id\":\"https:\\\/\\\/cyclingpro.net\\\/spaziociclismo\\\/percorsi\\\/gp-de-fourmies-2026-il-percorso-altimetria-e-planimetria\\\/#breadcrumb\",\"itemListElement\":[{\"@type\":\"ListItem\",\"position\":1,\"name\":\"Home\",\"item\":\"https:\\\/\\\/cyclingpro.net\\\/spaziociclismo\\\/\"},{\"@type\":\"ListItem\",\"position\":2,\"name\":\"GP de Fourmies 2026, il percorso (Altimetria e Planimetria)\"}]},{\"@type\":\"WebSite\",\"@id\":\"https:\\\/\\\/cyclingpro.net\\\/spaziociclismo\\\/#website\",\"url\":\"https:\\\/\\\/cyclingpro.net\\\/spaziociclismo\\\/\",\"name\":\"SpazioCiclismo\",\"description\":\"Tutto il ciclismo minuto per minuto\",\"publisher\":{\"@id\":\"https:\\\/\\\/cyclingpro.net\\\/spaziociclismo\\\/#organization\"},\"potentialAction\":[{\"@type\":\"SearchAction\",\"target\":{\"@type\":\"EntryPoint\",\"urlTemplate\":\"https:\\\/\\\/cyclingpro.net\\\/spaziociclismo\\\/?s={search_term_string}\"},\"query-input\":{\"@type\":\"PropertyValueSpecification\",\"valueRequired\":true,\"valueName\":\"search_term_string\"}}],\"inLanguage\":\"it-IT\"},{\"@type\":\"Organization\",\"@id\":\"https:\\\/\\\/cyclingpro.net\\\/spaziociclismo\\\/#organization\",\"name\":\"SpazioCiclismo\",\"url\":\"https:\\\/\\\/cyclingpro.net\\\/spaziociclismo\\\/\",\"logo\":{\"@type\":\"ImageObject\",\"inLanguage\":\"it-IT\",\"@id\":\"https:\\\/\\\/cyclingpro.net\\\/spaziociclismo\\\/#\\\/schema\\\/logo\\\/image\\\/\",\"url\":\"https:\\\/\\\/cyclingpro.net\\\/spaziociclismo\\\/wp-content\\\/uploads\\\/2017\\\/02\\\/SpazioCiclismo-Logo-Quadrato.png\",\"contentUrl\":\"https:\\\/\\\/cyclingpro.net\\\/spaziociclismo\\\/wp-content\\\/uploads\\\/2017\\\/02\\\/SpazioCiclismo-Logo-Quadrato.png\",\"width\":450,\"height\":450,\"caption\":\"SpazioCiclismo\"},\"image\":{\"@id\":\"https:\\\/\\\/cyclingpro.net\\\/spaziociclismo\\\/#\\\/schema\\\/logo\\\/image\\\/\"},\"sameAs\":[\"https:\\\/\\\/www.facebook.com\\\/SpazioCiclismo\\\/\",\"https:\\\/\\\/x.com\\\/spaziociclismo\",\"https:\\\/\\\/www.instagram.com\\\/spaziociclismo\\\/\"]},{\"@type\":\"Person\",\"@id\":\"https:\\\/\\\/cyclingpro.net\\\/spaziociclismo\\\/#\\\/schema\\\/person\\\/627dbc08c9712c25304b059bbb765de8\",\"name\":\"Francesco Mitola\",\"image\":{\"@type\":\"ImageObject\",\"inLanguage\":\"it-IT\",\"@id\":\"https:\\\/\\\/secure.gravatar.com\\\/avatar\\\/dc58a640368550cd17129d2ff185eec5cb2821b7c3403fc06dcaca847ae762d3?s=96&d=mm&r=g\",\"url\":\"https:\\\/\\\/secure.gravatar.com\\\/avatar\\\/dc58a640368550cd17129d2ff185eec5cb2821b7c3403fc06dcaca847ae762d3?s=96&d=mm&r=g\",\"contentUrl\":\"https:\\\/\\\/secure.gravatar.com\\\/avatar\\\/dc58a640368550cd17129d2ff185eec5cb2821b7c3403fc06dcaca847ae762d3?s=96&d=mm&r=g\",\"caption\":\"Francesco Mitola\"},\"url\":\"https:\\\/\\\/cyclingpro.net\\\/spaziociclismo\\\/author\\\/fmitola\\\/\"}]}<\/script>\n<!-- \/ Yoast SEO plugin. -->","yoast_head_json":{"title":"GP de Fourmies 2026, il percorso (Altimetria e Planimetria) - SpazioCiclismo","robots":{"index":"index","follow":"follow","max-snippet":"max-snippet:-1","max-image-preview":"max-image-preview:large","max-video-preview":"max-video-preview:-1"},"canonical":"https:\/\/cyclingpro.net\/spaziociclismo\/percorsi\/gp-de-fourmies-2026-il-percorso-altimetria-e-planimetria\/","og_locale":"it_IT","og_type":"article","og_title":"GP de Fourmies 2026, il percorso (Altimetria e Planimetria) - SpazioCiclismo","og_description":"Tracciato ondulato per il #GPdeFourmies, gara UCI 1.Pro in calendario per domenica 13 settembre.","og_url":"https:\/\/cyclingpro.net\/spaziociclismo\/percorsi\/gp-de-fourmies-2026-il-percorso-altimetria-e-planimetria\/","og_site_name":"SpazioCiclismo","article_publisher":"https:\/\/www.facebook.com\/SpazioCiclismo\/","article_published_time":"2026-09-05T08:26:51+00:00","og_image":[{"width":742,"height":543,"url":"https:\/\/cyclingpro.net\/spaziociclismo\/wp-content\/uploads\/2026\/09\/Fourmies-2026-altimetria.jpg","type":"image\/jpeg"}],"author":"Francesco Mitola","twitter_card":"summary_large_image","twitter_creator":"@spaziociclismo","twitter_site":"@spaziociclismo","twitter_misc":{"Scritto da":"Francesco Mitola","Tempo di lettura stimato":"2 minuti"},"schema":{"@context":"https:\/\/schema.org","@graph":[{"@type":"Article","@id":"https:\/\/cyclingpro.net\/spaziociclismo\/percorsi\/gp-de-fourmies-2026-il-percorso-altimetria-e-planimetria\/#article","isPartOf":{"@id":"https:\/\/cyclingpro.net\/spaziociclismo\/percorsi\/gp-de-fourmies-2026-il-percorso-altimetria-e-planimetria\/"},"author":{"name":"Francesco Mitola","@id":"https:\/\/cyclingpro.net\/spaziociclismo\/#\/schema\/person\/627dbc08c9712c25304b059bbb765de8"},"headline":"GP de Fourmies 2026, il percorso (Altimetria e Planimetria)","datePublished":"2026-09-05T08:26:51+00:00","mainEntityOfPage":{"@id":"https:\/\/cyclingpro.net\/spaziociclismo\/percorsi\/gp-de-fourmies-2026-il-percorso-altimetria-e-planimetria\/"},"wordCount":176,"commentCount":0,"publisher":{"@id":"https:\/\/cyclingpro.net\/spaziociclismo\/#organization"},"image":{"@id":"https:\/\/cyclingpro.net\/spaziociclismo\/percorsi\/gp-de-fourmies-2026-il-percorso-altimetria-e-planimetria\/#primaryimage"},"thumbnailUrl":"https:\/\/cyclingpro.net\/spaziociclismo\/wp-content\/uploads\/2026\/09\/Fourmies-2026-altimetria.jpg","keywords":["GP de Fourmies 2026"],"articleSection":["Continental","Percorsi"],"inLanguage":"it-IT","potentialAction":[{"@type":"CommentAction","name":"Comment","target":["https:\/\/cyclingpro.net\/spaziociclismo\/percorsi\/gp-de-fourmies-2026-il-percorso-altimetria-e-planimetria\/#respond"]}]},{"@type":"WebPage","@id":"https:\/\/cyclingpro.net\/spaziociclismo\/percorsi\/gp-de-fourmies-2026-il-percorso-altimetria-e-planimetria\/","url":"https:\/\/cyclingpro.net\/spaziociclismo\/percorsi\/gp-de-fourmies-2026-il-percorso-altimetria-e-planimetria\/","name":"GP de Fourmies 2026, il percorso (Altimetria e Planimetria) - SpazioCiclismo","isPartOf":{"@id":"https:\/\/cyclingpro.net\/spaziociclismo\/#website"},"primaryImageOfPage":{"@id":"https:\/\/cyclingpro.net\/spaziociclismo\/percorsi\/gp-de-fourmies-2026-il-percorso-altimetria-e-planimetria\/#primaryimage"},"image":{"@id":"https:\/\/cyclingpro.net\/spaziociclismo\/percorsi\/gp-de-fourmies-2026-il-percorso-altimetria-e-planimetria\/#primaryimage"},"thumbnailUrl":"https:\/\/cyclingpro.net\/spaziociclismo\/wp-content\/uploads\/2026\/09\/Fourmies-2026-altimetria.jpg","datePublished":"2026-09-05T08:26:51+00:00","breadcrumb":{"@id":"https:\/\/cyclingpro.net\/spaziociclismo\/percorsi\/gp-de-fourmies-2026-il-percorso-altimetria-e-planimetria\/#breadcrumb"},"inLanguage":"it-IT","potentialAction":[{"@type":"ReadAction","target":["https:\/\/cyclingpro.net\/spaziociclismo\/percorsi\/gp-de-fourmies-2026-il-percorso-altimetria-e-planimetria\/"]}]},{"@type":"ImageObject","inLanguage":"it-IT","@id":"https:\/\/cyclingpro.net\/spaziociclismo\/percorsi\/gp-de-fourmies-2026-il-percorso-altimetria-e-planimetria\/#primaryimage","url":"https:\/\/cyclingpro.net\/spaziociclismo\/wp-content\/uploads\/2026\/09\/Fourmies-2026-altimetria.jpg","contentUrl":"https:\/\/cyclingpro.net\/spaziociclismo\/wp-content\/uploads\/2026\/09\/Fourmies-2026-altimetria.jpg","width":742,"height":543},{"@type":"BreadcrumbList","@id":"https:\/\/cyclingpro.net\/spaziociclismo\/percorsi\/gp-de-fourmies-2026-il-percorso-altimetria-e-planimetria\/#breadcrumb","itemListElement":[{"@type":"ListItem","position":1,"name":"Home","item":"https:\/\/cyclingpro.net\/spaziociclismo\/"},{"@type":"ListItem","position":2,"name":"GP de Fourmies 2026, il percorso (Altimetria e Planimetria)"}]},{"@type":"WebSite","@id":"https:\/\/cyclingpro.net\/spaziociclismo\/#website","url":"https:\/\/cyclingpro.net\/spaziociclismo\/","name":"SpazioCiclismo","description":"Tutto il ciclismo minuto per minuto","publisher":{"@id":"https:\/\/cyclingpro.net\/spaziociclismo\/#organization"},"potentialAction":[{"@type":"SearchAction","target":{"@type":"EntryPoint","urlTemplate":"https:\/\/cyclingpro.net\/spaziociclismo\/?s={search_term_string}"},"query-input":{"@type":"PropertyValueSpecification","valueRequired":true,"valueName":"search_term_string"}}],"inLanguage":"it-IT"},{"@type":"Organization","@id":"https:\/\/cyclingpro.net\/spaziociclismo\/#organization","name":"SpazioCiclismo","url":"https:\/\/cyclingpro.net\/spaziociclismo\/","logo":{"@type":"ImageObject","inLanguage":"it-IT","@id":"https:\/\/cyclingpro.net\/spaziociclismo\/#\/schema\/logo\/image\/","url":"https:\/\/cyclingpro.net\/spaziociclismo\/wp-content\/uploads\/2017\/02\/SpazioCiclismo-Logo-Quadrato.png","contentUrl":"https:\/\/cyclingpro.net\/spaziociclismo\/wp-content\/uploads\/2017\/02\/SpazioCiclismo-Logo-Quadrato.png","width":450,"height":450,"caption":"SpazioCiclismo"},"image":{"@id":"https:\/\/cyclingpro.net\/spaziociclismo\/#\/schema\/logo\/image\/"},"sameAs":["https:\/\/www.facebook.com\/SpazioCiclismo\/","https:\/\/x.com\/spaziociclismo","https:\/\/www.instagram.com\/spaziociclismo\/"]},{"@type":"Person","@id":"https:\/\/cyclingpro.net\/spaziociclismo\/#\/schema\/person\/627dbc08c9712c25304b059bbb765de8","name":"Francesco Mitola","image":{"@type":"ImageObject","inLanguage":"it-IT","@id":"https:\/\/secure.gravatar.com\/avatar\/dc58a640368550cd17129d2ff185eec5cb2821b7c3403fc06dcaca847ae762d3?s=96&d=mm&r=g","url":"https:\/\/secure.gravatar.com\/avatar\/dc58a640368550cd17129d2ff185eec5cb2821b7c3403fc06dcaca847ae762d3?s=96&d=mm&r=g","contentUrl":"https:\/\/secure.gravatar.com\/avatar\/dc58a640368550cd17129d2ff185eec5cb2821b7c3403fc06dcaca847ae762d3?s=96&d=mm&r=g","caption":"Francesco Mitola"},"url":"https:\/\/cyclingpro.net\/spaziociclismo\/author\/fmitola\/"}]}},"_links":{"self":[{"href":"https:\/\/cyclingpro.net\/spaziociclismo\/wp-json\/wp\/v2\/posts\/393759","targetHints":{"allow":["GET"]}}],"collection":[{"href":"https:\/\/cyclingpro.net\/spaziociclismo\/wp-json\/wp\/v2\/posts"}],"about":[{"href":"https:\/\/cyclingpro.net\/spaziociclismo\/wp-json\/wp\/v2\/types\/post"}],"author":[{"embeddable":true,"href":"https:\/\/cyclingpro.net\/spaziociclismo\/wp-json\/wp\/v2\/users\/25"}],"replies":[{"embeddable":true,"href":"https:\/\/cyclingpro.net\/spaziociclismo\/wp-json\/wp\/v2\/comments?post=393759"}],"version-history":[{"count":1,"href":"https:\/\/cyclingpro.net\/spaziociclismo\/wp-json\/wp\/v2\/posts\/393759\/revisions"}],"predecessor-version":[{"id":393772,"href":"https:\/\/cyclingpro.net\/spaziociclismo\/wp-json\/wp\/v2\/posts\/393759\/revisions\/393772"}],"wp:featuredmedia":[{"embeddable":true,"href":"https:\/\/cyclingpro.net\/spaziociclismo\/wp-json\/wp\/v2\/media\/393761"}],"wp:attachment":[{"href":"https:\/\/cyclingpro.net\/spaziociclismo\/wp-json\/wp\/v2\/media?parent=393759"}],"wp:term":[{"taxonomy":"category","embeddable":true,"href":"https:\/\/cyclingpro.net\/spaziociclismo\/wp-json\/wp\/v2\/categories?post=393759"},{"taxonomy":"post_tag","embeddable":true,"href":"https:\/\/cyclingpro.net\/spaziociclismo\/wp-json\/wp\/v2\/tags?post=393759"}],"curies":[{"name":"wp","href":"https:\/\/api.w.org\/{rel}","templated":true}]}}